{"id":4837,"date":"2025-08-25T23:37:09","date_gmt":"2025-08-25T21:37:09","guid":{"rendered":"https:\/\/catholicus.eu\/fr\/?p=4837"},"modified":"2025-08-25T23:37:09","modified_gmt":"2025-08-25T21:37:09","slug":"le-graffiti-dalexamenos-de-la-moquerie-paienne-a-la-gloire-de-la-croix","status":"publish","type":"post","link":"https:\/\/catholicus.eu\/fr\/le-graffiti-dalexamenos-de-la-moquerie-paienne-a-la-gloire-de-la-croix\/","title":{"rendered":"Le graffiti d\u2019Alexamenos : de la moquerie pa\u00efenne \u00e0 la gloire de la Croix"},"content":{"rendered":"\n<h2 class=\"wp-block-heading\">Introduction<\/h2>\n\n\n\n<p>L\u2019histoire du christianisme est marqu\u00e9e par des lumi\u00e8res et des ombres, par des moments de triomphe et aussi d\u2019humiliation. L\u2019un des plus anciens t\u00e9moignages que nous poss\u00e9dons de la foi au Christ n\u2019est pas une ic\u00f4ne dor\u00e9e, ni une fresque solennelle dans une basilique, ni un reliquaire pr\u00e9cieux. C\u2019est un <strong>graffiti<\/strong>. Un dessin grossier, grav\u00e9 sur le mur d\u2019un b\u00e2timent romain, qui montre un homme adorant un crucifi\u00e9\u2026 avec une t\u00eate d\u2019\u00e2ne.<\/p>\n\n\n\n<p>C\u2019est le c\u00e9l\u00e8bre <strong>graffiti d\u2019Alexamenos<\/strong>, consid\u00e9r\u00e9 comme la plus ancienne repr\u00e9sentation connue de J\u00e9sus-Christ. Paradoxalement, la premi\u00e8re \u00ab image \u00bb du Christ ne fut pas n\u00e9e de la d\u00e9votion, mais de la moquerie. C\u2019\u00e9tait une tentative de ridiculiser un jeune chr\u00e9tien qui, dans un environnement hostile, confessait sa foi en un Dieu fait homme, crucifi\u00e9 et ressuscit\u00e9.<\/p>\n\n\n\n<p>Aujourd\u2019hui, des si\u00e8cles plus tard, ce graffiti continue de nous parler. Il nous rappelle que la foi chr\u00e9tienne sera toujours un signe de contradiction (cf. Lc 2,34), que la Croix ne peut pas \u00eatre comprise selon la logique du monde, et que les disciples du Christ sont appel\u00e9s \u00e0 vivre avec fid\u00e9lit\u00e9, m\u00eame lorsqu\u2019on se moque d\u2019eux.<\/p>\n\n\n\n<hr class=\"wp-block-separator has-alpha-channel-opacity\"\/>\n\n\n\n<h2 class=\"wp-block-heading\">La d\u00e9couverte du graffiti<\/h2>\n\n\n\n<p>Le <strong>graffiti d\u2019Alexamenos<\/strong> fut d\u00e9couvert en 1857 sur le mont Palatin \u00e0 Rome, dans un b\u00e2timent connu sous le nom de <em>Domus Gelotiana<\/em>, qui avait servi de caserne pour les jeunes pages de l\u2019empereur. Sur un mur, on d\u00e9couvrit un dessin grav\u00e9 dans le pl\u00e2tre :<\/p>\n\n\n\n<ul class=\"wp-block-list\">\n<li>Un homme avec les bras lev\u00e9s en attitude d\u2019adoration.<\/li>\n\n\n\n<li>Une croix grossi\u00e8re, sur laquelle est crucifi\u00e9 un homme avec un corps humain, mais une t\u00eate d\u2019\u00e2ne.<\/li>\n\n\n\n<li>Et une inscription en grec : <em>\u00ab Alexamenos adore son dieu \u00bb<\/em>.<\/li>\n<\/ul>\n\n\n\n<p>Le graffiti \u00e9tait une moquerie dirig\u00e9e contre un certain <strong>Alexamenos<\/strong>, un chr\u00e9tien qui vivait ou travaillait dans ce milieu. On se moquait de lui parce qu\u2019il adorait un Dieu crucifi\u00e9, ce qui, dans la mentalit\u00e9 romaine, \u00e9tait absurde, voire r\u00e9pugnant.<\/p>\n\n\n\n<hr class=\"wp-block-separator has-alpha-channel-opacity\"\/>\n\n\n\n<h2 class=\"wp-block-heading\">Le scandale de la Croix<\/h2>\n\n\n\n<p>Pour les Romains, la <strong>crucifixion<\/strong> \u00e9tait la punition la plus infamante. Elle \u00e9tait r\u00e9serv\u00e9e aux esclaves et aux criminels, jamais aux citoyens libres. Elle repr\u00e9sentait un signe de d\u00e9faite et d\u2019humiliation absolue.<\/p>\n\n\n\n<p>C\u2019est pourquoi les pa\u00efens ne pouvaient pas comprendre que les chr\u00e9tiens proclament un \u00ab Messie crucifi\u00e9 \u00bb (cf. 1 Co 1,23). Saint Paul l\u2019exprime avec force :<\/p>\n\n\n\n<blockquote class=\"wp-block-quote is-layout-flow wp-block-quote-is-layout-flow\">\n<p>\u00ab Nous, nous pr\u00eachons un Christ crucifi\u00e9, scandale pour les Juifs et folie pour les pa\u00efens ; mais pour ceux qui sont appel\u00e9s, Juifs comme Grecs, un Christ, puissance de Dieu et sagesse de Dieu. \u00bb (1 Co 1,23-24).<\/p>\n<\/blockquote>\n\n\n\n<p>Le graffiti d\u2019Alexamenos refl\u00e8te parfaitement cette incompr\u00e9hension. Pour le monde, J\u00e9sus crucifi\u00e9 \u00e9tait ridicule, indigne de foi. Et ce n\u2019\u00e9tait pas seulement le Seigneur qu\u2019on ridiculisait, mais aussi ceux qui le suivaient.<\/p>\n\n\n\n<hr class=\"wp-block-separator has-alpha-channel-opacity\"\/>\n\n\n\n<h2 class=\"wp-block-heading\">La t\u00eate d\u2019\u00e2ne : le m\u00e9pris de la foi chr\u00e9tienne<\/h2>\n\n\n\n<p>Pourquoi repr\u00e9senter le Christ avec une t\u00eate d\u2019\u00e2ne ?<\/p>\n\n\n\n<p>Dans l\u2019Antiquit\u00e9, il existait une calomnie contre les Juifs (et par extension contre les chr\u00e9tiens) : on disait qu\u2019ils adoraient un dieu avec une t\u00eate d\u2019\u00e2ne. Cette accusation absurde circulait dans les milieux romains comme une mani\u00e8re de discr\u00e9diter leur religion.<\/p>\n\n\n\n<p>Ainsi, le graffiti ne ridiculise pas seulement la Croix, mais associe aussi la foi chr\u00e9tienne \u00e0 ce qu\u2019il y a de plus bas et de plus grotesque. En d\u2019autres termes : <em>\u00ab Alexamenos, tu adores un dieu ridicule, indigne, un dieu-\u00e2ne crucifi\u00e9 \u00bb.<\/em><\/p>\n\n\n\n<hr class=\"wp-block-separator has-alpha-channel-opacity\"\/>\n\n\n\n<h2 class=\"wp-block-heading\">Le paradoxe de l\u2019histoire : de la moquerie \u00e0 la gloire<\/h2>\n\n\n\n<p>Le graffiti voulait \u00eatre une insulte. Pourtant, au fil des si\u00e8cles, il est devenu un t\u00e9moignage providentiel de l\u2019authenticit\u00e9 de la foi. Aujourd\u2019hui, nous le contemplons et nous y voyons une confirmation de ce que J\u00e9sus lui-m\u00eame avait annonc\u00e9 :<\/p>\n\n\n\n<blockquote class=\"wp-block-quote is-layout-flow wp-block-quote-is-layout-flow\">\n<p>\u00ab Si l\u2019on m\u2019a pers\u00e9cut\u00e9, on vous pers\u00e9cutera, vous aussi \u00bb (Jn 15,20).<\/p>\n<\/blockquote>\n\n\n\n<p>La premi\u00e8re image du Christ ne fut pas celle d\u2019un Pantocrator dans une abside, ni celle d\u2019un Christ glorieux dans l\u2019art byzantin, mais celle d\u2019un Christ moqu\u00e9. Et cela renferme une profonde v\u00e9rit\u00e9 th\u00e9ologique : <strong>avant la gloire, il y a la Croix ; avant la R\u00e9surrection, le Calvaire.<\/strong><\/p>\n\n\n\n<hr class=\"wp-block-separator has-alpha-channel-opacity\"\/>\n\n\n\n<h2 class=\"wp-block-heading\">La port\u00e9e th\u00e9ologique<\/h2>\n\n\n\n<p>Le graffiti d\u2019Alexamenos nous aide \u00e0 mieux comprendre trois aspects fondamentaux de la foi chr\u00e9tienne :<\/p>\n\n\n\n<ol class=\"wp-block-list\">\n<li><strong>La foi est incompr\u00e9hensible pour le monde.<\/strong> Il y aura toujours ceux qui verront dans l\u2019\u00c9vangile une folie ou un scandale. Le christianisme n\u2019entre pas dans la logique du pouvoir, du succ\u00e8s ou du prestige humain.<\/li>\n\n\n\n<li><strong>La Croix est le centre de la vie chr\u00e9tienne.<\/strong> Les Romains se moquaient parce qu\u2019ils ne pouvaient pas accepter un Dieu crucifi\u00e9. Et pourtant, c\u2019est pr\u00e9cis\u00e9ment l\u00e0, dans l\u2019humiliation, que se trouve le triomphe de l\u2019amour.<\/li>\n\n\n\n<li><strong>La fid\u00e9lit\u00e9 des disciples.<\/strong> Alexamenos fut ridiculis\u00e9, mais il continua \u00e0 adorer son Seigneur. En fait, dans la m\u00eame <em>domus<\/em>, on trouva plus tard un autre graffiti avec l\u2019inscription : <em>\u00ab Alexamenos fidelis \u00bb<\/em> (\u00ab Alexamenos est fid\u00e8le \u00bb). La foi du disciple a pr\u00e9valu sur la moquerie de ses compagnons.<\/li>\n<\/ol>\n\n\n\n<hr class=\"wp-block-separator has-alpha-channel-opacity\"\/>\n\n\n\n<h2 class=\"wp-block-heading\">Une le\u00e7on pour aujourd\u2019hui : les moqueries modernes contre le Christ<\/h2>\n\n\n\n<p>Bien que vingt si\u00e8cles se soient \u00e9coul\u00e9s, l\u2019esprit du graffiti d\u2019Alexamenos est toujours vivant. Aujourd\u2019hui encore, le Christ et ses disciples sont l\u2019objet de moqueries :<\/p>\n\n\n\n<ul class=\"wp-block-list\">\n<li>Quand on ridiculise la foi dans les m\u00e9dias.<\/li>\n\n\n\n<li>Quand on produit des caricatures offensantes contre J\u00e9sus, la Vierge ou l\u2019\u00c9glise.<\/li>\n\n\n\n<li>Quand on qualifie les chr\u00e9tiens d\u2019ignorants, de fanatiques ou de d\u00e9pass\u00e9s pour avoir d\u00e9fendu leur foi.<\/li>\n<\/ul>\n\n\n\n<p>Le monde d\u2019aujourd\u2019hui, comme celui d\u2019hier, continue de se scandaliser de la Croix. Mais les chr\u00e9tiens sont appel\u00e9s \u00e0 t\u00e9moigner avec s\u00e9r\u00e9nit\u00e9, avec joie et avec amour, sachant que <strong>\u00ab ma puissance se d\u00e9ploie dans la faiblesse \u00bb<\/strong> (2 Co 12,9).<\/p>\n\n\n\n<hr class=\"wp-block-separator has-alpha-channel-opacity\"\/>\n\n\n\n<h2 class=\"wp-block-heading\">Applications pratiques pour la vie spirituelle<\/h2>\n\n\n\n<p>Que nous enseigne concr\u00e8tement le graffiti d\u2019Alexamenos ?<\/p>\n\n\n\n<ol class=\"wp-block-list\">\n<li><strong>Accepter la moquerie sans ressentiment.<\/strong> Si l\u2019on nous critique parce que nous sommes chr\u00e9tiens, souvenons-nous que nous sommes en bonne compagnie : on a d\u2019abord ridiculis\u00e9 le Ma\u00eetre.<\/li>\n\n\n\n<li><strong>Garder la fid\u00e9lit\u00e9.<\/strong> Comme Alexamenos, qui continua d\u2019adorer son Seigneur, soyons fermes dans la pri\u00e8re, dans l\u2019Eucharistie et dans le t\u00e9moignage quotidien.<\/li>\n\n\n\n<li><strong>Transformer l\u2019humiliation en gloire.<\/strong> L\u2019insulte est devenue la premi\u00e8re \u00ab ic\u00f4ne \u00bb du Christ. Nos humiliations aussi, unies \u00e0 la Croix, peuvent devenir semences de saintet\u00e9.<\/li>\n\n\n\n<li><strong>Ne pas avoir honte de la Croix.<\/strong> Aujourd\u2019hui, beaucoup de chr\u00e9tiens cachent leur foi par peur du ridicule. Mais J\u00e9sus nous appelle \u00e0 le confesser avec courage (cf. Mt 10,32).<\/li>\n<\/ol>\n\n\n\n<hr class=\"wp-block-separator has-alpha-channel-opacity\"\/>\n\n\n\n<h2 class=\"wp-block-heading\">Conclusion<\/h2>\n\n\n\n<p>Le graffiti d\u2019Alexamenos est une petite cicatrice sur le mur du temps, un t\u00e9moignage \u00e0 la fois simple et puissant. Nous y voyons comment le monde se moquait du christianisme, mais aussi comment un jeune croyant est rest\u00e9 fid\u00e8le \u00e0 son Seigneur.<\/p>\n\n\n\n<p>Aujourd\u2019hui, c\u2019est \u00e0 nous de d\u00e9cider : vivrons-nous notre foi timidement, dans la crainte de la moquerie du monde ? Ou l\u00e8verons-nous les bras, comme Alexamenos, pour adorer le Christ, le Crucifi\u00e9-Ressuscit\u00e9, sachant qu\u2019en Lui se trouve la victoire ?<\/p>\n\n\n\n<p>Au final, les moqueries passeront, mais la gloire de la Croix demeure. Car, comme le dit saint Paul :<\/p>\n\n\n\n<blockquote class=\"wp-block-quote is-layout-flow wp-block-quote-is-layout-flow\">\n<p>\u00ab Pour moi, que jamais je ne me glorifie sinon dans la croix de notre Seigneur J\u00e9sus-Christ, par qui le monde est crucifi\u00e9 pour moi, et moi pour le monde. \u00bb (Ga 6,14).<\/p>\n<\/blockquote>\n\n\n\n<p>Le graffiti d\u2019Alexamenos, plus qu\u2019une moquerie, est d\u00e9j\u00e0 un <strong>symbole de fid\u00e9lit\u00e9 et de victoire<\/strong>. Et il nous rappelle que, bien que le monde rie, celui qui demeure uni \u00e0 la Croix marche vers la R\u00e9surrection.<\/p>\n","protected":false},"excerpt":{"rendered":"<p>Introduction L\u2019histoire du christianisme est marqu\u00e9e par des lumi\u00e8res et des ombres, par des moments de triomphe et aussi d\u2019humiliation. L\u2019un des plus anciens t\u00e9moignages que nous poss\u00e9dons de la foi au Christ n\u2019est pas une ic\u00f4ne dor\u00e9e, ni une fresque solennelle dans une basilique, ni un reliquaire pr\u00e9cieux. C\u2019est un graffiti. Un dessin grossier, &hellip;<\/p>\n","protected":false},"author":3,"featured_media":4838,"comment_status":"open","ping_status":"open","sticky":false,"template":"","format":"standard","meta":{"_seopress_robots_primary_cat":"","_seopress_titles_title":"","_seopress_titles_desc":"","_seopress_robots_index":"","footnotes":""},"categories":[48,38],"tags":[1613],"class_list":["post-4837","post","type-post","status-publish","format-standard","has-post-thumbnail","","category-histoire-de-leglise","category-histoire-et-tradition","tag-graffiti-dalexamenos"],"_links":{"self":[{"href":"https:\/\/catholicus.eu\/fr\/wp-json\/wp\/v2\/posts\/4837","targetHints":{"allow":["GET"]}}],"collection":[{"href":"https:\/\/catholicus.eu\/fr\/wp-json\/wp\/v2\/posts"}],"about":[{"href":"https:\/\/catholicus.eu\/fr\/wp-json\/wp\/v2\/types\/post"}],"author":[{"embeddable":true,"href":"https:\/\/catholicus.eu\/fr\/wp-json\/wp\/v2\/users\/3"}],"replies":[{"embeddable":true,"href":"https:\/\/catholicus.eu\/fr\/wp-json\/wp\/v2\/comments?post=4837"}],"version-history":[{"count":1,"href":"https:\/\/catholicus.eu\/fr\/wp-json\/wp\/v2\/posts\/4837\/revisions"}],"predecessor-version":[{"id":4839,"href":"https:\/\/catholicus.eu\/fr\/wp-json\/wp\/v2\/posts\/4837\/revisions\/4839"}],"wp:featuredmedia":[{"embeddable":true,"href":"https:\/\/catholicus.eu\/fr\/wp-json\/wp\/v2\/media\/4838"}],"wp:attachment":[{"href":"https:\/\/catholicus.eu\/fr\/wp-json\/wp\/v2\/media?parent=4837"}],"wp:term":[{"taxonomy":"category","embeddable":true,"href":"https:\/\/catholicus.eu\/fr\/wp-json\/wp\/v2\/categories?post=4837"},{"taxonomy":"post_tag","embeddable":true,"href":"https:\/\/catholicus.eu\/fr\/wp-json\/wp\/v2\/tags?post=4837"}],"curies":[{"name":"wp","href":"https:\/\/api.w.org\/{rel}","templated":true}]}}