{"id":4834,"date":"2025-08-24T08:28:52","date_gmt":"2025-08-24T06:28:52","guid":{"rendered":"https:\/\/catholicus.eu\/fr\/?p=4834"},"modified":"2025-08-24T08:28:52","modified_gmt":"2025-08-24T06:28:52","slug":"sainte-rose-de-lima-la-fleur-qui-a-fleuri-dans-le-desert-du-monde","status":"publish","type":"post","link":"https:\/\/catholicus.eu\/fr\/sainte-rose-de-lima-la-fleur-qui-a-fleuri-dans-le-desert-du-monde\/","title":{"rendered":"Sainte Rose de Lima : la fleur qui a fleuri dans le d\u00e9sert du monde"},"content":{"rendered":"\n<p>Lorsque nous pensons aux saints, nous les imaginons souvent comme des figures lointaines, presque inaccessibles, qui ont v\u00e9cu \u00e0 une autre \u00e9poque et affront\u00e9 des d\u00e9fis tr\u00e8s diff\u00e9rents des n\u00f4tres. Mais si nous regardons attentivement la vie de <strong>Sainte Rose de Lima<\/strong> (1586\u20131617), patronne des Am\u00e9riques, des Philippines et du P\u00e9rou, nous d\u00e9couvrons une v\u00e9rit\u00e9 lumineuse : <strong>la saintet\u00e9 est possible aujourd\u2019hui<\/strong>, au c\u0153ur m\u00eame d\u2019un monde bless\u00e9 par l\u2019\u00e9go\u00efsme, le mat\u00e9rialisme et la superficialit\u00e9.<\/p>\n\n\n\n<p>Rose \u2014dont le pr\u00e9nom de naissance \u00e9tait Isabel Flores de Oliva\u2014 \u00e9tait une jeune femme m\u00e9tisse, simple et profond\u00e9ment amoureuse du Christ. En elle s\u2019est accomplie cette parole du Cantique des Cantiques : <em>\u00ab Je suis la rose du Saron, le lis des vall\u00e9es \u00bb<\/em> (Ct 2,1). Sa vie fut une floraison inattendue dans une terre marqu\u00e9e par la conqu\u00eate, les tensions sociales et les injustices. Et pourtant, cette jeune lime\u00f1a enseigna que <strong>l\u2019amour et la pri\u00e8re peuvent transformer le monde plus que n\u2019importe quel pouvoir humain<\/strong>.<\/p>\n\n\n\n<hr class=\"wp-block-separator has-alpha-channel-opacity\"\/>\n\n\n\n<h2 class=\"wp-block-heading\">\ud83c\udf3a Une histoire qui a fleuri dans l\u2019humilit\u00e9<\/h2>\n\n\n\n<p>Sainte Rose naquit \u00e0 Lima en 1586, dans une famille modeste. D\u00e8s son enfance, elle manifesta un profond amour pour la pri\u00e8re et une sensibilit\u00e9 particuli\u00e8re \u00e0 la souffrance d\u2019autrui. Ses parents r\u00eavaient pour elle d\u2019un bon mariage, mais Rose comprit tr\u00e8s t\u00f4t que son \u00c9poux serait le Christ.<\/p>\n\n\n\n<p>Elle adopta le nom de \u00ab Rose \u00bb parce que, selon la tradition, une servante vit un jour son visage transfigur\u00e9 sous la forme d\u2019une rose \u00e9clatante. Cette vision n\u2019\u00e9tait pas seulement un signe esth\u00e9tique : elle symbolisait la beaut\u00e9 de l\u2019\u00e2me qui cherche Dieu par-dessus tout.<\/p>\n\n\n\n<p>Rose se consacra comme tertiaire dominicaine, c\u2019est-\u00e0-dire qu\u2019elle v\u00e9cut comme la\u00efque associ\u00e9e \u00e0 la spiritualit\u00e9 de saint Dominique. Elle n\u2019entra pas au couvent, mais <strong>sanctifia sa propre maison et sa vie ordinaire<\/strong>, montrant que la saintet\u00e9 n\u2019est pas r\u00e9serv\u00e9e aux clo\u00eetres, mais qu\u2019elle peut \u00e9clore dans n\u2019importe quel coin de la soci\u00e9t\u00e9.<\/p>\n\n\n\n<hr class=\"wp-block-separator has-alpha-channel-opacity\"\/>\n\n\n\n<h2 class=\"wp-block-heading\">\u271d\ufe0f La th\u00e9ologie de la Croix chez Sainte Rose<\/h2>\n\n\n\n<p>Sainte Rose de Lima comprit de mani\u00e8re radicale ce qu\u2019enseignait saint Paul : <em>\u00ab Je trouve maintenant ma joie dans les souffrances que j\u2019endure pour vous ; ce qui manque aux \u00e9preuves du Christ, je l\u2019ach\u00e8ve dans ma propre chair, pour son corps qui est l\u2019\u00c9glise \u00bb<\/em> (Col 1,24).<\/p>\n\n\n\n<p>Elle ne concevait pas la p\u00e9nitence comme un m\u00e9pris du corps, mais comme une participation r\u00e9elle au myst\u00e8re de la Passion. En des temps o\u00f9 l\u2019h\u00e9donisme et le consum\u00e9risme gouvernent de nombreuses vies, Rose nous rappelle que <strong>la v\u00e9ritable joie ne se trouve pas dans le plaisir imm\u00e9diat, mais dans l\u2019union avec le Crucifi\u00e9<\/strong>.<\/p>\n\n\n\n<p>Rose s\u2019offrait en victime pour le salut des \u00e2mes et pour la conversion de son peuple. Son aust\u00e9rit\u00e9 radicale peut nous choquer aujourd\u2019hui, mais elle est un appel \u00e0 revoir nos conforts, \u00e0 ne pas vivre esclaves des biens mat\u00e9riels et \u00e0 red\u00e9couvrir la force r\u00e9demptrice du sacrifice uni au Christ.<\/p>\n\n\n\n<hr class=\"wp-block-separator has-alpha-channel-opacity\"\/>\n\n\n\n<h2 class=\"wp-block-heading\">\ud83c\udf0e Une sainte pour les Am\u00e9riques\u2026 et pour notre temps<\/h2>\n\n\n\n<p>Le pape Cl\u00e9ment X la canonisa en 1671, faisant d\u2019elle la <strong>premi\u00e8re sainte des Am\u00e9riques<\/strong>. Sa figure est un phare pour tous les peuples du continent, car en elle se refl\u00e8tent la synth\u00e8se des cultures et l\u2019esp\u00e9rance d\u2019un christianisme authentique dans le Nouveau Monde.<\/p>\n\n\n\n<p>Aujourd\u2019hui, au c\u0153ur d\u2019un monde en qu\u00eate d\u2019identit\u00e9 et de racines, Sainte Rose nous rappelle que la v\u00e9ritable grandeur de l\u2019Am\u00e9rique latine ne r\u00e9side pas dans ses richesses naturelles ni dans ses syst\u00e8mes politiques, mais dans sa <strong>vocation \u00e0 la saintet\u00e9<\/strong>.<\/p>\n\n\n\n<hr class=\"wp-block-separator has-alpha-channel-opacity\"\/>\n\n\n\n<h2 class=\"wp-block-heading\">\ud83d\udcd6 Applications pratiques : comment vivre comme Sainte Rose de Lima aujourd\u2019hui<\/h2>\n\n\n\n<p>La vie de Sainte Rose ne doit pas rester une statue ni un souvenir pittoresque de la Lima coloniale. Au contraire : son exemple est un guide pastoral et th\u00e9ologique pour la vie quotidienne.<\/p>\n\n\n\n<h3 class=\"wp-block-heading\">1. <strong>Faire de la pri\u00e8re le centre<\/strong><\/h3>\n\n\n\n<p>Rose passait de longues heures en pri\u00e8re, non pas comme une fuite, mais comme une source de force pour servir.<br>\ud83d\udc49 <em>Pratique<\/em> : r\u00e9serve chaque jour un moment de silence et de dialogue avec Dieu, m\u00eame si ce n\u2019est que 10 minutes. La pri\u00e8re transformera ta journ\u00e9e.<\/p>\n\n\n\n<h3 class=\"wp-block-heading\">2. <strong>Red\u00e9couvrir la valeur du sacrifice<\/strong><\/h3>\n\n\n\n<p>Le sacrifice ne signifie pas l\u2019autodestruction, mais l\u2019offrande volontaire de renoncements par amour.<br>\ud83d\udc49 <em>Pratique<\/em> : offre de petits sacrifices (je\u00fbne, limiter les distractions, consacrer du temps \u00e0 quelqu\u2019un dans le besoin) comme offrande pour l\u2019\u00c9glise, les malades et les plus \u00e9loign\u00e9s de la foi.<\/p>\n\n\n\n<h3 class=\"wp-block-heading\">3. <strong>Servir les pauvres et les malades avec joie<\/strong><\/h3>\n\n\n\n<p>Rose transforma sa maison en petit h\u00f4pital, soignant les plus n\u00e9cessiteux.<br>\ud83d\udc49 <em>Pratique<\/em> : choisis une \u0153uvre concr\u00e8te de charit\u00e9 : visiter les malades, collaborer avec Caritas, ou simplement \u00e9couter et accompagner une personne seule.<\/p>\n\n\n\n<h3 class=\"wp-block-heading\">4. <strong>La modestie et la puret\u00e9 comme chemin de libert\u00e9<\/strong><\/h3>\n\n\n\n<p>En un temps hypersexualis\u00e9, Rose enseigne que le corps est le temple de l\u2019Esprit Saint.<br>\ud83d\udc49 <em>Pratique<\/em> : revois tes habitudes de consommation (mode, r\u00e9seaux sociaux, divertissement) et demande-toi si elles refl\u00e8tent ta dignit\u00e9 chr\u00e9tienne.<\/p>\n\n\n\n<h3 class=\"wp-block-heading\">5. <strong>Offrir la vie quotidienne comme un autel<\/strong><\/h3>\n\n\n\n<p>Rose sanctifia la vie ordinaire.<br>\ud83d\udc49 <em>Pratique<\/em> : travaille, \u00e9tudie et vis ta vie de famille avec amour, en offrant tout \u00e0 Dieu. Fais de chaque jour une liturgie invisible.<\/p>\n\n\n\n<hr class=\"wp-block-separator has-alpha-channel-opacity\"\/>\n\n\n\n<h2 class=\"wp-block-heading\">\ud83d\ude4f Un guide pastoral inspir\u00e9 par Sainte Rose de Lima<\/h2>\n\n\n\n<ul class=\"wp-block-list\">\n<li><strong>Pour les jeunes<\/strong> : n\u2019aie pas peur d\u2019aller \u00e0 contre-courant. La v\u00e9ritable libert\u00e9 ne r\u00e9side pas dans \u00ab faire ce que tout le monde fait \u00bb, mais dans choisir ce que Dieu r\u00eave pour toi.<\/li>\n\n\n\n<li><strong>Pour les familles<\/strong> : la saintet\u00e9 commence \u00e0 la maison. Apprends \u00e0 tes enfants la pri\u00e8re, le service et la valeur de la puret\u00e9.<\/li>\n\n\n\n<li><strong>Pour les consacr\u00e9s et les pr\u00eatres<\/strong> : Rose rappelle l\u2019importance de la radicalit\u00e9 \u00e9vang\u00e9lique et de l\u2019offrande de sa vie pour le salut des \u00e2mes.<\/li>\n\n\n\n<li><strong>Pour tous les chr\u00e9tiens<\/strong> : peu importe ton \u00e9tat de vie, ton \u00e2ge ou ta culture : la saintet\u00e9 est \u00e0 ta port\u00e9e si tu vis dans la gr\u00e2ce de Dieu et dans l\u2019amour.<\/li>\n<\/ul>\n\n\n\n<hr class=\"wp-block-separator has-alpha-channel-opacity\"\/>\n\n\n\n<h2 class=\"wp-block-heading\">\ud83c\udf39 Conclusion : La rose qui ne se fane pas<\/h2>\n\n\n\n<p>Sainte Rose de Lima reste actuelle parce qu\u2019elle nous montre que la saintet\u00e9 n\u2019est pas un privil\u00e8ge, mais un appel universel. Dans un monde marqu\u00e9 par la superficialit\u00e9, elle enseigne que <strong>la plus grande beaut\u00e9 est celle d\u2019une \u00e2me unie au Christ<\/strong>.<\/p>\n\n\n\n<p>Comme J\u00e9sus Lui-m\u00eame l\u2019a dit : <em>\u00ab Celui qui demeure en moi et en qui je demeure, porte beaucoup de fruit \u00bb<\/em> (Jn 15,5). Sainte Rose demeura en Christ, et sa vie fut une explosion de fruits qui nourrissent encore aujourd\u2019hui les Am\u00e9riques et le monde entier.<\/p>\n\n\n\n<p>Que son intercession nous aide \u00e0 d\u00e9couvrir que nous aussi, nous pouvons fleurir comme des roses au milieu du d\u00e9sert de notre \u00e9poque.<\/p>\n","protected":false},"excerpt":{"rendered":"<p>Lorsque nous pensons aux saints, nous les imaginons souvent comme des figures lointaines, presque inaccessibles, qui ont v\u00e9cu \u00e0 une autre \u00e9poque et affront\u00e9 des d\u00e9fis tr\u00e8s diff\u00e9rents des n\u00f4tres. Mais si nous regardons attentivement la vie de Sainte Rose de Lima (1586\u20131617), patronne des Am\u00e9riques, des Philippines et du P\u00e9rou, nous d\u00e9couvrons une v\u00e9rit\u00e9 &hellip;<\/p>\n","protected":false},"author":3,"featured_media":4835,"comment_status":"open","ping_status":"open","sticky":false,"template":"","format":"standard","meta":{"_seopress_robots_primary_cat":"","_seopress_titles_title":"","_seopress_titles_desc":"","_seopress_robots_index":"","footnotes":""},"categories":[40,61],"tags":[1612],"class_list":["post-4834","post","type-post","status-publish","format-standard","has-post-thumbnail","","category-priere-et-spiritualite","category-saints-et-calendrier-liturgique","tag-sainte-rose-de-lima"],"_links":{"self":[{"href":"https:\/\/catholicus.eu\/fr\/wp-json\/wp\/v2\/posts\/4834","targetHints":{"allow":["GET"]}}],"collection":[{"href":"https:\/\/catholicus.eu\/fr\/wp-json\/wp\/v2\/posts"}],"about":[{"href":"https:\/\/catholicus.eu\/fr\/wp-json\/wp\/v2\/types\/post"}],"author":[{"embeddable":true,"href":"https:\/\/catholicus.eu\/fr\/wp-json\/wp\/v2\/users\/3"}],"replies":[{"embeddable":true,"href":"https:\/\/catholicus.eu\/fr\/wp-json\/wp\/v2\/comments?post=4834"}],"version-history":[{"count":1,"href":"https:\/\/catholicus.eu\/fr\/wp-json\/wp\/v2\/posts\/4834\/revisions"}],"predecessor-version":[{"id":4836,"href":"https:\/\/catholicus.eu\/fr\/wp-json\/wp\/v2\/posts\/4834\/revisions\/4836"}],"wp:featuredmedia":[{"embeddable":true,"href":"https:\/\/catholicus.eu\/fr\/wp-json\/wp\/v2\/media\/4835"}],"wp:attachment":[{"href":"https:\/\/catholicus.eu\/fr\/wp-json\/wp\/v2\/media?parent=4834"}],"wp:term":[{"taxonomy":"category","embeddable":true,"href":"https:\/\/catholicus.eu\/fr\/wp-json\/wp\/v2\/categories?post=4834"},{"taxonomy":"post_tag","embeddable":true,"href":"https:\/\/catholicus.eu\/fr\/wp-json\/wp\/v2\/tags?post=4834"}],"curies":[{"name":"wp","href":"https:\/\/api.w.org\/{rel}","templated":true}]}}