{"id":4807,"date":"2025-08-15T19:57:29","date_gmt":"2025-08-15T17:57:29","guid":{"rendered":"https:\/\/catholicus.eu\/fr\/?p=4807"},"modified":"2025-08-15T19:57:30","modified_gmt":"2025-08-15T17:57:30","slug":"titulus-crucis-le-conflit-des-inscriptions-et-leur-signification","status":"publish","type":"post","link":"https:\/\/catholicus.eu\/fr\/titulus-crucis-le-conflit-des-inscriptions-et-leur-signification\/","title":{"rendered":"Titulus Crucis : Le conflit des inscriptions et leur signification"},"content":{"rendered":"\n<p><em>\u00ab\u00a0Iesus Nazarenus Rex Iudaeorum\u00a0\u00bb<\/em> \u2014 <em>\u00ab Ce que j\u2019ai \u00e9crit, je l\u2019ai \u00e9crit \u00bb (Jn 19,22)<\/em><\/p>\n\n\n\n<h2 class=\"wp-block-heading\"><strong>1. Une plaque qui d\u00e9range depuis le Calvaire<\/strong><\/h2>\n\n\n\n<p>Dans l\u2019histoire de la Passion du Christ, il existe un \u00e9l\u00e9ment apparemment secondaire qui a suscit\u00e9 autant de d\u00e9bats que le bois m\u00eame de la Croix : le <strong>Titulus Crucis<\/strong>, la plaque que Pilate ordonna de placer au-dessus de la t\u00eate de J\u00e9sus.<br>Saint Jean le raconte ainsi :<\/p>\n\n\n\n<blockquote class=\"wp-block-quote is-layout-flow wp-block-quote-is-layout-flow\">\n<p><em>\u00ab Pilate fit aussi une inscription et la fit placer sur la croix. Il y \u00e9tait \u00e9crit : J\u00e9sus de Nazareth, le roi des Juifs \u00bb<\/em> (Jn 19,19).<\/p>\n<\/blockquote>\n\n\n\n<p>Il ne s\u2019agissait pas d\u2019un geste pieux, mais de l\u2019\u00e9nonc\u00e9 de la raison de la condamnation. Selon la coutume romaine, le crime \u00e9tait affich\u00e9 publiquement pour que tous comprennent la sentence. Cependant, dans ce cas, l\u2019inscription ne d\u00e9crivait pas un crime, mais proclamait \u2014 sans le vouloir \u2014 une v\u00e9rit\u00e9 \u00e9ternelle.<\/p>\n\n\n\n<hr class=\"wp-block-separator has-alpha-channel-opacity\"\/>\n\n\n\n<h2 class=\"wp-block-heading\"><strong>2. Trois langues, une seule affirmation<\/strong><\/h2>\n\n\n\n<p>L\u2019\u00c9vangile ajoute un d\u00e9tail unique :<\/p>\n\n\n\n<blockquote class=\"wp-block-quote is-layout-flow wp-block-quote-is-layout-flow\">\n<p><em>\u00ab Elle \u00e9tait \u00e9crite en h\u00e9breu, en latin et en grec \u00bb<\/em> (Jn 19,20).<\/p>\n<\/blockquote>\n\n\n\n<ul class=\"wp-block-list\">\n<li><strong>H\u00e9breu<\/strong> : Langue sacr\u00e9e du peuple de l\u2019Alliance. Elle \u00e9voque la Loi, les Proph\u00e8tes et la promesse messianique. Pour les Juifs, la phrase \u00e9tait une affirmation directe que J\u00e9sus \u00e9tait le Messie attendu, m\u00eame si l\u2019intention de Pilate \u00e9tait diff\u00e9rente.<\/li>\n\n\n\n<li><strong>Latin<\/strong> : Langue de l\u2019Empire. Elle repr\u00e9sente l\u2019autorit\u00e9 politique et militaire de Rome. Ici, l\u2019inscription signifiait que J\u00e9sus \u00e9tait un pr\u00e9tendant royal, un rival de C\u00e9sar.<\/li>\n\n\n\n<li><strong>Grec<\/strong> : Langue de la culture et du commerce. C\u2019\u00e9tait la langue internationale de la pens\u00e9e. En grec, la phrase s\u2019adressait au monde civilis\u00e9 tout entier.<\/li>\n<\/ul>\n\n\n\n<p>Cette triple inscription porte un sens profond : <strong>le Christ est Roi pour tous les peuples, toutes les cultures et toutes les \u00e9poques<\/strong>. Depuis le bois de la croix, son message fut scell\u00e9 dans les langues qui repr\u00e9sentaient la religion, le pouvoir et la sagesse humaine.<\/p>\n\n\n\n<hr class=\"wp-block-separator has-alpha-channel-opacity\"\/>\n\n\n\n<h2 class=\"wp-block-heading\"><strong>3. Le conflit \u00e0 J\u00e9rusalem : \u00ab Change le texte \u00bb<\/strong><\/h2>\n\n\n\n<p>Les grands pr\u00eatres, en lisant l\u2019inscription, r\u00e9agirent avec indignation :<\/p>\n\n\n\n<blockquote class=\"wp-block-quote is-layout-flow wp-block-quote-is-layout-flow\">\n<p><em>\u00ab N\u2019\u00e9cris pas : \u201cLe roi des Juifs\u201d, mais : \u201cCet homme a dit : Je suis le roi des Juifs\u201d \u00bb<\/em> (Jn 19,21).<\/p>\n<\/blockquote>\n\n\n\n<p>Ici commence le conflit. Pour eux, la phrase au pr\u00e9sent et de fa\u00e7on affirmative \u00e9quivalait \u00e0 reconna\u00eetre que l\u2019accusation \u00e9tait vraie. Ils voulaient transformer une proclamation en simple mention des paroles d\u2019un condamn\u00e9. En d\u2019autres termes : <strong>ils cherchaient \u00e0 relativiser la v\u00e9rit\u00e9<\/strong>.<\/p>\n\n\n\n<p>La r\u00e9ponse de Pilate est br\u00e8ve, presque proph\u00e9tique :<\/p>\n\n\n\n<blockquote class=\"wp-block-quote is-layout-flow wp-block-quote-is-layout-flow\">\n<p><em>\u00ab Ce que j\u2019ai \u00e9crit, je l\u2019ai \u00e9crit \u00bb<\/em> (Jn 19,22).<\/p>\n<\/blockquote>\n\n\n\n<p>Sur le plan humain, Pilate agit par orgueil et obstination ; sur le plan divin, son refus de modifier le texte devient un sceau providentiel. Ce qui devait \u00eatre une moquerie ou un avis l\u00e9gal se transforme en <strong>proclamation messianique et universelle<\/strong>.<\/p>\n\n\n\n<hr class=\"wp-block-separator has-alpha-channel-opacity\"\/>\n\n\n\n<h2 class=\"wp-block-heading\"><strong>4. Le conflit actuel : r\u00e9\u00e9crire le Christ ?<\/strong><\/h2>\n\n\n\n<p>La tension v\u00e9cue au Calvaire est toujours vivante aujourd\u2019hui. Dans de nombreux milieux culturels, m\u00e9diatiques et m\u00eame acad\u00e9miques, on cherche \u00e0 \u00ab r\u00e9\u00e9crire \u00bb le Christ :<\/p>\n\n\n\n<ul class=\"wp-block-list\">\n<li>Le pr\u00e9senter uniquement comme un ma\u00eetre moral, et non comme Roi et Seigneur.<\/li>\n\n\n\n<li>R\u00e9duire son message \u00e0 un patrimoine culturel, en le d\u00e9pouillant de son caract\u00e8re divin.<\/li>\n\n\n\n<li>Adapter sa figure aux id\u00e9ologies du moment, en supprimant ce qui d\u00e9range.<\/li>\n<\/ul>\n\n\n\n<p>Le Titulus Crucis nous met au d\u00e9fi de conserver intacte la proclamation originelle : <strong>J\u00e9sus est Roi<\/strong>, non seulement d\u2019un groupe ou d\u2019une \u00e9poque, mais de toute l\u2019humanit\u00e9 et de toute l\u2019histoire.<\/p>\n\n\n\n<hr class=\"wp-block-separator has-alpha-channel-opacity\"\/>\n\n\n\n<h2 class=\"wp-block-heading\"><strong>5. Le paradoxe du pigment : le lapis-lazuli et la royaut\u00e9 divine<\/strong><\/h2>\n\n\n\n<p>Bien que l\u2019\u00c9vangile ne d\u00e9crive pas les couleurs de l\u2019inscription, certaines \u00e9tudes artistiques et traditions m\u00e9di\u00e9vales mentionnent l\u2019utilisation de pigments pr\u00e9cieux comme le <strong>lapis-lazuli<\/strong> pour rehausser les inscriptions sacr\u00e9es. Le lapis-lazuli, d\u2019un bleu profond, \u00e9tait symbole de ciel, d\u2019\u00e9ternit\u00e9 et de gloire divine (cf. Ex 24,10).<\/p>\n\n\n\n<p>Si l\u2019inscription de condamnation avait \u00e9t\u00e9 mise en valeur par cette couleur, l\u2019ironie aurait \u00e9t\u00e9 totale : le monde voulait l\u2019humiliation, mais la couleur proclamait la royaut\u00e9 c\u00e9leste. En termes th\u00e9ologiques, cela illustre comment <strong>Dieu rev\u00eat de gloire ce que le monde croit vaincu<\/strong>.<\/p>\n\n\n\n<hr class=\"wp-block-separator has-alpha-channel-opacity\"\/>\n\n\n\n<h2 class=\"wp-block-heading\"><strong>6. Cl\u00e9s pastorales pour vivre le Titulus aujourd\u2019hui<\/strong><\/h2>\n\n\n\n<ol class=\"wp-block-list\">\n<li><strong>Confesser publiquement<\/strong><br>Il ne suffit pas de croire en priv\u00e9. La triple langue du Titulus nous rappelle que la foi doit \u00eatre proclam\u00e9e dans tous les domaines de la vie.<\/li>\n\n\n\n<li><strong>R\u00e9sister \u00e0 la r\u00e9\u00e9criture<\/strong><br>Tout comme Pilate refusa de modifier l\u2019inscription, le chr\u00e9tien doit rester ferme face \u00e0 la tentation d\u2019adoucir ou d\u2019adapter la v\u00e9rit\u00e9 de l\u2019\u00c9vangile.<\/li>\n\n\n\n<li><strong>Reconna\u00eetre l\u2019universalit\u00e9 du Christ<\/strong><br>La royaut\u00e9 de J\u00e9sus transcende les cultures et les fronti\u00e8res. L\u2019accueillir comme Roi signifie s\u2019ouvrir \u00e0 tous les peuples.<\/li>\n\n\n\n<li><strong>Transformer l\u2019humiliation en gloire<\/strong><br>Tout comme la croix devint un tr\u00f4ne, nos \u00e9preuves peuvent \u00eatre l\u2019occasion de manifester la seigneurie du Christ.<\/li>\n<\/ol>\n\n\n\n<hr class=\"wp-block-separator has-alpha-channel-opacity\"\/>\n\n\n\n<h2 class=\"wp-block-heading\"><strong>7. Conclusion : \u00ab Quod scripsi, scripsi \u00bb<\/strong><\/h2>\n\n\n\n<p>La plaque du Titulus Crucis est plus qu\u2019une relique arch\u00e9ologique. C\u2019est une <strong>proph\u00e9tie \u00e9crite par des mains humaines et scell\u00e9e par la Providence<\/strong>. Sa triple inscription nous rappelle que le Christ n\u2019est pas seulement un personnage historique, mais le <strong>Roi \u00e9ternel<\/strong>. Et le conflit survenu \u00e0 J\u00e9rusalem r\u00e9sonne encore aujourd\u2019hui, car il y a toujours ceux qui veulent att\u00e9nuer son message.<\/p>\n\n\n\n<p>Face \u00e0 cette tentation, la r\u00e9ponse de Pilate \u2014 m\u00eame issue de son indiff\u00e9rence \u2014 est un appel \u00e0 la fid\u00e9lit\u00e9 :<\/p>\n\n\n\n<blockquote class=\"wp-block-quote is-layout-flow wp-block-quote-is-layout-flow\">\n<p><em>\u00ab Ce que j\u2019ai \u00e9crit, je l\u2019ai \u00e9crit \u00bb<\/em>.<\/p>\n<\/blockquote>\n\n\n\n<p>Le chr\u00e9tien qui vit cette v\u00e9rit\u00e9 devient un \u00ab titulus vivant \u00bb : un t\u00e9moin qui, par sa vie, proclame sans crainte et sans modification que J\u00e9sus est le <strong>Roi des rois<\/strong>.<\/p>\n","protected":false},"excerpt":{"rendered":"<p>\u00ab\u00a0Iesus Nazarenus Rex Iudaeorum\u00a0\u00bb \u2014 \u00ab Ce que j\u2019ai \u00e9crit, je l\u2019ai \u00e9crit \u00bb (Jn 19,22) 1. Une plaque qui d\u00e9range depuis le Calvaire Dans l\u2019histoire de la Passion du Christ, il existe un \u00e9l\u00e9ment apparemment secondaire qui a suscit\u00e9 autant de d\u00e9bats que le bois m\u00eame de la Croix : le Titulus Crucis, la &hellip;<\/p>\n","protected":false},"author":3,"featured_media":4808,"comment_status":"open","ping_status":"open","sticky":false,"template":"","format":"standard","meta":{"_seopress_robots_primary_cat":"","_seopress_titles_title":"","_seopress_titles_desc":"","_seopress_robots_index":"","footnotes":""},"categories":[37,45],"tags":[1606],"class_list":["post-4807","post","type-post","status-publish","format-standard","has-post-thumbnail","","category-doctrine-et-foi","category-saintes-ecritures","tag-titulus-crucis"],"_links":{"self":[{"href":"https:\/\/catholicus.eu\/fr\/wp-json\/wp\/v2\/posts\/4807","targetHints":{"allow":["GET"]}}],"collection":[{"href":"https:\/\/catholicus.eu\/fr\/wp-json\/wp\/v2\/posts"}],"about":[{"href":"https:\/\/catholicus.eu\/fr\/wp-json\/wp\/v2\/types\/post"}],"author":[{"embeddable":true,"href":"https:\/\/catholicus.eu\/fr\/wp-json\/wp\/v2\/users\/3"}],"replies":[{"embeddable":true,"href":"https:\/\/catholicus.eu\/fr\/wp-json\/wp\/v2\/comments?post=4807"}],"version-history":[{"count":1,"href":"https:\/\/catholicus.eu\/fr\/wp-json\/wp\/v2\/posts\/4807\/revisions"}],"predecessor-version":[{"id":4809,"href":"https:\/\/catholicus.eu\/fr\/wp-json\/wp\/v2\/posts\/4807\/revisions\/4809"}],"wp:featuredmedia":[{"embeddable":true,"href":"https:\/\/catholicus.eu\/fr\/wp-json\/wp\/v2\/media\/4808"}],"wp:attachment":[{"href":"https:\/\/catholicus.eu\/fr\/wp-json\/wp\/v2\/media?parent=4807"}],"wp:term":[{"taxonomy":"category","embeddable":true,"href":"https:\/\/catholicus.eu\/fr\/wp-json\/wp\/v2\/categories?post=4807"},{"taxonomy":"post_tag","embeddable":true,"href":"https:\/\/catholicus.eu\/fr\/wp-json\/wp\/v2\/tags?post=4807"}],"curies":[{"name":"wp","href":"https:\/\/api.w.org\/{rel}","templated":true}]}}