{"id":4795,"date":"2025-08-13T21:55:09","date_gmt":"2025-08-13T19:55:09","guid":{"rendered":"https:\/\/catholicus.eu\/fr\/?p=4795"},"modified":"2025-08-13T21:55:10","modified_gmt":"2025-08-13T19:55:10","slug":"lassomption-de-la-vierge-triomphe-de-lamour-et-victoire-de-lesperance","status":"publish","type":"post","link":"https:\/\/catholicus.eu\/fr\/lassomption-de-la-vierge-triomphe-de-lamour-et-victoire-de-lesperance\/","title":{"rendered":"L\u2019Assomption de la Vierge : Triomphe de l\u2019Amour et Victoire de l\u2019Esp\u00e9rance"},"content":{"rendered":"\n<p>Le <strong>15 ao\u00fbt<\/strong>, l\u2019\u00c9glise enti\u00e8re se rev\u00eat de f\u00eate pour c\u00e9l\u00e9brer l\u2019un des myst\u00e8res les plus lumineux de notre foi : <strong>l\u2019Assomption de la Tr\u00e8s Sainte Vierge Marie<\/strong>. En cette solennit\u00e9, nous proclamons avec joie que Marie, au terme de sa vie terrestre, a \u00e9t\u00e9 \u00e9lev\u00e9e corps et \u00e2me dans la gloire du ciel. Cette v\u00e9rit\u00e9, qui brille comme un joyau dans la couronne de la foi catholique, n\u2019est pas seulement un dogme abstrait, mais une source vivante d\u2019esp\u00e9rance pour nous tous.<\/p>\n\n\n\n<hr class=\"wp-block-separator has-alpha-channel-opacity\"\/>\n\n\n\n<h3 class=\"wp-block-heading\">1. <strong>Un dogme n\u00e9 de la foi vivante de l\u2019\u00c9glise<\/strong><\/h3>\n\n\n\n<p>La croyance en l\u2019Assomption n\u2019est pas une invention r\u00e9cente. D\u00e8s les premiers si\u00e8cles, la tradition chr\u00e9tienne v\u00e9n\u00e9rait le passage de Marie comme un myst\u00e8re glorieux. Bien que l\u2019\u00c9criture ne raconte pas explicitement le moment de son Assomption, nous trouvons dans la Bible les germes de cette v\u00e9rit\u00e9. Le psalmiste proclame :<\/p>\n\n\n\n<blockquote class=\"wp-block-quote is-layout-flow wp-block-quote-is-layout-flow\">\n<p><em>\u00ab La reine se tient \u00e0 ta droite, par\u00e9e d\u2019or d\u2019Ophir \u00bb<\/em> (Ps 45,10).<\/p>\n<\/blockquote>\n\n\n\n<p>L\u2019image de la Reine aux c\u00f4t\u00e9s du tr\u00f4ne du Roi anticipe la glorification de Marie, ins\u00e9parable de la victoire de son Fils. De m\u00eame, dans l\u2019Apocalypse, Jean contemple <em>\u00ab une femme rev\u00eatue du soleil, la lune sous ses pieds, et une couronne de douze \u00e9toiles sur sa t\u00eate \u00bb<\/em> (Ap 12,1), symbole que la tradition a reconnu comme une r\u00e9f\u00e9rence \u00e0 la M\u00e8re glorieuse.<\/p>\n\n\n\n<p>Le <strong>1er novembre 1950<\/strong>, le pape Pie XII a solennellement d\u00e9fini le dogme dans la constitution apostolique <em>Munificentissimus Deus<\/em> :<\/p>\n\n\n\n<blockquote class=\"wp-block-quote is-layout-flow wp-block-quote-is-layout-flow\">\n<p><em>\u00ab La M\u00e8re immacul\u00e9e de Dieu, la toujours Vierge Marie, ayant achev\u00e9 le cours de sa vie terrestre, a \u00e9t\u00e9 \u00e9lev\u00e9e corps et \u00e2me \u00e0 la gloire c\u00e9leste. \u00bb<\/em><\/p>\n<\/blockquote>\n\n\n\n<p>Par cet acte, le pape n\u2019a pas cr\u00e9\u00e9 une nouvelle croyance, mais a confirm\u00e9 avec autorit\u00e9 ce que le peuple fid\u00e8le avait profess\u00e9 depuis des si\u00e8cles.<\/p>\n\n\n\n<hr class=\"wp-block-separator has-alpha-channel-opacity\"\/>\n\n\n\n<h3 class=\"wp-block-heading\">2. <strong>Port\u00e9e th\u00e9ologique : Marie, signe de notre esp\u00e9rance<\/strong><\/h3>\n\n\n\n<p>L\u2019Assomption n\u2019est pas un privil\u00e8ge isol\u00e9. Marie participe de mani\u00e8re unique \u00e0 la victoire du Christ sur le p\u00e9ch\u00e9 et sur la mort. Comme M\u00e8re du R\u00e9dempteur, pr\u00e9serv\u00e9e du p\u00e9ch\u00e9 originel d\u00e8s sa conception, elle ne pouvait pas \u00eatre soumise \u00e0 la corruption du tombeau.<\/p>\n\n\n\n<p>Dans l\u2019Assomption s\u2019accomplit en Marie ce que nous, chr\u00e9tiens, esp\u00e9rons tous : <strong>la r\u00e9surrection et la glorification de notre propre corps<\/strong>. Saint Paul nous rappelle :<\/p>\n\n\n\n<blockquote class=\"wp-block-quote is-layout-flow wp-block-quote-is-layout-flow\">\n<p><em>\u00ab Quand cet \u00eatre corruptible aura rev\u00eatu l\u2019incorruptibilit\u00e9 et que cet \u00eatre mortel aura rev\u00eatu l\u2019immortalit\u00e9, alors s\u2019accomplira la parole qui est \u00e9crite : La mort a \u00e9t\u00e9 engloutie dans la victoire \u00bb<\/em> (1 Co 15,54).<\/p>\n<\/blockquote>\n\n\n\n<p>Marie est l\u2019anticipation de cette promesse. En elle, nous voyons r\u00e9alis\u00e9 ce que nous attendons au dernier jour.<\/p>\n\n\n\n<hr class=\"wp-block-separator has-alpha-channel-opacity\"\/>\n\n\n\n<h3 class=\"wp-block-heading\">3. <strong>Dimension pastorale : Marie, mod\u00e8le de foi et d\u2019abandon<\/strong><\/h3>\n\n\n\n<p>L\u2019Assomption n\u2019est pas seulement un myst\u00e8re \u00e0 admirer ; c\u2019est une <strong>invitation \u00e0 vivre comme elle a v\u00e9cu<\/strong>. Marie est parvenue \u00e0 la gloire parce qu\u2019ici-bas elle est rest\u00e9e fid\u00e8le \u00e0 Dieu en tout :<\/p>\n\n\n\n<ul class=\"wp-block-list\">\n<li><strong>Elle a \u00e9cout\u00e9 la Parole<\/strong> et l\u2019a gard\u00e9e dans son c\u0153ur.<\/li>\n\n\n\n<li><strong>Elle a accept\u00e9 la volont\u00e9 de Dieu<\/strong> m\u00eame dans l\u2019obscurit\u00e9 de la croix.<\/li>\n\n\n\n<li><strong>Elle a v\u00e9cu pour les autres<\/strong>, depuis son service \u00e0 \u00c9lisabeth jusqu\u2019\u00e0 son soin des ap\u00f4tres \u00e0 la Pentec\u00f4te.<\/li>\n<\/ul>\n\n\n\n<p>Dans un monde qui exalte la r\u00e9ussite imm\u00e9diate, le pouvoir et le plaisir, Marie nous rappelle que le vrai triomphe r\u00e9side dans l\u2019humilit\u00e9, la puret\u00e9 et la fid\u00e9lit\u00e9 \u00e0 Dieu.<\/p>\n\n\n\n<hr class=\"wp-block-separator has-alpha-channel-opacity\"\/>\n\n\n\n<h3 class=\"wp-block-heading\">4. <strong>Applications pratiques pour la vie quotidienne<\/strong><\/h3>\n\n\n\n<p>C\u00e9l\u00e9brer l\u2019Assomption ne doit pas se limiter \u00e0 assister \u00e0 la messe du 15 ao\u00fbt. Nous pouvons <strong>faire de ce myst\u00e8re un phare pour notre vie quotidienne<\/strong> :<\/p>\n\n\n\n<ol class=\"wp-block-list\">\n<li><strong>Vivre le regard tourn\u00e9 vers le ciel<\/strong><br>La vie chr\u00e9tienne ne consiste pas \u00e0 simplement \u00ab survivre \u00bb sur terre ; nous avons une destin\u00e9e \u00e9ternelle. Chaque jour est une occasion de pr\u00e9parer notre c\u0153ur \u00e0 la gloire.<\/li>\n\n\n\n<li><strong>Prendre soin de la puret\u00e9 de l\u2019\u00e2me et du corps<\/strong><br>Tout comme Marie a \u00e9t\u00e9 emport\u00e9e toute enti\u00e8re au ciel, nous sommes appel\u00e9s \u00e0 honorer notre corps comme temple de l\u2019Esprit Saint.<\/li>\n\n\n\n<li><strong>Dire \u201coui\u201d \u00e0 Dieu dans les petites comme dans les grandes choses<\/strong><br>La gloire de Marie est le fruit de sa docilit\u00e9. Chaque acte d\u2019ob\u00e9issance et chaque renoncement par amour de Dieu sont des semences d\u2019\u00e9ternit\u00e9.<\/li>\n\n\n\n<li><strong>Recourir \u00e0 Marie comme M\u00e8re et Reine<\/strong><br>Elle n\u2019est pas \u00e9loign\u00e9e de nous parce qu\u2019elle est au ciel ; au contraire, de l\u00e0-haut, elle interc\u00e8de sans cesse pour ses enfants.<\/li>\n<\/ol>\n\n\n\n<hr class=\"wp-block-separator has-alpha-channel-opacity\"\/>\n\n\n\n<h3 class=\"wp-block-heading\">5. <strong>L\u2019Assomption et le monde d\u2019aujourd\u2019hui<\/strong><\/h3>\n\n\n\n<p>En des temps marqu\u00e9s par le mat\u00e9rialisme et le d\u00e9sespoir, l\u2019Assomption est un <strong>message \u00e0 contre-courant<\/strong> : la vie ne s\u2019ach\u00e8ve pas dans la tombe. La mort n\u2019a pas le dernier mot. Le corps humain n\u2019est pas un objet jetable, mais une partie de notre identit\u00e9 \u00e9ternelle.<\/p>\n\n\n\n<p>En Marie, nous voyons que la foi en vaut la peine, que Dieu tient ses promesses et que l\u2019amour triomphe du p\u00e9ch\u00e9 et de la mort. Son Assomption est comme un <strong>rayon de lumi\u00e8re<\/strong> qui perce la brume de notre \u00e9poque et nous rappelle que le ciel est r\u00e9el et qu\u2019une M\u00e8re nous y attend.<\/p>\n\n\n\n<hr class=\"wp-block-separator has-alpha-channel-opacity\"\/>\n\n\n\n<h3 class=\"wp-block-heading\">6. <strong>Conclusion : vivre comme celui qui sait o\u00f9 il va<\/strong><\/h3>\n\n\n\n<p>Le 15 ao\u00fbt n\u2019est pas seulement un jour pour lever les yeux et admirer la gloire de Marie. C\u2019est un jour pour regarder en nous-m\u00eames et nous demander : <em>Est-ce que je vis comme quelqu\u2019un qui se dirige vers la maison du P\u00e8re ?<\/em><\/p>\n\n\n\n<p>L\u2019Assomption nous invite \u00e0 vivre avec une <strong>esp\u00e9rance active<\/strong>. Une esp\u00e9rance qui prie, qui aime, qui se sacrifie. Une esp\u00e9rance qui ne se r\u00e9signe pas devant l\u2019injustice ni ne se paralyse devant l\u2019\u00e9preuve. Car si Marie est au ciel, nous aussi, unis au Christ, nous pourrons y \u00eatre.<\/p>\n\n\n\n<p>Que chaque 15 ao\u00fbt soit un <strong>renouvellement de notre engagement<\/strong> \u00e0 suivre le Christ avec la m\u00eame foi et le m\u00eame abandon que sa M\u00e8re. Et que, lorsque viendra notre heure, nous puissions entendre Celui qui a exalt\u00e9 Marie nous dire :<\/p>\n\n\n\n<blockquote class=\"wp-block-quote is-layout-flow wp-block-quote-is-layout-flow\">\n<p><em>\u00ab C\u2019est bien, bon et fid\u00e8le serviteur\u2026 entre dans la joie de ton Seigneur \u00bb<\/em> (Mt 25,23).<\/p>\n<\/blockquote>\n","protected":false},"excerpt":{"rendered":"<p>Le 15 ao\u00fbt, l\u2019\u00c9glise enti\u00e8re se rev\u00eat de f\u00eate pour c\u00e9l\u00e9brer l\u2019un des myst\u00e8res les plus lumineux de notre foi : l\u2019Assomption de la Tr\u00e8s Sainte Vierge Marie. En cette solennit\u00e9, nous proclamons avec joie que Marie, au terme de sa vie terrestre, a \u00e9t\u00e9 \u00e9lev\u00e9e corps et \u00e2me dans la gloire du ciel. Cette &hellip;<\/p>\n","protected":false},"author":3,"featured_media":4796,"comment_status":"open","ping_status":"open","sticky":false,"template":"","format":"standard","meta":{"_seopress_robots_primary_cat":"","_seopress_titles_title":"","_seopress_titles_desc":"","_seopress_robots_index":"","footnotes":""},"categories":[60,40],"tags":[1605],"class_list":["post-4795","post","type-post","status-publish","format-standard","has-post-thumbnail","","category-devotions-mariales","category-priere-et-spiritualite","tag-assomption-de-la-tres-sainte-vierge-marie"],"_links":{"self":[{"href":"https:\/\/catholicus.eu\/fr\/wp-json\/wp\/v2\/posts\/4795","targetHints":{"allow":["GET"]}}],"collection":[{"href":"https:\/\/catholicus.eu\/fr\/wp-json\/wp\/v2\/posts"}],"about":[{"href":"https:\/\/catholicus.eu\/fr\/wp-json\/wp\/v2\/types\/post"}],"author":[{"embeddable":true,"href":"https:\/\/catholicus.eu\/fr\/wp-json\/wp\/v2\/users\/3"}],"replies":[{"embeddable":true,"href":"https:\/\/catholicus.eu\/fr\/wp-json\/wp\/v2\/comments?post=4795"}],"version-history":[{"count":1,"href":"https:\/\/catholicus.eu\/fr\/wp-json\/wp\/v2\/posts\/4795\/revisions"}],"predecessor-version":[{"id":4797,"href":"https:\/\/catholicus.eu\/fr\/wp-json\/wp\/v2\/posts\/4795\/revisions\/4797"}],"wp:featuredmedia":[{"embeddable":true,"href":"https:\/\/catholicus.eu\/fr\/wp-json\/wp\/v2\/media\/4796"}],"wp:attachment":[{"href":"https:\/\/catholicus.eu\/fr\/wp-json\/wp\/v2\/media?parent=4795"}],"wp:term":[{"taxonomy":"category","embeddable":true,"href":"https:\/\/catholicus.eu\/fr\/wp-json\/wp\/v2\/categories?post=4795"},{"taxonomy":"post_tag","embeddable":true,"href":"https:\/\/catholicus.eu\/fr\/wp-json\/wp\/v2\/tags?post=4795"}],"curies":[{"name":"wp","href":"https:\/\/api.w.org\/{rel}","templated":true}]}}