{"id":4792,"date":"2025-08-12T23:40:20","date_gmt":"2025-08-12T21:40:20","guid":{"rendered":"https:\/\/catholicus.eu\/fr\/?p=4792"},"modified":"2025-08-12T23:40:21","modified_gmt":"2025-08-12T21:40:21","slug":"noli-foras-ire-le-chemin-vers-le-dieu-qui-habite-en-toi","status":"publish","type":"post","link":"https:\/\/catholicus.eu\/fr\/noli-foras-ire-le-chemin-vers-le-dieu-qui-habite-en-toi\/","title":{"rendered":"\u00ab Noli foras ire \u00bb : Le chemin vers le Dieu qui habite en toi"},"content":{"rendered":"\n<p><em>\u00ab Ne sors pas dehors, retourne \u00e0 ton c\u0153ur, dans l\u2019homme int\u00e9rieur habite la v\u00e9rit\u00e9. \u00bb<\/em> \u2014 <em>Saint Augustin, Confessions VII, 10, 16<\/em><\/p>\n\n\n\n<hr class=\"wp-block-separator has-alpha-channel-opacity\"\/>\n\n\n\n<h2 class=\"wp-block-heading\">1. <strong>Une phrase qui a travers\u00e9 les si\u00e8cles<\/strong><\/h2>\n\n\n\n<p>Parmi toutes les phrases que nous a laiss\u00e9es saint Augustin, l\u2019une a illumin\u00e9 pendant des si\u00e8cles le chemin de milliers d\u2019\u00e2mes assoiff\u00e9es de Dieu :<br><strong>\u00ab Noli foras ire \u00bb<\/strong> \u2014 <em>Ne sors pas dehors<\/em>.<\/p>\n\n\n\n<p>Il ne s\u2019agit pas d\u2019une invitation \u00e0 l\u2019isolement physique, ni d\u2019un m\u00e9pris du monde cr\u00e9\u00e9, mais d\u2019une exhortation \u00e0 chercher Dieu <strong>non pas dans le bruit, la dispersion ou les vanit\u00e9s ext\u00e9rieures<\/strong>, mais <strong>dans le silence profond du c\u0153ur<\/strong>, l\u00e0 o\u00f9 Il demeure.<\/p>\n\n\n\n<p>Dans un monde comme le n\u00f4tre, satur\u00e9 d\u2019\u00e9crans, d\u2019actualit\u00e9s, d\u2019opinions et de distractions, cette phrase n\u2019est pas une relique pieuse du IVe si\u00e8cle : c\u2019est une boussole urgente pour l\u2019\u00e2me moderne.<\/p>\n\n\n\n<hr class=\"wp-block-separator has-alpha-channel-opacity\"\/>\n\n\n\n<h2 class=\"wp-block-heading\">2. <strong>Origine et sens chez saint Augustin<\/strong><\/h2>\n\n\n\n<p>Saint Augustin \u00e9crit cette phrase dans ses <em>Confessions<\/em> en racontant son chemin de conversion. Pendant des ann\u00e9es, il chercha la v\u00e9rit\u00e9 dans les philosophies, les id\u00e9ologies, les honneurs et les plaisirs\u2026 jusqu\u2019\u00e0 d\u00e9couvrir que <strong>Dieu n\u2019\u00e9tait pas en dehors de lui, mais en lui<\/strong>.<\/p>\n\n\n\n<p>Le texte complet dit :<\/p>\n\n\n\n<blockquote class=\"wp-block-quote is-layout-flow wp-block-quote-is-layout-flow\">\n<p><em>\u00ab Noli foras ire ; in te ipsum redi. In interiore homine habitat veritas ; et si tuam naturam mutabilem inveneris, transcende et te ipsum. \u00bb<\/em><br><em>(Ne sors pas dehors ; reviens \u00e0 toi-m\u00eame. Dans l\u2019homme int\u00e9rieur habite la v\u00e9rit\u00e9 ; et si tu d\u00e9couvres que ta nature est changeante, transcende-toi toi-m\u00eame.)<\/em><\/p>\n<\/blockquote>\n\n\n\n<p>L\u2019enseignement est clair :<\/p>\n\n\n\n<ul class=\"wp-block-list\">\n<li>Dieu nous a cr\u00e9\u00e9s <strong>\u00e0 Son image et \u00e0 Sa ressemblance<\/strong> (Gen\u00e8se 1, 27).<\/li>\n\n\n\n<li>Dans notre \u00e2me \u2014 lorsqu\u2019elle est en \u00e9tat de gr\u00e2ce \u2014 Il demeure par <strong>pr\u00e9sence, puissance et essence<\/strong>.<\/li>\n\n\n\n<li>Si nous voulons Le trouver, nous devons apprendre \u00e0 nous recueillir, \u00e0 L\u2019\u00e9couter et \u00e0 purifier ce qui nous \u00e9loigne de Lui.<\/li>\n<\/ul>\n\n\n\n<hr class=\"wp-block-separator has-alpha-channel-opacity\"\/>\n\n\n\n<h2 class=\"wp-block-heading\">3. <strong>Pertinence th\u00e9ologique<\/strong><\/h2>\n\n\n\n<p>Cette phrase touche \u00e0 l\u2019un des piliers de la th\u00e9ologie spirituelle catholique : <strong>l\u2019inhabitation trinitaire<\/strong>.<br>Saint Jean de la Croix, sainte Th\u00e9r\u00e8se de J\u00e9sus, saint Fran\u00e7ois de Sales et de nombreux autres saints ont r\u00e9p\u00e9t\u00e9 cette v\u00e9rit\u00e9 : <strong>Dieu habite dans l\u2019\u00e2me en \u00e9tat de gr\u00e2ce<\/strong> (cf. Jean 14, 23).<\/p>\n\n\n\n<p>Lorsque nous commettons un p\u00e9ch\u00e9 mortel, cette pr\u00e9sence sp\u00e9ciale se perd ; mais par la confession et la gr\u00e2ce sanctifiante, Dieu revient habiter en nous.<br>Ainsi, \u00ab Noli foras ire \u00bb implique deux v\u00e9rit\u00e9s ins\u00e9parables :<\/p>\n\n\n\n<ol class=\"wp-block-list\">\n<li><strong>Pour trouver Dieu, il faut d\u2019abord \u00eatre en \u00e9tat de gr\u00e2ce.<\/strong><\/li>\n\n\n\n<li><strong>Pour L\u2019\u00e9couter, il faut \u00eatre int\u00e9rieurement recueilli.<\/strong><\/li>\n<\/ol>\n\n\n\n<hr class=\"wp-block-separator has-alpha-channel-opacity\"\/>\n\n\n\n<h2 class=\"wp-block-heading\">4. <strong>Un appel urgent pour aujourd\u2019hui<\/strong><\/h2>\n\n\n\n<p>Nous vivons dans une soci\u00e9t\u00e9 hyperconnect\u00e9e mais spirituellement d\u00e9connect\u00e9e.<br>Les r\u00e9seaux sociaux, le bruit m\u00e9diatique, la pr\u00e9cipitation et la superficialit\u00e9 nous poussent constamment \u00ab dehors \u00bb \u2014 hors de nous-m\u00eames, hors de la pr\u00e9sence de Dieu.<br>M\u00eame de nombreux catholiques pratiquent une foi ext\u00e9rieure, remplissant les rites sans profondeur, sans atteindre le c\u0153ur.<\/p>\n\n\n\n<p>Aujourd\u2019hui, \u00ab Noli foras ire \u00bb signifie :<\/p>\n\n\n\n<ul class=\"wp-block-list\">\n<li><strong>Ne te perds pas dans des discussions inutiles.<\/strong><\/li>\n\n\n\n<li><strong>Ne cherche pas ta paix dans les applaudissements ou les \u201clikes\u201d.<\/strong><\/li>\n\n\n\n<li><strong>Ne laisse pas l\u2019opinion des autres d\u00e9finir ta valeur.<\/strong><\/li>\n\n\n\n<li><strong>Apprends \u00e0 entrer dans le sanctuaire int\u00e9rieur o\u00f9 Dieu t\u2019attend.<\/strong><\/li>\n<\/ul>\n\n\n\n<hr class=\"wp-block-separator has-alpha-channel-opacity\"\/>\n\n\n\n<h2 class=\"wp-block-heading\">5. <strong>Une citation biblique pour \u00e9clairer<\/strong><\/h2>\n\n\n\n<p>J\u00e9sus Lui-m\u00eame nous l\u2019a averti :<\/p>\n\n\n\n<blockquote class=\"wp-block-quote is-layout-flow wp-block-quote-is-layout-flow\">\n<p><em>\u00ab Pour toi, quand tu pries, entre dans ta chambre, ferme la porte et prie ton P\u00e8re qui est l\u00e0 dans le secret ; et ton P\u00e8re, qui voit dans le secret, te le rendra. \u00bb<\/em> (Matthieu 6, 6)<\/p>\n<\/blockquote>\n\n\n\n<p>La \u00ab chambre \u00bb dont parle le Christ est aussi notre <strong>int\u00e9rieur<\/strong>, le lieu o\u00f9 le bruit du monde ne p\u00e9n\u00e8tre pas si nous ne le laissons pas entrer.<\/p>\n\n\n\n<hr class=\"wp-block-separator has-alpha-channel-opacity\"\/>\n\n\n\n<h2 class=\"wp-block-heading\">6. <strong>Guide pratique th\u00e9ologique et pastoral<\/strong><\/h2>\n\n\n\n<p>Voici un guide rigoureux pour vivre le <strong>\u00ab Noli foras ire \u00bb<\/strong> au quotidien, inspir\u00e9 par la tradition de l\u2019\u00c9glise et l\u2019exp\u00e9rience des saints :<\/p>\n\n\n\n<h3 class=\"wp-block-heading\"><strong>A. Disposer l\u2019\u00e2me<\/strong><\/h3>\n\n\n\n<ol class=\"wp-block-list\">\n<li><strong>Vivre en \u00e9tat de gr\u00e2ce<\/strong> : Confession fr\u00e9quente, en \u00e9vitant tout p\u00e9ch\u00e9 mortel.<\/li>\n\n\n\n<li><strong>Se nourrir de l\u2019Eucharistie<\/strong> : Communier avec foi et recueillement.<\/li>\n\n\n\n<li><strong>Garder les sens<\/strong> : Ne pas laisser entrer sans discernement des images, des sons ou des conversations qui souillent l\u2019\u00e2me.<\/li>\n<\/ol>\n\n\n\n<h3 class=\"wp-block-heading\"><strong>B. Exercer le recueillement int\u00e9rieur<\/strong><\/h3>\n\n\n\n<ol class=\"wp-block-list\">\n<li><strong>Moments de silence<\/strong> chaque jour (m\u00eame 5 minutes), sans t\u00e9l\u00e9phone, sans musique, sans distractions.<\/li>\n\n\n\n<li><strong>Pri\u00e8re br\u00e8ve et fr\u00e9quente<\/strong> : <em>\u00ab Seigneur, Tu es ici \u00bb<\/em>, en rappelant Sa pr\u00e9sence.<\/li>\n\n\n\n<li><strong>Lectio divina<\/strong> : M\u00e9diter la Parole comme un dialogue intime avec Dieu.<\/li>\n<\/ol>\n\n\n\n<h3 class=\"wp-block-heading\"><strong>C. Purifier l\u2019intention<\/strong><\/h3>\n\n\n\n<ol class=\"wp-block-list\">\n<li>Avant d\u2019agir, se demander : <em>Est-ce que je le fais par amour de Dieu ou par vanit\u00e9 ?<\/em><\/li>\n\n\n\n<li>Offrir toutes les \u0153uvres \u2014 grandes et petites \u2014 comme un sacrifice d\u2019amour.<\/li>\n<\/ol>\n\n\n\n<h3 class=\"wp-block-heading\"><strong>D. Entrer dans le \u201ctabernacle int\u00e9rieur\u201d<\/strong><\/h3>\n\n\n\n<ol class=\"wp-block-list\">\n<li>Imaginer ton \u00e2me comme une \u00e9glise o\u00f9 le Christ se trouve dans le tabernacle.<\/li>\n\n\n\n<li>Apprendre \u00e0 y entrer mentalement, surtout au milieu du bruit ext\u00e9rieur.<\/li>\n\n\n\n<li>Faire de ton c\u0153ur un lieu propre, ordonn\u00e9 et digne pour Lui.<\/li>\n<\/ol>\n\n\n\n<h3 class=\"wp-block-heading\"><strong>E. Pratiquer l\u2019humilit\u00e9<\/strong><\/h3>\n\n\n\n<ol class=\"wp-block-list\">\n<li>Reconna\u00eetre que tout n\u2019est pas en notre pouvoir : nous avons besoin de la gr\u00e2ce.<\/li>\n\n\n\n<li>Ne pas chercher d\u2019excuses pour le p\u00e9ch\u00e9 : le confesser et se relever.<\/li>\n<\/ol>\n\n\n\n<hr class=\"wp-block-separator has-alpha-channel-opacity\"\/>\n\n\n\n<h2 class=\"wp-block-heading\">7. <strong>Fruits spirituels d\u2019une telle vie<\/strong><\/h2>\n\n\n\n<p>Celui qui vit le \u00ab Noli foras ire \u00bb fait l\u2019exp\u00e9rience :<\/p>\n\n\n\n<ul class=\"wp-block-list\">\n<li><strong>D\u2019une paix profonde<\/strong>, m\u00eame au milieu des probl\u00e8mes.<\/li>\n\n\n\n<li><strong>D\u2019une plus grande clart\u00e9 spirituelle<\/strong>, car il entend mieux Dieu.<\/li>\n\n\n\n<li><strong>D\u2019une libert\u00e9 int\u00e9rieure<\/strong>, car il cesse de d\u00e9pendre de l\u2019approbation d\u2019autrui.<\/li>\n\n\n\n<li><strong>D\u2019une force contre le p\u00e9ch\u00e9<\/strong>, car il reste plus vigilant et uni au Seigneur.<\/li>\n<\/ul>\n\n\n\n<hr class=\"wp-block-separator has-alpha-channel-opacity\"\/>\n\n\n\n<h2 class=\"wp-block-heading\">8. <strong>Conclusion inspirante<\/strong><\/h2>\n\n\n\n<p>Le \u00ab Noli foras ire \u00bb n\u2019est pas une invitation \u00e0 s\u2019enfermer, mais \u00e0 <strong>se recentrer<\/strong>. Ce n\u2019est pas fuir le monde, mais <strong>l\u2019habiter \u00e0 partir de Dieu<\/strong>.<br>Saint Augustin l\u2019a appris apr\u00e8s des ann\u00e9es \u00e0 chercher au dehors ce qu\u2019il avait toujours eu au-dedans : le Dieu vivant qui l\u2019aimait.<\/p>\n\n\n\n<p>Aujourd\u2019hui, le Christ te dit aussi :<br><em>\u00ab Ne sors pas dehors\u2026 reviens \u00e0 Moi, car Je t\u2019attends en toi. \u00bb<\/em><\/p>\n","protected":false},"excerpt":{"rendered":"<p>\u00ab Ne sors pas dehors, retourne \u00e0 ton c\u0153ur, dans l\u2019homme int\u00e9rieur habite la v\u00e9rit\u00e9. \u00bb \u2014 Saint Augustin, Confessions VII, 10, 16 1. Une phrase qui a travers\u00e9 les si\u00e8cles Parmi toutes les phrases que nous a laiss\u00e9es saint Augustin, l\u2019une a illumin\u00e9 pendant des si\u00e8cles le chemin de milliers d\u2019\u00e2mes assoiff\u00e9es de Dieu &hellip;<\/p>\n","protected":false},"author":3,"featured_media":4793,"comment_status":"open","ping_status":"open","sticky":false,"template":"","format":"standard","meta":{"_seopress_robots_primary_cat":"","_seopress_titles_title":"","_seopress_titles_desc":"","_seopress_robots_index":"","footnotes":""},"categories":[40,58],"tags":[1604],"class_list":["post-4792","post","type-post","status-publish","format-standard","has-post-thumbnail","","category-priere-et-spiritualite","category-priere-et-vie-spirituelle","tag-noli-foras-ire"],"_links":{"self":[{"href":"https:\/\/catholicus.eu\/fr\/wp-json\/wp\/v2\/posts\/4792","targetHints":{"allow":["GET"]}}],"collection":[{"href":"https:\/\/catholicus.eu\/fr\/wp-json\/wp\/v2\/posts"}],"about":[{"href":"https:\/\/catholicus.eu\/fr\/wp-json\/wp\/v2\/types\/post"}],"author":[{"embeddable":true,"href":"https:\/\/catholicus.eu\/fr\/wp-json\/wp\/v2\/users\/3"}],"replies":[{"embeddable":true,"href":"https:\/\/catholicus.eu\/fr\/wp-json\/wp\/v2\/comments?post=4792"}],"version-history":[{"count":1,"href":"https:\/\/catholicus.eu\/fr\/wp-json\/wp\/v2\/posts\/4792\/revisions"}],"predecessor-version":[{"id":4794,"href":"https:\/\/catholicus.eu\/fr\/wp-json\/wp\/v2\/posts\/4792\/revisions\/4794"}],"wp:featuredmedia":[{"embeddable":true,"href":"https:\/\/catholicus.eu\/fr\/wp-json\/wp\/v2\/media\/4793"}],"wp:attachment":[{"href":"https:\/\/catholicus.eu\/fr\/wp-json\/wp\/v2\/media?parent=4792"}],"wp:term":[{"taxonomy":"category","embeddable":true,"href":"https:\/\/catholicus.eu\/fr\/wp-json\/wp\/v2\/categories?post=4792"},{"taxonomy":"post_tag","embeddable":true,"href":"https:\/\/catholicus.eu\/fr\/wp-json\/wp\/v2\/tags?post=4792"}],"curies":[{"name":"wp","href":"https:\/\/api.w.org\/{rel}","templated":true}]}}