{"id":4783,"date":"2025-08-08T11:40:49","date_gmt":"2025-08-08T09:40:49","guid":{"rendered":"https:\/\/catholicus.eu\/fr\/?p=4783"},"modified":"2025-08-08T11:40:50","modified_gmt":"2025-08-08T09:40:50","slug":"saint-dominique-de-guzman-le-predicateur-de-la-verite-qui-vainquit-lheresie-avec-le-rosaire","status":"publish","type":"post","link":"https:\/\/catholicus.eu\/fr\/saint-dominique-de-guzman-le-predicateur-de-la-verite-qui-vainquit-lheresie-avec-le-rosaire\/","title":{"rendered":"Saint Dominique de Guzm\u00e1n : Le pr\u00e9dicateur de la V\u00e9rit\u00e9 qui vainquit l\u2019h\u00e9r\u00e9sie avec le Rosaire"},"content":{"rendered":"\n<p><em>\u00ab Malheur \u00e0 moi si je n\u2019annonce pas l\u2019\u00c9vangile \u00bb (1 Co 9,16)<\/em><\/p>\n\n\n\n<hr class=\"wp-block-separator has-alpha-channel-opacity\"\/>\n\n\n\n<h3 class=\"wp-block-heading\"><strong>Introduction : Pourquoi Saint Dominique aujourd\u2019hui ?<\/strong><\/h3>\n\n\n\n<p>Dans un monde satur\u00e9 de bruit, de relativisme et de perte du sens du transcendant, la figure de <strong>Saint Dominique de Guzm\u00e1n<\/strong> resplendit comme un exemple de clart\u00e9, de z\u00e8le apostolique et d\u2019amour inconditionnel pour la V\u00e9rit\u00e9 r\u00e9v\u00e9l\u00e9e par Dieu. En des temps de confusion doctrinale et de menaces h\u00e9r\u00e9tiques \u2013 tout comme aujourd\u2019hui \u2013 Dominique fut suscit\u00e9 par l\u2019Esprit Saint pour pr\u00eacher avec ferveur, fonder avec sagesse et prier avec efficacit\u00e9. Plus que jamais, nous devons tourner nos regards vers ce grand saint : apprendre de sa vie, nous laisser interpeller par son exemple et appliquer son h\u00e9ritage \u00e0 notre \u00e9poque.<\/p>\n\n\n\n<hr class=\"wp-block-separator has-alpha-channel-opacity\"\/>\n\n\n\n<h2 class=\"wp-block-heading\"><strong>I. Biographie de Saint Dominique de Guzm\u00e1n<\/strong><\/h2>\n\n\n\n<h3 class=\"wp-block-heading\"><strong>1.1. Naissance et famille<\/strong><\/h3>\n\n\n\n<p>Dominique de Guzm\u00e1n naquit \u00e0 <strong>Caleruega<\/strong>, dans l\u2019actuelle province de Burgos, <strong>en l\u2019an 1170<\/strong>. Il \u00e9tait le fils de F\u00e9lix de Guzm\u00e1n et de Jeanne d\u2019Aza, une famille noble et profond\u00e9ment chr\u00e9tienne. D\u00e8s sa conception, sa m\u00e8re fit un r\u00eave proph\u00e9tique : elle se vit portant un petit chien avec une torche enflamm\u00e9e dans la gueule qui mettait le feu au monde entier. Cette vision fut comprise plus tard : Dominique serait un <strong>flambeau de lumi\u00e8re<\/strong> dans un monde plong\u00e9 dans les t\u00e9n\u00e8bres.<\/p>\n\n\n\n<h3 class=\"wp-block-heading\"><strong>1.2. Jeunesse et formation<\/strong><\/h3>\n\n\n\n<p>Il \u00e9tudia \u00e0 Palencia, l\u2019une des principales universit\u00e9s de Castille \u00e0 l\u2019\u00e9poque. Il y re\u00e7ut une formation en <strong>arts lib\u00e9raux et en th\u00e9ologie<\/strong>. Il se distingua non seulement par son intelligence, mais surtout par son aust\u00e9rit\u00e9 et sa charit\u00e9 : il vendit ses livres \u2014 tr\u00e8s co\u00fbteux \u00e0 l\u2019\u00e9poque \u2014 pour aider les pauvres durant une grande famine. Cette g\u00e9n\u00e9rosit\u00e9 fut la graine de son futur don total au service de la pr\u00e9dication.<\/p>\n\n\n\n<h3 class=\"wp-block-heading\"><strong>1.3. La naissance du pr\u00e9dicateur<\/strong><\/h3>\n\n\n\n<p>Ordonn\u00e9 pr\u00eatre et membre du chapitre cath\u00e9dral d\u2019Osma, il accompagna l\u2019\u00e9v\u00eaque Diego dans une mission diplomatique \u00e0 travers l\u2019Europe. Mais c\u2019est dans le sud de la France que Dominique d\u00e9couvrit son v\u00e9ritable champ de mission : <strong>l\u2019h\u00e9r\u00e9sie cathare<\/strong>, une doctrine gnostique dangereuse qui niait les sacrements, l\u2019Incarnation du Christ, et pr\u00f4nait un dualisme radical. De nombreux catholiques \u00e9taient s\u00e9duits par la fausse pi\u00e9t\u00e9 des cathares, et l\u2019\u00c9glise souffrait d\u2019une crise profonde de cr\u00e9dibilit\u00e9.<\/p>\n\n\n\n<p>Dominique comprit que <strong>la r\u00e9ponse n\u2019\u00e9tait pas la force, mais la v\u00e9rit\u00e9 pr\u00each\u00e9e avec humilit\u00e9, une vie aust\u00e8re et une pri\u00e8re pers\u00e9v\u00e9rante<\/strong>.<\/p>\n\n\n\n<hr class=\"wp-block-separator has-alpha-channel-opacity\"\/>\n\n\n\n<h2 class=\"wp-block-heading\"><strong>II. La fondation de l\u2019Ordre des Pr\u00eacheurs<\/strong><\/h2>\n\n\n\n<p>En <strong>1216<\/strong>, Dominique obtint l\u2019approbation pontificale pour fonder <strong>l\u2019Ordre des Pr\u00eacheurs (O.P.)<\/strong>, aujourd\u2019hui connu sous le nom de <strong>Dominicains<\/strong>. Leur devise : <em>\u00ab Veritas \u00bb<\/em> (la V\u00e9rit\u00e9).<\/p>\n\n\n\n<p>Contrairement \u00e0 d\u2019autres ordres monastiques, les Dominicains ne furent pas fond\u00e9s pour l\u2019isolement mais pour la mission. Ce sont des clercs bien form\u00e9s, passionn\u00e9s de doctrine et anim\u00e9s d\u2019un profond d\u00e9sir de sauver les \u00e2mes. Ils voyageaient \u00e0 pied, vivaient en communaut\u00e9, \u00e9tudiaient intens\u00e9ment et pr\u00eachaient avec ferveur.<\/p>\n\n\n\n<p>Le <strong>charisme dominicain<\/strong> se r\u00e9sume ainsi :<\/p>\n\n\n\n<ul class=\"wp-block-list\">\n<li><strong>Contemplata aliis tradere<\/strong> : \u201cTransmettre aux autres ce qui a \u00e9t\u00e9 contempl\u00e9\u201d.<\/li>\n\n\n\n<li><strong>Pri\u00e8re, \u00e9tude, vie communautaire et pr\u00e9dication<\/strong> comme piliers de leur vie.<\/li>\n\n\n\n<li>Une d\u00e9votion ardente \u00e0 <strong>la Vierge Marie<\/strong>, notamment par <strong>le Saint Rosaire<\/strong>.<\/li>\n<\/ul>\n\n\n\n<hr class=\"wp-block-separator has-alpha-channel-opacity\"\/>\n\n\n\n<h2 class=\"wp-block-heading\"><strong>III. Saint Dominique et le Rosaire<\/strong><\/h2>\n\n\n\n<p>L\u2019une des plus belles traditions de l\u2019\u00c9glise raconte que <strong>la Tr\u00e8s Sainte Vierge Marie donna le Rosaire \u00e0 Saint Dominique<\/strong> comme une arme spirituelle contre l\u2019h\u00e9r\u00e9sie.<\/p>\n\n\n\n<p>Le Rosaire n\u2019est pas seulement une d\u00e9votion populaire. C\u2019est un v\u00e9ritable <strong>compendium de l\u2019\u00c9vangile<\/strong>, une mani\u00e8re simple et profonde de contempler la vie du Christ avec les yeux et le c\u0153ur de Marie. Saint Dominique comprit que pour convertir les h\u00e9r\u00e9tiques, il ne suffisait pas de raisonner intellectuellement : il fallait <strong>attaquer la racine spirituelle de l\u2019erreur<\/strong>, par la pri\u00e8re et la m\u00e9ditation des myst\u00e8res de la R\u00e9demption.<\/p>\n\n\n\n<p>Cet outil spirituel puissant se r\u00e9pandit gr\u00e2ce \u00e0 sa pr\u00e9dication, et depuis lors, <strong>le Rosaire a sauv\u00e9 des \u00e2mes, renvers\u00e9 des erreurs et prot\u00e9g\u00e9 l\u2019\u00c9glise dans ses heures les plus sombres<\/strong>.<\/p>\n\n\n\n<hr class=\"wp-block-separator has-alpha-channel-opacity\"\/>\n\n\n\n<h2 class=\"wp-block-heading\"><strong>IV. Enseignements spirituels et th\u00e9ologiques de Saint Dominique<\/strong><\/h2>\n\n\n\n<h3 class=\"wp-block-heading\"><strong>4.1. Le z\u00e8le pour la V\u00e9rit\u00e9<\/strong><\/h3>\n\n\n\n<p>Dominique v\u00e9cut avec radicalit\u00e9 l\u2019appel de saint Paul : <em>\u00ab Proclame la parole, insiste \u00e0 temps et \u00e0 contretemps, convaincs, reprends, exhorte avec toute patience et souci d\u2019instruction \u00bb<\/em> (2 Tm 4,2). En des temps o\u00f9 la v\u00e9rit\u00e9 est relativis\u00e9e ou dilu\u00e9e, Saint Dominique nous rappelle que <strong>le Christ est la V\u00e9rit\u00e9<\/strong> (cf. Jn 14,6), et que <strong>la charit\u00e9 sans v\u00e9rit\u00e9 est du sentimentalisme, tandis que la v\u00e9rit\u00e9 sans charit\u00e9 est duret\u00e9<\/strong>.<\/p>\n\n\n\n<h3 class=\"wp-block-heading\"><strong>4.2. La pauvret\u00e9 et la pri\u00e8re comme moyens d\u2019\u00e9vang\u00e9lisation<\/strong><\/h3>\n\n\n\n<p>Il pr\u00eachait pieds nus, dormait \u00e0 m\u00eame le sol, je\u00fbnait constamment et passait des nuits enti\u00e8res en pri\u00e8re. Ce n\u2019\u00e9tait pas un activiste, mais un contemplatif en action. Il savait que <strong>la conversion ne se fait pas seulement par les paroles, mais par le t\u00e9moignage de vie et le sacrifice<\/strong>. On dit m\u00eame qu\u2019il ne parlait jamais \u00e0 quelqu\u2019un avant d\u2019avoir parl\u00e9 de lui \u00e0 Dieu.<\/p>\n\n\n\n<h3 class=\"wp-block-heading\"><strong>4.3. Amour de l\u2019\u00c9glise et ob\u00e9issance au Pape<\/strong><\/h3>\n\n\n\n<p>Dominique avait un profond sens eccl\u00e9sial. Il n\u2019agissait jamais de son propre chef, et toutes ses missions \u00e9taient soumises au Si\u00e8ge apostolique. \u00c0 une \u00e9poque de tensions internes et d\u2019abus, Saint Dominique fut un exemple de <strong>communion, de fid\u00e9lit\u00e9 et de r\u00e9forme int\u00e9rieure<\/strong>.<\/p>\n\n\n\n<hr class=\"wp-block-separator has-alpha-channel-opacity\"\/>\n\n\n\n<h2 class=\"wp-block-heading\"><strong>V. Curiosit\u00e9s et anecdotes<\/strong><\/h2>\n\n\n\n<ul class=\"wp-block-list\">\n<li><strong>Il ne fut jamais \u00e9v\u00eaque<\/strong>, bien qu\u2019on lui proposa plusieurs grands dioc\u00e8ses. Il refusa tous les honneurs pour se consacrer \u00e0 la pr\u00e9dication.<\/li>\n\n\n\n<li><strong>Il ne laissa que neuf mani\u00e8res de prier<\/strong>, gestes corporels riches de symbolisme : de la g\u00e9nuflexion \u00e0 la prosternation totale.<\/li>\n\n\n\n<li><strong>Il mourut le 6 ao\u00fbt 1221<\/strong> \u00e0 Bologne, entour\u00e9 de ses fr\u00e8res, leur demandant de s\u2019aimer et de vivre dans l\u2019humilit\u00e9.<\/li>\n\n\n\n<li>Sa canonisation fut rapide : en <strong>1234<\/strong>, par le pape Gr\u00e9goire IX, qui le connaissait personnellement et le consid\u00e9rait comme un \u201cv\u00e9ritable athl\u00e8te du Christ\u201d.<\/li>\n<\/ul>\n\n\n\n<hr class=\"wp-block-separator has-alpha-channel-opacity\"\/>\n\n\n\n<h2 class=\"wp-block-heading\"><strong>VI. Applications pratiques pour aujourd\u2019hui<\/strong><\/h2>\n\n\n\n<h3 class=\"wp-block-heading\"><strong>6.1. Pour les la\u00efcs<\/strong><\/h3>\n\n\n\n<ul class=\"wp-block-list\">\n<li><strong>Formation doctrinale solide<\/strong> : comme Dominique, nous devons conna\u00eetre notre foi pour la d\u00e9fendre et la transmettre.<\/li>\n\n\n\n<li><strong>Pri\u00e8re quotidienne du Rosaire<\/strong> : l\u2019utiliser comme un bouclier contre la confusion, le p\u00e9ch\u00e9 et la tentation.<\/li>\n\n\n\n<li><strong>Vivre dans l\u2019aust\u00e9rit\u00e9 et la joie<\/strong> : renoncer au consum\u00e9risme et cultiver la sobri\u00e9t\u00e9 \u00e9vang\u00e9lique.<\/li>\n\n\n\n<li><strong>\u00catre lumi\u00e8re au milieu du monde<\/strong>, pr\u00eacher par l\u2019exemple et par des paroles pleines de v\u00e9rit\u00e9 et de charit\u00e9.<\/li>\n<\/ul>\n\n\n\n<h3 class=\"wp-block-heading\"><strong>6.2. Pour les pr\u00eatres et les religieux<\/strong><\/h3>\n\n\n\n<ul class=\"wp-block-list\">\n<li><strong>Retrouver le z\u00e8le apostolique<\/strong> : ne pas se contenter du minimum, mais br\u00fbler d\u2019amour pour les \u00e2mes.<\/li>\n\n\n\n<li><strong>Red\u00e9couvrir la pr\u00e9dication doctrinale<\/strong> : dans un monde de confusion, le peuple a besoin d\u2019une doctrine claire, non d\u2019un divertissement spirituel.<\/li>\n\n\n\n<li><strong>Vivre la vie communautaire comme \u00e9cole de saintet\u00e9<\/strong>.<\/li>\n\n\n\n<li><strong>Allier \u00e9tude profonde et pri\u00e8re contemplative<\/strong>, comme fondement de toute mission.<\/li>\n<\/ul>\n\n\n\n<hr class=\"wp-block-separator has-alpha-channel-opacity\"\/>\n\n\n\n<h2 class=\"wp-block-heading\"><strong>VII. Guide pastoral et th\u00e9ologique dominicain<\/strong><\/h2>\n\n\n\n<figure class=\"wp-block-table\"><table class=\"has-fixed-layout\"><thead><tr><th>\u00c9l\u00e9ment<\/th><th>Application pastorale<\/th><th>Fondement th\u00e9ologique<\/th><\/tr><\/thead><tbody><tr><td><strong>Pr\u00e9dication<\/strong><\/td><td>Hom\u00e9lies claires, cat\u00e9ch\u00e8se syst\u00e9matique, pr\u00e9sence num\u00e9rique.<\/td><td>Le Christ pr\u00eachait : <em>\u00ab Il m\u2019a envoy\u00e9 proclamer la Bonne Nouvelle \u00bb<\/em> (Lc 4,18).<\/td><\/tr><tr><td><strong>Rosaire<\/strong><\/td><td>Promotion du Rosaire en famille, paroisse, \u00e9cole.<\/td><td>Le Rosaire comme \u00ab psautier de Marie \u00bb, contemplation de l\u2019Incarnation et de la R\u00e9demption.<\/td><\/tr><tr><td><strong>\u00c9tude<\/strong><\/td><td>Formation continue des agents pastoraux.<\/td><td>La foi cherche l\u2019intelligence (<em>fides quaerens intellectum<\/em>) \u2013 Saint Anselme.<\/td><\/tr><tr><td><strong>Pauvret\u00e9<\/strong><\/td><td>Vie simple, aust\u00e8re, proph\u00e9tique.<\/td><td>Le Christ s\u2019est fait pauvre pour nous (cf. 2 Co 8,9).<\/td><\/tr><tr><td><strong>Vie fraternelle<\/strong><\/td><td>Communaut\u00e9s vivantes, accompagnement, correction fraternelle.<\/td><td>\u00ab Voyez comme ils s\u2019aiment \u00bb (cf. Jn 13,35).<\/td><\/tr><tr><td><strong>Pri\u00e8re nocturne<\/strong><\/td><td>Heures saintes, veill\u00e9es, intercession pour le monde.<\/td><td>J\u00e9sus passait la nuit en pri\u00e8re (cf. Lc 6,12).<\/td><\/tr><\/tbody><\/table><\/figure>\n\n\n\n<hr class=\"wp-block-separator has-alpha-channel-opacity\"\/>\n\n\n\n<h2 class=\"wp-block-heading\"><strong>VIII. Conclusion : Saint Dominique et nous<\/strong><\/h2>\n\n\n\n<p>Saint Dominique de Guzm\u00e1n n\u2019est pas un homme du pass\u00e9, mais un proph\u00e8te pour notre temps. Dans une \u00c9glise qui a besoin de purification, de clart\u00e9 et de z\u00e8le apostolique, sa figure nous rappelle que <strong>la V\u00e9rit\u00e9 n\u2019a pas besoin d\u2019ornements, mais de t\u00e9moins<\/strong>. Que l\u2019h\u00e9r\u00e9sie ne se combat pas par la haine, mais par la pri\u00e8re, l\u2019\u00e9tude et une charit\u00e9 ardente. Que le Rosaire n\u2019est pas une tradition vieillie, mais une arme invincible.<\/p>\n\n\n\n<p>Retrouver l\u2019esprit dominicain n\u2019est pas un luxe, c\u2019est une n\u00e9cessit\u00e9. Et comme lui, redisons avec un c\u0153ur enflamm\u00e9 : <em>\u00ab Seigneur, que deviendront les p\u00e9cheurs ? \u00bb<\/em><\/p>\n\n\n\n<hr class=\"wp-block-separator has-alpha-channel-opacity\"\/>\n\n\n\n<p><strong>Saint Dominique de Guzm\u00e1n, pr\u00e9dicateur de la V\u00e9rit\u00e9, prie pour nous.<\/strong><br><strong>Fais de nous des t\u00e9moins de la foi, des d\u00e9fenseurs de la doctrine, des ap\u00f4tres du Rosaire et des amis du Christ.<\/strong><\/p>\n","protected":false},"excerpt":{"rendered":"<p>\u00ab Malheur \u00e0 moi si je n\u2019annonce pas l\u2019\u00c9vangile \u00bb (1 Co 9,16) Introduction : Pourquoi Saint Dominique aujourd\u2019hui ? Dans un monde satur\u00e9 de bruit, de relativisme et de perte du sens du transcendant, la figure de Saint Dominique de Guzm\u00e1n resplendit comme un exemple de clart\u00e9, de z\u00e8le apostolique et d\u2019amour inconditionnel pour &hellip;<\/p>\n","protected":false},"author":3,"featured_media":4784,"comment_status":"open","ping_status":"open","sticky":false,"template":"","format":"standard","meta":{"_seopress_robots_primary_cat":"","_seopress_titles_title":"","_seopress_titles_desc":"","_seopress_robots_index":"","footnotes":""},"categories":[40,61],"tags":[1601],"class_list":["post-4783","post","type-post","status-publish","format-standard","has-post-thumbnail","","category-priere-et-spiritualite","category-saints-et-calendrier-liturgique","tag-saint-dominique-de-guzman"],"_links":{"self":[{"href":"https:\/\/catholicus.eu\/fr\/wp-json\/wp\/v2\/posts\/4783","targetHints":{"allow":["GET"]}}],"collection":[{"href":"https:\/\/catholicus.eu\/fr\/wp-json\/wp\/v2\/posts"}],"about":[{"href":"https:\/\/catholicus.eu\/fr\/wp-json\/wp\/v2\/types\/post"}],"author":[{"embeddable":true,"href":"https:\/\/catholicus.eu\/fr\/wp-json\/wp\/v2\/users\/3"}],"replies":[{"embeddable":true,"href":"https:\/\/catholicus.eu\/fr\/wp-json\/wp\/v2\/comments?post=4783"}],"version-history":[{"count":1,"href":"https:\/\/catholicus.eu\/fr\/wp-json\/wp\/v2\/posts\/4783\/revisions"}],"predecessor-version":[{"id":4785,"href":"https:\/\/catholicus.eu\/fr\/wp-json\/wp\/v2\/posts\/4783\/revisions\/4785"}],"wp:featuredmedia":[{"embeddable":true,"href":"https:\/\/catholicus.eu\/fr\/wp-json\/wp\/v2\/media\/4784"}],"wp:attachment":[{"href":"https:\/\/catholicus.eu\/fr\/wp-json\/wp\/v2\/media?parent=4783"}],"wp:term":[{"taxonomy":"category","embeddable":true,"href":"https:\/\/catholicus.eu\/fr\/wp-json\/wp\/v2\/categories?post=4783"},{"taxonomy":"post_tag","embeddable":true,"href":"https:\/\/catholicus.eu\/fr\/wp-json\/wp\/v2\/tags?post=4783"}],"curies":[{"name":"wp","href":"https:\/\/api.w.org\/{rel}","templated":true}]}}