{"id":4777,"date":"2025-08-07T23:58:16","date_gmt":"2025-08-07T21:58:16","guid":{"rendered":"https:\/\/catholicus.eu\/fr\/?p=4777"},"modified":"2025-08-07T23:58:17","modified_gmt":"2025-08-07T21:58:17","slug":"dogme-et-devotion-le-coeur-inebranlable-de-la-foi-catholique-en-temps-de-confusion","status":"publish","type":"post","link":"https:\/\/catholicus.eu\/fr\/dogme-et-devotion-le-coeur-inebranlable-de-la-foi-catholique-en-temps-de-confusion\/","title":{"rendered":"Dogme et D\u00e9votion : Le C\u0153ur In\u00e9branlable de la Foi Catholique en Temps de Confusion"},"content":{"rendered":"\n<h2 class=\"wp-block-heading\"><strong>Introduction : Quand le C\u0153ur Croit et que la Vie Ob\u00e9it<\/strong><\/h2>\n\n\n\n<p>\u00c0 une \u00e9poque marqu\u00e9e par le relativisme, la confusion doctrinale et la perte du sens du transcendant, parler de <strong>dogme<\/strong> peut sembler d\u00e9pass\u00e9, rigide, voire inconfortable. Pourtant, loin d\u2019\u00eatre une camisole de force, le dogme est <strong>la boussole ferme de l\u2019\u00e2me chr\u00e9tienne<\/strong>, l\u2019ancre qui maintient la barque de Pierre stable au milieu des vagues de l\u2019erreur. De m\u00eame, la <strong>d\u00e9votion<\/strong>, souvent mal comprise comme un simple \u00e9lan sentimental ou une pi\u00e9t\u00e9 na\u00efve, est en r\u00e9alit\u00e9 <strong>le pouls vivant du croyant<\/strong>, l\u2019expression concr\u00e8te de l\u2019amour qui na\u00eet de la v\u00e9rit\u00e9.<\/p>\n\n\n\n<p><strong>Le dogme et la d\u00e9votion ne sont pas oppos\u00e9s<\/strong>, ni m\u00eame simplement parall\u00e8les : ce sont deux dimensions profond\u00e9ment unies du m\u00eame myst\u00e8re de la foi. Ce que le dogme enseigne, la d\u00e9votion l\u2019embrasse ; ce que la d\u00e9votion vit, le dogme l\u2019\u00e9claire. Cet article explore <strong>l\u2019histoire, la th\u00e9ologie et la pratique spirituelle<\/strong> de ces deux r\u00e9alit\u00e9s, avec une approche actuelle, accessible et profond\u00e9ment catholique.<\/p>\n\n\n\n<blockquote class=\"wp-block-quote is-layout-flow wp-block-quote-is-layout-flow\">\n<p>\u00ab En effet, c\u2019est avec le c\u0153ur que l\u2019on croit pour parvenir \u00e0 la justice, et c\u2019est avec la bouche que l\u2019on affirme sa foi pour parvenir au salut. \u00bb<br><em>(Romains 10,10)<\/em><\/p>\n<\/blockquote>\n\n\n\n<hr class=\"wp-block-separator has-alpha-channel-opacity\"\/>\n\n\n\n<h2 class=\"wp-block-heading\"><strong>1. Qu\u2019est-ce qu\u2019un Dogme ? Le Pilier de la V\u00e9rit\u00e9 R\u00e9v\u00e9l\u00e9e<\/strong><\/h2>\n\n\n\n<h3 class=\"wp-block-heading\"><strong>1.1 D\u00e9finition th\u00e9ologique<\/strong><\/h3>\n\n\n\n<p>Le <strong>dogme<\/strong> est une v\u00e9rit\u00e9 r\u00e9v\u00e9l\u00e9e par Dieu, d\u00e9finie solennellement par le Magist\u00e8re de l\u2019\u00c9glise, et <strong>propos\u00e9e aux fid\u00e8les comme n\u00e9cessaire au salut<\/strong>. Il ne s\u2019agit donc pas d\u2019opinions ni de th\u00e9ories, mais de v\u00e9rit\u00e9s fondamentales qui structurent la foi catholique. Comme l\u2019affirme le Concile Vatican I (1870) :<\/p>\n\n\n\n<blockquote class=\"wp-block-quote is-layout-flow wp-block-quote-is-layout-flow\">\n<p>\u00ab Les dogmes sont des lumi\u00e8res sur le chemin de notre foi, qui illuminent et assurent notre marche au milieu des t\u00e9n\u00e8bres. \u00bb<\/p>\n<\/blockquote>\n\n\n\n<p>Les dogmes sont comme <strong>les colonnes d\u2019un \u00e9difice spirituel<\/strong> : si l\u2019on en enl\u00e8ve une, toute la structure commence \u00e0 vaciller.<\/p>\n\n\n\n<h3 class=\"wp-block-heading\"><strong>1.2 Histoire du dogme : la foi d\u00e9finie en temps de crise<\/strong><\/h3>\n\n\n\n<p>Les dogmes ne sont pas des inventions humaines, mais <strong>des expressions pr\u00e9cises de la v\u00e9rit\u00e9 r\u00e9v\u00e9l\u00e9e<\/strong>. Ils sont d\u00e9finis lorsqu\u2019une v\u00e9rit\u00e9 essentielle de la foi est menac\u00e9e :<\/p>\n\n\n\n<ul class=\"wp-block-list\">\n<li>Au <strong>Concile de Nic\u00e9e (325)<\/strong>, le dogme de la divinit\u00e9 du Christ fut proclam\u00e9 face \u00e0 l\u2019h\u00e9r\u00e9sie arienne.<\/li>\n\n\n\n<li>\u00c0 <strong>\u00c9ph\u00e8se (431)<\/strong>, Marie fut d\u00e9clar\u00e9e <strong>Theotokos<\/strong>, M\u00e8re de Dieu, pour pr\u00e9server la v\u00e9ritable humanit\u00e9 et divinit\u00e9 du Christ.<\/li>\n\n\n\n<li>Au <strong>Concile Vatican I<\/strong>, fut proclam\u00e9 le <strong>dogme de l\u2019infaillibilit\u00e9 pontificale<\/strong> en mati\u00e8re de foi et de morale.<\/li>\n<\/ul>\n\n\n\n<p>Chaque dogme est, en quelque sorte, <strong>une d\u00e9fense amoureuse de la v\u00e9rit\u00e9 du Christ<\/strong> face \u00e0 l\u2019erreur, afin que ses brebis ne s\u2019\u00e9garent pas.<\/p>\n\n\n\n<hr class=\"wp-block-separator has-alpha-channel-opacity\"\/>\n\n\n\n<h2 class=\"wp-block-heading\"><strong>2. Qu\u2019est-ce que la D\u00e9votion ? L\u2019Amour qui Prie et qui Agit<\/strong><\/h2>\n\n\n\n<h3 class=\"wp-block-heading\"><strong>2.1 Une d\u00e9finition vivante<\/strong><\/h3>\n\n\n\n<p>La <strong>d\u00e9votion<\/strong> est l\u2019acte par lequel la volont\u00e9 humaine, mue par l\u2019amour de Dieu, se donne avec ferveur, constance et humilit\u00e9 au service de la foi. Elle est <strong>la r\u00e9ponse amoureuse de l\u2019\u00e2me aux v\u00e9rit\u00e9s qu\u2019elle croit<\/strong>.<\/p>\n\n\n\n<p>Saint Fran\u00e7ois de Sales disait :<\/p>\n\n\n\n<blockquote class=\"wp-block-quote is-layout-flow wp-block-quote-is-layout-flow\">\n<p>\u00ab La d\u00e9votion n\u2019est rien d\u2019autre qu\u2019un v\u00e9ritable amour de Dieu mis en acte. \u00bb<\/p>\n<\/blockquote>\n\n\n\n<h3 class=\"wp-block-heading\"><strong>2.2 Formes de d\u00e9votion dans la vie catholique<\/strong><\/h3>\n\n\n\n<p>Les d\u00e9votions se manifestent dans de nombreuses pratiques, toutes orient\u00e9es vers une croissance dans l\u2019amiti\u00e9 avec Dieu :<\/p>\n\n\n\n<ul class=\"wp-block-list\">\n<li>Le <strong>Saint Rosaire<\/strong> : m\u00e9ditation du myst\u00e8re du Christ \u00e0 travers Marie.<\/li>\n\n\n\n<li><strong>L\u2019Adoration eucharistique<\/strong> : \u00eatre en pr\u00e9sence vivante du Seigneur.<\/li>\n\n\n\n<li>La <strong>d\u00e9votion au Sacr\u00e9-C\u0153ur<\/strong> : symbole de l\u2019amour divin.<\/li>\n\n\n\n<li>La <strong>v\u00e9n\u00e9ration des saints<\/strong> : mod\u00e8les de saintet\u00e9 et intercesseurs.<\/li>\n\n\n\n<li>La <strong>d\u00e9votion \u00e0 la Divine Mis\u00e9ricorde<\/strong>, particuli\u00e8rement actuelle en temps de d\u00e9sespoir.<\/li>\n<\/ul>\n\n\n\n<p>Mais attention : <strong>la d\u00e9votion sans dogme devient du sentimentalisme<\/strong>. C\u2019est pourquoi l\u2019\u00c9glise a toujours uni foi et amour, v\u00e9rit\u00e9 et pri\u00e8re, doctrine et vie.<\/p>\n\n\n\n<hr class=\"wp-block-separator has-alpha-channel-opacity\"\/>\n\n\n\n<h2 class=\"wp-block-heading\"><strong>3. Pourquoi sont-ils Importants Aujourd\u2019hui ? Pertinence Th\u00e9ologique et Pastorale<\/strong><\/h2>\n\n\n\n<h3 class=\"wp-block-heading\"><strong>3.1 En temps de confusion : fermet\u00e9 sans fanatisme<\/strong><\/h3>\n\n\n\n<p>Beaucoup aujourd\u2019hui confondent <strong>tol\u00e9rance et indiff\u00e9rence<\/strong>, et pensent que \u00ab tout se vaut tant qu\u2019on est une bonne personne \u00bb. Mais sans la v\u00e9rit\u00e9, <strong>l\u2019amour se d\u00e9soriente<\/strong>.<\/p>\n\n\n\n<p>Les dogmes ne sont pas des impositions arbitraires, mais <strong>des chemins s\u00fbrs vers Dieu<\/strong>, donn\u00e9s par amour. Comme l\u2019a enseign\u00e9 saint Jean-Paul II :<\/p>\n\n\n\n<blockquote class=\"wp-block-quote is-layout-flow wp-block-quote-is-layout-flow\">\n<p>\u00ab S\u00e9parer la foi du dogme, c\u2019est arracher l\u2019\u00e2me de la religion. \u00bb<\/p>\n<\/blockquote>\n\n\n\n<p>Et en m\u00eame temps, vivre uniquement du dogme sans d\u00e9votion <strong>ass\u00e8che l\u2019\u00e2me<\/strong>. Cela devient une foi froide, l\u00e9galiste, qui ne br\u00fble pas de charit\u00e9.<\/p>\n\n\n\n<h3 class=\"wp-block-heading\"><strong>3.2 Dans la vie pratique : vivre ce que l\u2019on croit<\/strong><\/h3>\n\n\n\n<p>Un catholique qui conna\u00eet les dogmes mais ne prie pas est <strong>incomplet<\/strong>. Et celui qui prie beaucoup mais ignore ce que l\u2019\u00c9glise enseigne <strong>court le risque de l\u2019erreur ou de la superstition<\/strong>.<\/p>\n\n\n\n<p><strong>Application pratique pour le lecteur :<\/strong><\/p>\n\n\n\n<ul class=\"wp-block-list\">\n<li>\u00c9tudiez le Cat\u00e9chisme de l\u2019\u00c9glise Catholique : sachez ce que vous croyez.<\/li>\n\n\n\n<li>Priez en m\u00e9ditant les contenus de la foi : que votre d\u00e9votion ne soit pas \u00ab vide \u00bb.<\/li>\n\n\n\n<li>Assistez \u00e0 l\u2019Eucharistie avec conscience doctrinale : vous \u00eates devant le Corps et le Sang du Christ, non devant un symbole.<\/li>\n\n\n\n<li>C\u00e9l\u00e9brez les f\u00eates liturgiques en comprenant leur signification (l\u2019Immacul\u00e9e Conception, par exemple, n\u2019est pas simplement \u00ab une f\u00eate mariale \u00bb, mais la proclamation d\u2019un dogme en 1854).<\/li>\n<\/ul>\n\n\n\n<hr class=\"wp-block-separator has-alpha-channel-opacity\"\/>\n\n\n\n<h2 class=\"wp-block-heading\"><strong>4. Comment Unir Dogme et D\u00e9votion dans la Vie Quotidienne ?<\/strong><\/h2>\n\n\n\n<h3 class=\"wp-block-heading\"><strong>4.1 En famille<\/strong><\/h3>\n\n\n\n<ul class=\"wp-block-list\">\n<li>Enseignez \u00e0 vos enfants les v\u00e9rit\u00e9s du Credo tout en priant le Rosaire.<\/li>\n\n\n\n<li>Placez des images sacr\u00e9es \u00e0 la maison, non comme des d\u00e9corations, mais comme expression d\u2019une foi vivante.<\/li>\n<\/ul>\n\n\n\n<h3 class=\"wp-block-heading\"><strong>4.2 Au travail<\/strong><\/h3>\n\n\n\n<ul class=\"wp-block-list\">\n<li>N\u2019ayez pas peur de professer la v\u00e9rit\u00e9 avec charit\u00e9 lorsque des sujets sensibles surgissent (avortement, mariage, libert\u00e9 religieuse).<\/li>\n\n\n\n<li>Priez bri\u00e8vement avant de commencer votre journ\u00e9e de travail, en offrant votre labeur \u00e0 Dieu.<\/li>\n<\/ul>\n\n\n\n<h3 class=\"wp-block-heading\"><strong>4.3 Dans la communaut\u00e9 paroissiale<\/strong><\/h3>\n\n\n\n<ul class=\"wp-block-list\">\n<li>Participez \u00e0 des groupes de formation doctrinale et de pri\u00e8re.<\/li>\n\n\n\n<li>Vivez les sacrements avec une foi \u00e9clair\u00e9e : la confession, par exemple, se comprend mieux en connaissant le dogme du p\u00e9ch\u00e9 originel et de la gr\u00e2ce sanctifiante.<\/li>\n<\/ul>\n\n\n\n<hr class=\"wp-block-separator has-alpha-channel-opacity\"\/>\n\n\n\n<h2 class=\"wp-block-heading\"><strong>5. Le Chemin des Saints : Le Dogme V\u00e9cu avec D\u00e9votion<\/strong><\/h2>\n\n\n\n<p>Les saints sont <strong>la synth\u00e8se parfaite du dogme et de la d\u00e9votion<\/strong> :<\/p>\n\n\n\n<ul class=\"wp-block-list\">\n<li><strong>Saint Athanase<\/strong>, grand d\u00e9fenseur du dogme trinitaire, a souffert l\u2019exil pour avoir confess\u00e9 la v\u00e9rit\u00e9.<\/li>\n\n\n\n<li><strong>Sainte Th\u00e9r\u00e8se de l\u2019Enfant J\u00e9sus<\/strong>, avec sa d\u00e9votion simple, vivait intens\u00e9ment la doctrine de l\u2019amour mis\u00e9ricordieux.<\/li>\n\n\n\n<li><strong>Saint Padre Pio<\/strong>, fin connaisseur de la foi, passait des heures en confession et en adoration devant le Saint-Sacrement.<\/li>\n<\/ul>\n\n\n\n<p>Les saints ne faisaient pas que savoir ce qu\u2019ils croyaient : <strong>ils le vivaient jusqu\u2019au bout<\/strong>.<\/p>\n\n\n\n<hr class=\"wp-block-separator has-alpha-channel-opacity\"\/>\n\n\n\n<h2 class=\"wp-block-heading\"><strong>Conclusion : Dogme et D\u00e9votion, Deux Ailes pour Voler vers Dieu<\/strong><\/h2>\n\n\n\n<p>Dans un monde o\u00f9 beaucoup souhaitent une foi sans engagement ou une spiritualit\u00e9 sans v\u00e9rit\u00e9, l\u2019\u00c9glise nous rappelle que <strong>le v\u00e9ritable catholicisme est \u00e0 la fois dogmatique et d\u00e9votionnel<\/strong>. L\u2019un sans l\u2019autre ne conduit pas au Christ, mais \u00e0 l\u2019erreur ou au vide.<\/p>\n\n\n\n<blockquote class=\"wp-block-quote is-layout-flow wp-block-quote-is-layout-flow\">\n<p>\u00ab Dieu est esprit, et ceux qui l\u2019adorent doivent l\u2019adorer en esprit et en v\u00e9rit\u00e9. \u00bb<br><em>(Jean 4,24)<\/em><\/p>\n<\/blockquote>\n\n\n\n<p>Le dogme est <strong>la v\u00e9rit\u00e9 qui sauve<\/strong>, la d\u00e9votion est <strong>l\u2019amour qui r\u00e9pond<\/strong>. N\u2019ayons pas peur de plonger dans l\u2019un comme dans l\u2019autre, de les enseigner \u00e0 nos enfants, de les vivre avec coh\u00e9rence. Aujourd\u2019hui plus que jamais, l\u2019\u00c9glise a besoin de fid\u00e8les qui <strong>croient avec fermet\u00e9 et aiment avec ferveur<\/strong>.<\/p>\n\n\n\n<hr class=\"wp-block-separator has-alpha-channel-opacity\"\/>\n\n\n\n<h2 class=\"wp-block-heading\"><strong>Guide Spirituel Final : Comment Commencer D\u00e8s Aujourd\u2019hui<\/strong><\/h2>\n\n\n\n<ul class=\"wp-block-list\">\n<li><strong>Priez le Credo chaque jour<\/strong>, lentement, en m\u00e9ditant chaque phrase.<\/li>\n\n\n\n<li><strong>Lisez le Cat\u00e9chisme<\/strong> : commencez par les 50 premiers points sur la foi.<\/li>\n\n\n\n<li><strong>Choisissez une d\u00e9votion concr\u00e8te<\/strong> (Rosaire, Eucharistie, une neuvaine) et pratiquez-la avec pers\u00e9v\u00e9rance.<\/li>\n\n\n\n<li><strong>Vivez les dogmes par des actions concr\u00e8tes<\/strong> : l\u2019Incarnation vous appelle \u00e0 respecter toute vie humaine ; la R\u00e9surrection vous invite \u00e0 vivre avec esp\u00e9rance.<\/li>\n\n\n\n<li><strong>Souvenez-vous toujours que croire, c\u2019est aussi aimer.<\/strong> Ne vous contentez pas d\u2019une foi \u00ab light \u00bb : embrassez la totalit\u00e9 du tr\u00e9sor de l\u2019\u00c9glise.<\/li>\n<\/ul>\n\n\n\n<hr class=\"wp-block-separator has-alpha-channel-opacity\"\/>\n\n\n\n<p>Vous souhaitez fortifier votre vie spirituelle et mieux comprendre ce que vous croyez ?<br><strong>Alors ne s\u00e9parez plus le dogme de la d\u00e9votion : unissez-les, vivez-les, et vous serez v\u00e9ritablement libres.<\/strong><\/p>\n","protected":false},"excerpt":{"rendered":"<p>Introduction : Quand le C\u0153ur Croit et que la Vie Ob\u00e9it \u00c0 une \u00e9poque marqu\u00e9e par le relativisme, la confusion doctrinale et la perte du sens du transcendant, parler de dogme peut sembler d\u00e9pass\u00e9, rigide, voire inconfortable. Pourtant, loin d\u2019\u00eatre une camisole de force, le dogme est la boussole ferme de l\u2019\u00e2me chr\u00e9tienne, l\u2019ancre qui &hellip;<\/p>\n","protected":false},"author":3,"featured_media":4778,"comment_status":"open","ping_status":"open","sticky":false,"template":"","format":"standard","meta":{"_seopress_robots_primary_cat":"","_seopress_titles_title":"","_seopress_titles_desc":"","_seopress_robots_index":"","footnotes":""},"categories":[43,37],"tags":[168,1600],"class_list":["post-4777","post","type-post","status-publish","format-standard","has-post-thumbnail","","category-catechisme-de-leglise-catholique","category-doctrine-et-foi","tag-devotion","tag-dogme"],"_links":{"self":[{"href":"https:\/\/catholicus.eu\/fr\/wp-json\/wp\/v2\/posts\/4777","targetHints":{"allow":["GET"]}}],"collection":[{"href":"https:\/\/catholicus.eu\/fr\/wp-json\/wp\/v2\/posts"}],"about":[{"href":"https:\/\/catholicus.eu\/fr\/wp-json\/wp\/v2\/types\/post"}],"author":[{"embeddable":true,"href":"https:\/\/catholicus.eu\/fr\/wp-json\/wp\/v2\/users\/3"}],"replies":[{"embeddable":true,"href":"https:\/\/catholicus.eu\/fr\/wp-json\/wp\/v2\/comments?post=4777"}],"version-history":[{"count":1,"href":"https:\/\/catholicus.eu\/fr\/wp-json\/wp\/v2\/posts\/4777\/revisions"}],"predecessor-version":[{"id":4779,"href":"https:\/\/catholicus.eu\/fr\/wp-json\/wp\/v2\/posts\/4777\/revisions\/4779"}],"wp:featuredmedia":[{"embeddable":true,"href":"https:\/\/catholicus.eu\/fr\/wp-json\/wp\/v2\/media\/4778"}],"wp:attachment":[{"href":"https:\/\/catholicus.eu\/fr\/wp-json\/wp\/v2\/media?parent=4777"}],"wp:term":[{"taxonomy":"category","embeddable":true,"href":"https:\/\/catholicus.eu\/fr\/wp-json\/wp\/v2\/categories?post=4777"},{"taxonomy":"post_tag","embeddable":true,"href":"https:\/\/catholicus.eu\/fr\/wp-json\/wp\/v2\/tags?post=4777"}],"curies":[{"name":"wp","href":"https:\/\/api.w.org\/{rel}","templated":true}]}}