{"id":4774,"date":"2025-08-07T23:10:06","date_gmt":"2025-08-07T21:10:06","guid":{"rendered":"https:\/\/catholicus.eu\/fr\/?p=4774"},"modified":"2025-08-07T23:10:07","modified_gmt":"2025-08-07T21:10:07","slug":"les-demeures-de-lame-reflexions-sur-sainte-therese-davila","status":"publish","type":"post","link":"https:\/\/catholicus.eu\/fr\/les-demeures-de-lame-reflexions-sur-sainte-therese-davila\/","title":{"rendered":"\u00ab Les Demeures de l\u2019\u00c2me \u00bb \u2013 R\u00e9flexions sur Sainte Th\u00e9r\u00e8se d\u2019Avila"},"content":{"rendered":"\n<p><em>Un voyage spirituel au centre de l\u2019\u00e2me, de la lumi\u00e8re du mysticisme carm\u00e9litain \u00e0 la vie quotidienne du croyant d\u2019aujourd\u2019hui<\/em><\/p>\n\n\n\n<hr class=\"wp-block-separator has-alpha-channel-opacity\"\/>\n\n\n\n<h3 class=\"wp-block-heading\">Introduction : La grandeur cach\u00e9e de l\u2019\u00e2me<\/h3>\n\n\n\n<p>Au c\u0153ur de la spiritualit\u00e9 catholique brille un joyau d\u2019une profondeur et d\u2019une beaut\u00e9 incomparables : <em>Les Demeures de l\u2019\u00c2me<\/em>, \u00e9galement connue sous le nom de <em>Ch\u00e2teau Int\u00e9rieur<\/em>, \u00e9crite par sainte Th\u00e9r\u00e8se de J\u00e9sus, mystique, r\u00e9formatrice et docteur de l\u2019\u00c9glise. Cette \u0153uvre n\u2019est pas seulement un trait\u00e9 de spiritualit\u00e9 ; c\u2019est une carte de l\u2019\u00e2me chr\u00e9tienne en p\u00e8lerinage vers l\u2019union avec Dieu. Et bien qu\u2019elle ait \u00e9t\u00e9 \u00e9crite au XVIe si\u00e8cle, elle r\u00e9sonne avec une actualit\u00e9 surprenante, nous invitant \u00e0 une vie int\u00e9rieure plus profonde, sereine et centr\u00e9e sur Dieu au milieu du tumulte du monde moderne.<\/p>\n\n\n\n<p>Aujourd\u2019hui plus que jamais, alors que la soci\u00e9t\u00e9 nous pousse vers l\u2019ext\u00e9rieur, vers l\u2019imm\u00e9diat et le superficiel, sainte Th\u00e9r\u00e8se nous appelle \u00e0 regarder \u00e0 l\u2019int\u00e9rieur, \u00e0 d\u00e9couvrir le ch\u00e2teau que nous sommes, l\u00e0 o\u00f9 Dieu habite. Car, comme elle le dit au d\u00e9but de son \u0153uvre :<\/p>\n\n\n\n<blockquote class=\"wp-block-quote is-layout-flow wp-block-quote-is-layout-flow\">\n<p>\u00ab Consid\u00e9rons que notre \u00e2me est comme un ch\u00e2teau fait tout entier d\u2019un diamant ou d\u2019un cristal tr\u00e8s clair&#8230; dans lequel il y a beaucoup de demeures, tout comme il y a beaucoup de demeures dans le ciel. \u00bb<\/p>\n<\/blockquote>\n\n\n\n<hr class=\"wp-block-separator has-alpha-channel-opacity\"\/>\n\n\n\n<h3 class=\"wp-block-heading\">I. Contexte historique et spirituel de sainte Th\u00e9r\u00e8se<\/h3>\n\n\n\n<p>Sainte Th\u00e9r\u00e8se est n\u00e9e \u00e0 \u00c1vila en 1515, \u00e0 une \u00e9poque de profondes r\u00e9formes religieuses, tant \u00e0 l\u2019int\u00e9rieur qu\u2019\u00e0 l\u2019ext\u00e9rieur de l\u2019\u00c9glise. Le protestantisme se r\u00e9pandait en Europe, et en r\u00e9ponse, le catholicisme vivait un processus profond de renouvellement int\u00e9rieur. C\u2019est dans ce contexte que la figure de Th\u00e9r\u00e8se de J\u00e9sus s\u2019impose avec force, non par la confrontation ext\u00e9rieure, mais par la r\u00e9forme int\u00e9rieure. Par sa vie et ses \u00e9crits, elle nous rappelle que la v\u00e9ritable r\u00e9forme commence dans l\u2019\u00e2me.<\/p>\n\n\n\n<p>Th\u00e9r\u00e8se entra au Carmel en 1535, mais c\u2019est dans ses ann\u00e9es de maturit\u00e9 spirituelle qu\u2019elle fit l\u2019exp\u00e9rience d\u2019une s\u00e9rie de visions, d\u2019extases et d\u2019une vie de pri\u00e8re intense. Consciente que beaucoup manquaient de guide dans les chemins de l\u2019esprit, elle \u00e9crivit <em>Les Demeures<\/em> en 1577, par ob\u00e9issance, pour orienter ses s\u0153urs carm\u00e9lites\u2026 et, par providence, pour nous aussi.<\/p>\n\n\n\n<hr class=\"wp-block-separator has-alpha-channel-opacity\"\/>\n\n\n\n<h3 class=\"wp-block-heading\">II. Le Ch\u00e2teau Int\u00e9rieur : structure de l\u2019\u0153uvre<\/h3>\n\n\n\n<p>L\u2019\u0153uvre d\u00e9crit l\u2019\u00e2me comme un ch\u00e2teau compos\u00e9 de <strong>sept demeures<\/strong>, chacune plus profonde, plus lumineuse et plus proche de Dieu. Le cheminement spirituel consiste \u00e0 passer des premi\u00e8res demeures \u2014 o\u00f9 l\u2019\u00e2me commence tout juste sa conversion \u2014 jusqu\u2019aux derni\u00e8res, o\u00f9 se produit l\u2019union mystique avec Dieu.<\/p>\n\n\n\n<p>Ce processus n\u2019est ni lin\u00e9aire ni automatique. C\u2019est un p\u00e8lerinage qui demande gr\u00e2ce, effort, humilit\u00e9 et pers\u00e9v\u00e9rance. Chaque demeure repr\u00e9sente un degr\u00e9 d\u2019intimit\u00e9 avec Dieu et une \u00e9tape dans la croissance spirituelle.<\/p>\n\n\n\n<p>Examinons maintenant chacune de ces \u00e9tapes avec une attention th\u00e9ologique et une application pastorale.<\/p>\n\n\n\n<hr class=\"wp-block-separator has-alpha-channel-opacity\"\/>\n\n\n\n<h3 class=\"wp-block-heading\">III. Les sept demeures : un itin\u00e9raire de l\u2019\u00e2me vers Dieu<\/h3>\n\n\n\n<h4 class=\"wp-block-heading\">1. <strong>Premi\u00e8res Demeures : l\u2019\u00e9veil spirituel<\/strong><\/h4>\n\n\n\n<p>Ici vit l\u2019\u00e2me encore distraite par le monde, bien qu\u2019elle ait d\u00e9j\u00e0 re\u00e7u la gr\u00e2ce du d\u00e9sir de Dieu. C\u2019est l\u2019\u00e9tape du <strong>commencement de la conversion<\/strong>, o\u00f9 l\u2019on commence \u00e0 prier, \u00e0 lutter contre le p\u00e9ch\u00e9 et \u00e0 s\u2019ouvrir \u00e0 l\u2019action de la gr\u00e2ce.<\/p>\n\n\n\n<blockquote class=\"wp-block-quote is-layout-flow wp-block-quote-is-layout-flow\">\n<p><em>Application pastorale :<\/em> Beaucoup de fid\u00e8les vivent ici, dans la lutte constante entre le monde et Dieu. Il est crucial de favoriser la pri\u00e8re, les sacrements et la direction spirituelle. Cette \u00e9tape demande du courage pour abandonner l\u2019ancien et marcher vers la lumi\u00e8re.<\/p>\n<\/blockquote>\n\n\n\n<blockquote class=\"wp-block-quote is-layout-flow wp-block-quote-is-layout-flow\">\n<p><em>Citation biblique :<\/em><br>\u00ab R\u00e9veille-toi, toi qui dors, rel\u00e8ve-toi d\u2019entre les morts, et le Christ t\u2019illuminera \u00bb (\u00c9ph\u00e9siens 5,14).<\/p>\n<\/blockquote>\n\n\n\n<hr class=\"wp-block-separator has-alpha-channel-opacity\"\/>\n\n\n\n<h4 class=\"wp-block-heading\">2. <strong>Deuxi\u00e8mes Demeures : le combat int\u00e9rieur<\/strong><\/h4>\n\n\n\n<p>L\u2019\u00e2me commence \u00e0 entendre la voix de Dieu plus clairement, mais reste fortement influenc\u00e9e par le p\u00e9ch\u00e9, les tentations et les distractions. C\u2019est l\u2019\u00e9tape du <strong>combat spirituel<\/strong>. L\u2019\u00e2me d\u00e9sire d\u00e9j\u00e0 \u00eatre fid\u00e8le, mais la lutte int\u00e9rieure est intense.<\/p>\n\n\n\n<blockquote class=\"wp-block-quote is-layout-flow wp-block-quote-is-layout-flow\">\n<p><em>Application pastorale :<\/em> Beaucoup abandonnent \u00e0 ce stade. Il est essentiel d\u2019enseigner que la croissance spirituelle implique la lutte, la purification, voire la d\u00e9solation. La pers\u00e9v\u00e9rance est la cl\u00e9.<\/p>\n<\/blockquote>\n\n\n\n<hr class=\"wp-block-separator has-alpha-channel-opacity\"\/>\n\n\n\n<h4 class=\"wp-block-heading\">3. <strong>Troisi\u00e8mes Demeures : la vie vertueuse<\/strong><\/h4>\n\n\n\n<p>L\u2019\u00e2me a atteint un certain ordre. Elle vit dans la gr\u00e2ce, fr\u00e9quente les sacrements, a d\u00e9velopp\u00e9 les vertus. Cependant, Th\u00e9r\u00e8se avertit du <strong>danger de l\u2019orgueil spirituel<\/strong>, de se croire d\u00e9j\u00e0 \u201cparfait\u201d.<\/p>\n\n\n\n<blockquote class=\"wp-block-quote is-layout-flow wp-block-quote-is-layout-flow\">\n<p><em>Application pastorale :<\/em> Cette \u00e9tape peut engendrer confort et stagnation. Il faut encourager l\u2019humilit\u00e9 et la conscience qu\u2019il reste encore beaucoup \u00e0 parcourir. Il ne suffit pas de \u201cbien se comporter\u201d ; il faut continuer \u00e0 chercher Dieu avec ardeur.<\/p>\n<\/blockquote>\n\n\n\n<hr class=\"wp-block-separator has-alpha-channel-opacity\"\/>\n\n\n\n<h4 class=\"wp-block-heading\">4. <strong>Quatri\u00e8mes Demeures : pri\u00e8re de recueillement<\/strong><\/h4>\n\n\n\n<p>C\u2019est ici que commence la <strong>vie mystique proprement dite<\/strong>. Dieu prend l\u2019initiative, offrant des pri\u00e8res de qui\u00e9tude, de recueillement et de douceur spirituelle. C\u2019est l\u2019\u00e9tape o\u00f9 l\u2019\u00e2me se laisse aimer par Dieu.<\/p>\n\n\n\n<blockquote class=\"wp-block-quote is-layout-flow wp-block-quote-is-layout-flow\">\n<p><em>Th\u00e9ologie :<\/em> On entre dans ce que la tradition appelle la <em>pri\u00e8re infuse<\/em> : il ne s\u2019agit plus de \u201cfaire des choses\u201d pour Dieu, mais d\u2019\u00eatre avec Lui, de Le recevoir, de s\u2019ouvrir \u00e0 l\u2019Esprit.<\/p>\n<\/blockquote>\n\n\n\n<blockquote class=\"wp-block-quote is-layout-flow wp-block-quote-is-layout-flow\">\n<p><em>Application pastorale :<\/em> Beaucoup de fid\u00e8les ignorent cette dimension et r\u00e9duisent la pri\u00e8re \u00e0 des mots. Il est urgent aujourd\u2019hui d\u2019enseigner le silence int\u00e9rieur, l\u2019\u00e9coute et la contemplation.<\/p>\n<\/blockquote>\n\n\n\n<hr class=\"wp-block-separator has-alpha-channel-opacity\"\/>\n\n\n\n<h4 class=\"wp-block-heading\">5. <strong>Cinqui\u00e8mes Demeures : l\u2019union spirituelle<\/strong><\/h4>\n\n\n\n<p>L\u2019\u00e2me exp\u00e9rimente une <strong>union plus profonde avec Dieu<\/strong>, bien qu\u2019encore non permanente. Th\u00e9r\u00e8se parle de l\u2019\u00e2me comme d\u2019une chenille qui devient papillon : une image magnifique de la transformation int\u00e9rieure par la gr\u00e2ce.<\/p>\n\n\n\n<blockquote class=\"wp-block-quote is-layout-flow wp-block-quote-is-layout-flow\">\n<p><em>Th\u00e9ologie :<\/em> Cette \u00e9tape se caract\u00e9rise par une conscience plus claire de la pr\u00e9sence de Dieu, mais aussi par une offrande plus radicale.<\/p>\n<\/blockquote>\n\n\n\n<blockquote class=\"wp-block-quote is-layout-flow wp-block-quote-is-layout-flow\">\n<p><em>Application pastorale :<\/em> Ici na\u00eet un appel \u00e0 la mission : l\u2019\u00e2me unie \u00e0 Dieu ne peut que aimer, servir, se donner. Cette \u00e9tape pr\u00e9pare de grands fruits apostoliques.<\/p>\n<\/blockquote>\n\n\n\n<hr class=\"wp-block-separator has-alpha-channel-opacity\"\/>\n\n\n\n<h4 class=\"wp-block-heading\">6. <strong>Sixi\u00e8mes Demeures : purification et fian\u00e7ailles<\/strong><\/h4>\n\n\n\n<p>Avant l\u2019union d\u00e9finitive, l\u2019\u00e2me est purifi\u00e9e par Dieu \u00e0 travers des \u00e9preuves, des maladies, des obscurit\u00e9s. C\u2019est la <strong>nuit de l\u2019\u00e2me<\/strong>, o\u00f9 tout semble perdu, mais o\u00f9 Dieu est en r\u00e9alit\u00e9 plus proche que jamais.<\/p>\n\n\n\n<blockquote class=\"wp-block-quote is-layout-flow wp-block-quote-is-layout-flow\">\n<p><em>Th\u00e9ologie :<\/em> \u00c0 ce stade a lieu un \u201cfian\u00e7ailles spirituelles\u201d. L\u2019\u00e2me devient l\u2019\u00e9pouse du Christ, non plus seulement sa servante ou son amie.<\/p>\n<\/blockquote>\n\n\n\n<blockquote class=\"wp-block-quote is-layout-flow wp-block-quote-is-layout-flow\">\n<p><em>Application pastorale :<\/em> Cette \u00e9tape peut scandaliser si elle n\u2019est pas comprise. Beaucoup de croyants traversent des crises profondes de foi. Il est important d\u2019enseigner que la souffrance est aussi un chemin de sanctification, si elle est v\u00e9cue avec Dieu.<\/p>\n<\/blockquote>\n\n\n\n<hr class=\"wp-block-separator has-alpha-channel-opacity\"\/>\n\n\n\n<h4 class=\"wp-block-heading\">7. <strong>Septi\u00e8mes Demeures : union transformante<\/strong><\/h4>\n\n\n\n<p>C\u2019est la <strong>demeure de la pl\u00e9nitude<\/strong>, de <strong>l\u2019union d\u00e9finitive avec Dieu<\/strong>, comme une sorte d\u2019anticipation du Ciel. Th\u00e9r\u00e8se parle d\u2019un mariage spirituel, d\u2019une vie en Dieu et pour Dieu. L\u2019\u00e2me ne vit plus pour elle-m\u00eame ; tout en elle est charit\u00e9.<\/p>\n\n\n\n<blockquote class=\"wp-block-quote is-layout-flow wp-block-quote-is-layout-flow\">\n<p><em>Citation biblique :<\/em><br>\u00ab Ce n\u2019est plus moi qui vis, mais le Christ qui vit en moi \u00bb (Galates 2,20).<\/p>\n<\/blockquote>\n\n\n\n<blockquote class=\"wp-block-quote is-layout-flow wp-block-quote-is-layout-flow\">\n<p><em>Application pastorale :<\/em> Bien que peu atteignent ce stade dans cette vie, tous sont appel\u00e9s \u00e0 d\u00e9sirer cette union. C\u2019est un chemin d\u2019amour, non de perfectionnisme. La saintet\u00e9 est accessible si nous sommes fid\u00e8les dans les petites choses.<\/p>\n<\/blockquote>\n\n\n\n<hr class=\"wp-block-separator has-alpha-channel-opacity\"\/>\n\n\n\n<h3 class=\"wp-block-heading\">IV. Actualit\u00e9 des <em>Demeures<\/em><\/h3>\n\n\n\n<p>\u00c0 une \u00e9poque de pr\u00e9cipitation, d\u2019anxi\u00e9t\u00e9, de superficialit\u00e9 et de crise de sens, le message de sainte Th\u00e9r\u00e8se est un rem\u00e8de spirituel. Elle nous rappelle que l\u2019\u00e2me humaine est un myst\u00e8re magnifique, que Dieu habite en son centre, et que toute notre vie est appel\u00e9e \u00e0 aller vers Lui.<\/p>\n\n\n\n<p>Beaucoup aujourd\u2019hui cherchent une spiritualit\u00e9 sans engagement, des techniques sans foi, le calme sans la v\u00e9rit\u00e9. Th\u00e9r\u00e8se nous offre une <strong>spiritualit\u00e9 catholique int\u00e9grale<\/strong>, o\u00f9 la pri\u00e8re n\u2019est pas une fuite mais une transformation ; o\u00f9 la foi n\u2019est pas une th\u00e9orie mais une communion avec le Dieu vivant.<\/p>\n\n\n\n<hr class=\"wp-block-separator has-alpha-channel-opacity\"\/>\n\n\n\n<h3 class=\"wp-block-heading\">V. Applications pratiques pour le lecteur d\u2019aujourd\u2019hui<\/h3>\n\n\n\n<ol class=\"wp-block-list\">\n<li><strong>Red\u00e9couvrir la valeur du silence et de la pri\u00e8re int\u00e9rieure.<\/strong><br>Consacrer chaque jour un temps pour \u201centrer dans le ch\u00e2teau\u201d. Il ne s\u2019agit pas de ressentir des choses, mais d\u2019\u00eatre avec Dieu.<\/li>\n\n\n\n<li><strong>Faire un examen personnel : dans quelle demeure suis-je ?<\/strong><br>Suis-je au d\u00e9but du chemin ? Suis-je arr\u00eat\u00e9 ? Ai-je soif de Dieu ?<\/li>\n\n\n\n<li><strong>Utiliser les sacrements comme moteurs de l\u2019\u00e2me.<\/strong><br>Confession fr\u00e9quente, Eucharistie v\u00e9cue avec foi, adoration eucharistique.<\/li>\n\n\n\n<li><strong>Chercher une direction spirituelle.<\/strong><br>Sainte Th\u00e9r\u00e8se insistait sur la n\u00e9cessit\u00e9 d\u2019un bon accompagnement. On ne marche pas seul.<\/li>\n\n\n\n<li><strong>Vivre chaque \u00e9tape avec humilit\u00e9 et esp\u00e9rance.<\/strong><br>Personne ne passe de la premi\u00e8re \u00e0 la septi\u00e8me demeure en un jour. Mais toute \u00e2me fid\u00e8le, avec la gr\u00e2ce, peut y parvenir.<\/li>\n<\/ol>\n\n\n\n<hr class=\"wp-block-separator has-alpha-channel-opacity\"\/>\n\n\n\n<h3 class=\"wp-block-heading\">Conclusion : Dieu habite en toi<\/h3>\n\n\n\n<p>Sainte Th\u00e9r\u00e8se n\u2019\u00e9crivait pas pour des \u00e9rudits ni pour des privil\u00e9gi\u00e9s. Elle \u00e9crivait pour les \u00e2mes. Et chacun de nous est une \u00e2me aim\u00e9e de Dieu. Son message est clair : <strong>Dieu habite en toi. Non \u00e0 l\u2019ext\u00e9rieur, non dans le bruit, mais dans la profondeur de ton \u00eatre<\/strong>. Ton \u00e2me est un ch\u00e2teau. Ne l\u2019abandonne pas. Entre, avance, lutte, aime\u2026 jusqu\u2019\u00e0 Le trouver.<\/p>\n\n\n\n<blockquote class=\"wp-block-quote is-layout-flow wp-block-quote-is-layout-flow\">\n<p>\u00ab L\u2019\u00e2me n\u2019est pas oisive, m\u00eame si elle ne fait rien ; car si elle est avec Dieu, m\u00eame au milieu de mille travaux et pr\u00e9occupations, elle est en pri\u00e8re. \u00bb<br>\u2013 Sainte Th\u00e9r\u00e8se de J\u00e9sus<\/p>\n<\/blockquote>\n\n\n\n<hr class=\"wp-block-separator has-alpha-channel-opacity\"\/>\n\n\n\n<p><strong>Es-tu pr\u00eat \u00e0 entrer dans le ch\u00e2teau int\u00e9rieur ?<\/strong><br>Es-tu dispos\u00e9 \u00e0 commencer \u2014 ou \u00e0 poursuivre \u2014 ce chemin d\u2019amour vers le centre de l\u2019\u00e2me, o\u00f9 t\u2019attend le Dieu vivant ?<\/p>\n","protected":false},"excerpt":{"rendered":"<p>Un voyage spirituel au centre de l\u2019\u00e2me, de la lumi\u00e8re du mysticisme carm\u00e9litain \u00e0 la vie quotidienne du croyant d\u2019aujourd\u2019hui Introduction : La grandeur cach\u00e9e de l\u2019\u00e2me Au c\u0153ur de la spiritualit\u00e9 catholique brille un joyau d\u2019une profondeur et d\u2019une beaut\u00e9 incomparables : Les Demeures de l\u2019\u00c2me, \u00e9galement connue sous le nom de Ch\u00e2teau Int\u00e9rieur, &hellip;<\/p>\n","protected":false},"author":3,"featured_media":4775,"comment_status":"open","ping_status":"open","sticky":false,"template":"","format":"standard","meta":{"_seopress_robots_primary_cat":"","_seopress_titles_title":"","_seopress_titles_desc":"","_seopress_robots_index":"","footnotes":""},"categories":[38,49],"tags":[1597,1598],"class_list":["post-4774","post","type-post","status-publish","format-standard","has-post-thumbnail","","category-histoire-et-tradition","category-peres-de-leglise-et-docteurs","tag-les-demeures-de-lame","tag-sainte-therese-davila"],"_links":{"self":[{"href":"https:\/\/catholicus.eu\/fr\/wp-json\/wp\/v2\/posts\/4774","targetHints":{"allow":["GET"]}}],"collection":[{"href":"https:\/\/catholicus.eu\/fr\/wp-json\/wp\/v2\/posts"}],"about":[{"href":"https:\/\/catholicus.eu\/fr\/wp-json\/wp\/v2\/types\/post"}],"author":[{"embeddable":true,"href":"https:\/\/catholicus.eu\/fr\/wp-json\/wp\/v2\/users\/3"}],"replies":[{"embeddable":true,"href":"https:\/\/catholicus.eu\/fr\/wp-json\/wp\/v2\/comments?post=4774"}],"version-history":[{"count":1,"href":"https:\/\/catholicus.eu\/fr\/wp-json\/wp\/v2\/posts\/4774\/revisions"}],"predecessor-version":[{"id":4776,"href":"https:\/\/catholicus.eu\/fr\/wp-json\/wp\/v2\/posts\/4774\/revisions\/4776"}],"wp:featuredmedia":[{"embeddable":true,"href":"https:\/\/catholicus.eu\/fr\/wp-json\/wp\/v2\/media\/4775"}],"wp:attachment":[{"href":"https:\/\/catholicus.eu\/fr\/wp-json\/wp\/v2\/media?parent=4774"}],"wp:term":[{"taxonomy":"category","embeddable":true,"href":"https:\/\/catholicus.eu\/fr\/wp-json\/wp\/v2\/categories?post=4774"},{"taxonomy":"post_tag","embeddable":true,"href":"https:\/\/catholicus.eu\/fr\/wp-json\/wp\/v2\/tags?post=4774"}],"curies":[{"name":"wp","href":"https:\/\/api.w.org\/{rel}","templated":true}]}}