{"id":4731,"date":"2025-07-28T23:03:50","date_gmt":"2025-07-28T21:03:50","guid":{"rendered":"https:\/\/catholicus.eu\/fr\/?p=4731"},"modified":"2025-07-28T23:03:51","modified_gmt":"2025-07-28T21:03:51","slug":"le-temps-nest-pas-le-meme-le-secret-de-lannee-liturgique-qui-transforme-les-calendriers-en-chemins-de-foi","status":"publish","type":"post","link":"https:\/\/catholicus.eu\/fr\/le-temps-nest-pas-le-meme-le-secret-de-lannee-liturgique-qui-transforme-les-calendriers-en-chemins-de-foi\/","title":{"rendered":"Le temps n\u2019est pas le m\u00eame : Le secret de l\u2019Ann\u00e9e Liturgique qui transforme les calendriers en chemins de foi"},"content":{"rendered":"\n<blockquote class=\"wp-block-quote is-layout-flow wp-block-quote-is-layout-flow\">\n<p><em>\u00ab J\u00e9sus-Christ est le m\u00eame hier, aujourd\u2019hui et pour les si\u00e8cles \u00bb (H\u00e9breux 13,8)<\/em><\/p>\n<\/blockquote>\n\n\n\n<hr class=\"wp-block-separator has-alpha-channel-opacity\"\/>\n\n\n\n<h2 class=\"wp-block-heading\">\ud83d\udcdc Introduction : Au-del\u00e0 de l\u2019horloge et du calendrier<\/h2>\n\n\n\n<p>Nous vivons obs\u00e9d\u00e9s par le temps. Nous le mesurons, nous l\u2019organisons, nous le redoutons. Nous comptons les jours, c\u00e9l\u00e9brons les anniversaires, marquons les dates, courons vers l\u2019avenir ou soupirons sur le pass\u00e9. Mais\u2026 si je te disais qu\u2019il existe un autre type de temps ? Un temps qui n\u2019est pas r\u00e9gi par le tic-tac des horloges ni par les jours ouvrables, mais par le myst\u00e8re de Dieu. Un temps qui ne t\u2019\u00e9puise pas, mais te transforme. Un temps qui ne fait pas que passer\u2026 mais <em>sanctifie<\/em>. C\u2019est cela, <strong>l\u2019Ann\u00e9e Liturgique<\/strong>.<\/p>\n\n\n\n<p>Dans un monde lin\u00e9aire, l\u2019\u00c9glise vit en spirale : elle revient chaque ann\u00e9e aux m\u00eames myst\u00e8res, non pas par une r\u00e9p\u00e9tition vaine, mais dans un mouvement d\u2019ascension. Chaque Avent, chaque P\u00e2que, chaque Pentec\u00f4te est diff\u00e9rent car nous ne sommes plus les m\u00eames. L\u2019Ann\u00e9e Liturgique n\u2019est pas un simple calendrier : c\u2019est une p\u00e9dagogie du salut, un itin\u00e9raire de l\u2019\u00e2me, une carte du c\u0153ur vers Dieu.<\/p>\n\n\n\n<hr class=\"wp-block-separator has-alpha-channel-opacity\"\/>\n\n\n\n<h2 class=\"wp-block-heading\">\ud83c\udfdb\ufe0f I. Qu\u2019est-ce que l\u2019Ann\u00e9e Liturgique ?<\/h2>\n\n\n\n<p>Le <strong>Cat\u00e9chisme de l\u2019\u00c9glise Catholique (n. 1168)<\/strong> l\u2019exprime ainsi :<\/p>\n\n\n\n<blockquote class=\"wp-block-quote is-layout-flow wp-block-quote-is-layout-flow\">\n<p><em>\u00ab Partant du Myst\u00e8re pascal, dans lequel le Christ a accompli l\u2019\u0153uvre de notre salut, l\u2019\u00c9glise c\u00e9l\u00e8bre au cours de l\u2019ann\u00e9e tout le Myst\u00e8re du Christ, depuis l\u2019Incarnation jusqu\u2019\u00e0 la Pentec\u00f4te et l\u2019attente du retour du Seigneur dans la gloire. \u00bb<\/em><\/p>\n<\/blockquote>\n\n\n\n<p>L\u2019Ann\u00e9e Liturgique n\u2019est pas une invention humaine pour organiser des f\u00eates, mais une structure sacr\u00e9e qui comm\u00e9more les <strong>myst\u00e8res christologiques<\/strong> : les moments-cl\u00e9s de la vie de J\u00e9sus-Christ qui nous ont rachet\u00e9s. Chaque temps liturgique \u2013 Avent, No\u00ebl, Car\u00eame, P\u00e2ques, Temps Ordinaire \u2013 n\u2019est pas un souvenir froid, mais une <strong>actualisation vivante<\/strong>. Ce que nous c\u00e9l\u00e9brons ne reste pas dans le pass\u00e9 : cela devient pr\u00e9sent par l\u2019action de l\u2019Esprit Saint.<\/p>\n\n\n\n<p>La liturgie est l\u2019\u00ab histoire de Dieu \u00bb racont\u00e9e et v\u00e9cue <em>avec nous et pour nous<\/em>. Et l\u2019Ann\u00e9e Liturgique en est la grande sc\u00e8ne, dans laquelle chacun de nous est invit\u00e9 \u00e0 \u00eatre un <strong>acteur de son propre salut<\/strong>, et non un simple spectateur.<\/p>\n\n\n\n<hr class=\"wp-block-separator has-alpha-channel-opacity\"\/>\n\n\n\n<h2 class=\"wp-block-heading\">\u26ea II. Racines historiques : Le temps rachet\u00e9<\/h2>\n\n\n\n<p>D\u00e8s les premiers si\u00e8cles du christianisme, la communaut\u00e9 croyante a compris que <strong>le temps avait \u00e9t\u00e9 touch\u00e9 par l\u2019\u00e9ternit\u00e9<\/strong>. Il ne s\u2019agissait plus d\u2019un cercle infini comme le croyaient les pa\u00efens, ni d\u2019une ligne droite sans sens. Avec le Christ, le temps devient <strong>kairos<\/strong> : moment favorable, pr\u00e9sence du divin dans l\u2019humain.<\/p>\n\n\n\n<blockquote class=\"wp-block-quote is-layout-flow wp-block-quote-is-layout-flow\">\n<p><em>\u00ab Mais quand est venue la pl\u00e9nitude du temps, Dieu a envoy\u00e9 son Fils, n\u00e9 d\u2019une femme, n\u00e9 sous la Loi \u00bb<\/em> (Galates 4,4)<\/p>\n<\/blockquote>\n\n\n\n<p>La P\u00e2que fut la premi\u00e8re grande c\u00e9l\u00e9bration chr\u00e9tienne. Tout tournait autour de la R\u00e9surrection du Seigneur. Ensuite, au fil des si\u00e8cles, d\u2019autres c\u00e9l\u00e9brations se sont ajout\u00e9es : l\u2019Avent comme attente du Messie, No\u00ebl comme sa naissance, l\u2019\u00c9piphanie, le Car\u00eame comme pr\u00e9paration \u00e0 P\u00e2ques, le temps pascal jusqu\u2019\u00e0 la Pentec\u00f4te\u2026 Chaque \u00e9tape refl\u00e9tait un aspect du myst\u00e8re du Christ.<\/p>\n\n\n\n<p>Avec le temps, on ajouta le <strong>Temps Ordinaire<\/strong>, qui n\u2019est pas un temps \u00ab vide \u00bb, mais un temps de croissance, de fid\u00e9lit\u00e9 au Christ dans la vie quotidienne. S\u2019y ajout\u00e8rent les m\u00e9moires de la Vierge Marie et des saints, qui ont v\u00e9cu l\u2019Ann\u00e9e Liturgique non comme des spectateurs, mais comme de v\u00e9ritables acteurs du Royaume.<\/p>\n\n\n\n<hr class=\"wp-block-separator has-alpha-channel-opacity\"\/>\n\n\n\n<h2 class=\"wp-block-heading\">\u271d\ufe0f III. Une th\u00e9ologie du temps sanctifi\u00e9<\/h2>\n\n\n\n<p>Dans la pens\u00e9e chr\u00e9tienne, le temps n\u2019est ni un ennemi ni un accident : il est <strong>mati\u00e8re premi\u00e8re de saintet\u00e9<\/strong>. Dieu entre dans le temps par l\u2019Incarnation, et depuis lors, chaque moment peut devenir une porte vers le ciel.<\/p>\n\n\n\n<h3 class=\"wp-block-heading\">1. Le Christ, centre du temps<\/h3>\n\n\n\n<p>L\u2019Ann\u00e9e Liturgique a un seul protagoniste : J\u00e9sus-Christ. Il est le <strong>soleil qui donne sens aux saisons de l\u2019\u00e2me<\/strong>. Tout tourne autour de son myst\u00e8re pascal : mort et r\u00e9surrection. Il ne s\u2019agit pas d\u2019un Christ \u00ab historique \u00bb comme dans les livres, ni d\u2019un \u00ab joli souvenir \u00bb, mais d\u2019un Christ vivant qui agit aujourd\u2019hui dans son \u00c9glise.<\/p>\n\n\n\n<p>Comme l\u2019enseigne le Concile Vatican II (Sacrosanctum Concilium, 102) :<\/p>\n\n\n\n<blockquote class=\"wp-block-quote is-layout-flow wp-block-quote-is-layout-flow\">\n<p><em>\u00ab Au long de l\u2019ann\u00e9e, l\u2019\u00c9glise d\u00e9ploie tout le Myst\u00e8re du Christ, depuis l\u2019Incarnation et la Nativit\u00e9 jusqu\u2019\u00e0 l\u2019Ascension, au jour de la Pentec\u00f4te, dans l\u2019attente bienheureuse de la venue du Seigneur. \u00bb<\/em><\/p>\n<\/blockquote>\n\n\n\n<h3 class=\"wp-block-heading\">2. L\u2019Esprit Saint comme dynamisme int\u00e9rieur<\/h3>\n\n\n\n<p>Chaque temps liturgique est une \u00ab station spirituelle \u00bb o\u00f9 l\u2019Esprit Saint accomplit quelque chose de particulier en nous. Il nous pr\u00e9pare pendant l\u2019Avent, nous r\u00e9jouit \u00e0 No\u00ebl, nous purifie durant le Car\u00eame, nous renouvelle \u00e0 P\u00e2ques, nous fortifie \u00e0 la Pentec\u00f4te.<\/p>\n\n\n\n<h3 class=\"wp-block-heading\">3. Marie et les saints : ic\u00f4nes du temps rachet\u00e9<\/h3>\n\n\n\n<p>La Vierge Marie, en tant que figure de l\u2019\u00c9glise et M\u00e8re du Christ, occupe une place sp\u00e9ciale dans l\u2019Ann\u00e9e Liturgique. De l\u2019Immacul\u00e9e Conception \u00e0 l\u2019Assomption, sa vie est en parfaite harmonie avec les rythmes divins.<\/p>\n\n\n\n<p>Les saints, quant \u00e0 eux, sont comme <strong>des \u00e9toiles qui constellent le ciel liturgique<\/strong>. Ils n\u2019interrompent pas l\u2019Ann\u00e9e Liturgique \u2013 ils l\u2019enrichissent. Chaque m\u00e9moire est une preuve que vivre dans le Christ, \u00e0 chaque temps, est possible.<\/p>\n\n\n\n<hr class=\"wp-block-separator has-alpha-channel-opacity\"\/>\n\n\n\n<h2 class=\"wp-block-heading\">\ud83e\udded IV. L\u2019Ann\u00e9e Liturgique comme itin\u00e9raire spirituel<\/h2>\n\n\n\n<p>L\u2019Ann\u00e9e Liturgique n\u2019est pas faite seulement pour \u00eatre sue, mais pour \u00eatre <strong>v\u00e9cue<\/strong>. Et la vivre signifie entrer dans sa p\u00e9dagogie spirituelle :<\/p>\n\n\n\n<h3 class=\"wp-block-heading\">\ud83d\udfe3 Avent : <em>Attente active<\/em><\/h3>\n\n\n\n<p>Nous apprenons \u00e0 attendre, non pas les bras crois\u00e9s, mais en pr\u00e9parant notre c\u0153ur. La vigilance de l\u2019Avent purifie notre esp\u00e9rance.<\/p>\n\n\n\n<h3 class=\"wp-block-heading\">\u26aa No\u00ebl : <em>Dieu avec nous<\/em><\/h3>\n\n\n\n<p>Nous ne c\u00e9l\u00e9brons pas une id\u00e9e, mais un fait : Dieu se fait homme, entre dans notre histoire. La tendresse de l\u2019Enfant r\u00e9v\u00e8le l\u2019humilit\u00e9 de l\u2019Omnipotent.<\/p>\n\n\n\n<h3 class=\"wp-block-heading\">\ud83d\udfe3 Car\u00eame : <em>Conversion et combat<\/em><\/h3>\n\n\n\n<p>Temps de d\u00e9sert, de je\u00fbne et de lutte. C\u2019est un temps \u00ab fort \u00bb, de retour au c\u0153ur et d\u2019accueil de la gr\u00e2ce.<\/p>\n\n\n\n<h3 class=\"wp-block-heading\">\ud83d\udfe1 P\u00e2ques : <em>Victoire et renouveau<\/em><\/h3>\n\n\n\n<p>Le Christ est ressuscit\u00e9 \u2013 et nous avec Lui. C\u2019est le temps de chanter \u00ab All\u00e9luia ! \u00bb de toute notre \u00e2me et de t\u00e9moigner que la mort a \u00e9t\u00e9 vaincue.<\/p>\n\n\n\n<h3 class=\"wp-block-heading\">\ud83d\udfe2 Temps Ordinaire : <em>Suivi fid\u00e8le<\/em><\/h3>\n\n\n\n<p>Ici, on vit le quotidien avec un sens \u00e9ternel. Il n\u2019y a pas de jours \u00ab ordinaires \u00bb quand on vit avec le Christ.<\/p>\n\n\n\n<hr class=\"wp-block-separator has-alpha-channel-opacity\"\/>\n\n\n\n<h2 class=\"wp-block-heading\">\ud83c\udf31 V. Applications pratiques pour aujourd\u2019hui<\/h2>\n\n\n\n<p>Dans un monde marqu\u00e9 par la h\u00e2te, le stress et la fragmentation, l\u2019Ann\u00e9e Liturgique peut \u00eatre <strong>une boussole spirituelle et un rem\u00e8de pour l\u2019\u00e2me<\/strong>. Comment l\u2019appliquer ?<\/p>\n\n\n\n<h3 class=\"wp-block-heading\">1. <strong>Vivre \u00e0 contre-courant<\/strong><\/h3>\n\n\n\n<p>Tandis que le monde se laisse entra\u00eener par les modes et les rythmes consum\u00e9ristes, le chr\u00e9tien vit \u00e0 un autre tempo : celui de l\u2019amour de Dieu. Nous ne commen\u00e7ons pas l\u2019ann\u00e9e avec des feux d\u2019artifice, mais avec la M\u00e8re de Dieu. Nous ne c\u00e9l\u00e9brons pas seulement les anniversaires, mais les naissances \u00e9ternelles.<\/p>\n\n\n\n<h3 class=\"wp-block-heading\">2. <strong>Ritualiser la vie<\/strong><\/h3>\n\n\n\n<p>Marquer la maison avec des signes liturgiques : couronnes de l\u2019Avent, cr\u00e8ches, cendres, eau b\u00e9nite, cierges pascals, images de saints&#8230; Ces \u00e9l\u00e9ments nous rappellent que <em>le foyer est une \u00c9glise domestique<\/em>.<\/p>\n\n\n\n<h3 class=\"wp-block-heading\">3. <strong>Prier avec l\u2019\u00c9glise<\/strong><\/h3>\n\n\n\n<p>Suivre le Missel, lire les \u00c9vangiles du jour, participer \u00e0 la Liturgie des Heures. S\u2019unir au rythme de l\u2019\u00c9glise, c\u2019est comme ramer dans le sens du courant, et non \u00e0 contre-courant.<\/p>\n\n\n\n<h3 class=\"wp-block-heading\">4. <strong>\u00c9duquer dans la foi<\/strong><\/h3>\n\n\n\n<p>Transmettre aux enfants le sens de l\u2019Ann\u00e9e Liturgique, c\u2019est leur donner des racines profondes. Il ne suffit pas de savoir <em>ce qu\u2019on c\u00e9l\u00e8bre<\/em>, mais aussi <em>pourquoi et dans quel but<\/em>. Qu\u2019ils sentent que P\u00e2ques, ce n\u2019est pas seulement du chocolat, mais une vie nouvelle.<\/p>\n\n\n\n<hr class=\"wp-block-separator has-alpha-channel-opacity\"\/>\n\n\n\n<h2 class=\"wp-block-heading\">\ud83d\udd25 VI. L\u2019Ann\u00e9e Liturgique, aujourd\u2019hui plus que jamais<\/h2>\n\n\n\n<p>Dans un monde qui mesure tout en productivit\u00e9, l\u2019Ann\u00e9e Liturgique nous enseigne la <strong>valeur de l\u2019attente, du silence, du sacr\u00e9<\/strong>. Elle nous rappelle que tout ce qui est important ne s\u2019ach\u00e8te pas, ne se mesure pas, ne se publie pas.<\/p>\n\n\n\n<p>Chaque ann\u00e9e, nous revenons au Myst\u00e8re, mais pas comme \u00e0 une photocopie : comme \u00e0 une nouvelle naissance. Ainsi, l\u2019\u00c9glise <em>sanctifie le temps<\/em> et en fait un sacrement.<\/p>\n\n\n\n<hr class=\"wp-block-separator has-alpha-channel-opacity\"\/>\n\n\n\n<blockquote class=\"wp-block-quote is-layout-flow wp-block-quote-is-layout-flow\">\n<p><em>\u00ab Les jours seront diff\u00e9rents, mais l\u2019amour sera le m\u00eame. Le Christ nous attend \u00e0 chaque saison. Il est Celui qui vient, qui est, et qui viendra. \u00bb<\/em><\/p>\n<\/blockquote>\n\n\n\n<hr class=\"wp-block-separator has-alpha-channel-opacity\"\/>\n\n\n\n<h2 class=\"wp-block-heading\">\ud83d\ude4f Conclusion : Transformer le calendrier en chemin<\/h2>\n\n\n\n<p>L\u2019Ann\u00e9e Liturgique n\u2019est pas une d\u00e9coration pieuse. C\u2019est <strong>un syst\u00e8me de vie spirituelle, une mani\u00e8re de regarder le temps avec les yeux de la foi<\/strong>. Dans chaque f\u00eate, chaque couleur, chaque pri\u00e8re, Dieu se rend pr\u00e9sent.<\/p>\n\n\n\n<p>Quand tu vis l\u2019Ann\u00e9e Liturgique, <strong>ton temps cesse d\u2019\u00eatre seulement le tien pour devenir le temps de Dieu<\/strong>. Tu ne vis plus par inertie, mais avec une direction. Tu ne r\u00e9p\u00e8tes pas l\u2019ann\u00e9e : <em>tu la traverses avec le Christ<\/em>.<\/p>\n\n\n\n<p>Je t\u2019invite \u00e0 faire du calendrier liturgique ta carte spirituelle. Non pour contr\u00f4ler le temps, mais pour laisser <strong>le Christ le transformer et te transformer toi<\/strong>. Car au fond, <strong>le temps n\u2019est pas le m\u00eame pour tous\u2026 il est \u00e9ternel seulement pour ceux qui le vivent avec Dieu.<\/strong><\/p>\n","protected":false},"excerpt":{"rendered":"<p>\u00ab J\u00e9sus-Christ est le m\u00eame hier, aujourd\u2019hui et pour les si\u00e8cles \u00bb (H\u00e9breux 13,8) \ud83d\udcdc Introduction : Au-del\u00e0 de l\u2019horloge et du calendrier Nous vivons obs\u00e9d\u00e9s par le temps. Nous le mesurons, nous l\u2019organisons, nous le redoutons. Nous comptons les jours, c\u00e9l\u00e9brons les anniversaires, marquons les dates, courons vers l\u2019avenir ou soupirons sur le pass\u00e9. &hellip;<\/p>\n","protected":false},"author":3,"featured_media":4732,"comment_status":"open","ping_status":"open","sticky":false,"template":"","format":"standard","meta":{"_seopress_robots_primary_cat":"","_seopress_titles_title":"","_seopress_titles_desc":"","_seopress_robots_index":"","footnotes":""},"categories":[38,52],"tags":[1580],"class_list":["post-4731","post","type-post","status-publish","format-standard","has-post-thumbnail","","category-histoire-et-tradition","category-liturgie-et-annee-liturgique","tag-annee-liturgique"],"_links":{"self":[{"href":"https:\/\/catholicus.eu\/fr\/wp-json\/wp\/v2\/posts\/4731","targetHints":{"allow":["GET"]}}],"collection":[{"href":"https:\/\/catholicus.eu\/fr\/wp-json\/wp\/v2\/posts"}],"about":[{"href":"https:\/\/catholicus.eu\/fr\/wp-json\/wp\/v2\/types\/post"}],"author":[{"embeddable":true,"href":"https:\/\/catholicus.eu\/fr\/wp-json\/wp\/v2\/users\/3"}],"replies":[{"embeddable":true,"href":"https:\/\/catholicus.eu\/fr\/wp-json\/wp\/v2\/comments?post=4731"}],"version-history":[{"count":1,"href":"https:\/\/catholicus.eu\/fr\/wp-json\/wp\/v2\/posts\/4731\/revisions"}],"predecessor-version":[{"id":4733,"href":"https:\/\/catholicus.eu\/fr\/wp-json\/wp\/v2\/posts\/4731\/revisions\/4733"}],"wp:featuredmedia":[{"embeddable":true,"href":"https:\/\/catholicus.eu\/fr\/wp-json\/wp\/v2\/media\/4732"}],"wp:attachment":[{"href":"https:\/\/catholicus.eu\/fr\/wp-json\/wp\/v2\/media?parent=4731"}],"wp:term":[{"taxonomy":"category","embeddable":true,"href":"https:\/\/catholicus.eu\/fr\/wp-json\/wp\/v2\/categories?post=4731"},{"taxonomy":"post_tag","embeddable":true,"href":"https:\/\/catholicus.eu\/fr\/wp-json\/wp\/v2\/tags?post=4731"}],"curies":[{"name":"wp","href":"https:\/\/api.w.org\/{rel}","templated":true}]}}