{"id":4722,"date":"2025-07-27T09:46:49","date_gmt":"2025-07-27T07:46:49","guid":{"rendered":"https:\/\/catholicus.eu\/fr\/?p=4722"},"modified":"2025-07-27T09:46:50","modified_gmt":"2025-07-27T07:46:50","slug":"prier-et-reciter-deux-chemins-un-seul-coeur","status":"publish","type":"post","link":"https:\/\/catholicus.eu\/fr\/prier-et-reciter-deux-chemins-un-seul-coeur\/","title":{"rendered":"Prier et R\u00e9citer : Deux chemins, un seul c\u0153ur"},"content":{"rendered":"\n<p><em>Comprendre la diff\u00e9rence pour transformer ta vie spirituelle aujourd\u2019hui<\/em><\/p>\n\n\n\n<hr class=\"wp-block-separator has-alpha-channel-opacity\"\/>\n\n\n\n<h3 class=\"wp-block-heading\">Introduction : Prier et r\u00e9citer, est-ce la m\u00eame chose ?<\/h3>\n\n\n\n<p>Beaucoup de personnes \u2014 m\u00eame des croyants pratiquants \u2014 utilisent les termes \u00ab prier \u00bb et \u00ab r\u00e9citer \u00bb comme s\u2019ils \u00e9taient parfaitement synonymes. Pourtant, bien que les deux fassent r\u00e9f\u00e9rence \u00e0 cette rencontre myst\u00e9rieuse et sacr\u00e9e entre l\u2019\u00e2me humaine et Dieu, ils portent des nuances diff\u00e9rentes qu\u2019il est bon de conna\u00eetre. Il ne s\u2019agit pas d\u2019une question s\u00e9mantique sans importance. Comprendre profond\u00e9ment ce que signifie r\u00e9citer et ce que signifie prier peut transformer radicalement ta vie spirituelle.<\/p>\n\n\n\n<p>Dans cet article, nous t\u2019invitons \u00e0 entreprendre un voyage th\u00e9ologique et pastoral pour d\u00e9couvrir les diff\u00e9rences, les affinit\u00e9s et les richesses de ces deux mani\u00e8res de parler avec Dieu. Nous le ferons dans un langage accessible, sans sacrifier la profondeur. Notre objectif : qu\u2019\u00e0 la fin de cette lecture, tu aies non seulement une meilleure compr\u00e9hension conceptuelle, mais aussi un plus grand d\u00e9sir de prier, de r\u00e9citer et de vivre dans un dialogue constant avec ton Cr\u00e9ateur.<\/p>\n\n\n\n<hr class=\"wp-block-separator has-alpha-channel-opacity\"\/>\n\n\n\n<h3 class=\"wp-block-heading\">I. Fondements \u00e9tymologiques et bibliques<\/h3>\n\n\n\n<p><strong>R\u00e9citer<\/strong> vient du latin <em>recitare<\/em>, qui signifie \u00ab r\u00e9citer \u00bb. C\u2019est une action qui implique une formulation verbale concr\u00e8te, g\u00e9n\u00e9ralement apprise, m\u00e9moris\u00e9e et r\u00e9p\u00e9t\u00e9e. Autrement dit, elle fait appel \u00e0 des paroles pr\u00e9\u00e9tablies, comme le Notre P\u00e8re, le Je vous salue Marie ou le Credo.<\/p>\n\n\n\n<p><strong>Prier<\/strong>, en revanche, vient du latin <em>orare<\/em>, qui signifie \u00ab parler \u00bb, \u00ab demander \u00bb, \u00ab supplier \u00bb, ou m\u00eame \u00ab implorer \u00bb. \u00c0 sa racine, c\u2019est plus spontan\u00e9, plus libre, plus personnel. Cela implique un dialogue ouvert avec Dieu, \u00e0 partir du c\u0153ur.<\/p>\n\n\n\n<p>Dans la Bible, ces deux modes s\u2019entrelacent et s\u2019enrichissent mutuellement. J\u00e9sus nous a enseign\u00e9 une pri\u00e8re concr\u00e8te : le <strong>Notre P\u00e8re<\/strong> (Mt 6, 9-13), mais on le voit aussi en pri\u00e8re personnelle constante, parlant \u00e0 son P\u00e8re dans l\u2019intimit\u00e9 : \u00ab Puis il s\u2019\u00e9loigna d\u2019eux \u00e0 la distance d\u2019environ un jet de pierre, se mit \u00e0 genoux et pria \u00bb (Lc 22, 41).<\/p>\n\n\n\n<hr class=\"wp-block-separator has-alpha-channel-opacity\"\/>\n\n\n\n<h3 class=\"wp-block-heading\">II. R\u00e9citer : l\u2019\u00e9cole de l\u2019\u00e2me<\/h3>\n\n\n\n<p><strong>R\u00e9citer<\/strong>, c\u2019est comme l\u2019alphabet de la foi. C\u2019est le point de d\u00e9part, la nourriture quotidienne, la p\u00e9dagogie de la pri\u00e8re. C\u2019est pourquoi l\u2019\u00c9glise \u2014 m\u00e8re et ma\u00eetresse \u2014 nous offre une riche tradition de pri\u00e8res sanctifi\u00e9es par les si\u00e8cles et par les saints. Des psaumes au chapelet, des litanies aux neuvaines, r\u00e9citer c\u2019est participer au grand courant d\u2019intercession et de louange du Peuple de Dieu.<\/p>\n\n\n\n<p><strong>Les avantages de la r\u00e9citation :<\/strong><\/p>\n\n\n\n<ul class=\"wp-block-list\">\n<li><strong>Elle forme le c\u0153ur et l\u2019esprit.<\/strong> Les pri\u00e8res apprises nous donnent un cadre doctrinal et spirituel.<\/li>\n\n\n\n<li><strong>Elle nous unit \u00e0 l\u2019\u00c9glise.<\/strong> R\u00e9citer le chapelet ou la Liturgie des Heures nous ins\u00e8re dans la pri\u00e8re commune des fid\u00e8les.<\/li>\n\n\n\n<li><strong>Elle nous soutient dans les temps de s\u00e9cheresse.<\/strong> Quand nous ne savons pas quoi dire, les pri\u00e8res traditionnelles nous donnent des mots.<\/li>\n<\/ul>\n\n\n\n<p>Saint Augustin disait : \u00ab Tu ne pourrais pas r\u00e9citer le Notre P\u00e8re si tu n\u2019\u00e9tais pas chr\u00e9tien, mais tu ne pourrais pas \u00eatre chr\u00e9tien sans le r\u00e9citer. \u00bb<\/p>\n\n\n\n<hr class=\"wp-block-separator has-alpha-channel-opacity\"\/>\n\n\n\n<h3 class=\"wp-block-heading\">III. Prier : le murmure de l\u2019\u00e2me au Cr\u00e9ateur<\/h3>\n\n\n\n<p><strong>Prier<\/strong>, c\u2019est entrer dans une conversation vivante et directe avec Dieu. Cela ne n\u00e9cessite pas forc\u00e9ment des mots fixes. C\u2019est souvent une supplication, une louange, une action de gr\u00e2ce ou une \u00e9coute. C\u2019est l\u2019exp\u00e9rience personnelle de l\u2019\u00e2me qui se sait regard\u00e9e, aim\u00e9e et \u00e9cout\u00e9e par son Seigneur.<\/p>\n\n\n\n<p><strong>Formes de pri\u00e8re personnelle :<\/strong><\/p>\n\n\n\n<ul class=\"wp-block-list\">\n<li><strong>La pri\u00e8re mentale ou m\u00e9ditation.<\/strong> R\u00e9fl\u00e9chir avec amour \u00e0 une v\u00e9rit\u00e9 de foi, un passage biblique ou une exp\u00e9rience v\u00e9cue.<\/li>\n\n\n\n<li><strong>La contemplation.<\/strong> Silence d\u2019amour, regard int\u00e9rieur, adoration sans paroles.<\/li>\n\n\n\n<li><strong>La pri\u00e8re de demande ou d\u2019intercession.<\/strong> Parler \u00e0 Dieu de nos besoins ou de ceux des autres.<\/li>\n<\/ul>\n\n\n\n<p>J\u00e9sus nous a appris \u00e0 prier avec confiance :<\/p>\n\n\n\n<blockquote class=\"wp-block-quote is-layout-flow wp-block-quote-is-layout-flow\">\n<p>\u00ab Et quand vous priez, ne multipliez pas de vaines paroles, comme les pa\u00efens, qui s\u2019imaginent qu\u2019\u00e0 force de paroles ils seront exauc\u00e9s. Ne leur ressemblez pas, car votre P\u00e8re sait de quoi vous avez besoin, avant que vous le lui demandiez. \u00bb (Mt 6, 7-8)<\/p>\n<\/blockquote>\n\n\n\n<hr class=\"wp-block-separator has-alpha-channel-opacity\"\/>\n\n\n\n<h3 class=\"wp-block-heading\">IV. Th\u00e9ologie spirituelle : Comment se compl\u00e8tent-elles ?<\/h3>\n\n\n\n<p>D\u2019un point de vue th\u00e9ologique, r\u00e9citer et prier ne s\u2019opposent pas. Au contraire, elles se compl\u00e8tent. <strong>R\u00e9citer, c\u2019est prier avec des mots d\u2019autrui que nous faisons n\u00f4tres. Prier, c\u2019est r\u00e9citer depuis les entrailles, avec nos propres mots ou m\u00eame dans le silence.<\/strong><\/p>\n\n\n\n<p>Saint Thomas d\u2019Aquin enseigne que <strong>la pri\u00e8re est un acte de la vertu de religion<\/strong>, dirig\u00e9e vers Dieu comme source de tous les biens. Le Cat\u00e9chisme de l\u2019\u00c9glise Catholique l\u2019explique aussi clairement aux num\u00e9ros 2558 \u00e0 2565, o\u00f9 il pr\u00e9sente la pri\u00e8re comme un don de Dieu, une relation vitale et personnelle avec le P\u00e8re.<\/p>\n\n\n\n<p>Les deux chemins \u2014 r\u00e9citation et pri\u00e8re \u2014 peuvent \u00eatre une expression authentique de cette relation, s\u2019ils jaillissent de la foi et se font avec le c\u0153ur.<\/p>\n\n\n\n<hr class=\"wp-block-separator has-alpha-channel-opacity\"\/>\n\n\n\n<h3 class=\"wp-block-heading\">V. Pastorale de la pri\u00e8re : conseils pour la vie quotidienne<\/h3>\n\n\n\n<p>Beaucoup de personnes disent : \u00ab Je ne sais pas prier \u00bb ou \u00ab Je ne sais pas si je le fais bien \u00bb. Mais la pri\u00e8re n\u2019est pas une technique, c\u2019est une <strong>relation<\/strong>. Et comme toute relation, elle s\u2019apprend en marchant, en aimant et en pers\u00e9v\u00e9rant.<\/p>\n\n\n\n<h4 class=\"wp-block-heading\">Comment grandir dans la vie de pri\u00e8re ?<\/h4>\n\n\n\n<ol class=\"wp-block-list\">\n<li><strong>Commence par r\u00e9citer.<\/strong> Apprends des pri\u00e8res de base et r\u00e9cite-les avec d\u00e9votion : le Notre P\u00e8re, le chapelet, l\u2019Ang\u00e9lus, la pri\u00e8re d\u2019abandon.<\/li>\n\n\n\n<li><strong>Profite des moments de silence.<\/strong> Apr\u00e8s avoir r\u00e9cit\u00e9, reste en silence. Laisse ton \u00e2me parler.<\/li>\n\n\n\n<li><strong>Lis la Parole de Dieu.<\/strong> La Bible est une source de pri\u00e8re. M\u00e9dite un psaume, un \u00e9vangile, une lettre de saint Paul.<\/li>\n\n\n\n<li><strong>Parle \u00e0 Dieu comme \u00e0 un ami.<\/strong> Dis-lui ce que tu vis, ce que tu crains, ce que tu r\u00eaves. Ne cache rien.<\/li>\n\n\n\n<li><strong>\u00c9coute.<\/strong> La pri\u00e8re n\u2019est pas seulement parler. C\u2019est aussi entendre ce que Dieu te dit dans ta conscience, dans sa Parole, dans la paix du c\u0153ur.<\/li>\n<\/ol>\n\n\n\n<blockquote class=\"wp-block-quote is-layout-flow wp-block-quote-is-layout-flow\">\n<p>Sainte Th\u00e9r\u00e8se de J\u00e9sus disait : \u00ab La pri\u00e8re mentale n\u2019est \u00e0 mon avis qu\u2019un commerce d\u2019amiti\u00e9, o\u00f9 l\u2019on s\u2019entretient souvent, seul \u00e0 seul, avec ce Dieu dont on se sait aim\u00e9. \u00bb<\/p>\n<\/blockquote>\n\n\n\n<hr class=\"wp-block-separator has-alpha-channel-opacity\"\/>\n\n\n\n<h3 class=\"wp-block-heading\">VI. Actualit\u00e9 : pourquoi cette distinction est-elle importante aujourd\u2019hui ?<\/h3>\n\n\n\n<p>Nous vivons dans un monde de bruit, de distractions, d\u2019activit\u00e9 incessante. La pri\u00e8re devient urgente. Mais nous avons aussi besoin de formes concr\u00e8tes, structur\u00e9es, qui nous soutiennent. Nous avons besoin de <strong>r\u00e9citer davantage<\/strong> et de <strong>prier mieux<\/strong>.<\/p>\n\n\n\n<p>En des temps de relativisme spirituel, o\u00f9 l\u2019on perd le sens du Myst\u00e8re, red\u00e9couvrir la beaut\u00e9 d\u2019une pri\u00e8re fid\u00e8le, quotidienne, profonde est un acte contre-culturel. C\u2019est remettre Dieu au centre.<\/p>\n\n\n\n<p>Et cela ne concerne pas uniquement les mystiques ou les religieux. Nous sommes tous \u2014 enfants, jeunes, adultes, personnes \u00e2g\u00e9es \u2014 appel\u00e9s \u00e0 une vie de pri\u00e8re. Car seuls ceux qui prient vivent vraiment.<\/p>\n\n\n\n<hr class=\"wp-block-separator has-alpha-channel-opacity\"\/>\n\n\n\n<h3 class=\"wp-block-heading\">VII. Conclusion : Deux chemins, un seul but<\/h3>\n\n\n\n<p><strong>R\u00e9citer et prier sont deux expressions de l\u2019\u00e2me qui cherche Dieu.<\/strong> L\u2019une s\u2019appuie sur des formules ; l\u2019autre jaillit du c\u0153ur. L\u2019une est comme l\u2019eau qui coule dans un canal ; l\u2019autre, comme une source qui jaillit spontan\u00e9ment. Les deux sont n\u00e9cessaires. Les deux nous sanctifient.<\/p>\n\n\n\n<p>N\u2019aie pas peur de commencer par des paroles r\u00e9p\u00e9t\u00e9es. Dieu entend le c\u0153ur, pas seulement la forme. Et n\u2019aie pas peur de parler \u00e0 Dieu avec tes propres mots. Il est P\u00e8re, et il se r\u00e9jouit de t\u2019\u00e9couter.<\/p>\n\n\n\n<p>Dans un monde qui court et oublie, toi \u2014 arr\u00eate-toi et r\u00e9cite. Toi \u2014 demeure et prie. L\u00e0, en ce moment, le ciel touchera la terre.<\/p>\n\n\n\n<hr class=\"wp-block-separator has-alpha-channel-opacity\"\/>\n\n\n\n<p><strong>\u00ab Cherchez le Seigneur pendant qu\u2019il se laisse trouver, invoquez-le pendant qu\u2019il est proche. \u00bb<\/strong><br><em>\u2013 Isa\u00efe 55,6<\/em><\/p>\n","protected":false},"excerpt":{"rendered":"<p>Comprendre la diff\u00e9rence pour transformer ta vie spirituelle aujourd\u2019hui Introduction : Prier et r\u00e9citer, est-ce la m\u00eame chose ? Beaucoup de personnes \u2014 m\u00eame des croyants pratiquants \u2014 utilisent les termes \u00ab prier \u00bb et \u00ab r\u00e9citer \u00bb comme s\u2019ils \u00e9taient parfaitement synonymes. Pourtant, bien que les deux fassent r\u00e9f\u00e9rence \u00e0 cette rencontre myst\u00e9rieuse et &hellip;<\/p>\n","protected":false},"author":3,"featured_media":4723,"comment_status":"open","ping_status":"open","sticky":false,"template":"","format":"standard","meta":{"_seopress_robots_primary_cat":"","_seopress_titles_title":"","_seopress_titles_desc":"","_seopress_robots_index":"","footnotes":""},"categories":[40,58],"tags":[1577],"class_list":["post-4722","post","type-post","status-publish","format-standard","has-post-thumbnail","","category-priere-et-spiritualite","category-priere-et-vie-spirituelle","tag-prier-et-reciter"],"_links":{"self":[{"href":"https:\/\/catholicus.eu\/fr\/wp-json\/wp\/v2\/posts\/4722","targetHints":{"allow":["GET"]}}],"collection":[{"href":"https:\/\/catholicus.eu\/fr\/wp-json\/wp\/v2\/posts"}],"about":[{"href":"https:\/\/catholicus.eu\/fr\/wp-json\/wp\/v2\/types\/post"}],"author":[{"embeddable":true,"href":"https:\/\/catholicus.eu\/fr\/wp-json\/wp\/v2\/users\/3"}],"replies":[{"embeddable":true,"href":"https:\/\/catholicus.eu\/fr\/wp-json\/wp\/v2\/comments?post=4722"}],"version-history":[{"count":1,"href":"https:\/\/catholicus.eu\/fr\/wp-json\/wp\/v2\/posts\/4722\/revisions"}],"predecessor-version":[{"id":4724,"href":"https:\/\/catholicus.eu\/fr\/wp-json\/wp\/v2\/posts\/4722\/revisions\/4724"}],"wp:featuredmedia":[{"embeddable":true,"href":"https:\/\/catholicus.eu\/fr\/wp-json\/wp\/v2\/media\/4723"}],"wp:attachment":[{"href":"https:\/\/catholicus.eu\/fr\/wp-json\/wp\/v2\/media?parent=4722"}],"wp:term":[{"taxonomy":"category","embeddable":true,"href":"https:\/\/catholicus.eu\/fr\/wp-json\/wp\/v2\/categories?post=4722"},{"taxonomy":"post_tag","embeddable":true,"href":"https:\/\/catholicus.eu\/fr\/wp-json\/wp\/v2\/tags?post=4722"}],"curies":[{"name":"wp","href":"https:\/\/api.w.org\/{rel}","templated":true}]}}