{"id":4719,"date":"2025-07-27T09:00:19","date_gmt":"2025-07-27T07:00:19","guid":{"rendered":"https:\/\/catholicus.eu\/fr\/?p=4719"},"modified":"2025-07-27T09:00:19","modified_gmt":"2025-07-27T07:00:19","slug":"saints-joachim-et-anne-les-grands-parents-qui-ont-tisse-le-manteau-du-salut","status":"publish","type":"post","link":"https:\/\/catholicus.eu\/fr\/saints-joachim-et-anne-les-grands-parents-qui-ont-tisse-le-manteau-du-salut\/","title":{"rendered":"Saints Joachim et Anne : Les Grands-Parents qui ont Tiss\u00e9 le Manteau du Salut"},"content":{"rendered":"\n<p><em>D\u00e9couvrez comment ces piliers oubli\u00e9s sont le mod\u00e8le c\u00e9leste pour les grands-parents d\u2019aujourd\u2019hui<\/em><\/p>\n\n\n\n<p>Dans un monde qui idol\u00e2tre la jeunesse et la productivit\u00e9, o\u00f9 les personnes \u00e2g\u00e9es sont souvent marginalis\u00e9es ou rel\u00e9gu\u00e9es dans l\u2019oubli, l\u2019\u00c9glise nous pr\u00e9sente deux figures lumineuses :&nbsp;<strong>Saint Joachim et Sainte Anne<\/strong>, parents de la Vierge Marie et grands-parents de J\u00e9sus. Plus que de simples noms dans une g\u00e9n\u00e9alogie, ils sont&nbsp;<strong>les saints patrons c\u00e9lestes des grands-parents<\/strong>, mod\u00e8les de foi r\u00e9siliente, d\u2019amour g\u00e9n\u00e9rationnel et de transmission silencieuse de l\u2019esp\u00e9rance. Leur histoire, bien que non d\u00e9taill\u00e9e dans les \u00c9vangiles canoniques, r\u00e9sonne avec une profondeur th\u00e9ologique et une actualit\u00e9 pastorale qui nous interpellent aujourd\u2019hui.<\/p>\n\n\n\n<h3 class=\"wp-block-heading\"><strong>Racines dans la Tradition : L\u2019Histoire que l\u2019\u00c9glise Garde<\/strong><\/h3>\n\n\n\n<p>Les d\u00e9tails de la vie de Joachim et Anne nous parviennent principalement par des \u00e9crits apocryphes comme le&nbsp;<em>Prot\u00e9vangile de Jacques<\/em>&nbsp;(II\u1d49 si\u00e8cle), textes non inspir\u00e9s mais qui refl\u00e8tent la&nbsp;<em>Tradition vivante<\/em>&nbsp;de l\u2019\u00c9glise primitive. Selon cette v\u00e9n\u00e9rable tradition :<\/p>\n\n\n\n<ul class=\"wp-block-list\">\n<li><strong>Anne<\/strong>, dont le nom signifie \u00ab Gr\u00e2ce \u00bb, et\u00a0<strong>Joachim<\/strong>, \u00ab Dieu pr\u00e9pare \u00bb ou \u00ab Dieu \u00e9tablit \u00bb, formaient un couple pieux de Nazareth ou Bethl\u00e9em, descendants de la maison de David.<\/li>\n\n\n\n<li>Ils endur\u00e8rent\u00a0<strong>l\u2019\u00e9preuve de la st\u00e9rilit\u00e9 pendant des ann\u00e9es<\/strong>\u00a0\u2014 un fardeau lourd dans une culture o\u00f9 la descendance \u00e9tait signe de b\u00e9n\u00e9diction divine (cf. 1 S 1). Leur pri\u00e8re constante et leur confiance en Dieu, m\u00eame dans le d\u00e9sespoir humain, offrent un premier t\u00e9moignage \u00e9loquent.<\/li>\n\n\n\n<li><strong>Ils re\u00e7urent une annonce ang\u00e9lique<\/strong>\u00a0de la naissance de Marie en r\u00e9ponse \u00e0 leurs suppliques, la consacrant d\u00e8s sa petite enfance au service de Dieu dans le Temple.<\/li>\n\n\n\n<li>Ils se pr\u00e9sentent comme\u00a0<strong>\u00e9ducateurs de la foi<\/strong>\u00a0: ils enseign\u00e8rent \u00e0 Marie les \u00c9critures, les traditions du peuple juif et, surtout, \u00e0 aimer et \u00e0 faire confiance au Dieu des Promesses. Ils furent les premiers \u00ab cat\u00e9chistes \u00bb de la M\u00e8re de Dieu.<\/li>\n<\/ul>\n\n\n\n<blockquote class=\"wp-block-quote is-layout-flow wp-block-quote-is-layout-flow\">\n<p><em>\u00ab Faisons donc l\u2019\u00e9loge des hommes illustres&#8230; Il en est&#8230; dont la gloire ne s\u2019effacera pas. Leur nom subsistera pour toutes les g\u00e9n\u00e9rations. \u00bb<\/em><br><strong>(Siracide 44:1, 8, 13\u201314 \u2013 Bible de J\u00e9rusalem)<\/strong><\/p>\n<\/blockquote>\n\n\n\n<p>Ce passage du Siracide fait \u00e9cho proph\u00e9tiquement \u00e0 leur mission. Leur \u00ab gloire \u00bb n\u2019est pas mondaine ; c\u2019est la gloire d\u2019avoir \u00e9t\u00e9&nbsp;<strong>des maillons essentiels dans la cha\u00eene de l\u2019Incarnation<\/strong>. Sans leur \u00ab oui \u00bb \u00e0 une parentalit\u00e9 tardive, sans leur fid\u00e9lit\u00e9 \u00e0 \u00e9duquer Marie, le plan du salut aurait pris une autre voie.&nbsp;<em>Dieu a voulu avoir besoin de grands-parents !<\/em><\/p>\n\n\n\n<h3 class=\"wp-block-heading\"><strong>Pertinence Th\u00e9ologique : Les Grands-Parents dans le Plan de Dieu<\/strong><\/h3>\n\n\n\n<p>La th\u00e9ologie catholique voit en Saints Joachim et Anne des v\u00e9rit\u00e9s profondes :<\/p>\n\n\n\n<ol start=\"1\" class=\"wp-block-list\">\n<li><strong>La Sacralit\u00e9 de la Famille \u00c9largie :<\/strong>\u00a0Ils d\u00e9fient la vision r\u00e9ductrice de la famille nucl\u00e9aire moderne. La Sainte Famille\u00a0<em>inclut<\/em>\u00a0les grands-parents. Ils repr\u00e9sentent le\u00a0<strong>pont entre les g\u00e9n\u00e9rations<\/strong>, gardiens de la m\u00e9moire et de l\u2019identit\u00e9.<\/li>\n\n\n\n<li><strong>La Foi Transmise :<\/strong>\u00a0Ils sont le mod\u00e8le primordial de la\u00a0<strong>transmission g\u00e9n\u00e9rationnelle de la foi<\/strong>. Ils n\u2019ont pas transmis que des g\u00e8nes ; ils ont transmis l\u2019esp\u00e9rance messianique, la confiance en Dieu, la pri\u00e8re. Ils furent les premiers \u00e0 former le c\u0153ur qui dirait : \u00ab Qu\u2019il me soit fait selon ta parole \u00bb.<\/li>\n\n\n\n<li><strong>La Dignit\u00e9 de la Vieillesse et de la Souffrance F\u00e9conde :<\/strong>\u00a0Leur longue attente d\u2019une descendance et leur \u00e2ge avanc\u00e9 lors de la naissance de Marie montrent que\u00a0<strong>Dieu sanctifie chaque \u00e9tape de la vie<\/strong>. La vieillesse n\u2019est pas inutilit\u00e9 ; c\u2019est une vocation de pri\u00e8re, de sagesse et de don de soi unique. Leur souffrance li\u00e9e \u00e0 la st\u00e9rilit\u00e9 devint une f\u00e9condit\u00e9 spirituelle incommensurable.<\/li>\n\n\n\n<li><strong>Pr\u00e9parer la \u00ab Terre \u00bb pour l\u2019Incarnation :<\/strong>\u00a0Th\u00e9ologiquement, leur vie vertueuse, leur mariage chaste et fid\u00e8le, et leur \u00e9ducation de Marie\u00a0<strong>ont pr\u00e9par\u00e9 l\u2019\u00ab humus \u00bb humain<\/strong>\u00a0n\u00e9cessaire pour que le Verbe se fasse chair. Ils furent des coop\u00e9rateurs silencieux mais essentiels dans l\u2019\u0153uvre de la R\u00e9demption.<\/li>\n<\/ol>\n\n\n\n<h3 class=\"wp-block-heading\"><strong>Guide Pratique : Sept Piliers pour le Minist\u00e8re des Grands-Parents Aujourd\u2019hui (Inspir\u00e9s par Joachim et Anne)<\/strong><\/h3>\n\n\n\n<p>D\u2019un point de vue th\u00e9ologico-pastoral, voici un guide concret pour que les grands-parents (et leur entourage) vivent leur vocation \u00e0 la lumi\u00e8re de ces saints patrons :<\/p>\n\n\n\n<ol start=\"1\" class=\"wp-block-list\">\n<li><strong>\u00ab Soyez une M\u00e9moire Vivante \u00bb (Pilier de la Tradition) :<\/strong>\n<ul class=\"wp-block-list\">\n<li><strong>Grands-parents :<\/strong>\u00a0Racontez vos histoires, surtout celles de la foi. Comment avez-vous rencontr\u00e9 Dieu ? Quelles \u00e9preuves avez-vous surmont\u00e9es avec Son aide ? Partagez les traditions familiales et religieuses.<\/li>\n\n\n\n<li><strong>Familles\/Petits-enfants :<\/strong>\u00a0<em>Interrogez<\/em>. Enregistrez leurs t\u00e9moignages. Valorisez leur exp\u00e9rience comme un tr\u00e9sor. Organisez des \u00ab soir\u00e9es souvenirs \u00bb.<\/li>\n\n\n\n<li><em>Fondement Th\u00e9ologique :<\/em>\u00a0La foi se transmet par le t\u00e9moignage (cf. Rm 10:17). Vous \u00eates les maillons avec le pass\u00e9 qui enracinent l\u2019avenir.<\/li>\n<\/ul>\n<\/li>\n\n\n\n<li><strong>\u00ab Soyez des Piliers de Pri\u00e8re \u00bb (Pilier de l\u2019Intercession) :<\/strong>\n<ul class=\"wp-block-list\">\n<li><strong>Grands-parents :<\/strong>\u00a0Offrez vos jours, joies et souffrances pour vos familles, l\u2019\u00c9glise, le monde. Priez sp\u00e9cialement pour vos enfants et petits-enfants. Le Rosaire est votre \u00ab super-pouvoir \u00bb.<\/li>\n\n\n\n<li><strong>Familles :<\/strong>\u00a0Demandez-leur explicitement leurs pri\u00e8res. Dites-leur : \u00ab Papi, Mamie, priez pour moi, pour cet examen, pour cette d\u00e9cision&#8230; \u00bb. Remerciez-les pour leur soutien spirituel.<\/li>\n\n\n\n<li><em>Fondement Th\u00e9ologique :<\/em>\u00a0La pri\u00e8re du juste a une grande efficacit\u00e9 (Jc 5:16). Votre proximit\u00e9 avec l\u2019\u00e9ternit\u00e9 fait de vous des intercesseurs puissants.<\/li>\n<\/ul>\n<\/li>\n\n\n\n<li><strong>\u00ab Soyez des Ma\u00eetres de l\u2019Amour Inconditionnel \u00bb (Pilier de l\u2019Accueil) :<\/strong>\n<ul class=\"wp-block-list\">\n<li><strong>Grands-parents :<\/strong>\u00a0Aimez vos petits-enfants sans jugements accablants. Soyez un refuge d\u2019affection et d\u2019acceptation \u2014 distinct (non oppos\u00e9) du r\u00f4le \u00e9ducatif des parents. Montrez le visage mis\u00e9ricordieux de Dieu.<\/li>\n\n\n\n<li><strong>Familles :<\/strong>\u00a0Permettez et encouragez cette relation unique. N\u2019utilisez pas les grands-parents comme simples \u00ab baby-sitters \u00bb. Valorisez leur amour comme un cadeau unique pour vos enfants.<\/li>\n\n\n\n<li><em>Fondement Th\u00e9ologique :<\/em>\u00a0Dieu est Amour (1 Jn 4:8). Votre capacit\u00e9 \u00e0 aimer sans exiger refl\u00e8te Son amour gratuit.<\/li>\n<\/ul>\n<\/li>\n\n\n\n<li><strong>\u00ab Soyez des Transmetteurs de Sagesse, pas seulement de Connaissances \u00bb (Pilier de la Prudence) :<\/strong>\n<ul class=\"wp-block-list\">\n<li><strong>Grands-parents :<\/strong>\u00a0Partagez des le\u00e7ons de vie, pas seulement des faits. Enseignez la valeur de la patience, de l\u2019honn\u00eatet\u00e9, du pardon, de la pers\u00e9v\u00e9rance \u00e0 partir de votre exp\u00e9rience.<\/li>\n\n\n\n<li><strong>Petits-enfants :<\/strong>\u00a0\u00c9coutez avec respect. Apprenez de leurs erreurs et succ\u00e8s. Leurs \u00ab conseils \u00bb sont assaisonn\u00e9s par des d\u00e9cennies de vie.<\/li>\n\n\n\n<li><em>Fondement Th\u00e9ologique :<\/em>\u00a0La sagesse vient avec les ann\u00e9es (Jb 12:12). C\u2019est un don de l\u2019Esprit Saint cultiv\u00e9 \u00e0 l\u2019\u00e9cole de la vie.<\/li>\n<\/ul>\n<\/li>\n\n\n\n<li><strong>\u00ab Soyez des Ponts, pas des Murs \u00bb (Pilier de l\u2019Unit\u00e9) :<\/strong>\n<ul class=\"wp-block-list\">\n<li><strong>Grands-parents :<\/strong>\u00a0Aidez \u00e0 gu\u00e9rir les blessures familiales l\u00e0 o\u00f9 elles existent. Favorisez la r\u00e9conciliation. Ne semez jamais la division entre parents et enfants.<\/li>\n\n\n\n<li><strong>Familles :<\/strong>\u00a0Reconnaissez leur r\u00f4le unique comme facteurs d\u2019unit\u00e9, surtout dans les familles s\u00e9par\u00e9es ou recompos\u00e9es. Facilitez le contact.<\/li>\n\n\n\n<li><em>Fondement Th\u00e9ologique :<\/em>\u00a0Le Christ est venu unir ce qui \u00e9tait divis\u00e9 (Ep 2:14). Votre vocation est d\u2019\u00eatre des artisans de paix et de communion.<\/li>\n<\/ul>\n<\/li>\n\n\n\n<li><strong>\u00ab Soyez des T\u00e9moins de l\u2019Esp\u00e9rance \u00bb (Pilier de la Foi Eschatologique) :<\/strong>\n<ul class=\"wp-block-list\">\n<li><strong>Grands-parents :<\/strong>\u00a0Affrontez les fragilit\u00e9s et la proximit\u00e9 de la mort avec paix et confiance en Dieu. Parlez avec naturel et foi de la vie \u00e9ternelle. Votre s\u00e9r\u00e9nit\u00e9 est un \u00e9vangile vivant.<\/li>\n\n\n\n<li><strong>Familles :<\/strong>\u00a0Accompagnez-les dans leur fragilit\u00e9 avec respect et tendresse. Laissez-les vous apprendre \u00e0 vivre dignement jusqu\u2019au bout.<\/li>\n\n\n\n<li><em>Fondement Th\u00e9ologique :<\/em>\u00a0Notre cit\u00e9 se trouve dans les cieux (Ph 3:20). Vous, plus que quiconque, pointez vers la Patrie d\u00e9finitive.<\/li>\n<\/ul>\n<\/li>\n\n\n\n<li><strong>\u00ab Soyez des Disciples jusqu\u2019\u00e0 la Fin \u00bb (Pilier de la Formation Permanente) :<\/strong>\n<ul class=\"wp-block-list\">\n<li><strong>Grands-parents :<\/strong>\u00a0Ne cessez jamais d\u2019approfondir votre foi. Lisez, rejoignez des groupes paroissiaux si possible, \u00e9coutez des enseignements. Votre soif de Dieu doit rester vivante.<\/li>\n\n\n\n<li><strong>Paroisses :<\/strong>\u00a0Cr\u00e9ez des espaces et minist\u00e8res\u00a0<em>pour<\/em>\u00a0et\u00a0<em>avec<\/em>\u00a0les grands-parents ! Pas seulement du \u00ab soutien aux a\u00een\u00e9s \u00bb mais des groupes de pri\u00e8re, \u00e9tudes bibliques, services adapt\u00e9s.<\/li>\n\n\n\n<li><em>Fondement Th\u00e9ologique :<\/em>\u00a0La sanctification est un processus continu (1 Th 4:3). On ne cesse jamais d\u2019\u00eatre disciple du Christ.<\/li>\n<\/ul>\n<\/li>\n<\/ol>\n\n\n\n<h3 class=\"wp-block-heading\"><strong>Application dans le Contexte Actuel : Un Baume pour Notre Temps<\/strong><\/h3>\n\n\n\n<p>Dans une soci\u00e9t\u00e9 marqu\u00e9e par :<\/p>\n\n\n\n<ul class=\"wp-block-list\">\n<li><strong>Des familles fragment\u00e9es :<\/strong>\u00a0Joachim et Anne sont mod\u00e8les de stabilit\u00e9 et d\u2019enracinement.<\/li>\n\n\n\n<li><strong>Une crise de transmission des valeurs et de la foi :<\/strong>\u00a0Ils sont patrons de la cat\u00e9ch\u00e8se familiale primaire.<\/li>\n\n\n\n<li><strong>La solitude des personnes \u00e2g\u00e9es :<\/strong>\u00a0Leur f\u00eate (26 juillet : Sainte Anne ; Saint Joachim est f\u00eat\u00e9 avec elle) nous appelle \u00e0 les int\u00e9grer, leur rendre visite, les honorer.<\/li>\n\n\n\n<li><strong>La perte du sens de la souffrance et de l\u2019attente :<\/strong>\u00a0Leur histoire enseigne que le temps de Dieu est parfait et la souffrance offerte est f\u00e9conde.<\/li>\n<\/ul>\n\n\n\n<p><strong>Comment les honorer aujourd\u2019hui ?<\/strong><\/p>\n\n\n\n<ul class=\"wp-block-list\">\n<li><strong>Grands-parents :<\/strong>\u00a0Embrassez votre vocation avec une sainte fiert\u00e9 ! Vous \u00eates essentiels.<\/li>\n\n\n\n<li><strong>Petits-enfants :<\/strong>\u00a0Appelez, visitez, \u00e9coutez, embrassez vos grands-parents. Dites \u00ab merci \u00bb.<\/li>\n\n\n\n<li><strong>Parents :<\/strong>\u00a0Facilitez et encouragez les relations grands-parents\/petits-enfants. C\u2019est un cadeau pour tous.<\/li>\n\n\n\n<li><strong>Paroisses :<\/strong>\u00a0C\u00e9l\u00e9brez leur f\u00eate solennellement. Cr\u00e9ez un \u00ab coin de Saints Joachim et Anne \u00bb. Organisez une \u00ab b\u00e9n\u00e9diction des grands-parents \u00bb.<\/li>\n\n\n\n<li><strong>Tous :<\/strong>\u00a0Priez cette pri\u00e8re :<br><em>\u00ab Saints Joachim et Anne, qui avez \u00e9duqu\u00e9 la M\u00e8re du Sauveur, interc\u00e9dez pour tous les grands-parents. Qu\u2019ils transmettent la foi aux nouvelles g\u00e9n\u00e9rations avec sagesse et amour. Qu\u2019ils trouvent dans leurs familles respect, affection et une place d\u2019honneur. Amen. \u00bb<\/em><\/li>\n<\/ul>\n\n\n\n<h3 class=\"wp-block-heading\"><strong>Conclusion : Les Saints Arri\u00e8re-Grands-Parents qui Continuent de Tisser<\/strong><\/h3>\n\n\n\n<p>Saints Joachim et Anne ne sont pas des reliques du pass\u00e9. Ils sont&nbsp;<strong>des phares pour notre pr\u00e9sent et notre avenir<\/strong>. Dans un monde qui vieillit mais ne sait pas valoriser la vieillesse, ils proclament la dignit\u00e9 \u00e9ternelle de chaque personne, la beaut\u00e9 d\u2019une vie remise \u00e0 Dieu, et l\u2019immense pouvoir de l\u2019amour familial traversant les g\u00e9n\u00e9rations. Ils incarnent le mod\u00e8le des grands-parents qui prient, accueillent, racontent des histoires de foi, aiment sans mesure et esp\u00e8rent contre toute esp\u00e9rance.<\/p>\n\n\n\n<p><strong>Aujourd\u2019hui plus que jamais, nous avons besoin de Joachim et d\u2019Anne dans nos foyers.<\/strong>&nbsp;Nous avons besoin de leurs mains rid\u00e9es qui b\u00e9nissent, de leurs voix chantant de vieilles berceuses et des psaumes, de leurs yeux ayant travers\u00e9 des temp\u00eates et brillant encore de la lumi\u00e8re de la R\u00e9surrection. Eux, les grands-parents du Dieu fait homme, sont les patrons qui nous rappellent :&nbsp;<strong>La famille qui prie ensemble, honore ses a\u00een\u00e9s et transmet la foi est la famille o\u00f9 le Christ continue de na\u00eetre, g\u00e9n\u00e9ration apr\u00e8s g\u00e9n\u00e9ration.<\/strong><\/p>\n\n\n\n<p><em>Connaissez-vous un \u00ab Joachim \u00bb ou une \u00ab Anne \u00bb dans votre vie ? Aujourd\u2019hui est le jour de les remercier, de les serrer fort dans vos bras, de vous asseoir \u00e0 leurs c\u00f4t\u00e9s et de dire : \u00ab Raconte-moi&#8230; \u00bb. Car dans leurs histoires, bat le c\u0153ur de l\u2019Histoire du Salut.<\/em><\/p>\n","protected":false},"excerpt":{"rendered":"<p>D\u00e9couvrez comment ces piliers oubli\u00e9s sont le mod\u00e8le c\u00e9leste pour les grands-parents d\u2019aujourd\u2019hui Dans un monde qui idol\u00e2tre la jeunesse et la productivit\u00e9, o\u00f9 les personnes \u00e2g\u00e9es sont souvent marginalis\u00e9es ou rel\u00e9gu\u00e9es dans l\u2019oubli, l\u2019\u00c9glise nous pr\u00e9sente deux figures lumineuses :&nbsp;Saint Joachim et Sainte Anne, parents de la Vierge Marie et grands-parents de J\u00e9sus. Plus &hellip;<\/p>\n","protected":false},"author":3,"featured_media":4720,"comment_status":"open","ping_status":"open","sticky":false,"template":"","format":"standard","meta":{"_seopress_robots_primary_cat":"","_seopress_titles_title":"","_seopress_titles_desc":"","_seopress_robots_index":"","footnotes":""},"categories":[40,61],"tags":[1576],"class_list":["post-4719","post","type-post","status-publish","format-standard","has-post-thumbnail","","category-priere-et-spiritualite","category-saints-et-calendrier-liturgique","tag-saints-joachim-et-anne"],"_links":{"self":[{"href":"https:\/\/catholicus.eu\/fr\/wp-json\/wp\/v2\/posts\/4719","targetHints":{"allow":["GET"]}}],"collection":[{"href":"https:\/\/catholicus.eu\/fr\/wp-json\/wp\/v2\/posts"}],"about":[{"href":"https:\/\/catholicus.eu\/fr\/wp-json\/wp\/v2\/types\/post"}],"author":[{"embeddable":true,"href":"https:\/\/catholicus.eu\/fr\/wp-json\/wp\/v2\/users\/3"}],"replies":[{"embeddable":true,"href":"https:\/\/catholicus.eu\/fr\/wp-json\/wp\/v2\/comments?post=4719"}],"version-history":[{"count":1,"href":"https:\/\/catholicus.eu\/fr\/wp-json\/wp\/v2\/posts\/4719\/revisions"}],"predecessor-version":[{"id":4721,"href":"https:\/\/catholicus.eu\/fr\/wp-json\/wp\/v2\/posts\/4719\/revisions\/4721"}],"wp:featuredmedia":[{"embeddable":true,"href":"https:\/\/catholicus.eu\/fr\/wp-json\/wp\/v2\/media\/4720"}],"wp:attachment":[{"href":"https:\/\/catholicus.eu\/fr\/wp-json\/wp\/v2\/media?parent=4719"}],"wp:term":[{"taxonomy":"category","embeddable":true,"href":"https:\/\/catholicus.eu\/fr\/wp-json\/wp\/v2\/categories?post=4719"},{"taxonomy":"post_tag","embeddable":true,"href":"https:\/\/catholicus.eu\/fr\/wp-json\/wp\/v2\/tags?post=4719"}],"curies":[{"name":"wp","href":"https:\/\/api.w.org\/{rel}","templated":true}]}}