{"id":4680,"date":"2025-07-20T15:09:02","date_gmt":"2025-07-20T13:09:02","guid":{"rendered":"https:\/\/catholicus.eu\/fr\/?p=4680"},"modified":"2025-07-20T15:09:03","modified_gmt":"2025-07-20T13:09:03","slug":"mortalium-animos-pie-xi-et-le-danger-du-faux-oecumenisme","status":"publish","type":"post","link":"https:\/\/catholicus.eu\/fr\/mortalium-animos-pie-xi-et-le-danger-du-faux-oecumenisme\/","title":{"rendered":"Mortalium Animos : Pie XI et le danger du faux \u0153cum\u00e9nisme"},"content":{"rendered":"\n<p><em>Un guide th\u00e9ologique et pastoral pour les temps de confusion spirituelle<\/em><\/p>\n\n\n\n<hr class=\"wp-block-separator has-alpha-channel-opacity\"\/>\n\n\n\n<h3 class=\"wp-block-heading\">Introduction : Qu\u2019est-ce que l\u2019\u0153cum\u00e9nisme et pourquoi est-ce important ?<\/h3>\n\n\n\n<p>\u00c0 notre \u00e9poque, il est courant d\u2019entendre des appels \u00e0 \u00ab l\u2019unit\u00e9 des chr\u00e9tiens \u00bb, \u00e0 \u00ab construire des ponts \u00bb entre les religions, ou encore \u00e0 d\u00e9passer \u00ab les divisions du pass\u00e9 \u00bb pour avancer vers une \u00ab fraternit\u00e9 universelle \u00bb. Ces termes, qui peuvent sembler bien intentionn\u00e9s, cachent souvent une dangereuse ambigu\u00eft\u00e9 th\u00e9ologique. Quel type d\u2019unit\u00e9 recherchons-nous ? \u00c0 quel prix ? Quelle place tient la V\u00e9rit\u00e9 r\u00e9v\u00e9l\u00e9e dans ces dialogues ?<\/p>\n\n\n\n<p>Pour r\u00e9pondre \u00e0 ces questions, l\u2019\u00c9glise dispose d\u2019un guide clair et proph\u00e9tique : l\u2019encyclique <strong><em>Mortalium Animos<\/em><\/strong>, publi\u00e9e par le pape <strong>Pie XI<\/strong> le 6 janvier 1928. Ce document, souvent oubli\u00e9 ou ignor\u00e9, offre un enseignement lumineux sur le vrai sens de l\u2019unit\u00e9 chr\u00e9tienne et d\u00e9nonce avec courage le danger du <strong>faux \u0153cum\u00e9nisme<\/strong>.<\/p>\n\n\n\n<p>Dans cet article, nous allons plonger \u2014 sous un angle th\u00e9ologique et pastoral \u2014 dans le contexte, le contenu et l\u2019actualit\u00e9 de <em>Mortalium Animos<\/em>, d\u00e9couvrant comment son enseignement peut aujourd\u2019hui nous guider au milieu de la confusion doctrinale et religieuse qui nous entoure.<\/p>\n\n\n\n<hr class=\"wp-block-separator has-alpha-channel-opacity\"\/>\n\n\n\n<h3 class=\"wp-block-heading\">1. Contexte historique : l\u2019\u00c9glise face aux premiers mouvements \u0153cum\u00e9niques<\/h3>\n\n\n\n<p>Au d\u00e9but du XXe si\u00e8cle, apparaissent en Europe et en Am\u00e9rique les \u00ab conf\u00e9rences de Foi et Constitution \u00bb, promues par des communaut\u00e9s protestantes qui cherchaient une forme d\u2019unit\u00e9 entre les nombreuses d\u00e9nominations chr\u00e9tiennes. Ainsi na\u00eet le <strong>mouvement \u0153cum\u00e9nique<\/strong>, avec pour but de rassembler tous les croyants en Christ dans une sorte de f\u00e9d\u00e9ration spirituelle, tout en respectant leurs diff\u00e9rences doctrinales.<\/p>\n\n\n\n<p>Dans bien des cas, ce mouvement ne partait pas de la V\u00e9rit\u00e9 r\u00e9v\u00e9l\u00e9e ni du d\u00e9sir de conversion \u00e0 l\u2019unique \u00c9glise fond\u00e9e par le Christ, mais plut\u00f4t d\u2019un <strong>relativisme doctrinal<\/strong>, sous le slogan que toutes les religions contiennent une part de v\u00e9rit\u00e9, et que l\u2019essentiel est ce qui unit, non ce qui divise.<\/p>\n\n\n\n<p>L\u2019\u00c9glise catholique, m\u00e8re et ma\u00eetresse de la v\u00e9rit\u00e9, ne pouvait garder le silence face \u00e0 cette dangereuse d\u00e9rive. C\u2019est alors que le pape Pie XI, avec sagesse pastorale et fermet\u00e9 doctrinale, publia <strong><em>Mortalium Animos<\/em><\/strong>, adress\u00e9e \u00e0 tous les fid\u00e8les pour clarifier ce que signifie vraiment l\u2019unit\u00e9 voulue par Dieu.<\/p>\n\n\n\n<hr class=\"wp-block-separator has-alpha-channel-opacity\"\/>\n\n\n\n<h3 class=\"wp-block-heading\">2. Le c\u0153ur de <em>Mortalium Animos<\/em> : l\u2019unit\u00e9 n\u2019est possible que dans la V\u00e9rit\u00e9<\/h3>\n\n\n\n<p>Pie XI commence son encyclique par une observation pleine d\u2019esp\u00e9rance : beaucoup souhaitent l\u2019unit\u00e9 entre les chr\u00e9tiens. Mais il avertit rapidement que tous ne comprennent pas la m\u00eame chose par \u00ab unit\u00e9 \u00bb. Certains proposent des \u00ab r\u00e9unions, congr\u00e8s et discours \u00bb o\u00f9 l\u2019on relativise la doctrine afin de trouver un d\u00e9nominateur commun minimal. Le pape r\u00e9pond avec clart\u00e9 :<\/p>\n\n\n\n<blockquote class=\"wp-block-quote is-layout-flow wp-block-quote-is-layout-flow\">\n<p>\u00ab Il n\u2019est pas permis de promouvoir l\u2019union des chr\u00e9tiens d\u2019une autre mani\u00e8re qu\u2019en favorisant <strong>le retour des dissidents<\/strong> \u00e0 l\u2019unique \u00c9glise du Christ, qu\u2019ils ont malheureusement quitt\u00e9e. \u00bb<br>(<em>Mortalium Animos<\/em>, n. 10)<\/p>\n<\/blockquote>\n\n\n\n<p>Cette phrase cl\u00e9 r\u00e9sume le principe catholique du v\u00e9ritable \u0153cum\u00e9nisme : l\u2019<strong>unit\u00e9 se r\u00e9alise autour de la V\u00e9rit\u00e9 r\u00e9v\u00e9l\u00e9e par Dieu<\/strong>, conserv\u00e9e sans erreur par l\u2019\u00c9glise catholique \u2014 et non par des pactes diplomatiques ni par des silences complaisants.<\/p>\n\n\n\n<p>Le Saint-P\u00e8re explique que l\u2019\u00c9glise du Christ <strong>n\u2019est pas un id\u00e9al invisible<\/strong>, ni une simple communion de sentiments, mais une <strong>r\u00e9alit\u00e9 visible et hi\u00e9rarchique<\/strong>, fond\u00e9e par J\u00e9sus-Christ sur Pierre :<\/p>\n\n\n\n<blockquote class=\"wp-block-quote is-layout-flow wp-block-quote-is-layout-flow\">\n<p>\u00ab La v\u00e9ritable \u00c9glise de J\u00e9sus-Christ est celle qui a \u00e9t\u00e9 \u00e9tablie par le m\u00eame R\u00e9dempteur, \u00e9difi\u00e9e sur Pierre, chef visible, et ses successeurs\u2026 \u00bb<br>(<em>Mortalium Animos<\/em>, n. 8)<\/p>\n<\/blockquote>\n\n\n\n<hr class=\"wp-block-separator has-alpha-channel-opacity\"\/>\n\n\n\n<h3 class=\"wp-block-heading\">3. Fondement biblique : l\u2019unit\u00e9 voulue par le Christ<\/h3>\n\n\n\n<p>Beaucoup de ceux qui promeuvent le faux \u0153cum\u00e9nisme citent la pri\u00e8re de J\u00e9sus au cours de la Derni\u00e8re C\u00e8ne :<\/p>\n\n\n\n<blockquote class=\"wp-block-quote is-layout-flow wp-block-quote-is-layout-flow\">\n<p>\u00ab P\u00e8re, qu\u2019ils soient un \u00bb (Jean 17,21).<\/p>\n<\/blockquote>\n\n\n\n<p>Mais ils oublient que cette unit\u00e9 est une <strong>unit\u00e9 dans la foi et dans la charit\u00e9<\/strong>, comme le dit saint Paul :<\/p>\n\n\n\n<blockquote class=\"wp-block-quote is-layout-flow wp-block-quote-is-layout-flow\">\n<p>\u00ab Un seul Seigneur, une seule foi, un seul bapt\u00eame \u00bb (\u00c9ph\u00e9siens 4,5).<\/p>\n<\/blockquote>\n\n\n\n<p>Le Christ n\u2019a pas pri\u00e9 pour que ses disciples cr\u00e9ent diff\u00e9rentes versions de l\u2019\u00c9vangile, ni pour que coexistent plusieurs \u00c9glises aux doctrines contradictoires. Il a pri\u00e9 pour que tous vivent <strong>dans la m\u00eame V\u00e9rit\u00e9<\/strong>, car <strong>Lui-m\u00eame est la V\u00e9rit\u00e9<\/strong> (cf. Jean 14,6).<\/p>\n\n\n\n<p>Pie XI insiste sur le fait que la v\u00e9ritable unit\u00e9 ne peut \u00eatre construite au d\u00e9triment de la V\u00e9rit\u00e9 r\u00e9v\u00e9l\u00e9e. La charit\u00e9 chr\u00e9tienne ne consiste pas \u00e0 tol\u00e9rer l\u2019erreur, mais \u00e0 inviter le fr\u00e8re \u00e0 embrasser la pl\u00e9nitude de la V\u00e9rit\u00e9 qui sauve.<\/p>\n\n\n\n<hr class=\"wp-block-separator has-alpha-channel-opacity\"\/>\n\n\n\n<h3 class=\"wp-block-heading\">4. Th\u00e9ologie du v\u00e9ritable \u0153cum\u00e9nisme : conversion, non syncr\u00e9tisme<\/h3>\n\n\n\n<p>Le faux \u0153cum\u00e9nisme promeut une sorte de <strong>syncr\u00e9tisme<\/strong> ou de m\u00e9lange doctrinal qui pr\u00e9tend respecter toutes les croyances, m\u00eame lorsqu\u2019elles se contredisent. Cette attitude conduit \u00e0 la dilution des dogmes, \u00e0 la minimisation des sacrements, \u00e0 la relativisation de l\u2019autorit\u00e9 du Pape et au d\u00e9ni du r\u00f4le exclusif de l\u2019\u00c9glise comme moyen de salut.<\/p>\n\n\n\n<p>En revanche, <em>Mortalium Animos<\/em> enseigne que le seul \u0153cum\u00e9nisme l\u00e9gitime est celui qui invite, avec charit\u00e9 et clart\u00e9, <strong>au retour de tous les chr\u00e9tiens s\u00e9par\u00e9s dans l\u2019unique v\u00e9ritable \u00c9glise<\/strong>. Autrement dit, \u00e0 leur <strong>conversion<\/strong>. Comme le dit l\u2019encyclique :<\/p>\n\n\n\n<blockquote class=\"wp-block-quote is-layout-flow wp-block-quote-is-layout-flow\">\n<p>\u00ab L\u2019union des chr\u00e9tiens ne peut \u00eatre favoris\u00e9e autrement qu\u2019en \u0153uvrant pour les conduire <strong>au bercail du Christ<\/strong>. \u00bb<br>(<em>Mortalium Animos<\/em>, n. 10)<\/p>\n<\/blockquote>\n\n\n\n<p>Cette doctrine a \u00e9t\u00e9 r\u00e9affirm\u00e9e par le Concile Vatican II dans le <strong>d\u00e9cret Unitatis Redintegratio<\/strong> (n. 3), bien que plus tard elle ait \u00e9t\u00e9 mal interpr\u00e9t\u00e9e par beaucoup, comme si toutes les \u00c9glises \u00e9taient \u00e9galement valables. Ce n\u2019est pas le cas.<\/p>\n\n\n\n<hr class=\"wp-block-separator has-alpha-channel-opacity\"\/>\n\n\n\n<h3 class=\"wp-block-heading\">5. Applications pratiques : comment vivre la v\u00e9ritable unit\u00e9 aujourd\u2019hui<\/h3>\n\n\n\n<p>Dans un monde de plus en plus pluraliste et relativiste, les catholiques fid\u00e8les doivent avoir une boussole claire. Comment vivre cet appel \u00e0 l\u2019unit\u00e9 sans tomber dans l\u2019erreur ?<\/p>\n\n\n\n<h4 class=\"wp-block-heading\">a) <strong>Aimer la V\u00e9rit\u00e9 par-dessus tout<\/strong><\/h4>\n\n\n\n<p>On ne peut v\u00e9ritablement aimer son prochain si on ne l\u2019aime pas dans la v\u00e9rit\u00e9. C\u00e9der sur les dogmes ou se taire par respect humain, c\u2019est trahir l\u2019\u00c9vangile. La charit\u00e9 ne s\u2019oppose pas \u00e0 la v\u00e9rit\u00e9 ; elle l\u2019exige.<\/p>\n\n\n\n<h4 class=\"wp-block-heading\">b) <strong>Se former dans la foi catholique<\/strong><\/h4>\n\n\n\n<p>On ne peut d\u00e9fendre la foi si on ne la conna\u00eet pas. Il est urgent de revenir \u00e0 l\u2019\u00e9tude du Cat\u00e9chisme, des encycliques papales, et surtout des documents oubli\u00e9s comme <em>Mortalium Animos<\/em>. Se former est un devoir moral.<\/p>\n\n\n\n<h4 class=\"wp-block-heading\">c) <strong>Prier pour la conversion des non-catholiques<\/strong><\/h4>\n\n\n\n<p>La pri\u00e8re est l\u2019\u00e2me du v\u00e9ritable \u0153cum\u00e9nisme. Non pas pour que \u00ab chacun vive en paix avec sa propre v\u00e9rit\u00e9 \u00bb, mais pour que <strong>tous parviennent \u00e0 conna\u00eetre et embrasser le Christ dans la pl\u00e9nitude de la foi catholique<\/strong>.<\/p>\n\n\n\n<h4 class=\"wp-block-heading\">d) <strong>\u00c9viter les c\u00e9l\u00e9brations interreligieuses ambigu\u00ebs<\/strong><\/h4>\n\n\n\n<p>Participer \u00e0 des actes religieux avec d\u2019autres confessions, sans t\u00e9moignage clair de la foi catholique, peut scandaliser et semer la confusion. La foi ne se n\u00e9gocie pas, ni ne se cache.<\/p>\n\n\n\n<h4 class=\"wp-block-heading\">e) <strong>Miser sur la clart\u00e9 et la charit\u00e9<\/strong><\/h4>\n\n\n\n<p>On peut dialoguer avec tous, mais sans renoncer \u00e0 proclamer que hors de l\u2019\u00c9glise, il n\u2019y a pas de salut ordinaire (extra Ecclesiam nulla salus), comme l\u2019ont enseign\u00e9 les P\u00e8res, les Conciles et les Papes.<\/p>\n\n\n\n<hr class=\"wp-block-separator has-alpha-channel-opacity\"\/>\n\n\n\n<h3 class=\"wp-block-heading\">6. Un message pour notre temps : clart\u00e9 face \u00e0 la confusion<\/h3>\n\n\n\n<p>Aujourd\u2019hui plus que jamais, alors que m\u00eame au sein de l\u2019\u00c9glise se l\u00e8vent des voix promouvant un \u0153cum\u00e9nisme sentimental, \u00e9tranger \u00e0 l\u2019\u00c9vangile et \u00e0 la Tradition, <strong><em>Mortalium Animos<\/em><\/strong> r\u00e9sonne avec force comme un appel \u00e0 la <strong>fid\u00e9lit\u00e9 et au discernement<\/strong>.<\/p>\n\n\n\n<p>Il ne s\u2019agit pas de m\u00e9priser les fr\u00e8res s\u00e9par\u00e9s, mais de leur montrer, avec humilit\u00e9 et conviction, le chemin vers la pl\u00e9nitude de la foi. Il s\u2019agit de dire avec saint Pierre :<\/p>\n\n\n\n<blockquote class=\"wp-block-quote is-layout-flow wp-block-quote-is-layout-flow\">\n<p>\u00ab Il n\u2019y a pas sous le ciel d\u2019autre nom donn\u00e9 aux hommes par lequel nous devions \u00eatre sauv\u00e9s \u00bb (Actes 4,12).<\/p>\n<\/blockquote>\n\n\n\n<p>Ce nom, c\u2019est <strong>J\u00e9sus-Christ<\/strong>, et son Corps Mystique subsiste <strong>uniquement<\/strong> dans l\u2019\u00c9glise catholique.<\/p>\n\n\n\n<hr class=\"wp-block-separator has-alpha-channel-opacity\"\/>\n\n\n\n<h3 class=\"wp-block-heading\">Conclusion : retourner aux sources, retourner au Christ<\/h3>\n\n\n\n<p>L\u2019encyclique <em>Mortalium Animos<\/em> n\u2019est pas un document du pass\u00e9, mais une proph\u00e9tie pour notre temps. Elle nous rappelle que l\u2019unit\u00e9 des chr\u00e9tiens ne peut \u00eatre le fruit d\u2019une n\u00e9gociation, mais d\u2019une conversion. Et que la v\u00e9ritable charit\u00e9 ne consiste pas \u00e0 cacher la v\u00e9rit\u00e9, mais \u00e0 l\u2019offrir avec mis\u00e9ricorde et fermet\u00e9.<\/p>\n\n\n\n<p>Au milieu d\u2019un monde fragment\u00e9, seule l\u2019\u00c9glise fond\u00e9e par le Christ a la mission et la gr\u00e2ce de rassembler tous les hommes dans <strong>une seule foi, une seule \u00c9glise, un seul bapt\u00eame<\/strong>. Voil\u00e0 l\u2019unit\u00e9 pour laquelle nous devons prier, \u0153uvrer et vivre.<\/p>\n\n\n\n<hr class=\"wp-block-separator has-alpha-channel-opacity\"\/>\n\n\n\n<p><strong>Pri\u00e8re finale :<\/strong><\/p>\n\n\n\n<blockquote class=\"wp-block-quote is-layout-flow wp-block-quote-is-layout-flow\">\n<p>Seigneur J\u00e9sus, Toi qui as pri\u00e9 pour l\u2019unit\u00e9 de Tes disciples,<br>accorde-nous la gr\u00e2ce de rester fid\u00e8les \u00e0 Ta v\u00e9rit\u00e9.<br>Fais de nous des instruments de Ta lumi\u00e8re,<br>et accorde-nous, par l\u2019intercession de la Vierge Marie,<br>que tous les hommes parviennent \u00e0 la connaissance<br>et \u00e0 l\u2019amour de Ton \u00c9glise sainte.<br>Amen.<\/p>\n<\/blockquote>\n","protected":false},"excerpt":{"rendered":"<p>Un guide th\u00e9ologique et pastoral pour les temps de confusion spirituelle Introduction : Qu\u2019est-ce que l\u2019\u0153cum\u00e9nisme et pourquoi est-ce important ? \u00c0 notre \u00e9poque, il est courant d\u2019entendre des appels \u00e0 \u00ab l\u2019unit\u00e9 des chr\u00e9tiens \u00bb, \u00e0 \u00ab construire des ponts \u00bb entre les religions, ou encore \u00e0 d\u00e9passer \u00ab les divisions du pass\u00e9 \u00bb &hellip;<\/p>\n","protected":false},"author":3,"featured_media":4681,"comment_status":"open","ping_status":"open","sticky":false,"template":"","format":"standard","meta":{"_seopress_robots_primary_cat":"","_seopress_titles_title":"","_seopress_titles_desc":"","_seopress_robots_index":"","footnotes":""},"categories":[38,51],"tags":[1563],"class_list":["post-4680","post","type-post","status-publish","format-standard","has-post-thumbnail","","category-histoire-et-tradition","category-magistere-de-leglise","tag-mortalium-animos"],"_links":{"self":[{"href":"https:\/\/catholicus.eu\/fr\/wp-json\/wp\/v2\/posts\/4680","targetHints":{"allow":["GET"]}}],"collection":[{"href":"https:\/\/catholicus.eu\/fr\/wp-json\/wp\/v2\/posts"}],"about":[{"href":"https:\/\/catholicus.eu\/fr\/wp-json\/wp\/v2\/types\/post"}],"author":[{"embeddable":true,"href":"https:\/\/catholicus.eu\/fr\/wp-json\/wp\/v2\/users\/3"}],"replies":[{"embeddable":true,"href":"https:\/\/catholicus.eu\/fr\/wp-json\/wp\/v2\/comments?post=4680"}],"version-history":[{"count":1,"href":"https:\/\/catholicus.eu\/fr\/wp-json\/wp\/v2\/posts\/4680\/revisions"}],"predecessor-version":[{"id":4682,"href":"https:\/\/catholicus.eu\/fr\/wp-json\/wp\/v2\/posts\/4680\/revisions\/4682"}],"wp:featuredmedia":[{"embeddable":true,"href":"https:\/\/catholicus.eu\/fr\/wp-json\/wp\/v2\/media\/4681"}],"wp:attachment":[{"href":"https:\/\/catholicus.eu\/fr\/wp-json\/wp\/v2\/media?parent=4680"}],"wp:term":[{"taxonomy":"category","embeddable":true,"href":"https:\/\/catholicus.eu\/fr\/wp-json\/wp\/v2\/categories?post=4680"},{"taxonomy":"post_tag","embeddable":true,"href":"https:\/\/catholicus.eu\/fr\/wp-json\/wp\/v2\/tags?post=4680"}],"curies":[{"name":"wp","href":"https:\/\/api.w.org\/{rel}","templated":true}]}}