{"id":4653,"date":"2025-07-19T00:08:52","date_gmt":"2025-07-18T22:08:52","guid":{"rendered":"https:\/\/catholicus.eu\/fr\/?p=4653"},"modified":"2025-07-19T00:08:52","modified_gmt":"2025-07-18T22:08:52","slug":"ite-missa-est-la-mission-qui-commence-a-la-fin-de-la-messe","status":"publish","type":"post","link":"https:\/\/catholicus.eu\/fr\/ite-missa-est-la-mission-qui-commence-a-la-fin-de-la-messe\/","title":{"rendered":"Ite, missa est : La mission qui commence \u00e0 la fin de la Messe"},"content":{"rendered":"\n<p><em>D\u00e9couvrez pourquoi ces trois mots latins contiennent la cl\u00e9 de votre vie chr\u00e9tienne aujourd\u2019hui<\/em><\/p>\n\n\n\n<hr class=\"wp-block-separator has-alpha-channel-opacity\"\/>\n\n\n\n<h3 class=\"wp-block-heading\">Introduction : Trois mots qui ne marquent pas une fin, mais un commencement<\/h3>\n\n\n\n<p>Vous les avez probablement entendus des dizaines, peut-\u00eatre des centaines de fois \u00e0 la fin de la messe, presque sans y pr\u00eater attention. Ils sonnent solennels, anciens, myst\u00e9rieux : <em>Ite, missa est<\/em>. Beaucoup de fid\u00e8les les ont r\u00e9duits \u00e0 une simple formule de cong\u00e9, comme un \u201camen\u201d qui cl\u00f4t la c\u00e9l\u00e9bration. Mais en r\u00e9alit\u00e9, ces mots \u2014 aussi brefs que puissants \u2014 condensent des si\u00e8cles de tradition, une th\u00e9ologie profonde de la mission et un appel pressant \u00e0 vivre l\u2019\u00c9vangile dans le monde d\u2019aujourd\u2019hui.<\/p>\n\n\n\n<p>Cet article vous invite \u00e0 faire une pause, \u00e0 contempler et \u00e0 red\u00e9couvrir tout ce que signifie <em>Ite, missa est<\/em>. Car si nous comprenons vraiment ces mots, cela change notre mani\u00e8re de vivre la foi. Les comprendre, c\u2019est comprendre la messe. Et comprendre la messe, c\u2019est comprendre votre vie.<\/p>\n\n\n\n<hr class=\"wp-block-separator has-alpha-channel-opacity\"\/>\n\n\n\n<h3 class=\"wp-block-heading\">I. Histoire : De la liturgie ancienne \u00e0 la vie quotidienne<\/h3>\n\n\n\n<h4 class=\"wp-block-heading\">1. Que signifie <em>\u201cIte, missa est\u201d<\/em> ?<\/h4>\n\n\n\n<p>La phrase <em>Ite, missa est<\/em> est g\u00e9n\u00e9ralement traduite par \u201cAllez, la messe est termin\u00e9e.\u201d Mais il s\u2019agit l\u00e0 d\u2019une traduction pauvre et incompl\u00e8te. \u00c9tymologiquement, <em>missa<\/em> vient du verbe latin <em>mittere<\/em>, qui signifie \u201cenvoyer\u201d. Ainsi, une traduction plus fid\u00e8le serait : <strong>\u201cAllez, vous \u00eates envoy\u00e9s.\u201d<\/strong><\/p>\n\n\n\n<p>Depuis les premiers si\u00e8cles du christianisme, cette formule ne marquait pas simplement la conclusion du sacrifice eucharistique, mais la <strong>projection de la vie chr\u00e9tienne dans le monde<\/strong>. Le peuple de Dieu, nourri par la Parole et l\u2019Eucharistie, ne se dissout pas, mais se <strong>disperse avec une mission : transformer le monde avec la lumi\u00e8re du Christ<\/strong>.<\/p>\n\n\n\n<h4 class=\"wp-block-heading\">2. L\u2019usage liturgique traditionnel<\/h4>\n\n\n\n<p>Dans la messe tridentine (forme extraordinaire du rite romain), <em>Ite, missa est<\/em> reste la formule de cong\u00e9. Curieusement, bien qu\u2019elle se situe \u00e0 la fin, c\u2019est l\u2019une des expressions les plus anciennes du Missel. Son usage est attest\u00e9 d\u00e8s le IVe si\u00e8cle, \u00e0 une \u00e9poque o\u00f9 l\u2019\u00c9glise comprenait d\u00e9j\u00e0 la liturgie non comme un \u00e9v\u00e9nement isol\u00e9, mais comme le <strong>c\u0153ur de la vie chr\u00e9tienne<\/strong>.<\/p>\n\n\n\n<p>Le Concile Vatican II n\u2019a pas supprim\u00e9 cette expression, mais l\u2019a au contraire r\u00e9affirm\u00e9e et enrichie. L\u2019<strong>Instruction G\u00e9n\u00e9rale du Missel Romain<\/strong> pr\u00e9cise que le cong\u00e9 n\u2019est pas une cl\u00f4ture, mais \u201cune exhortation \u00e0 ce que les fid\u00e8les vivent ce qu\u2019ils ont c\u00e9l\u00e9br\u00e9.\u201d Le pape Beno\u00eet XVI a m\u00eame expliqu\u00e9 que de cette phrase d\u00e9rive le terme m\u00eame de \u201cmesse\u201d :<\/p>\n\n\n\n<blockquote class=\"wp-block-quote is-layout-flow wp-block-quote-is-layout-flow\">\n<p>\u201cLe mot <em>missa<\/em> s\u2019est impos\u00e9 au fil du temps comme le nom propre de l\u2019action liturgique dans son ensemble, car la mission commence \u00e0 la fin du rite.\u201d<br>(<em>Sacramentum Caritatis<\/em>, n. 51)<\/p>\n<\/blockquote>\n\n\n\n<hr class=\"wp-block-separator has-alpha-channel-opacity\"\/>\n\n\n\n<h3 class=\"wp-block-heading\">II. Th\u00e9ologie profonde : La messe ne se termine pas \u2014 elle se prolonge<\/h3>\n\n\n\n<h4 class=\"wp-block-heading\">1. Liturgie et mission, une seule r\u00e9alit\u00e9<\/h4>\n\n\n\n<p>L\u2019une des erreurs les plus fr\u00e9quentes est de penser que la liturgie est une parenth\u00e8se dans la vie, quelque chose de \u201cspirituel\u201d sans lien direct avec le quotidien. Mais la vision chr\u00e9tienne est toute autre : <strong>la messe est le c\u0153ur qui pompe le sang vers le reste du corps<\/strong>.<\/p>\n\n\n\n<p>Chaque participation \u00e0 la messe vous accorde une double gr\u00e2ce :<\/p>\n\n\n\n<ul class=\"wp-block-list\">\n<li><strong>La gr\u00e2ce sanctifiante de Dieu<\/strong>, qui vous unit plus profond\u00e9ment au Christ.<\/li>\n\n\n\n<li><strong>La gr\u00e2ce missionnaire de l\u2019envoi<\/strong>, qui vous propulse dans le monde comme t\u00e9moin.<\/li>\n<\/ul>\n\n\n\n<p>Saint Paul le dit avec force :<\/p>\n\n\n\n<blockquote class=\"wp-block-quote is-layout-flow wp-block-quote-is-layout-flow\">\n<p>\u201cL\u2019amour du Christ nous presse\u201d (2 Corinthiens 5,14).<\/p>\n<\/blockquote>\n\n\n\n<p>Il ne suffit pas de recevoir le Christ dans la communion. Nous devons <strong>devenir le Christ<\/strong> pour les autres. Et cela n\u2019est possible que si nous acceptons l\u2019appel de <em>Ite, missa est<\/em>.<\/p>\n\n\n\n<h4 class=\"wp-block-heading\">2. Le Christ, premier \u201cenvoy\u00e9\u201d<\/h4>\n\n\n\n<p>J\u00e9sus lui-m\u00eame fut l\u2019\u201cenvoy\u00e9\u201d du P\u00e8re :<\/p>\n\n\n\n<blockquote class=\"wp-block-quote is-layout-flow wp-block-quote-is-layout-flow\">\n<p>\u201cDe m\u00eame que le P\u00e8re m\u2019a envoy\u00e9, moi aussi je vous envoie\u201d (Jean 20,21).<\/p>\n<\/blockquote>\n\n\n\n<p>La messe est une participation \u00e0 cet envoi. \u00c0 sa conclusion, nous ne retournons pas \u00e0 une \u201cvie normale\u201d, mais <strong>nous devenons d\u2019autres Christ envoy\u00e9s dans le monde<\/strong>. Nous ne sommes plus de simples assistants : nous sommes <strong>t\u00e9moins du Ressuscit\u00e9<\/strong>, missionnaires dans nos familles, nos lieux de travail, nos quartiers et nos cercles.<\/p>\n\n\n\n<hr class=\"wp-block-separator has-alpha-channel-opacity\"\/>\n\n\n\n<h3 class=\"wp-block-heading\">III. Pastorale : Comment vivre cela aujourd\u2019hui ?<\/h3>\n\n\n\n<h4 class=\"wp-block-heading\">1. La messe n\u2019est pas une obligation \u2014 c\u2019est un entra\u00eenement<\/h4>\n\n\n\n<p>Beaucoup de catholiques vivent encore la messe comme une \u201cobligation dominicale\u201d. Ils y vont en vitesse, se laissent facilement distraire et attendent le cong\u00e9 comme on attend la sonnerie de fin des cours. Mais si nous comprenons <em>Ite, missa est<\/em> comme un <strong>envoi missionnaire<\/strong>, tout change.<\/p>\n\n\n\n<p>La messe est le <strong>centre d\u2019op\u00e9rations de la vie chr\u00e9tienne<\/strong>. On y re\u00e7oit la force, la direction, la nourriture et la communaut\u00e9 n\u00e9cessaires pour <strong>vivre au milieu d\u2019un monde bless\u00e9<\/strong>.<\/p>\n\n\n\n<p>Posez-vous la question : Comment est-ce que je sors de la messe ? Motiv\u00e9 ? Transform\u00e9 ? Ou simplement soulag\u00e9 d\u2019avoir \u201cfait mon devoir\u201d ?<\/p>\n\n\n\n<h4 class=\"wp-block-heading\">2. Applications concr\u00e8tes du \u201cIte\u201d dans la vie quotidienne<\/h4>\n\n\n\n<ul class=\"wp-block-list\">\n<li><strong>Dans votre famille<\/strong> : Apportez la paix, le pardon, l\u2019amour concret. Faites de votre maison un prolongement de la messe.<\/li>\n\n\n\n<li><strong>Dans votre travail<\/strong> : Soyez juste, honn\u00eate, g\u00e9n\u00e9reux. T\u00e9moignez non par des discours, mais par votre pr\u00e9sence.<\/li>\n\n\n\n<li><strong>Dans votre paroisse<\/strong> : Ne soyez pas seulement spectateur. Participez, collaborez, \u00e9vang\u00e9lisez par l\u2019exemple.<\/li>\n\n\n\n<li><strong>Dans le monde<\/strong> : Soyez lumi\u00e8re l\u00e0 o\u00f9 il y a de l\u2019ombre. Et souvenez-vous : <strong>vous n\u2019\u00eates pas seul<\/strong>. Toute l\u2019\u00c9glise marche avec vous.<\/li>\n<\/ul>\n\n\n\n<hr class=\"wp-block-separator has-alpha-channel-opacity\"\/>\n\n\n\n<h3 class=\"wp-block-heading\">IV. Le d\u00e9fi actuel : \u00catre chr\u00e9tien 24h\/24, 7j\/7<\/h3>\n\n\n\n<p>Nous vivons une \u00e9poque o\u00f9 la foi n\u2019est plus \u00e9vidente ni confortable. \u00catre catholique aujourd\u2019hui demande du courage, de la formation et de la coh\u00e9rence. C\u2019est pourquoi, plus que jamais, le message de <em>Ite, missa est<\/em> est d\u2019une actualit\u00e9 br\u00fblante.<\/p>\n\n\n\n<p>Nous ne pouvons pas nous enfermer dans les sacristies ni utiliser la liturgie comme une \u00e9vasion. <strong>Nous devons sortir, comme Marie apr\u00e8s l\u2019annonce de l\u2019ange<\/strong>, pour porter le Christ \u201cen h\u00e2te\u201d (cf. Luc 1,39) \u00e0 ceux qui en ont besoin.<\/p>\n\n\n\n<p>Le pape Fran\u00e7ois l\u2019a exprim\u00e9 de fa\u00e7on percutante :<\/p>\n\n\n\n<blockquote class=\"wp-block-quote is-layout-flow wp-block-quote-is-layout-flow\">\n<p>\u201cJe pr\u00e9f\u00e8re une \u00c9glise accident\u00e9e, bless\u00e9e et sale pour \u00eatre sortie dans la rue, plut\u00f4t qu\u2019une \u00c9glise malade par enfermement et le confort de ses propres s\u00e9curit\u00e9s.\u201d<br>(<em>Evangelii Gaudium<\/em>, n. 49)<\/p>\n<\/blockquote>\n\n\n\n<hr class=\"wp-block-separator has-alpha-channel-opacity\"\/>\n\n\n\n<h3 class=\"wp-block-heading\">V. Conclusion : Un adieu qui est un commencement<\/h3>\n\n\n\n<p>La prochaine fois que vous entendrez <em>Ite, missa est<\/em>, ne pensez pas que la messe est finie. Au contraire : <strong>tout commence<\/strong>. Ces trois mots vous envoient, vous consacrent, vous propulsent. Ils r\u00e9sonnent comme l\u2019\u00e9cho des paroles du Christ tout au long de l\u2019\u00c9vangile : <strong>\u201cAllez.\u201d<\/strong><\/p>\n\n\n\n<blockquote class=\"wp-block-quote is-layout-flow wp-block-quote-is-layout-flow\">\n<p>\u201cAllez dans le monde entier. Proclamez l\u2019\u00c9vangile \u00e0 toute la cr\u00e9ation\u201d (Marc 16,15).<\/p>\n<\/blockquote>\n\n\n\n<p>Faites de votre vie un prolongement de la messe. Que vos paroles, vos gestes, vos choix et votre amour soient une hom\u00e9lie vivante. Car le monde a besoin de t\u00e9moins. Et vous, envoy\u00e9 par Dieu, pouvez en \u00eatre un.<\/p>\n\n\n\n<hr class=\"wp-block-separator has-alpha-channel-opacity\"\/>\n\n\n\n<h3 class=\"wp-block-heading\">Pri\u00e8re finale<\/h3>\n\n\n\n<p>Seigneur J\u00e9sus,<br>toi qui te rends pr\u00e9sent \u00e0 chaque messe<br>pour me nourrir de ton Corps et de ta Parole,<br>aide-moi \u00e0 sortir de chaque c\u00e9l\u00e9bration avec le feu au c\u0153ur<br>et la d\u00e9cision dans les pas.<br>Fais-moi comprendre que <em>Ite, missa est<\/em><br>est un appel \u00e0 transformer mon entourage,<br>\u00e0 \u00eatre lumi\u00e8re dans les t\u00e9n\u00e8bres,<br>sel au milieu du monde.<br>Que je ne reste pas assis sur le banc,<br>mais que je sorte pour t\u2019annoncer par ma vie.<br>Amen.<\/p>\n\n\n\n<hr class=\"wp-block-separator has-alpha-channel-opacity\"\/>\n\n\n\n<p>Et vous ? Allez-vous <strong>\u00e0<\/strong> la messe\u2026 ou allez-vous <strong>depuis<\/strong> la messe ?<\/p>\n\n\n\n<p><em>Ite, missa est<\/em> est l\u2019\u00e9tincelle qui allume le t\u00e9moignage.<br>Ne l\u2019\u00e9teignez pas. Laissez-la br\u00fbler. Et qu\u2019elle \u00e9claire le monde.<\/p>\n","protected":false},"excerpt":{"rendered":"<p>D\u00e9couvrez pourquoi ces trois mots latins contiennent la cl\u00e9 de votre vie chr\u00e9tienne aujourd\u2019hui Introduction : Trois mots qui ne marquent pas une fin, mais un commencement Vous les avez probablement entendus des dizaines, peut-\u00eatre des centaines de fois \u00e0 la fin de la messe, presque sans y pr\u00eater attention. Ils sonnent solennels, anciens, myst\u00e9rieux &hellip;<\/p>\n","protected":false},"author":3,"featured_media":4654,"comment_status":"open","ping_status":"open","sticky":false,"template":"","format":"standard","meta":{"_seopress_robots_primary_cat":"","_seopress_titles_title":"","_seopress_titles_desc":"","_seopress_robots_index":"","footnotes":""},"categories":[48,38],"tags":[1553,1554],"class_list":["post-4653","post","type-post","status-publish","format-standard","has-post-thumbnail","","category-histoire-de-leglise","category-histoire-et-tradition","tag-ite","tag-missa-est"],"_links":{"self":[{"href":"https:\/\/catholicus.eu\/fr\/wp-json\/wp\/v2\/posts\/4653","targetHints":{"allow":["GET"]}}],"collection":[{"href":"https:\/\/catholicus.eu\/fr\/wp-json\/wp\/v2\/posts"}],"about":[{"href":"https:\/\/catholicus.eu\/fr\/wp-json\/wp\/v2\/types\/post"}],"author":[{"embeddable":true,"href":"https:\/\/catholicus.eu\/fr\/wp-json\/wp\/v2\/users\/3"}],"replies":[{"embeddable":true,"href":"https:\/\/catholicus.eu\/fr\/wp-json\/wp\/v2\/comments?post=4653"}],"version-history":[{"count":1,"href":"https:\/\/catholicus.eu\/fr\/wp-json\/wp\/v2\/posts\/4653\/revisions"}],"predecessor-version":[{"id":4655,"href":"https:\/\/catholicus.eu\/fr\/wp-json\/wp\/v2\/posts\/4653\/revisions\/4655"}],"wp:featuredmedia":[{"embeddable":true,"href":"https:\/\/catholicus.eu\/fr\/wp-json\/wp\/v2\/media\/4654"}],"wp:attachment":[{"href":"https:\/\/catholicus.eu\/fr\/wp-json\/wp\/v2\/media?parent=4653"}],"wp:term":[{"taxonomy":"category","embeddable":true,"href":"https:\/\/catholicus.eu\/fr\/wp-json\/wp\/v2\/categories?post=4653"},{"taxonomy":"post_tag","embeddable":true,"href":"https:\/\/catholicus.eu\/fr\/wp-json\/wp\/v2\/tags?post=4653"}],"curies":[{"name":"wp","href":"https:\/\/api.w.org\/{rel}","templated":true}]}}