{"id":4629,"date":"2025-07-16T16:43:15","date_gmt":"2025-07-16T14:43:15","guid":{"rendered":"https:\/\/catholicus.eu\/fr\/?p=4629"},"modified":"2025-07-16T16:43:15","modified_gmt":"2025-07-16T14:43:15","slug":"combattre-la-secularisation-strategies-pour-une-catechese-contre-culturelle","status":"publish","type":"post","link":"https:\/\/catholicus.eu\/fr\/combattre-la-secularisation-strategies-pour-une-catechese-contre-culturelle\/","title":{"rendered":"Combattre la s\u00e9cularisation : Strat\u00e9gies pour une cat\u00e9ch\u00e8se contre-culturelle"},"content":{"rendered":"\n<h3 class=\"wp-block-heading\">Introduction : Le champ de bataille de la foi<\/h3>\n\n\n\n<p>La s\u00e9cularisation avance comme une mar\u00e9e silencieuse qui infiltre les consciences, les familles et les institutions. Nous ne vivons plus dans une \u00ab soci\u00e9t\u00e9 chr\u00e9tienne \u00bb, n\u2019en d\u00e9plaise \u00e0 ceux qui veulent entretenir cette illusion. Ce qui \u00e9tait autrefois un christianisme culturel s\u2019est \u00e9vapor\u00e9 en quelques d\u00e9cennies \u00e0 peine. Les \u00e9glises se vident, les sacrements sont abandonn\u00e9s, la morale catholique est ridiculis\u00e9e, et les nouvelles g\u00e9n\u00e9rations grandissent sans Dieu.<\/p>\n\n\n\n<p>Dans ce paysage assombri, il ne suffit plus de se plaindre ou d\u2019esp\u00e9rer des jours meilleurs. En tant qu\u2019\u00c9glise et baptis\u00e9s, nous sommes appel\u00e9s \u00e0 <strong>combattre la s\u00e9cularisation avec une cat\u00e9ch\u00e8se contre-culturelle<\/strong>, audacieuse, profonde, vivante, fid\u00e8le \u00e0 la Tradition et enti\u00e8rement centr\u00e9e sur le Christ. Cet article est un guide th\u00e9ologique et pastoral pour construire ce rempart spirituel dont le monde a d\u00e9sesp\u00e9r\u00e9ment besoin.<\/p>\n\n\n\n<hr class=\"wp-block-separator has-alpha-channel-opacity\"\/>\n\n\n\n<h2 class=\"wp-block-heading\">1. <strong>Qu\u2019est-ce que la s\u00e9cularisation et pourquoi est-elle dangereuse ?<\/strong><\/h2>\n\n\n\n<p>La s\u00e9cularisation n\u2019est pas simplement une baisse de religiosit\u00e9. C\u2019est <strong>l\u2019exclusion progressive de Dieu de la vie publique, culturelle, intellectuelle, puis personnelle<\/strong>. C\u2019est l\u2019id\u00e9e que la soci\u00e9t\u00e9 peut s\u2019organiser sans aucune r\u00e9f\u00e9rence au Cr\u00e9ateur, sans morale objective ni v\u00e9rit\u00e9 r\u00e9v\u00e9l\u00e9e. C\u2019est, en somme, le triomphe de l\u2019autosuffisance humaine sur l\u2019humilit\u00e9 de la foi.<\/p>\n\n\n\n<p>Depuis le Concile Vatican II \u2014 et surtout apr\u00e8s la r\u00e9volution culturelle de 1968 \u2014 cette tendance s\u2019est intensifi\u00e9e. Beno\u00eet XVI l\u2019a averti clairement : nous vivons sous une <strong>dictature du relativisme<\/strong>, o\u00f9 toutes les croyances sont consid\u00e9r\u00e9es comme valides\u2026 sauf celle qui affirme \u00eatre vraie.<\/p>\n\n\n\n<p>Le probl\u00e8me de fond n\u2019est pas sociologique, mais <strong>th\u00e9ologique et spirituel<\/strong> : lorsqu\u2019on exclut Dieu, l\u2019homme se d\u00e9truit lui-m\u00eame.<\/p>\n\n\n\n<hr class=\"wp-block-separator has-alpha-channel-opacity\"\/>\n\n\n\n<h2 class=\"wp-block-heading\">2. <strong>Une cat\u00e9ch\u00e8se contre-culturelle : revenir au feu de l\u2019\u00c9vangile<\/strong><\/h2>\n\n\n\n<p>Dans cet environnement hostile, la cat\u00e9ch\u00e8se ne peut pas \u00eatre une simple formation doctrinale superficielle. Elle doit \u00eatre <strong>une v\u00e9ritable initiation \u00e0 la vie chr\u00e9tienne<\/strong>, une \u00e9cole de saintet\u00e9, une armurerie pour le combat spirituel, un feu sem\u00e9 dans les c\u0153urs. La cat\u00e9ch\u00e8se contre-culturelle est radicale, non par id\u00e9ologie, mais par fid\u00e9lit\u00e9 \u00e0 l\u2019\u00c9vangile.<\/p>\n\n\n\n<p>Comme le dit saint Paul :<\/p>\n\n\n\n<blockquote class=\"wp-block-quote is-layout-flow wp-block-quote-is-layout-flow\">\n<p><em>\u00ab Ne vous conformez pas au monde pr\u00e9sent, mais soyez transform\u00e9s par le renouvellement de votre intelligence, afin de discerner quelle est la volont\u00e9 de Dieu : ce qui est bon, agr\u00e9able et parfait. \u00bb<\/em> (Romains 12,2)<\/p>\n<\/blockquote>\n\n\n\n<p>La cat\u00e9ch\u00e8se doit apprendre \u00e0 <strong>penser comme le Christ, vivre comme le Christ, souffrir avec le Christ et esp\u00e9rer avec le Christ<\/strong>. Elle ne forme pas des citoyens du monde, mais des enfants de Dieu. Elle ne produit pas des consommateurs religieux, mais des martyrs en puissance.<\/p>\n\n\n\n<hr class=\"wp-block-separator has-alpha-channel-opacity\"\/>\n\n\n\n<h2 class=\"wp-block-heading\">3. <strong>Fondements th\u00e9ologiques d\u2019une cat\u00e9ch\u00e8se militante<\/strong><\/h2>\n\n\n\n<p>Une cat\u00e9ch\u00e8se contre-culturelle repose sur <strong>trois piliers th\u00e9ologiques fondamentaux<\/strong> :<\/p>\n\n\n\n<h3 class=\"wp-block-heading\">a) <strong>Christocentrisme absolu<\/strong><\/h3>\n\n\n\n<p>J\u00e9sus-Christ n\u2019est pas un mod\u00e8le \u00e9thique parmi d\u2019autres. Il est le <strong>Seul Sauveur, l\u2019Alpha et l\u2019Om\u00e9ga, le Seigneur du temps et de l\u2019histoire<\/strong>. Toute cat\u00e9ch\u00e8se doit partir de la personne du Christ \u2014 sa vie, sa Croix, sa R\u00e9surrection et son r\u00e8gne glorieux.<\/p>\n\n\n\n<p>L\u2019enseignement ne peut \u00eatre r\u00e9duit \u00e0 des valeurs humaines. Il doit pr\u00e9senter la r\u00e9alit\u00e9 du Christ comme Seigneur et R\u00e9dempteur :<br><strong>\u00ab Personne ne peut poser un autre fondement que celui qui a \u00e9t\u00e9 pos\u00e9 : J\u00e9sus-Christ. \u00bb<\/strong> (1 Corinthiens 3,11)<\/p>\n\n\n\n<h3 class=\"wp-block-heading\">b) <strong>Fid\u00e9lit\u00e9 doctrinale sans concessions<\/strong><\/h3>\n\n\n\n<p>Le d\u00e9p\u00f4t de la foi n\u2019est pas n\u00e9gociable. Le cat\u00e9chiste n\u2019est pas un cr\u00e9atif, mais un <strong>transmetteur fid\u00e8le de la R\u00e9v\u00e9lation<\/strong>, enseignant en communion avec le Magist\u00e8re et la Tradition. La confusion doctrinale est un combustible pour la s\u00e9cularisation.<\/p>\n\n\n\n<p>Comme le rappelait saint Pie X dans <em>Pascendi<\/em>, le modernisme dissout la foi de l\u2019int\u00e9rieur. <strong>La seule r\u00e9ponse est la clart\u00e9, la coh\u00e9rence et le courage th\u00e9ologique<\/strong>.<\/p>\n\n\n\n<h3 class=\"wp-block-heading\">c) <strong>Vie eccl\u00e9siale et sacramentelle<\/strong><\/h3>\n\n\n\n<p>La foi n\u2019est ni priv\u00e9e ni individualiste. Elle se vit <strong>en communion avec l\u2019\u00c9glise<\/strong>, Corps du Christ, et se nourrit des sacrements. Une cat\u00e9ch\u00e8se contre-culturelle doit profond\u00e9ment ins\u00e9rer le cat\u00e9chis\u00e9 dans <strong>la liturgie, la pri\u00e8re, la p\u00e9nitence et la charit\u00e9 active<\/strong>.<\/p>\n\n\n\n<hr class=\"wp-block-separator has-alpha-channel-opacity\"\/>\n\n\n\n<h2 class=\"wp-block-heading\">4. <strong>Strat\u00e9gies pratiques pour une cat\u00e9ch\u00e8se contre-culturelle<\/strong><\/h2>\n\n\n\n<h3 class=\"wp-block-heading\">1. <strong>Des cat\u00e9chistes form\u00e9s et priants<\/strong><\/h3>\n\n\n\n<p>La cat\u00e9ch\u00e8se commence avec le cat\u00e9chiste. La bonne volont\u00e9 ne suffit pas. Il faut <strong>une formation th\u00e9ologique solide, une vie sacramentelle intense et une pri\u00e8re constante<\/strong>. Le cat\u00e9chiste n\u2019informe pas, il <strong>transmet la vie<\/strong>. Seul celui qui vit dans la gr\u00e2ce peut former des \u00e2mes pour l\u2019\u00e9ternit\u00e9.<\/p>\n\n\n\n<h3 class=\"wp-block-heading\">2. <strong>\u00c9vang\u00e9liser le langage : parler avec clart\u00e9, autorit\u00e9 et beaut\u00e9<\/strong><\/h3>\n\n\n\n<p>Il ne s\u2019agit pas de \u00ab s\u2019adapter au langage du monde \u00bb, mais de <strong>retrouver le langage de l\u2019\u00c9glise<\/strong>, en le rendant intelligible sans en diminuer la force. Les mots ont un poids : p\u00e9ch\u00e9, gr\u00e2ce, r\u00e9demption, enfer, saintet\u00e9, croix, chastet\u00e9\u2026 <strong>Ne les cachons pas<\/strong>. Au contraire, expliquons-les avec amour et fermet\u00e9.<\/p>\n\n\n\n<h3 class=\"wp-block-heading\">3. <strong>Former \u00e0 la r\u00e9sistance<\/strong><\/h3>\n\n\n\n<p>Les chr\u00e9tiens ne peuvent \u00eatre na\u00effs. D\u00e8s l\u2019enfance, ils doivent savoir que <strong>suivre le Christ, c\u2019est aller \u00e0 contre-courant<\/strong>. Il faut pr\u00e9parer les enfants, les jeunes et les adultes aux moqueries, aux pressions, \u00e0 la marginalisation, voire \u00e0 la pers\u00e9cution.<\/p>\n\n\n\n<p>Comme le dit J\u00e9sus lui-m\u00eame :<\/p>\n\n\n\n<blockquote class=\"wp-block-quote is-layout-flow wp-block-quote-is-layout-flow\">\n<p><em>\u00ab Si le monde vous hait, sachez qu\u2019il m\u2019a ha\u00ef avant vous\u2026 Vous n\u2019\u00eates pas du monde, voil\u00e0 pourquoi le monde vous hait. \u00bb<\/em> (Jean 15,18-19)<\/p>\n<\/blockquote>\n\n\n\n<h3 class=\"wp-block-heading\">4. <strong>Utiliser les m\u00e9dias num\u00e9riques avec discernement<\/strong><\/h3>\n\n\n\n<p>Les r\u00e9seaux sociaux, les films, les s\u00e9ries, la musique\u2026 sont <strong>des lieux de formation ou de d\u00e9formation<\/strong>. La cat\u00e9ch\u00e8se doit \u00e9duquer au discernement des m\u00e9dias et aussi <strong>cr\u00e9er du contenu contre-culturel de qualit\u00e9<\/strong> : podcasts, vid\u00e9os, publications, d\u00e9bats. L\u2019\u00e9vang\u00e9lisation num\u00e9rique est un domaine urgent.<\/p>\n\n\n\n<h3 class=\"wp-block-heading\">5. <strong>Retrouver la beaut\u00e9 liturgique et l\u2019art sacr\u00e9<\/strong><\/h3>\n\n\n\n<p>Rien ne forme plus profond\u00e9ment que <strong>la beaut\u00e9 habit\u00e9e par la foi<\/strong>. Une cat\u00e9ch\u00e8se qui introduit \u00e0 la messe traditionnelle, au chant gr\u00e9gorien, aux symboles sacr\u00e9s, au silence r\u00e9v\u00e9rencieux\u2026 \u00e9veille dans l\u2019\u00e2me le sens du sacr\u00e9 et la pr\u00e9pare \u00e0 l\u2019adoration.<\/p>\n\n\n\n<hr class=\"wp-block-separator has-alpha-channel-opacity\"\/>\n\n\n\n<h2 class=\"wp-block-heading\">5. <strong>Le r\u00f4le de la famille : premi\u00e8re tranch\u00e9e de l\u2019\u00e2me<\/strong><\/h2>\n\n\n\n<p>La famille chr\u00e9tienne est <strong>la premi\u00e8re \u00c9glise, la premi\u00e8re \u00e9cole, la premi\u00e8re tranch\u00e9e contre la s\u00e9cularisation<\/strong>. Sans familles solides, aucun effort cat\u00e9ch\u00e9tique ne portera de fruits. Il est urgent de former les parents pour qu\u2019ils soient <strong>pasteurs, proph\u00e8tes et pr\u00eatres dans leur foyer<\/strong>.<\/p>\n\n\n\n<p>Un enfant qui prie avec ses parents, qui voit son p\u00e8re s\u2019agenouiller, qui entend parler de Dieu \u00e0 la maison, sera mieux pr\u00e9par\u00e9 \u00e0 r\u00e9sister au poison du monde.<\/p>\n\n\n\n<hr class=\"wp-block-separator has-alpha-channel-opacity\"\/>\n\n\n\n<h2 class=\"wp-block-heading\">6. <strong>Et les jeunes ? Une \u00e9vang\u00e9lisation sans rabais<\/strong><\/h2>\n\n\n\n<p>On ne conquiert pas les jeunes avec du divertissement ni une musique \u00ab branch\u00e9e \u00bb, mais avec <strong>la v\u00e9rit\u00e9 enti\u00e8re de l\u2019\u00c9vangile, dite avec amour et sans rabais<\/strong>. Ils veulent des raisons de vivre \u2014 et plus encore, de mourir. Ils veulent appartenir \u00e0 une grande cause, pas \u00e0 un club sympathique.<\/p>\n\n\n\n<p>Le jeune catholique doit savoir qu\u2019il est <strong>cr\u00e9\u00e9 pour la gloire de Dieu, appel\u00e9 \u00e0 la saintet\u00e9 h\u00e9ro\u00efque et destin\u00e9 au Ciel<\/strong>. On ne peut lui offrir moins.<\/p>\n\n\n\n<hr class=\"wp-block-separator has-alpha-channel-opacity\"\/>\n\n\n\n<h2 class=\"wp-block-heading\">7. <strong>Combat spirituel : la cat\u00e9ch\u00e8se comme milice<\/strong><\/h2>\n\n\n\n<p>La foi ne se conserve pas passivement. Elle se combat. Saint Paul parle de \u00ab l\u2019armure de Dieu \u00bb (cf. \u00c9ph\u00e9siens 6). Chaque cat\u00e9ch\u00e8se doit inclure :<\/p>\n\n\n\n<ul class=\"wp-block-list\">\n<li>Un enseignement sur l\u2019existence du d\u00e9mon et la r\u00e9alit\u00e9 du p\u00e9ch\u00e9<\/li>\n\n\n\n<li>Une formation \u00e0 la pri\u00e8re personnelle et communautaire<\/li>\n\n\n\n<li>Un amour profond de la Vierge Marie et du Rosaire<\/li>\n\n\n\n<li>La confession fr\u00e9quente comme arme contre la ti\u00e9deur<\/li>\n\n\n\n<li>Le je\u00fbne, la mortification et les sacrifices offerts avec joie<\/li>\n<\/ul>\n\n\n\n<hr class=\"wp-block-separator has-alpha-channel-opacity\"\/>\n\n\n\n<h2 class=\"wp-block-heading\">8. <strong>L\u2019objectif : former des saints, pas des clients<\/strong><\/h2>\n\n\n\n<p>Le but de toute cat\u00e9ch\u00e8se est <strong>de former des saints<\/strong>, non des sympathisants. Et cela n\u2019est possible que si les cat\u00e9chis\u00e9s <strong>exp\u00e9rimentent que Dieu n\u2019est pas une id\u00e9e, mais une Personne vivante<\/strong>. La cat\u00e9ch\u00e8se contre-culturelle cherche la conversion du c\u0153ur, non seulement l\u2019information de l\u2019intellect.<\/p>\n\n\n\n<p>Comme le rappelle le Cat\u00e9chisme :<\/p>\n\n\n\n<blockquote class=\"wp-block-quote is-layout-flow wp-block-quote-is-layout-flow\">\n<p><em>\u00ab Le but d\u00e9finitif de la cat\u00e9ch\u00e8se est de mettre quelqu\u2019un non seulement en contact, mais en communion, en intimit\u00e9 avec J\u00e9sus-Christ. \u00bb<\/em> (CEC 426)<\/p>\n<\/blockquote>\n\n\n\n<hr class=\"wp-block-separator has-alpha-channel-opacity\"\/>\n\n\n\n<h2 class=\"wp-block-heading\">Conclusion : Allumer des brasiers dans la nuit<\/h2>\n\n\n\n<p>Nous vivons une \u00e9poque d\u2019apostasie silencieuse. Mais aussi une <strong>heure providentielle pour la saintet\u00e9<\/strong>. Dieu suscite des ap\u00f4tres courageux, des familles fid\u00e8les, des cat\u00e9chistes saints, des jeunes d\u00e9termin\u00e9s. Et Il le fera aussi \u00e0 travers toi \u2014 si tu le laisses faire.<\/p>\n\n\n\n<p>N\u2019aie pas peur de former des chr\u00e9tiens diff\u00e9rents, \u00e9tranges aux yeux du monde, mais lumineux pour le Royaume. <strong>La cat\u00e9ch\u00e8se contre-culturelle n\u2019est pas une strat\u00e9gie marketing ; c\u2019est une proph\u00e9tie vivante au c\u0153ur du d\u00e9sert.<\/strong><\/p>\n\n\n\n<p>L\u00e8ve ta voix. Forme une \u00e2me. Allume une flamme.<\/p>\n\n\n\n<hr class=\"wp-block-separator has-alpha-channel-opacity\"\/>\n\n\n\n<blockquote class=\"wp-block-quote is-layout-flow wp-block-quote-is-layout-flow\">\n<p><em><strong>\u00ab Soyez sobres et vigilants. Votre adversaire, le diable, r\u00f4de comme un lion rugissant, cherchant qui d\u00e9vorer. R\u00e9sistez-lui, fermes dans la foi. \u00bb<\/strong><\/em> (1 Pierre 5,8-9)<\/p>\n<\/blockquote>\n","protected":false},"excerpt":{"rendered":"<p>Introduction : Le champ de bataille de la foi La s\u00e9cularisation avance comme une mar\u00e9e silencieuse qui infiltre les consciences, les familles et les institutions. Nous ne vivons plus dans une \u00ab soci\u00e9t\u00e9 chr\u00e9tienne \u00bb, n\u2019en d\u00e9plaise \u00e0 ceux qui veulent entretenir cette illusion. Ce qui \u00e9tait autrefois un christianisme culturel s\u2019est \u00e9vapor\u00e9 en quelques &hellip;<\/p>\n","protected":false},"author":3,"featured_media":4630,"comment_status":"open","ping_status":"open","sticky":false,"template":"","format":"standard","meta":{"_seopress_robots_primary_cat":"","_seopress_titles_title":"","_seopress_titles_desc":"","_seopress_robots_index":"","footnotes":""},"categories":[43,37],"tags":[234,1545],"class_list":["post-4629","post","type-post","status-publish","format-standard","has-post-thumbnail","","category-catechisme-de-leglise-catholique","category-doctrine-et-foi","tag-catechese","tag-secularisation"],"_links":{"self":[{"href":"https:\/\/catholicus.eu\/fr\/wp-json\/wp\/v2\/posts\/4629","targetHints":{"allow":["GET"]}}],"collection":[{"href":"https:\/\/catholicus.eu\/fr\/wp-json\/wp\/v2\/posts"}],"about":[{"href":"https:\/\/catholicus.eu\/fr\/wp-json\/wp\/v2\/types\/post"}],"author":[{"embeddable":true,"href":"https:\/\/catholicus.eu\/fr\/wp-json\/wp\/v2\/users\/3"}],"replies":[{"embeddable":true,"href":"https:\/\/catholicus.eu\/fr\/wp-json\/wp\/v2\/comments?post=4629"}],"version-history":[{"count":1,"href":"https:\/\/catholicus.eu\/fr\/wp-json\/wp\/v2\/posts\/4629\/revisions"}],"predecessor-version":[{"id":4631,"href":"https:\/\/catholicus.eu\/fr\/wp-json\/wp\/v2\/posts\/4629\/revisions\/4631"}],"wp:featuredmedia":[{"embeddable":true,"href":"https:\/\/catholicus.eu\/fr\/wp-json\/wp\/v2\/media\/4630"}],"wp:attachment":[{"href":"https:\/\/catholicus.eu\/fr\/wp-json\/wp\/v2\/media?parent=4629"}],"wp:term":[{"taxonomy":"category","embeddable":true,"href":"https:\/\/catholicus.eu\/fr\/wp-json\/wp\/v2\/categories?post=4629"},{"taxonomy":"post_tag","embeddable":true,"href":"https:\/\/catholicus.eu\/fr\/wp-json\/wp\/v2\/tags?post=4629"}],"curies":[{"name":"wp","href":"https:\/\/api.w.org\/{rel}","templated":true}]}}