{"id":4592,"date":"2025-07-13T16:52:46","date_gmt":"2025-07-13T14:52:46","guid":{"rendered":"https:\/\/catholicus.eu\/fr\/?p=4592"},"modified":"2025-07-13T16:52:47","modified_gmt":"2025-07-13T14:52:47","slug":"les-4-fruits-de-la-sainte-messe-general-special-tres-special-et-ministeriel","status":"publish","type":"post","link":"https:\/\/catholicus.eu\/fr\/les-4-fruits-de-la-sainte-messe-general-special-tres-special-et-ministeriel\/","title":{"rendered":"Les 4 fruits de la Sainte Messe : g\u00e9n\u00e9ral, sp\u00e9cial, tr\u00e8s sp\u00e9cial et minist\u00e9riel"},"content":{"rendered":"\n<p><em>Un guide spirituel profond et accessible pour comprendre l\u2019efficacit\u00e9 infinie du Saint Sacrifice de l\u2019Autel<\/em><\/p>\n\n\n\n<hr class=\"wp-block-separator has-alpha-channel-opacity\"\/>\n\n\n\n<h3 class=\"wp-block-heading\">Introduction : Pourquoi parler aujourd\u2019hui des fruits de la Messe ?<\/h3>\n\n\n\n<p>Dans un monde de plus en plus rapide, distrait et incr\u00e9dule, parler des fruits de la Sainte Messe peut sembler \u2014 pour certains \u2014 un exercice pieux mais d\u00e9connect\u00e9 de la vie r\u00e9elle. Et pourtant, <strong>comprendre et vivre les fruits du Saint Sacrifice de l\u2019Autel est l\u2019une des cl\u00e9s les plus puissantes pour renouveler l\u2019\u00e2me, soutenir l\u2019\u00c9glise et transformer le monde<\/strong>.<\/p>\n\n\n\n<p>La Sainte Messe n\u2019est pas un simple souvenir symbolique de la Derni\u00e8re C\u00e8ne ni un rassemblement communautaire de croyants. Elle est <strong>le Sacrifice du Christ renouvel\u00e9 de mani\u00e8re non sanglante sur l\u2019autel<\/strong>, l\u2019acte central de l\u2019histoire du salut et la source in\u00e9puisable de gr\u00e2ce. Comme l\u2019a enseign\u00e9 le Concile de Trente : \u00ab Dans ce divin sacrifice qui est c\u00e9l\u00e9br\u00e9 \u00e0 la messe, c\u2019est le m\u00eame Christ qui est contenu et immol\u00e9 de mani\u00e8re non sanglante, Lui qui s\u2019est offert autrefois de mani\u00e8re sanglante sur l\u2019autel de la croix \u00bb (Dz. 940).<\/p>\n\n\n\n<p>Or, ce sacrifice porte des fruits, et ils ne sont pas symboliques, mais r\u00e9els, efficaces et transformateurs. La th\u00e9ologie catholique, fond\u00e9e sur l\u2019\u00c9criture, la Tradition et le Magist\u00e8re, a class\u00e9 ces fruits en <strong>quatre types principaux<\/strong> : le <strong>fruit g\u00e9n\u00e9ral<\/strong>, le <strong>fruit sp\u00e9cial<\/strong>, le <strong>fruit tr\u00e8s sp\u00e9cial<\/strong> et le <strong>fruit minist\u00e9riel<\/strong>. Explorons-les maintenant avec profondeur, clart\u00e9 et application pratique.<\/p>\n\n\n\n<hr class=\"wp-block-separator has-alpha-channel-opacity\"\/>\n\n\n\n<h2 class=\"wp-block-heading\">1. <strong>Fruit g\u00e9n\u00e9ral : Le bienfait pour toute l\u2019\u00c9glise<\/strong><\/h2>\n\n\n\n<h3 class=\"wp-block-heading\">Qu\u2019est-ce que c\u2019est ?<\/h3>\n\n\n\n<p>Le fruit g\u00e9n\u00e9ral de la Messe d\u00e9signe <strong>les b\u00e9n\u00e9fices spirituels que re\u00e7oit toute l\u2019\u00c9glise \u2014 militante, souffrante et triomphante \u2014 chaque fois que le Saint Sacrifice est c\u00e9l\u00e9br\u00e9<\/strong>. Cela signifie que <strong>chaque Messe a une valeur universelle<\/strong> et produit un bien r\u00e9el pour tous : du Pape au dernier baptis\u00e9, des fid\u00e8les d\u00e9funts du purgatoire aux saints du ciel.<\/p>\n\n\n\n<h3 class=\"wp-block-heading\">Fondement th\u00e9ologique<\/h3>\n\n\n\n<p>L\u2019\u00c9p\u00eetre aux H\u00e9breux nous rappelle que \u00ab <strong>le Christ s\u2019est offert une seule fois pour enlever les p\u00e9ch\u00e9s de la multitude<\/strong> \u00bb (He 9,28). \u00c0 la Messe, ce sacrifice unique est rendu pr\u00e9sent de mani\u00e8re sacramentelle, et <strong>ses fruits atteignent toute l\u2019humanit\u00e9<\/strong>, en particulier les membres du Corps mystique du Christ.<\/p>\n\n\n\n<p>Saint Augustin disait d\u00e9j\u00e0 que <em>\u00ab personne ne participe avec foi au sacrifice sans en recevoir du fruit \u00bb<\/em>. L\u2019\u00c9glise est une, sainte, catholique et apostolique, et sa communion ne conna\u00eet ni fronti\u00e8res de temps ni d\u2019espace. Par cons\u00e9quent, <strong>chaque Messe b\u00e9n\u00e9ficie \u00e0 l\u2019ensemble du Corps<\/strong>.<\/p>\n\n\n\n<h3 class=\"wp-block-heading\">Application pratique<\/h3>\n\n\n\n<p>Chaque fois que nous participons \u00e0 la Messe, <strong>ce n\u2019est pas seulement pour nous-m\u00eames<\/strong>, mais aussi pour nos fr\u00e8res et s\u0153urs. Offrir la Messe pour la conversion des p\u00e9cheurs, pour la paix dans le monde, pour les chr\u00e9tiens pers\u00e9cut\u00e9s, pour les fid\u00e8les du purgatoire, est un acte de charit\u00e9 profonde.<\/p>\n\n\n\n<p>\ud83d\udca1 <em>Conseil pastoral<\/em> : Lorsque tu vas \u00e0 la Messe, aie l\u2019intention d\u2019offrir ta participation pour <strong>toute l\u2019\u00c9glise<\/strong>, et souviens-toi que m\u00eame si tu assistes \u00e0 une Messe peu fr\u00e9quent\u00e9e, <strong>sa valeur est infinie et universelle<\/strong>.<\/p>\n\n\n\n<hr class=\"wp-block-separator has-alpha-channel-opacity\"\/>\n\n\n\n<h2 class=\"wp-block-heading\">2. <strong>Fruit sp\u00e9cial : Le bienfait pour ceux qui sont pr\u00e9sents<\/strong><\/h2>\n\n\n\n<h3 class=\"wp-block-heading\">Qu\u2019est-ce que c\u2019est ?<\/h3>\n\n\n\n<p>Le fruit sp\u00e9cial est <strong>le b\u00e9n\u00e9fice spirituel re\u00e7u concr\u00e8tement par ceux qui assistent avec d\u00e9votion \u00e0 cette Messe particuli\u00e8re<\/strong>. Bien que chaque Messe ait une valeur objective et universelle, <strong>l\u2019\u00e2me qui y assiste avec foi, amour et disposition int\u00e9rieure re\u00e7oit des gr\u00e2ces particuli\u00e8res<\/strong>.<\/p>\n\n\n\n<h3 class=\"wp-block-heading\">Fondement th\u00e9ologique<\/h3>\n\n\n\n<p>J\u00e9sus a dit : <em>\u00ab L\u00e0 o\u00f9 deux ou trois sont r\u00e9unis en mon nom, je suis l\u00e0 au milieu d\u2019eux \u00bb<\/em> (Mt 18,20). Et si cela est vrai pour toute r\u00e9union en son nom, combien plus pour le Saint Sacrifice ! Saint Alphonse-Marie de Liguori affirme que <em>\u00ab l\u2019\u00e2me qui assiste \u00e0 la Messe avec attention, respect et d\u00e9votion m\u00e9rite plus que si elle distribuait tous ses biens aux pauvres \u00bb<\/em>.<\/p>\n\n\n\n<h3 class=\"wp-block-heading\">Application pratique<\/h3>\n\n\n\n<p>Cela nous rappelle que <strong>ce n\u2019est pas suffisant d\u2019\u00eatre \u201cphysiquement\u201d \u00e0 la Messe<\/strong>. Ce qui importe, c\u2019est le c\u0153ur. Si nous sommes distraits, impatients ou indiff\u00e9rents, nous ne recevrons pas ce fruit. En revanche, si nous sommes attentifs, que nous adorons en esprit et en v\u00e9rit\u00e9, et que nous unissons nos intentions \u00e0 celles de l\u2019autel, <strong>Dieu d\u00e9verse sur nous des gr\u00e2ces sp\u00e9cifiques que nous ne soup\u00e7onnons m\u00eame pas<\/strong> : consolation, force, lumi\u00e8re, direction, paix.<\/p>\n\n\n\n<p>\ud83d\udca1 <em>Conseil pastoral<\/em> : Avant la Messe, <strong>prends un moment de pr\u00e9paration<\/strong>, offre tes peines, tes luttes, tes d\u00e9sirs\u2026 Et pendant la Messe, <strong>offre chaque partie consciemment<\/strong>. Dieu agit en toi, si tu le laisses faire.<\/p>\n\n\n\n<hr class=\"wp-block-separator has-alpha-channel-opacity\"\/>\n\n\n\n<h2 class=\"wp-block-heading\">3. <strong>Fruit tr\u00e8s sp\u00e9cial : Le bienfait pour celui qui fait c\u00e9l\u00e9brer la Messe<\/strong><\/h2>\n\n\n\n<h3 class=\"wp-block-heading\">Qu\u2019est-ce que c\u2019est ?<\/h3>\n\n\n\n<p>Ce fruit est le <strong>plus intense et le plus efficace de tous les fruits personnels<\/strong>, et il concerne <strong>la personne \u2014 ou l\u2019intention \u2014 pour laquelle la Messe est sp\u00e9cifiquement appliqu\u00e9e<\/strong> : il peut s\u2019agir d\u2019un d\u00e9funt, d\u2019un malade, d\u2019une action de gr\u00e2ce ou d\u2019une demande particuli\u00e8re.<\/p>\n\n\n\n<h3 class=\"wp-block-heading\">Fondement th\u00e9ologique<\/h3>\n\n\n\n<p>Le pr\u00eatre offre le Saint Sacrifice <em>in persona Christi<\/em>, mais <strong>chaque Messe est appliqu\u00e9e concr\u00e8tement \u00e0 une intention particuli\u00e8re<\/strong>, qui est la raison pour laquelle quelqu\u2019un la demande et le pr\u00eatre la c\u00e9l\u00e8bre. Le Cat\u00e9chisme de l\u2019\u00c9glise catholique enseigne : \u00ab D\u00e8s les premiers temps, l\u2019\u00c9glise a offert le sacrifice eucharistique pour les d\u00e9funts et les p\u00e9cheurs, afin d\u2019obtenir de Dieu une aide spirituelle \u00bb (CEC 1371).<\/p>\n\n\n\n<p>Ce fruit est tr\u00e8s sp\u00e9cial parce que <strong>la gr\u00e2ce du Sacrifice est appliqu\u00e9e avec une intensit\u00e9 particuli\u00e8re \u00e0 cette intention pr\u00e9cise<\/strong>, comme une pluie abondante qui arrose un terrain bien d\u00e9fini.<\/p>\n\n\n\n<h3 class=\"wp-block-heading\">Application pratique<\/h3>\n\n\n\n<p>Cela nous fait comprendre <strong>la valeur inestimable de faire c\u00e9l\u00e9brer des Messes<\/strong> pour nos proches, pour nos besoins, pour l\u2019\u00e2me d\u2019un d\u00e9funt, pour notre propre conversion. Beaucoup aujourd\u2019hui ne le valorisent plus, mais c\u2019est l\u2019un des actes les plus charitables et puissants que nous puissions poser.<\/p>\n\n\n\n<p>\ud83d\udca1 <em>Conseil pastoral<\/em> : Fais c\u00e9l\u00e9brer des Messes fr\u00e9quemment. Il ne s\u2019agit pas de \u201cpayer un service\u201d comme certains le croient \u00e0 tort, mais <strong>d\u2019appliquer la gr\u00e2ce infinie du sacrifice r\u00e9dempteur \u00e0 un besoin concret de l\u2019\u00e2me<\/strong>. Fais-le pour toi, pour tes enfants, pour tes parents d\u00e9funts, pour les \u00e2mes oubli\u00e9es du purgatoire.<\/p>\n\n\n\n<hr class=\"wp-block-separator has-alpha-channel-opacity\"\/>\n\n\n\n<h2 class=\"wp-block-heading\">4. <strong>Fruit minist\u00e9riel : Le bienfait pour le pr\u00eatre c\u00e9l\u00e9brant<\/strong><\/h2>\n\n\n\n<h3 class=\"wp-block-heading\">Qu\u2019est-ce que c\u2019est ?<\/h3>\n\n\n\n<p>Le fruit minist\u00e9riel est ce que <strong>le pr\u00eatre qui c\u00e9l\u00e8bre la Messe re\u00e7oit<\/strong>, \u00e0 condition qu\u2019il le fasse avec foi, d\u00e9votion et puret\u00e9 d\u2019intention. En tant que ministre du sacrifice, il participe \u00e0 ses fruits de mani\u00e8re particuli\u00e8re et directe.<\/p>\n\n\n\n<h3 class=\"wp-block-heading\">Fondement th\u00e9ologique<\/h3>\n\n\n\n<p>Saint Paul enseigne : <em>\u00ab Je me r\u00e9jouis maintenant dans mes souffrances pour vous, et ce qui manque aux souffrances du Christ, je l\u2019ach\u00e8ve dans ma chair pour son corps, qui est l\u2019\u00c9glise \u00bb<\/em> (Col 1,24). Cette union sacerdotale au sacrifice du Christ trouve son sommet dans la Messe. <strong>Le pr\u00eatre n\u2019est pas seulement un instrument, mais il se sanctifie lui-m\u00eame par l\u2019acte qu\u2019il accomplit<\/strong>.<\/p>\n\n\n\n<p>Le Concile de Trente le confirme \u00e9galement en affirmant que le pr\u00eatre, en tant que ministre, <strong>participe de mani\u00e8re sp\u00e9ciale aux fruits du sacrifice<\/strong>, puisqu\u2019il agit en la personne du Christ et s\u2019offre avec Lui.<\/p>\n\n\n\n<h3 class=\"wp-block-heading\">Application pratique<\/h3>\n\n\n\n<p>Cela souligne <strong>la dignit\u00e9 et la responsabilit\u00e9 du sacerdoce<\/strong>. Plus le pr\u00eatre est saint, <strong>plus il vit pleinement les fruits du sacrifice qu\u2019il c\u00e9l\u00e8bre<\/strong>, et plus son minist\u00e8re est efficace pour les autres. Mais chaque fid\u00e8le peut aussi prier pour que les pr\u00eatres c\u00e9l\u00e8brent avec ferveur, d\u00e9votion et humilit\u00e9.<\/p>\n\n\n\n<p>\ud83d\udca1 <em>Conseil pastoral<\/em> : Prie pour tes pr\u00eatres. Encourage-les \u00e0 c\u00e9l\u00e9brer la Messe avec solennit\u00e9 et recueillement. Et si tu es pr\u00eatre, <strong>ne c\u00e9l\u00e8bre jamais par habitude ou \u00e0 la h\u00e2te<\/strong>, mais comme si c\u2019\u00e9tait ta <strong>premi\u00e8re, ta derni\u00e8re et ta seule Messe<\/strong>.<\/p>\n\n\n\n<hr class=\"wp-block-separator has-alpha-channel-opacity\"\/>\n\n\n\n<h2 class=\"wp-block-heading\">Conclusion : Vivre de la Messe pour vivre la Messe<\/h2>\n\n\n\n<p>Comprendre les <strong>quatre fruits de la Messe<\/strong> n\u2019est pas seulement une le\u00e7on de th\u00e9ologie, c\u2019est une \u00e9cole de spiritualit\u00e9.<\/p>\n\n\n\n<ul class=\"wp-block-list\">\n<li><strong>Le fruit g\u00e9n\u00e9ral<\/strong> nous invite \u00e0 vivre la communion et \u00e0 penser au bien de toute l\u2019\u00c9glise.<\/li>\n\n\n\n<li><strong>Le fruit sp\u00e9cial<\/strong> nous pousse \u00e0 participer avec d\u00e9votion et attention.<\/li>\n\n\n\n<li><strong>Le fruit tr\u00e8s sp\u00e9cial<\/strong> nous rappelle l\u2019immense valeur d\u2019appliquer la Messe \u00e0 nos intentions.<\/li>\n\n\n\n<li><strong>Le fruit minist\u00e9riel<\/strong> nous fait aimer et soutenir le sacerdoce qui nous donne le Christ sur l\u2019autel.<\/li>\n<\/ul>\n\n\n\n<p>\u00c0 chaque Messe, <strong>le ciel s\u2019ouvre, le Calvaire est actualis\u00e9, et les gr\u00e2ces pleuvent sur la terre<\/strong>. Mais pour recueillir cette ros\u00e9e de salut, <strong>nous devons venir avec une \u00e2me \u00e9veill\u00e9e, dispos\u00e9e et reconnaissante<\/strong>.<\/p>\n\n\n\n<p>Comme disait saint Pio de Pietrelcina :<\/p>\n\n\n\n<blockquote class=\"wp-block-quote is-layout-flow wp-block-quote-is-layout-flow\">\n<p>\u00ab Il serait plus facile pour le monde de survivre sans le soleil que sans la Sainte Messe. \u00bb<\/p>\n<\/blockquote>\n\n\n\n<p>Que cette connaissance ne reste pas une id\u00e9e, mais qu\u2019elle transforme v\u00e9ritablement ta vie. Assiste, offre, valorise et aime chaque Messe. Car en elle, <strong>Dieu lui-m\u00eame se donne et tout est renouvel\u00e9<\/strong>.<\/p>\n","protected":false},"excerpt":{"rendered":"<p>Un guide spirituel profond et accessible pour comprendre l\u2019efficacit\u00e9 infinie du Saint Sacrifice de l\u2019Autel Introduction : Pourquoi parler aujourd\u2019hui des fruits de la Messe ? Dans un monde de plus en plus rapide, distrait et incr\u00e9dule, parler des fruits de la Sainte Messe peut sembler \u2014 pour certains \u2014 un exercice pieux mais d\u00e9connect\u00e9 &hellip;<\/p>\n","protected":false},"author":3,"featured_media":4593,"comment_status":"open","ping_status":"open","sticky":false,"template":"","format":"standard","meta":{"_seopress_robots_primary_cat":"","_seopress_titles_title":"","_seopress_titles_desc":"","_seopress_robots_index":"","footnotes":""},"categories":[59,40],"tags":[1530],"class_list":["post-4592","post","type-post","status-publish","format-standard","has-post-thumbnail","","category-eucharistie-et-adoration","category-priere-et-spiritualite","tag-4-fruits-de-la-sainte-messe"],"_links":{"self":[{"href":"https:\/\/catholicus.eu\/fr\/wp-json\/wp\/v2\/posts\/4592","targetHints":{"allow":["GET"]}}],"collection":[{"href":"https:\/\/catholicus.eu\/fr\/wp-json\/wp\/v2\/posts"}],"about":[{"href":"https:\/\/catholicus.eu\/fr\/wp-json\/wp\/v2\/types\/post"}],"author":[{"embeddable":true,"href":"https:\/\/catholicus.eu\/fr\/wp-json\/wp\/v2\/users\/3"}],"replies":[{"embeddable":true,"href":"https:\/\/catholicus.eu\/fr\/wp-json\/wp\/v2\/comments?post=4592"}],"version-history":[{"count":1,"href":"https:\/\/catholicus.eu\/fr\/wp-json\/wp\/v2\/posts\/4592\/revisions"}],"predecessor-version":[{"id":4594,"href":"https:\/\/catholicus.eu\/fr\/wp-json\/wp\/v2\/posts\/4592\/revisions\/4594"}],"wp:featuredmedia":[{"embeddable":true,"href":"https:\/\/catholicus.eu\/fr\/wp-json\/wp\/v2\/media\/4593"}],"wp:attachment":[{"href":"https:\/\/catholicus.eu\/fr\/wp-json\/wp\/v2\/media?parent=4592"}],"wp:term":[{"taxonomy":"category","embeddable":true,"href":"https:\/\/catholicus.eu\/fr\/wp-json\/wp\/v2\/categories?post=4592"},{"taxonomy":"post_tag","embeddable":true,"href":"https:\/\/catholicus.eu\/fr\/wp-json\/wp\/v2\/tags?post=4592"}],"curies":[{"name":"wp","href":"https:\/\/api.w.org\/{rel}","templated":true}]}}