{"id":4568,"date":"2025-07-10T00:45:53","date_gmt":"2025-07-09T22:45:53","guid":{"rendered":"https:\/\/catholicus.eu\/fr\/?p=4568"},"modified":"2025-07-10T00:45:53","modified_gmt":"2025-07-09T22:45:53","slug":"aristote-sur-lautel-comment-la-scolastique-a-sauve-la-raison-humaine","status":"publish","type":"post","link":"https:\/\/catholicus.eu\/fr\/aristote-sur-lautel-comment-la-scolastique-a-sauve-la-raison-humaine\/","title":{"rendered":"Aristote sur l\u2019Autel : Comment la scolastique a sauv\u00e9 la raison humaine"},"content":{"rendered":"\n<p><em>Un guide spirituel sur l\u2019harmonie entre la foi et la raison en temps d\u2019obscurit\u00e9 intellectuelle<\/em><\/p>\n\n\n\n<hr class=\"wp-block-separator has-alpha-channel-opacity\"\/>\n\n\n\n<h3 class=\"wp-block-heading\">I. Introduction : Quand la foi illumina la raison<\/h3>\n\n\n\n<p>L\u2019histoire de l\u2019humanit\u00e9 est une qu\u00eate constante de la v\u00e9rit\u00e9. Au fil des si\u00e8cles, les hommes et les femmes ont tent\u00e9 de r\u00e9pondre aux grandes questions : Qui sommes-nous ? D\u2019o\u00f9 venons-nous ? O\u00f9 allons-nous ? Dans cette recherche, deux chemins se sont souvent crois\u00e9s : celui de la raison et celui de la foi.<\/p>\n\n\n\n<p>Au Moyen \u00c2ge, alors que l\u2019Europe luttait contre l\u2019ignorance, le chaos politique et la d\u00e9cadence morale apr\u00e8s la chute de l\u2019Empire romain, un mouvement spirituel et intellectuel vit le jour. Ce mouvement ne changea pas seulement le cours de la pens\u00e9e occidentale, mais il <strong>sauva la raison humaine<\/strong> du naufrage. Ce mouvement fut <strong>la scolastique<\/strong>. Et son protagoniste inattendu fut un philosophe pa\u00efen du IVe si\u00e8cle av. J.-C. : <strong>Aristote<\/strong>.<\/p>\n\n\n\n<p>Cet article n\u2019est pas un cours d\u2019histoire de la philosophie, mais une invitation \u00e0 red\u00e9couvrir comment Dieu, dans sa providence, s\u2019est m\u00eame servi des pa\u00efens pour \u00e9difier son \u00c9glise. Et comment la pens\u00e9e scolastique, en particulier celle de <strong>saint Thomas d\u2019Aquin<\/strong>, peut nous aider aujourd\u2019hui, au XXIe si\u00e8cle, \u00e0 red\u00e9couvrir la beaut\u00e9 de penser avec logique, d\u2019aimer avec le c\u0153ur et de croire avec coh\u00e9rence.<\/p>\n\n\n\n<hr class=\"wp-block-separator has-alpha-channel-opacity\"\/>\n\n\n\n<h3 class=\"wp-block-heading\">II. Qu\u2019est-ce que la scolastique ?<\/h3>\n\n\n\n<p>La <strong>scolastique<\/strong> fut une m\u00e9thode d\u2019enseignement et de pens\u00e9e qui fleurit dans les \u00e9coles cath\u00e9drales et les universit\u00e9s m\u00e9di\u00e9vales, en particulier entre les XIe et XIVe si\u00e8cles. Son objectif \u00e9tait d\u2019harmoniser la <strong>foi r\u00e9v\u00e9l\u00e9e<\/strong> avec la <strong>raison naturelle<\/strong>, en utilisant les outils de la philosophie \u2014 notamment la logique et la m\u00e9taphysique \u2014 pour mieux comprendre les v\u00e9rit\u00e9s de la foi.<\/p>\n\n\n\n<p>Le terme \u00ab scolastique \u00bb vient du latin <em>scholasticus<\/em>, c\u2019est-\u00e0-dire \u00ab relatif \u00e0 l\u2019\u00e9cole \u00bb. Mais il ne s\u2019agissait pas d\u2019\u00e9coles comme les n\u00f4tres, mais de centres vibrants de discussion, de pri\u00e8re et de recherche de la v\u00e9rit\u00e9. Les scolastiques ne se contentaient pas de r\u00e9p\u00e9ter des dogmes ; ils voulaient les <strong>comprendre<\/strong>. Ils partaient de la conviction que <em>veritas est una<\/em> : <strong>la v\u00e9rit\u00e9 est une<\/strong>, et ne peut se contredire elle-m\u00eame.<\/p>\n\n\n\n<blockquote class=\"wp-block-quote is-layout-flow wp-block-quote-is-layout-flow\">\n<p>\u00ab La sagesse de l\u2019homme prudent, c\u2019est de discerner sa voie \u00bb (Proverbes 14,8)<\/p>\n<\/blockquote>\n\n\n\n<hr class=\"wp-block-separator has-alpha-channel-opacity\"\/>\n\n\n\n<h3 class=\"wp-block-heading\">III. Aristote : le philosophe inattendu<\/h3>\n\n\n\n<p><strong>Aristote<\/strong> (384\u2013322 av. J.-C.) fut disciple de Platon et ma\u00eetre d\u2019Alexandre le Grand. Sa pens\u00e9e engloba la logique, l\u2019\u00e9thique, la politique, la m\u00e9taphysique et la biologie. Son g\u00e9nie consista \u00e0 observer le monde r\u00e9el, \u00e0 partir de l\u2019exp\u00e9rience concr\u00e8te, pour \u00e9laborer un syst\u00e8me coh\u00e9rent expliquant les causes et les finalit\u00e9s de tout ce qui existe.<\/p>\n\n\n\n<p>Pendant des si\u00e8cles, la pens\u00e9e chr\u00e9tienne fut plus <strong>platonicienne<\/strong> qu\u2019<strong>aristot\u00e9licienne<\/strong>, influenc\u00e9e notamment par <strong>saint Augustin<\/strong>. Mais \u00e0 partir du XIIe si\u00e8cle, gr\u00e2ce aux traductions arabes et h\u00e9bra\u00efques en latin, les \u0153uvres d\u2019Aristote commenc\u00e8rent \u00e0 se r\u00e9pandre en Europe. Ce fut alors qu\u2019un grand tournant eut lieu : <strong>saint Thomas d\u2019Aquin<\/strong>, au XIIIe si\u00e8cle, releva le d\u00e9fi de \u00ab baptiser \u00bb Aristote, en int\u00e9grant sa pens\u00e9e dans une vision profond\u00e9ment chr\u00e9tienne du monde.<\/p>\n\n\n\n<hr class=\"wp-block-separator has-alpha-channel-opacity\"\/>\n\n\n\n<h3 class=\"wp-block-heading\">IV. Saint Thomas d\u2019Aquin et la synth\u00e8se parfaite<\/h3>\n\n\n\n<p>N\u00e9 en 1225, <strong>saint Thomas d\u2019Aquin<\/strong> \u00e9tait un fr\u00e8re dominicain, silencieux, humble, profond\u00e9ment priant, et dot\u00e9 d\u2019une grande intelligence. Dans son \u0153uvre majeure, la <em>Somme th\u00e9ologique<\/em>, il r\u00e9alisa une synth\u00e8se qui \u00e9tonne encore aujourd\u2019hui par sa clart\u00e9, sa profondeur et son \u00e9quilibre.<\/p>\n\n\n\n<p>Thomas ne voyait aucune contradiction entre la <strong>raison humaine<\/strong> (repr\u00e9sent\u00e9e par Aristote) et la <strong>foi r\u00e9v\u00e9l\u00e9e<\/strong> (transmise par l\u2019\u00c9glise). Au contraire, il enseignait que :<\/p>\n\n\n\n<ul class=\"wp-block-list\">\n<li>La raison peut conna\u00eetre des v\u00e9rit\u00e9s naturelles (comme l\u2019existence de Dieu, la loi morale, la finalit\u00e9 de l\u2019homme).<\/li>\n\n\n\n<li>La foi nous r\u00e9v\u00e8le des v\u00e9rit\u00e9s surnaturelles (comme la Trinit\u00e9, l\u2019Incarnation ou la gr\u00e2ce).<\/li>\n\n\n\n<li>Ces deux types de v\u00e9rit\u00e9s viennent du m\u00eame Dieu, et donc <strong>ne peuvent se contredire<\/strong>.<\/li>\n<\/ul>\n\n\n\n<p>Cette vision se r\u00e9sume dans une phrase c\u00e9l\u00e8bre de Thomas :<\/p>\n\n\n\n<blockquote class=\"wp-block-quote is-layout-flow wp-block-quote-is-layout-flow\">\n<p>\u00ab La gr\u00e2ce ne d\u00e9truit pas la nature, mais la perfectionne. \u00bb<\/p>\n<\/blockquote>\n\n\n\n<p>Gr\u00e2ce \u00e0 la scolastique, l\u2019\u00c9glise put pr\u00e9senter un christianisme <strong>raisonnable<\/strong>, coh\u00e9rent, capable de dialoguer avec le monde sans renoncer \u00e0 la v\u00e9rit\u00e9. La foi cessa de para\u00eetre irrationnelle, et la raison cessa d\u2019\u00eatre ennemie de Dieu.<\/p>\n\n\n\n<hr class=\"wp-block-separator has-alpha-channel-opacity\"\/>\n\n\n\n<h3 class=\"wp-block-heading\">V. Pourquoi dire que la scolastique a sauv\u00e9 la raison ?<\/h3>\n\n\n\n<p>Parce qu\u2019\u00e0 une \u00e9poque o\u00f9 la pens\u00e9e \u00e9tait fragment\u00e9e, o\u00f9 les superstitions rempla\u00e7aient la connaissance, et o\u00f9 le christianisme \u00e9tait attaqu\u00e9 par les h\u00e9r\u00e9sies ou r\u00e9duit \u00e0 des formules sans \u00e2me, les scolastiques ont rendu <strong>sa dignit\u00e9 \u00e0 la pens\u00e9e humaine<\/strong>.<\/p>\n\n\n\n<p>Ils ont enseign\u00e9 que :<\/p>\n\n\n\n<ul class=\"wp-block-list\">\n<li><strong>Croire, ce n\u2019est pas fermer les yeux, mais les ouvrir davantage.<\/strong><\/li>\n\n\n\n<li><strong>Bien penser est un acte de charit\u00e9<\/strong>, car cela permet de mieux conna\u00eetre Dieu.<\/li>\n\n\n\n<li><strong>L\u2019\u00e9tude peut \u00eatre une pri\u00e8re<\/strong>, si elle est faite avec humilit\u00e9 et soif de v\u00e9rit\u00e9.<\/li>\n\n\n\n<li>L\u2019intelligence humaine, bien que bless\u00e9e par le p\u00e9ch\u00e9, <strong>reste image de Dieu<\/strong>.<\/li>\n<\/ul>\n\n\n\n<p>La scolastique n\u2019a pas seulement sauv\u00e9 la raison de l\u2019irrationalisme m\u00e9di\u00e9val, elle l\u2019a aussi <strong>prot\u00e9g\u00e9e du fid\u00e9isme et du volontarisme<\/strong>, qui vinrent ensuite.<\/p>\n\n\n\n<hr class=\"wp-block-separator has-alpha-channel-opacity\"\/>\n\n\n\n<h3 class=\"wp-block-heading\">VI. Actualit\u00e9 du sujet : quel rapport entre Aristote et moi ?<\/h3>\n\n\n\n<p>Cela peut sembler r\u00e9serv\u00e9 aux th\u00e9ologiens ou aux historiens, mais en r\u00e9alit\u00e9, <strong>la bataille entre la foi et la raison est toujours actuelle<\/strong>. Nous vivons \u00e0 une \u00e9poque de contradictions :<\/p>\n\n\n\n<ul class=\"wp-block-list\">\n<li>D\u2019un c\u00f4t\u00e9, un <strong>scientisme<\/strong> qui r\u00e9duit la v\u00e9rit\u00e9 \u00e0 ce qui peut \u00eatre prouv\u00e9 empiriquement.<\/li>\n\n\n\n<li>De l\u2019autre, un <strong>relativisme sentimental<\/strong> qui nie toute v\u00e9rit\u00e9 objective.<\/li>\n\n\n\n<li>Et entre les deux, de nombreux chr\u00e9tiens qui pensent devoir <strong>choisir entre croire et penser<\/strong>, comme s\u2019il s\u2019agissait d\u2019ennemis.<\/li>\n<\/ul>\n\n\n\n<p>C\u2019est l\u00e0 que la scolastique redevient lumi\u00e8re. Car elle nous enseigne \u00e0 <strong>penser avec clart\u00e9<\/strong>, \u00e0 distinguer, \u00e0 raisonner, \u00e0 argumenter sans fanatisme ni \u00e9motion excessive. Car elle nous montre que <strong>la foi n\u2019est pas irrationnelle<\/strong>, et qu\u2019aimer Dieu de tout notre c\u0153ur implique aussi de l\u2019aimer <strong>de toute notre intelligence<\/strong> (cf. Mt 22,37).<\/p>\n\n\n\n<hr class=\"wp-block-separator has-alpha-channel-opacity\"\/>\n\n\n\n<h3 class=\"wp-block-heading\">VII. Applications pratiques : comment vivre la scolastique aujourd\u2019hui<\/h3>\n\n\n\n<p>Il ne s\u2019agit pas de lire la <em>Somme th\u00e9ologique<\/em> en latin (m\u00eame si ce serait excellent), mais d\u2019adopter <strong>l\u2019esprit scolastique<\/strong> dans notre vie quotidienne. Comment ?<\/p>\n\n\n\n<h4 class=\"wp-block-heading\">1. <strong>Chercher la v\u00e9rit\u00e9 avec humilit\u00e9<\/strong><\/h4>\n\n\n\n<p>Ne pas croire que nous savons tout. \u00catre dispos\u00e9s \u00e0 apprendre. Se poser des questions. Ne pas se contenter de r\u00e9ponses faciles ou purement \u00e9motionnelles.<\/p>\n\n\n\n<h4 class=\"wp-block-heading\">2. <strong>\u00c9tudier avec un sens spirituel<\/strong><\/h4>\n\n\n\n<p>\u00c9tudier n\u2019est pas seulement fait pour r\u00e9ussir des examens ou gagner des d\u00e9bats, mais pour <strong>mieux conna\u00eetre Dieu<\/strong> et sa volont\u00e9. Chaque livre lu, chaque argument compris, peut \u00eatre un acte d\u2019amour pour la V\u00e9rit\u00e9.<\/p>\n\n\n\n<h4 class=\"wp-block-heading\">3. <strong>\u00c9viter le fid\u00e9isme et le rationalisme<\/strong><\/h4>\n\n\n\n<p>Ni la raison seule, ni la foi seule. Les deux doivent aller ensemble. Si quelque chose semble contredire la foi, \u00e9tudions davantage \u2014 ne cessons pas de penser. Si quelque chose semble contredire la raison, demandons lumi\u00e8re \u00e0 Dieu \u2014 ne rejetons pas la foi.<\/p>\n\n\n\n<h4 class=\"wp-block-heading\">4. <strong>Se former doctrinalement<\/strong><\/h4>\n\n\n\n<p>En tant que catholiques, nous devons conna\u00eetre le Cat\u00e9chisme, les encycliques, la tradition de l\u2019\u00c9glise. L\u2019ignorance n\u2019est pas une vertu. Comme le disait saint J\u00e9r\u00f4me : \u00ab Ignorer les \u00c9critures, c\u2019est ignorer le Christ. \u00bb<\/p>\n\n\n\n<h4 class=\"wp-block-heading\">5. <strong>\u00c9duquer nos enfants dans la logique et la foi<\/strong><\/h4>\n\n\n\n<p>L\u2019\u00e9ducation doit former des <strong>esprits pensants et des c\u0153urs croyants<\/strong>. La logique n\u2019est pas ennemie de la pi\u00e9t\u00e9. En r\u00e9alit\u00e9, une pri\u00e8re bien faite n\u00e9cessite clart\u00e9 de pens\u00e9e et droiture de l\u2019\u00e2me.<\/p>\n\n\n\n<hr class=\"wp-block-separator has-alpha-channel-opacity\"\/>\n\n\n\n<h3 class=\"wp-block-heading\">VIII. Une parole pastorale : sauver l\u2019\u00e2me aussi avec l\u2019intelligence<\/h3>\n\n\n\n<p>En ces temps o\u00f9 les \u00e9motions dominent, o\u00f9 les influenceurs imposent leurs fa\u00e7ons de penser, et o\u00f9 l\u2019on nous invite \u00e0 \u00ab se sentir bien \u00bb plut\u00f4t qu\u2019\u00e0 \u00ab vivre dans la v\u00e9rit\u00e9 \u00bb, la scolastique nous rappelle que <strong>Dieu ne veut pas seulement ton c\u0153ur, il veut aussi ton intelligence<\/strong>.<\/p>\n\n\n\n<blockquote class=\"wp-block-quote is-layout-flow wp-block-quote-is-layout-flow\">\n<p>\u00ab Ne vous conformez pas au si\u00e8cle pr\u00e9sent, mais soyez transform\u00e9s par le renouvellement de l\u2019intelligence, pour discerner quelle est la volont\u00e9 de Dieu \u00bb (Romains 12,2)<\/p>\n<\/blockquote>\n\n\n\n<p>Il ne s\u2019agit pas ici d\u2019un intellectualisme froid, mais d\u2019une <strong>spiritualit\u00e9 m\u00fbre<\/strong>, qui pense, discerne, argumente, dialogue, aime la v\u00e9rit\u00e9 et la cherche avec passion.<\/p>\n\n\n\n<hr class=\"wp-block-separator has-alpha-channel-opacity\"\/>\n\n\n\n<h3 class=\"wp-block-heading\">IX. Conclusion : Aristote sur l\u2019autel, la raison \u00e0 genoux devant la V\u00e9rit\u00e9<\/h3>\n\n\n\n<p>Il peut sembler provocateur de dire qu\u2019Aristote a \u00e9t\u00e9 plac\u00e9 sur l\u2019autel. Mais en un certain sens, c\u2019est vrai. Non pas comme objet de culte, mais comme <strong>t\u00e9moin que toute v\u00e9rit\u00e9, d\u2019o\u00f9 qu\u2019elle vienne, appartient \u00e0 Dieu<\/strong>.<\/p>\n\n\n\n<p>Saint Thomas a su placer la raison au service de la foi. Et ce faisant, il nous a montr\u00e9 un chemin toujours valable aujourd\u2019hui : <strong>penser pour mieux croire, et croire pour aimer davantage<\/strong>.<\/p>\n\n\n\n<p>Que la scolastique ne reste pas enferm\u00e9e dans les biblioth\u00e8ques. Qu\u2019elle renaisse dans nos classes, nos paroisses, nos foyers. Soyons des catholiques pensants, raisonnables, coh\u00e9rents. Et comme saint Thomas, puissions-nous dire un jour :<\/p>\n\n\n\n<blockquote class=\"wp-block-quote is-layout-flow wp-block-quote-is-layout-flow\">\n<p>\u00ab Tout ce que j\u2019ai \u00e9crit me semble de la paille\u2026 compar\u00e9 \u00e0 l\u2019amour du Christ. \u00bb<\/p>\n<\/blockquote>\n\n\n\n<hr class=\"wp-block-separator has-alpha-channel-opacity\"\/>\n\n\n\n<p><strong>Que Marie, Tr\u00f4ne de la Sagesse, interc\u00e8de pour nous. Et que l\u2019Esprit Saint, auteur de toute v\u00e9rit\u00e9, \u00e9claire nos intelligences et fortifie notre foi.<\/strong><\/p>\n","protected":false},"excerpt":{"rendered":"<p>Un guide spirituel sur l\u2019harmonie entre la foi et la raison en temps d\u2019obscurit\u00e9 intellectuelle I. Introduction : Quand la foi illumina la raison L\u2019histoire de l\u2019humanit\u00e9 est une qu\u00eate constante de la v\u00e9rit\u00e9. Au fil des si\u00e8cles, les hommes et les femmes ont tent\u00e9 de r\u00e9pondre aux grandes questions : Qui sommes-nous ? D\u2019o\u00f9 &hellip;<\/p>\n","protected":false},"author":3,"featured_media":4569,"comment_status":"open","ping_status":"open","sticky":false,"template":"","format":"standard","meta":{"_seopress_robots_primary_cat":"","_seopress_titles_title":"","_seopress_titles_desc":"","_seopress_robots_index":"","footnotes":""},"categories":[41,63],"tags":[1518,1519],"class_list":["post-4568","post","type-post","status-publish","format-standard","has-post-thumbnail","","category-foi-et-culture","category-philosophie-et-foi","tag-aristote","tag-scolastique"],"_links":{"self":[{"href":"https:\/\/catholicus.eu\/fr\/wp-json\/wp\/v2\/posts\/4568","targetHints":{"allow":["GET"]}}],"collection":[{"href":"https:\/\/catholicus.eu\/fr\/wp-json\/wp\/v2\/posts"}],"about":[{"href":"https:\/\/catholicus.eu\/fr\/wp-json\/wp\/v2\/types\/post"}],"author":[{"embeddable":true,"href":"https:\/\/catholicus.eu\/fr\/wp-json\/wp\/v2\/users\/3"}],"replies":[{"embeddable":true,"href":"https:\/\/catholicus.eu\/fr\/wp-json\/wp\/v2\/comments?post=4568"}],"version-history":[{"count":1,"href":"https:\/\/catholicus.eu\/fr\/wp-json\/wp\/v2\/posts\/4568\/revisions"}],"predecessor-version":[{"id":4570,"href":"https:\/\/catholicus.eu\/fr\/wp-json\/wp\/v2\/posts\/4568\/revisions\/4570"}],"wp:featuredmedia":[{"embeddable":true,"href":"https:\/\/catholicus.eu\/fr\/wp-json\/wp\/v2\/media\/4569"}],"wp:attachment":[{"href":"https:\/\/catholicus.eu\/fr\/wp-json\/wp\/v2\/media?parent=4568"}],"wp:term":[{"taxonomy":"category","embeddable":true,"href":"https:\/\/catholicus.eu\/fr\/wp-json\/wp\/v2\/categories?post=4568"},{"taxonomy":"post_tag","embeddable":true,"href":"https:\/\/catholicus.eu\/fr\/wp-json\/wp\/v2\/tags?post=4568"}],"curies":[{"name":"wp","href":"https:\/\/api.w.org\/{rel}","templated":true}]}}