{"id":4486,"date":"2025-07-06T07:48:28","date_gmt":"2025-07-06T05:48:28","guid":{"rendered":"https:\/\/catholicus.eu\/fr\/?p=4486"},"modified":"2025-07-06T07:48:29","modified_gmt":"2025-07-06T05:48:29","slug":"da-pacem-domine-le-cri-millenaire-pour-la-paix-dont-nous-avons-plus-que-jamais-besoin","status":"publish","type":"post","link":"https:\/\/catholicus.eu\/fr\/da-pacem-domine-le-cri-millenaire-pour-la-paix-dont-nous-avons-plus-que-jamais-besoin\/","title":{"rendered":"Da Pacem Domine : Le cri mill\u00e9naire pour la paix dont nous avons plus que jamais besoin"},"content":{"rendered":"\n<h3 class=\"wp-block-heading\"><strong>Introduction : Un chant qui traverse les si\u00e8cles<\/strong><\/h3>\n\n\n\n<p>En temps de guerre, de tensions sociales, de polarisation id\u00e9ologique et d\u2019angoisse int\u00e9rieure, le c\u0153ur humain \u00e9l\u00e8ve une supplication qui r\u00e9sonne du fond de l\u2019histoire chr\u00e9tienne : <em>Da pacem, Domine<\/em>. \u00ab\u202fAccorde la paix, Seigneur.\u202f\u00bb Cette phrase simple mais puissante, devenue chant liturgique et pri\u00e8re, a \u00e9t\u00e9 chant\u00e9e par des moines, des pr\u00eatres et des fid\u00e8les de tous les temps \u2014 des abbayes m\u00e9di\u00e9vales jusqu\u2019aux cath\u00e9drales modernes. Mais aujourd\u2019hui, au XXI\u1d49\u202fsi\u00e8cle, que signifie r\u00e9ellement demander la paix \u00e0 Dieu\u202f? Quel type de paix recherchons-nous\u202f? Et comment pouvons-nous vivre et semer cette paix dans un monde de plus en plus bless\u00e9\u202f?<\/p>\n\n\n\n<p>Cet article vous invite \u00e0 d\u00e9couvrir la richesse th\u00e9ologique, spirituelle et pastorale du chant <strong>\u00ab\u202fDa pacem Domine\u202f\u00bb<\/strong>, en explorant son origine, son fondement scripturaire, sa pertinence contemporaine et comment il peut devenir une v\u00e9ritable boussole spirituelle dans votre vie quotidienne.<\/p>\n\n\n\n<hr class=\"wp-block-separator has-alpha-channel-opacity\"\/>\n\n\n\n<h3 class=\"wp-block-heading\"><strong>1. Le texte original en latin et sa traduction<\/strong><\/h3>\n\n\n\n<p><strong>Da pacem, Domine, in diebus nostris,<br>quia non est alius,<br>qui pugnet pro nobis,<br>nisi tu, Deus noster.<\/strong><\/p>\n\n\n\n<p><strong>Traduction :<\/strong><\/p>\n\n\n\n<p><strong>Accorde la paix, Seigneur, en nos jours,<br>car il n\u2019y a personne d\u2019autre<br>qui combatte pour nous,<br>si ce n\u2019est Toi, notre Dieu.<\/strong><\/p>\n\n\n\n<p>Ce chant, bref mais profond\u00e9ment intense, capte le cri d\u2019une humanit\u00e9 consciente de sa fragilit\u00e9 et de l\u2019impuissance des solutions purement humaines face aux conflits de l\u2019\u00e2me et du monde. C\u2019est une humble reconnaissance que <strong>seul Dieu peut nous accorder la paix v\u00e9ritable<\/strong>.<\/p>\n\n\n\n<hr class=\"wp-block-separator has-alpha-channel-opacity\"\/>\n\n\n\n<h3 class=\"wp-block-heading\"><strong>2. Origines bibliques et patristiques du chant<\/strong><\/h3>\n\n\n\n<p>Bien que le texte de <em>Da pacem Domine<\/em> ne provienne pas directement d\u2019un seul verset biblique, il s\u2019inspire et s\u2019articule autour de plusieurs passages de l\u2019Ancien Testament, notamment des Psaumes et de la proph\u00e9tie de J\u00e9r\u00e9mie :<\/p>\n\n\n\n<blockquote class=\"wp-block-quote is-layout-flow wp-block-quote-is-layout-flow\">\n<p><strong>\u00ab\u202fAccorde la paix, Seigneur, \u00e0 ceux qui esp\u00e8rent en Toi, afin que Ta gloire demeure sur notre terre.\u202f\u00bb<\/strong> (cf. Siracide 36,18)<\/p>\n<\/blockquote>\n\n\n\n<blockquote class=\"wp-block-quote is-layout-flow wp-block-quote-is-layout-flow\">\n<p><strong>\u00ab\u202fPriez pour la paix de J\u00e9rusalem : \u201cQu\u2019ils prosp\u00e8rent ceux qui t\u2019aiment.\u201d\u202f\u00bb<\/strong> (cf. Psaume 122,6\u20138)<\/p>\n<\/blockquote>\n\n\n\n<blockquote class=\"wp-block-quote is-layout-flow wp-block-quote-is-layout-flow\">\n<p><strong>\u00ab\u202fIls ont gu\u00e9ri l\u00e9g\u00e8rement la blessure de mon peuple, en disant\u202f: \u00ab\u00a0Paix, paix\u00a0\u00bb, alors qu\u2019il n\u2019y a pas de paix.\u202f\u00bb<\/strong> (J\u00e9r\u00e9mie 6,14)<\/p>\n<\/blockquote>\n\n\n\n<p>Ce dernier verset est particuli\u00e8rement r\u00e9v\u00e9lateur. Le proph\u00e8te J\u00e9r\u00e9mie d\u00e9nonce les faux proph\u00e8tes et les dirigeants qui promettent une \u201cpaix\u201d superficielle et apparente, alors que le p\u00e9ch\u00e9, l\u2019injustice et l\u2019idol\u00e2trie continuent de d\u00e9truire le peuple de l\u2019int\u00e9rieur. <em>Da pacem Domine<\/em> n\u2019est donc pas une simple supplique pour l\u2019absence de guerre, mais pour une <strong>paix v\u00e9ritable<\/strong>, qui na\u00eet du c\u0153ur de Dieu et d\u2019une vie r\u00e9concili\u00e9e avec Lui.<\/p>\n\n\n\n<hr class=\"wp-block-separator has-alpha-channel-opacity\"\/>\n\n\n\n<h3 class=\"wp-block-heading\"><strong>3. Histoire liturgique du chant<\/strong><\/h3>\n\n\n\n<p>Le <em>Da pacem Domine<\/em> jouit d\u2019une histoire v\u00e9n\u00e9rable dans la liturgie chr\u00e9tienne, en particulier dans le rite mozarabe et la tradition gr\u00e9gorienne. Il \u00e9tait fr\u00e9quemment chant\u00e9 pendant la c\u00e9l\u00e9bration de la Sainte Messe en temps de guerre ou de pers\u00e9cution, et il est \u00e9galement inclus dans des processions, des litanies et des moments de pri\u00e8re communautaire ou personnelle pour la paix.<\/p>\n\n\n\n<p>Au Moyen \u00c2ge, il devint l\u2019un des chants favoris dans les monast\u00e8res, o\u00f9 la vie contemplative \u00e9tait associ\u00e9e au d\u00e9sir profond d\u2019interc\u00e9der pour un monde divis\u00e9. De nos jours, il fait toujours partie du r\u00e9pertoire liturgique de nombreuses communaut\u00e9s religieuses et mouvements eccl\u00e9siaux priant pour la paix dans le monde.<\/p>\n\n\n\n<p>Saint Augustin \u00e9crivait :<\/p>\n\n\n\n<blockquote class=\"wp-block-quote is-layout-flow wp-block-quote-is-layout-flow\">\n<p>\u00ab\u202fLa vraie paix est la tranquillit\u00e9 de l\u2019ordre, et cet ordre est \u00e9tabli par Dieu.\u202f\u00bb<br>(<em>La Cit\u00e9 de Dieu<\/em>, XIX, 13)<\/p>\n<\/blockquote>\n\n\n\n<hr class=\"wp-block-separator has-alpha-channel-opacity\"\/>\n\n\n\n<h3 class=\"wp-block-heading\"><strong>4. Dimension th\u00e9ologique : Quelle paix demandons-nous ?<\/strong><\/h3>\n\n\n\n<p>La th\u00e9ologie chr\u00e9tienne distingue clairement entre <strong>la paix du monde<\/strong> et <strong>la paix de Dieu<\/strong>. J\u00e9sus-Christ l\u2019a exprim\u00e9 tr\u00e8s clairement :<\/p>\n\n\n\n<blockquote class=\"wp-block-quote is-layout-flow wp-block-quote-is-layout-flow\">\n<p><strong>\u00ab\u202fJe vous laisse la paix, je vous donne ma paix\u202f; ce n\u2019est pas comme le monde la donne que moi, je vous la donne.\u202f\u00bb<\/strong> (Jean 14,27)<\/p>\n<\/blockquote>\n\n\n\n<p>La paix du Christ n\u2019est pas une simple absence de conflit, ni une conformit\u00e9 superficielle. C\u2019est une <strong>r\u00e9conciliation profonde de l\u2019\u00e2me avec Dieu<\/strong>, une harmonie int\u00e9rieure qui permet au chr\u00e9tien de r\u00e9sister aux temp\u00eates ext\u00e9rieures sans perdre le cap.<\/p>\n\n\n\n<p>En th\u00e9ologie, la paix est l\u2019un des <strong>fruits de l\u2019Esprit Saint<\/strong> (cf. Galates 5,22), et donc ins\u00e9parable d\u2019une vie en gr\u00e2ce, d\u2019une conscience ouverte et d\u2019une ouverture radicale \u00e0 la volont\u00e9 divine.<\/p>\n\n\n\n<p>La supplication <em>\u00ab\u202fquia non est alius qui pugnet pro nobis\u202f\u00bb<\/em> \u2013 \u00ab\u202fcar il n\u2019y a personne d\u2019autre qui combatte pour nous\u202f\u00bb \u2013 poss\u00e8de une signification christologique puissante. Elle nous rappelle que <strong>le Christ est notre seul M\u00e9diateur, Sauveur et Prince de la Paix<\/strong> (Isa\u00efe 9,6). Il a vaincu le p\u00e9ch\u00e9, la mort et le demon sur la Croix. Par cons\u00e9quent, <strong>sans Lui, il n\u2019y a pas de paix v\u00e9ritable<\/strong>.<\/p>\n\n\n\n<hr class=\"wp-block-separator has-alpha-channel-opacity\"\/>\n\n\n\n<h3 class=\"wp-block-heading\"><strong>5. Applications pratiques : vivre \u201cDa pacem Domine\u201d aujourd\u2019hui<\/strong><\/h3>\n\n\n\n<h4 class=\"wp-block-heading\"><strong>a) Paix avec Dieu<\/strong><\/h4>\n\n\n\n<p>La premi\u00e8re paix \u00e0 rechercher est la paix avec Dieu. Cela se r\u00e9alise principalement par le <strong>sacrement de la confession<\/strong>. Une \u00e2me r\u00e9concili\u00e9e est une \u00e2me en paix. Saint Josemar\u00eda disait\u202f: <em>\u00ab\u202fLa paix est l\u2019aboutissement d\u2019une guerre int\u00e9rieure, d\u2019une lutte spirituelle bien conduite.\u202f\u00bb<\/em><\/p>\n\n\n\n<h4 class=\"wp-block-heading\"><strong>b) Paix int\u00e9rieure<\/strong><\/h4>\n\n\n\n<p>L\u2019anxi\u00e9t\u00e9, la peur, le stress\u2026 sont des maux modernes souvent enracin\u00e9s dans des causes spirituelles. La pri\u00e8re du <em>Da pacem<\/em> est aussi une pri\u00e8re de lib\u00e9ration\u202f: \u00ab\u202fSeigneur, combats en mon for int\u00e9rieur. Sois mon bouclier. Donne la paix \u00e0 mon \u00e2me agit\u00e9e.\u202f\u00bb<\/p>\n\n\n\n<p>Astuce pratique\u202f: R\u00e9p\u00e9tez cette pri\u00e8re comme une invocation courte en moments de d\u00e9tresse\u202f: <em>\u201cDa pacem, Domine.\u201d<\/em><\/p>\n\n\n\n<h4 class=\"wp-block-heading\"><strong>c) Paix dans la famille et la soci\u00e9t\u00e9<\/strong><\/h4>\n\n\n\n<p>Il n\u2019y a pas de paix dans le monde s\u2019il n\u2019y a pas de paix dans le c\u0153ur, et pas de paix dans le c\u0153ur s\u2019il n\u2019y a pas de pardon. <em>Da pacem Domine<\/em> peut devenir une \u00e9cole de r\u00e9conciliation. Examinez s\u2019il y a des personnes \u00e0 qui vous devez demander pardon ou avec qui vous devez vous r\u00e9concilier. Invitez votre famille \u00e0 prier ensemble pour la paix \u2014 pas comme concept abstrait, mais comme r\u00e9alit\u00e9 concr\u00e8te qui commence \u00e0 la maison.<\/p>\n\n\n\n<h4 class=\"wp-block-heading\"><strong>d) Paix entre les peuples<\/strong><\/h4>\n\n\n\n<p>Bien que de nombreuses guerres \u00e9chappent \u00e0 notre contr\u00f4le, en tant que chr\u00e9tiens nous sommes appel\u00e9s \u00e0 \u00eatre \u00ab\u202fartisans de paix\u202f\u00bb (Matthieu 5,9). Cela inclut\u202f:<\/p>\n\n\n\n<ul class=\"wp-block-list\">\n<li>Ne pas alimenter la haine ni la polarisation politique.<\/li>\n\n\n\n<li>Prier pour les dirigeants et les pays en conflit.<\/li>\n\n\n\n<li>Soutenir des initiatives humanitaires ou d\u2019accueil aux r\u00e9fugi\u00e9s.<\/li>\n\n\n\n<li>\u00catre des voix proph\u00e9tiques contre l\u2019injustice.<\/li>\n<\/ul>\n\n\n\n<hr class=\"wp-block-separator has-alpha-channel-opacity\"\/>\n\n\n\n<h3 class=\"wp-block-heading\"><strong>6. Le chant comme pri\u00e8re vivante : une proposition spirituelle<\/strong><\/h3>\n\n\n\n<p>Voici une proposition concr\u00e8te\u202f: pendant une semaine, au d\u00e9but ou \u00e0 la fin de votre journ\u00e9e, chantez ou r\u00e9citez lentement cet hymne\u202f:<\/p>\n\n\n\n<blockquote class=\"wp-block-quote is-layout-flow wp-block-quote-is-layout-flow\">\n<p><strong>Da pacem, Domine, in diebus nostris,<br>quia non est alius,<br>qui pugnet pro nobis,<br>nisi tu, Deus noster.<\/strong><\/p>\n<\/blockquote>\n\n\n\n<p>Faites-le en silence. M\u00e9ditez chaque mot. Puis, dans votre pri\u00e8re personnelle, confiez \u00e0 Dieu les conflits pour lesquels vous avez besoin qu\u2019il combatte pour vous. Il vous \u00e9coutera.<\/p>\n\n\n\n<hr class=\"wp-block-separator has-alpha-channel-opacity\"\/>\n\n\n\n<h3 class=\"wp-block-heading\"><strong>Conclusion : Paix, don venu d\u2019en haut<\/strong><\/h3>\n\n\n\n<p><em>Da pacem Domine<\/em> n\u2019est pas une relique ni un chant m\u00e9di\u00e9val oubli\u00e9. C\u2019est un cri toujours vivant dans chaque \u00e2me assoiff\u00e9e de s\u00e9r\u00e9nit\u00e9, de justice, de r\u00e9conciliation et de Dieu. Au c\u0153ur d\u2019un monde en guerre \u2014 \u00e0 l\u2019ext\u00e9rieur comme \u00e0 l\u2019int\u00e9rieur \u2014 ce chant nous rappelle que seul le Christ peut nous offrir une paix que le monde ne comprend pas et ne peut enlever.<\/p>\n\n\n\n<p>Alors, avec humilit\u00e9 et confiance, \u00e9levons \u00e0 nouveau cette supplique mill\u00e9naire comme si elle \u00e9tait nouvelle\u202f:<\/p>\n\n\n\n<p><strong>\u00ab\u202fAccorde la paix, Seigneur, en nos jours,<br>car il n\u2019y a personne d\u2019autre<br>qui combatte pour nous,<br>si ce n\u2019est Toi, notre Dieu.\u202f\u00bb<\/strong><\/p>\n\n\n\n<hr class=\"wp-block-separator has-alpha-channel-opacity\"\/>\n\n\n\n<h3 class=\"wp-block-heading\"><strong>Pri\u00e8re finale sugg\u00e9r\u00e9e :<\/strong><\/h3>\n\n\n\n<blockquote class=\"wp-block-quote is-layout-flow wp-block-quote-is-layout-flow\">\n<p><strong>Seigneur J\u00e9sus, Prince de la Paix,<br>regarde notre monde bless\u00e9 par la violence,<br>nos familles divis\u00e9es,<br>nos c\u0153urs agit\u00e9s.<br>Accorde-nous la paix, Seigneur,<br>cette paix que le monde ne peut donner.<br>Fais de nous des instruments de ta paix.<br>Combat pour nous,<br>car sans Toi nous ne pouvons rien.<br>Amen.<\/strong><\/p>\n<\/blockquote>\n","protected":false},"excerpt":{"rendered":"<p>Introduction : Un chant qui traverse les si\u00e8cles En temps de guerre, de tensions sociales, de polarisation id\u00e9ologique et d\u2019angoisse int\u00e9rieure, le c\u0153ur humain \u00e9l\u00e8ve une supplication qui r\u00e9sonne du fond de l\u2019histoire chr\u00e9tienne : Da pacem, Domine. \u00ab\u202fAccorde la paix, Seigneur.\u202f\u00bb Cette phrase simple mais puissante, devenue chant liturgique et pri\u00e8re, a \u00e9t\u00e9 chant\u00e9e &hellip;<\/p>\n","protected":false},"author":3,"featured_media":4487,"comment_status":"open","ping_status":"open","sticky":false,"template":"","format":"standard","meta":{"_seopress_robots_primary_cat":"","_seopress_titles_title":"","_seopress_titles_desc":"","_seopress_robots_index":"","footnotes":""},"categories":[40,58],"tags":[1497],"class_list":["post-4486","post","type-post","status-publish","format-standard","has-post-thumbnail","","category-priere-et-spiritualite","category-priere-et-vie-spirituelle","tag-da-pacem-domine"],"_links":{"self":[{"href":"https:\/\/catholicus.eu\/fr\/wp-json\/wp\/v2\/posts\/4486","targetHints":{"allow":["GET"]}}],"collection":[{"href":"https:\/\/catholicus.eu\/fr\/wp-json\/wp\/v2\/posts"}],"about":[{"href":"https:\/\/catholicus.eu\/fr\/wp-json\/wp\/v2\/types\/post"}],"author":[{"embeddable":true,"href":"https:\/\/catholicus.eu\/fr\/wp-json\/wp\/v2\/users\/3"}],"replies":[{"embeddable":true,"href":"https:\/\/catholicus.eu\/fr\/wp-json\/wp\/v2\/comments?post=4486"}],"version-history":[{"count":1,"href":"https:\/\/catholicus.eu\/fr\/wp-json\/wp\/v2\/posts\/4486\/revisions"}],"predecessor-version":[{"id":4488,"href":"https:\/\/catholicus.eu\/fr\/wp-json\/wp\/v2\/posts\/4486\/revisions\/4488"}],"wp:featuredmedia":[{"embeddable":true,"href":"https:\/\/catholicus.eu\/fr\/wp-json\/wp\/v2\/media\/4487"}],"wp:attachment":[{"href":"https:\/\/catholicus.eu\/fr\/wp-json\/wp\/v2\/media?parent=4486"}],"wp:term":[{"taxonomy":"category","embeddable":true,"href":"https:\/\/catholicus.eu\/fr\/wp-json\/wp\/v2\/categories?post=4486"},{"taxonomy":"post_tag","embeddable":true,"href":"https:\/\/catholicus.eu\/fr\/wp-json\/wp\/v2\/tags?post=4486"}],"curies":[{"name":"wp","href":"https:\/\/api.w.org\/{rel}","templated":true}]}}