{"id":4483,"date":"2025-07-03T22:36:34","date_gmt":"2025-07-03T20:36:34","guid":{"rendered":"https:\/\/catholicus.eu\/fr\/?p=4483"},"modified":"2025-07-03T22:36:35","modified_gmt":"2025-07-03T20:36:35","slug":"de-lautel-au-vatican-comment-leglise-catholique-est-organisee-et-ce-que-sa-structure-nous-enseigne-spirituellement","status":"publish","type":"post","link":"https:\/\/catholicus.eu\/fr\/de-lautel-au-vatican-comment-leglise-catholique-est-organisee-et-ce-que-sa-structure-nous-enseigne-spirituellement\/","title":{"rendered":"De l\u2019autel au Vatican : Comment l\u2019\u00c9glise catholique est organis\u00e9e et ce que sa structure nous enseigne spirituellement"},"content":{"rendered":"\n<h3 class=\"wp-block-heading\"><strong>Introduction<\/strong><\/h3>\n\n\n\n<p>L\u2019\u00c9glise catholique n\u2019est pas seulement une institution. Elle est le Corps mystique du Christ, une r\u00e9alit\u00e9 divine qui se manifeste dans l\u2019humain. Au fil des si\u00e8cles, l\u2019\u00c9glise a d\u00e9velopp\u00e9 une structure administrative riche, complexe et profond\u00e9ment spirituelle. Loin d\u2019\u00eatre une simple bureaucratie, cette organisation exprime une th\u00e9ologie vivante : l\u2019unit\u00e9 dans la diversit\u00e9, le service dans l\u2019autorit\u00e9 et la communion dans la mission.<\/p>\n\n\n\n<p>De la plus humble paroisse jusqu\u2019au Si\u00e8ge apostolique, chaque unit\u00e9 administrative de l\u2019\u00c9glise refl\u00e8te une dimension du myst\u00e8re de Dieu. Comprendre cette structure, c\u2019est comprendre comment le Christ continue de gouverner, de sanctifier et d\u2019enseigner \u00e0 travers son \u00c9glise.<\/p>\n\n\n\n<blockquote class=\"wp-block-quote is-layout-flow wp-block-quote-is-layout-flow\">\n<p><strong>\u00ab Car Dieu n\u2019est pas un Dieu de d\u00e9sordre, mais de paix, comme dans toutes les \u00c9glises des saints. \u00bb<\/strong> (1 Corinthiens 14,33)<\/p>\n<\/blockquote>\n\n\n\n<p>Cet article veut t\u2019enseigner, t\u2019inspirer et t\u2019aider \u00e0 vivre plus profond\u00e9ment ton appartenance \u00e0 cette grande famille spirituelle. Nous allons parcourir chaque unit\u00e9 administrative \u2014 en incluant le chapitre cath\u00e9dral souvent oubli\u00e9 \u2014 en expliquant son sens th\u00e9ologique, sa mission pastorale et comment cela peut s\u2019appliquer \u00e0 ta vie spirituelle quotidienne.<\/p>\n\n\n\n<hr class=\"wp-block-separator has-alpha-channel-opacity\"\/>\n\n\n\n<h3 class=\"wp-block-heading\"><strong>1. La Paroisse : L\u00e0 o\u00f9 la foi devient vie<\/strong><\/h3>\n\n\n\n<p>La <strong>paroisse<\/strong> est la cellule de base de l\u2019\u00c9glise, la premi\u00e8re communaut\u00e9 visible o\u00f9 les fid\u00e8les vivent leur foi. Elle est confi\u00e9e \u00e0 un <strong>cur\u00e9<\/strong>, pr\u00eatre qui, au nom de l\u2019\u00e9v\u00eaque, guide spirituellement les fid\u00e8les, administre les sacrements, proclame l\u2019\u00c9vangile et veille \u00e0 la charit\u00e9 pastorale.<\/p>\n\n\n\n<p>Th\u00e9ologiquement, la paroisse est une <strong>communaut\u00e9 eucharistique<\/strong>, o\u00f9 le Christ se rend pr\u00e9sent et agit dans son peuple. C\u2019est l\u00e0 que le chr\u00e9tien apprend \u00e0 prier, \u00e0 vivre en communaut\u00e9 et \u00e0 servir.<\/p>\n\n\n\n<p>Pastoralement, c\u2019est l\u2019endroit o\u00f9 l\u2019on accompagne les familles, on cat\u00e9chise les enfants, on forme les jeunes, on prend soin des personnes \u00e2g\u00e9es et on soutient les pauvres.<\/p>\n\n\n\n<blockquote class=\"wp-block-quote is-layout-flow wp-block-quote-is-layout-flow\">\n<p><em>Application spirituelle :<\/em> Soutiens ta paroisse avec ton temps, ta pri\u00e8re et tes talents. Sois un membre actif du Corps du Christ.<\/p>\n<\/blockquote>\n\n\n\n<hr class=\"wp-block-separator has-alpha-channel-opacity\"\/>\n\n\n\n<h3 class=\"wp-block-heading\"><strong>2. La Quasi-Paroisse et l\u2019Aum\u00f4nerie : L\u2019\u00c9glise en mouvement<\/strong><\/h3>\n\n\n\n<p>Lorsqu\u2019il n\u2019y a pas encore de conditions stables pour une paroisse compl\u00e8te, on cr\u00e9e une <strong>quasi-paroisse<\/strong>. Et dans des contextes particuliers (h\u00f4pitaux, prisons, universit\u00e9s, arm\u00e9e), on \u00e9tablit des <strong>aum\u00f4neries<\/strong>, dirig\u00e9es par un <strong>aum\u00f4nier<\/strong>.<\/p>\n\n\n\n<p>Ces structures garantissent que <strong>nul fid\u00e8le ne soit priv\u00e9 de soin spirituel<\/strong>, rappelant que l\u2019\u00c9glise va toujours \u00e0 la rencontre de l\u2019homme, l\u00e0 o\u00f9 il se trouve.<\/p>\n\n\n\n<blockquote class=\"wp-block-quote is-layout-flow wp-block-quote-is-layout-flow\">\n<p><em>Application spirituelle :<\/em> As-tu des proches dans des h\u00f4pitaux, des prisons ou l\u2019arm\u00e9e ? Informe-toi sur leur accompagnement pastoral et soutiens leur chemin de foi.<\/p>\n<\/blockquote>\n\n\n\n<hr class=\"wp-block-separator has-alpha-channel-opacity\"\/>\n\n\n\n<h3 class=\"wp-block-heading\"><strong>3. Le Doyenn\u00e9 ou Archipr\u00eatr\u00e9 : Communion entre les paroisses<\/strong><\/h3>\n\n\n\n<p>Plusieurs paroisses voisines se regroupent en un <strong>doyenn\u00e9<\/strong> ou <strong>archipr\u00eatr\u00e9<\/strong>, coordonn\u00e9 par un <strong>doyen<\/strong> ou <strong>archipr\u00eatre<\/strong>. Cette unit\u00e9 permet un travail pastoral commun, une formation partag\u00e9e et une fraternit\u00e9 sacerdotale.<\/p>\n\n\n\n<p>Th\u00e9ologiquement, elle exprime la <strong>communion<\/strong> : chaque paroisse, tout en \u00e9tant autonome, s\u2019enrichit par sa relation avec les autres, formant un corps plus vaste.<\/p>\n\n\n\n<blockquote class=\"wp-block-quote is-layout-flow wp-block-quote-is-layout-flow\">\n<p><em>Application spirituelle :<\/em> Participe aux activit\u00e9s interparoissiales. D\u00e9couvre que ta communaut\u00e9 de foi fait partie d\u2019un ensemble plus large.<\/p>\n<\/blockquote>\n\n\n\n<hr class=\"wp-block-separator has-alpha-channel-opacity\"\/>\n\n\n\n<h3 class=\"wp-block-heading\"><strong>4. Le Vicariat Forain : Appui et supervision<\/strong><\/h3>\n\n\n\n<p>Le <strong>vicariat forain<\/strong> regroupe plusieurs doyenn\u00e9s au sein d\u2019un dioc\u00e8se. Le <strong>vicaire forain<\/strong> est un pr\u00eatre d\u00e9l\u00e9gu\u00e9 par l\u2019\u00e9v\u00eaque pour accompagner et superviser une r\u00e9gion pr\u00e9cise. Son r\u00f4le est d\u2019aider l\u2019\u00e9v\u00eaque dans sa mission de pasteur.<\/p>\n\n\n\n<blockquote class=\"wp-block-quote is-layout-flow wp-block-quote-is-layout-flow\">\n<p><em>Application spirituelle :<\/em> Prie pour ces pr\u00eatres qui, avec g\u00e9n\u00e9rosit\u00e9, assument plus de responsabilit\u00e9s pour mieux servir le Peuple de Dieu.<\/p>\n<\/blockquote>\n\n\n\n<hr class=\"wp-block-separator has-alpha-channel-opacity\"\/>\n\n\n\n<h3 class=\"wp-block-heading\"><strong>5. Le Chapitre Cath\u00e9dral : Le c\u0153ur liturgique et canonique du dioc\u00e8se<\/strong><\/h3>\n\n\n\n<p>Voici une figure souvent oubli\u00e9e mais essentielle : le <strong>chapitre cath\u00e9dral<\/strong>.<\/p>\n\n\n\n<p>Le chapitre est un coll\u00e8ge de pr\u00eatres appel\u00e9s <strong>chanoines<\/strong>, \u00e9tabli dans les cath\u00e9drales et certaines coll\u00e9giales. Leur mission est d\u2019<strong>assurer la dignit\u00e9 du culte<\/strong>, d\u2019assister l\u2019\u00e9v\u00eaque dans certaines fonctions liturgiques et, dans bien des cas, de <strong>le conseiller dans les d\u00e9cisions importantes<\/strong>. En cas de vacance du si\u00e8ge \u00e9piscopal, le chapitre peut assurer des fonctions de gouvernement transitoires.<\/p>\n\n\n\n<p>Du point de vue th\u00e9ologique, le chapitre repr\u00e9sente la <strong>stabilit\u00e9 et la solennit\u00e9<\/strong> du culte dans la cath\u00e9drale, \u00e9glise-m\u00e8re du dioc\u00e8se. C\u2019est un signe de la <strong>continuit\u00e9 apostolique<\/strong>, dans la pri\u00e8re et dans la doctrine, qui garantit la fid\u00e9lit\u00e9 de l\u2019\u00c9glise m\u00eame en p\u00e9riode de crise.<\/p>\n\n\n\n<blockquote class=\"wp-block-quote is-layout-flow wp-block-quote-is-layout-flow\">\n<p><em>Application spirituelle :<\/em> Visite la cath\u00e9drale de ton dioc\u00e8se. Participe \u00e0 ses liturgies. Appr\u00e9cie la beaut\u00e9 et la solennit\u00e9 qui y sont conserv\u00e9es pour la gloire de Dieu.<\/p>\n<\/blockquote>\n\n\n\n<hr class=\"wp-block-separator has-alpha-channel-opacity\"\/>\n\n\n\n<h3 class=\"wp-block-heading\"><strong>6. Le Dioc\u00e8se : Une \u00c9glise \u00e0 part enti\u00e8re en communion avec Rome<\/strong><\/h3>\n\n\n\n<p>Le <strong>dioc\u00e8se<\/strong> est une <strong>\u00c9glise particuli\u00e8re<\/strong>, pr\u00e9sid\u00e9e par un <strong>\u00e9v\u00eaque<\/strong>, successeur des Ap\u00f4tres. En lui se rend pr\u00e9sente l\u2019\u00c9glise universelle, avec la pl\u00e9nitude des sacrements, du magist\u00e8re et de la structure.<\/p>\n\n\n\n<p>L\u2019\u00e9v\u00eaque, en tant que ma\u00eetre, pr\u00eatre et pasteur, guide son dioc\u00e8se avec l\u2019aide de son presbyterium (pr\u00eatres), des diacres et des la\u00efcs engag\u00e9s. Sa parole a autorit\u00e9 non pas en vertu de son opinion personnelle, mais parce qu\u2019il <strong>agit au nom du Christ<\/strong>.<\/p>\n\n\n\n<blockquote class=\"wp-block-quote is-layout-flow wp-block-quote-is-layout-flow\">\n<p><strong>\u00ab Celui qui vous \u00e9coute m\u2019\u00e9coute, et celui qui vous rejette me rejette. \u00bb<\/strong> (Luc 10,16)<\/p>\n<\/blockquote>\n\n\n\n<blockquote class=\"wp-block-quote is-layout-flow wp-block-quote-is-layout-flow\">\n<p><em>Application spirituelle :<\/em> Connais et prie pour ton \u00e9v\u00eaque. \u00c9coute ses enseignements. Soutiens les initiatives dioc\u00e9saines.<\/p>\n<\/blockquote>\n\n\n\n<hr class=\"wp-block-separator has-alpha-channel-opacity\"\/>\n\n\n\n<h3 class=\"wp-block-heading\"><strong>7. La Province Eccl\u00e9siastique : Unir les dioc\u00e8ses fr\u00e8res<\/strong><\/h3>\n\n\n\n<p>Plusieurs dioc\u00e8ses voisins forment une <strong>province eccl\u00e9siastique<\/strong>, pr\u00e9sid\u00e9e par une <strong>archidioc\u00e8se m\u00e9tropolitaine<\/strong>. L\u2019<strong>archev\u00eaque m\u00e9tropolitain<\/strong> a un r\u00f4le symbolique et de coordination, sans autorit\u00e9 directe sur les dioc\u00e8ses suffragants, sauf dans certains cas d\u00e9finis par le droit canonique.<\/p>\n\n\n\n<p>Cette unit\u00e9 exprime la <strong>communion entre \u00c9glises locales<\/strong>. Chaque dioc\u00e8se a son identit\u00e9, mais tous avancent ensemble \u00e0 la lumi\u00e8re de l\u2019\u00c9vangile.<\/p>\n\n\n\n<blockquote class=\"wp-block-quote is-layout-flow wp-block-quote-is-layout-flow\">\n<p><em>Application spirituelle :<\/em> Ouvre ton c\u0153ur \u00e0 l\u2019\u00c9glise au-del\u00e0 de ta communaut\u00e9. Participe aux p\u00e8lerinages, rencontres et congr\u00e8s au niveau provincial.<\/p>\n<\/blockquote>\n\n\n\n<hr class=\"wp-block-separator has-alpha-channel-opacity\"\/>\n\n\n\n<h3 class=\"wp-block-heading\"><strong>8. La Conf\u00e9rence \u00c9piscopale : La voix commune des \u00e9v\u00eaques<\/strong><\/h3>\n\n\n\n<p>Dans chaque pays, les \u00e9v\u00eaques se r\u00e9unissent en <strong>conf\u00e9rences \u00e9piscopales<\/strong> pour coordonner les plans pastoraux, affronter ensemble les d\u00e9fis communs et publier des d\u00e9clarations doctrinales.<\/p>\n\n\n\n<p>Bien que chaque \u00e9v\u00eaque conserve toute son autorit\u00e9 dans son propre dioc\u00e8se, ces conf\u00e9rences permettent \u00e0 l\u2019\u00c9glise de r\u00e9pondre plus efficacement aux questions sociales, politiques ou culturelles.<\/p>\n\n\n\n<blockquote class=\"wp-block-quote is-layout-flow wp-block-quote-is-layout-flow\">\n<p><em>Application spirituelle :<\/em> Lis les d\u00e9clarations de ta conf\u00e9rence \u00e9piscopale. Elles sont un guide pr\u00e9cieux pour discerner comment vivre ta foi dans ton contexte.<\/p>\n<\/blockquote>\n\n\n\n<hr class=\"wp-block-separator has-alpha-channel-opacity\"\/>\n\n\n\n<h3 class=\"wp-block-heading\"><strong>9. Les \u00c9glises Autonomes (Sui Iuris) : La diversit\u00e9 dans la communion<\/strong><\/h3>\n\n\n\n<p>L\u2019\u00c9glise catholique comprend <strong>24 \u00c9glises sui iuris<\/strong> qui reconnaissent l\u2019autorit\u00e9 du Pape tout en conservant leurs propres rites, disciplines et structures. Ce sont principalement les \u00c9glises catholiques orientales, comme les maronites, chald\u00e9ennes, melkites, coptes catholiques ou gr\u00e9co-catholiques ukrainiennes.<\/p>\n\n\n\n<p>Cette r\u00e9alit\u00e9 montre que <strong>l\u2019unit\u00e9 de l\u2019\u00c9glise ne n\u00e9cessite pas l\u2019uniformit\u00e9<\/strong>, mais la fid\u00e9lit\u00e9 \u00e0 l\u2019\u00c9vangile et la communion avec Pierre.<\/p>\n\n\n\n<blockquote class=\"wp-block-quote is-layout-flow wp-block-quote-is-layout-flow\">\n<p><em>Application spirituelle :<\/em> Sois reconnaissant pour la richesse de l\u2019\u00c9glise. Si tu en as l\u2019occasion, assiste \u00e0 une liturgie catholique orientale : tu feras l\u2019exp\u00e9rience de l\u2019universalit\u00e9 de la foi.<\/p>\n<\/blockquote>\n\n\n\n<hr class=\"wp-block-separator has-alpha-channel-opacity\"\/>\n\n\n\n<h3 class=\"wp-block-heading\"><strong>10. La Curie Romaine : Au service de l\u2019\u00c9glise universelle<\/strong><\/h3>\n\n\n\n<p>Le <strong>Pape<\/strong>, \u00e9v\u00eaque de Rome et successeur de saint Pierre, gouverne l\u2019\u00c9glise avec l\u2019aide de la <strong>Curie romaine<\/strong>, compos\u00e9e de dicast\u00e8res (anciennement congr\u00e9gations), de tribunaux, d\u2019offices et de commissions.<\/p>\n\n\n\n<p>Loin d\u2019\u00eatre une simple bureaucratie, la Curie est une <strong>structure au service de la charit\u00e9 universelle<\/strong>, qui aide le Pape dans sa mission de confirmer ses fr\u00e8res dans la foi (cf. Luc 22,32).<\/p>\n\n\n\n<blockquote class=\"wp-block-quote is-layout-flow wp-block-quote-is-layout-flow\">\n<p><em>Application spirituelle :<\/em> Prie pour le Pape et pour ceux qui l\u2019assistent. L\u2019unit\u00e9 de l\u2019\u00c9glise a besoin d\u2019une pri\u00e8re constante.<\/p>\n<\/blockquote>\n\n\n\n<hr class=\"wp-block-separator has-alpha-channel-opacity\"\/>\n\n\n\n<h3 class=\"wp-block-heading\"><strong>11. Le Si\u00e8ge Apostolique : Un roc solide au milieu de la temp\u00eate<\/strong><\/h3>\n\n\n\n<p>Au sommet de toute cette structure se trouve le <strong>Si\u00e8ge apostolique<\/strong>, c\u2019est-\u00e0-dire le Pape. Comme successeur de Pierre, il a une juridiction supr\u00eame, imm\u00e9diate et universelle sur toute l\u2019\u00c9glise.<\/p>\n\n\n\n<p>Son autorit\u00e9 n\u2019est pas politique, mais <strong>spirituelle et pastorale<\/strong>, garantissant la fid\u00e9lit\u00e9 \u00e0 l\u2019\u00c9vangile et maintenant le lien de communion entre toutes les \u00c9glises particuli\u00e8res.<\/p>\n\n\n\n<blockquote class=\"wp-block-quote is-layout-flow wp-block-quote-is-layout-flow\">\n<p><strong>\u00ab Tu es Pierre, et sur cette pierre je b\u00e2tirai mon \u00c9glise. \u00bb<\/strong> (Matthieu 16,18)<\/p>\n<\/blockquote>\n\n\n\n<blockquote class=\"wp-block-quote is-layout-flow wp-block-quote-is-layout-flow\">\n<p><em>Application spirituelle :<\/em> Reste en communion avec le Pape, m\u00eame dans les moments difficiles. L\u2019union avec Pierre est l\u2019union avec le Christ.<\/p>\n<\/blockquote>\n\n\n\n<hr class=\"wp-block-separator has-alpha-channel-opacity\"\/>\n\n\n\n<h3 class=\"wp-block-heading\"><strong>Conclusion : L\u2019Esprit Saint organise son \u00c9glise<\/strong><\/h3>\n\n\n\n<p>Derri\u00e8re chaque unit\u00e9 administrative se cache une mission, un charisme et une gr\u00e2ce. La structure de l\u2019\u00c9glise n\u2019est pas le fruit de l\u2019ambition humaine, mais de la conduite de l\u2019Esprit Saint, qui veut que tous les hommes soient sauv\u00e9s et parviennent \u00e0 la connaissance de la v\u00e9rit\u00e9 (cf. 1 Timoth\u00e9e 2,4).<\/p>\n\n\n\n<p>Chaque paroisse, chaque chapitre, chaque dioc\u00e8se, chaque \u00e9v\u00eaque forme un r\u00e9seau de gr\u00e2ce, d\u2019enseignement et de service. Comprendre cette organisation n\u2019est pas seulement un exercice acad\u00e9mique, c\u2019est une mani\u00e8re d\u2019aimer plus profond\u00e9ment l\u2019\u00c9glise, de vivre en communion et de collaborer \u00e0 sa mission d\u2019\u00e9vang\u00e9lisation.<\/p>\n\n\n\n<hr class=\"wp-block-separator has-alpha-channel-opacity\"\/>\n\n\n\n<h3 class=\"wp-block-heading\"><strong>\u00c9pilogue : Un appel \u00e0 toi, membre du Corps du Christ<\/strong><\/h3>\n\n\n\n<p>L\u2019\u00c9glise a besoin de toi \u2014 pas comme spectateur, mais comme <strong>membre vivant<\/strong>. En comprenant comment l\u2019\u00c9glise est structur\u00e9e, tu comprendras mieux ta propre place en son sein : comme la\u00efc engag\u00e9, cat\u00e9chiste, collaborateur liturgique ou missionnaire du quotidien.<\/p>\n\n\n\n<blockquote class=\"wp-block-quote is-layout-flow wp-block-quote-is-layout-flow\">\n<p>\u00ab Ainsi, nous qui sommes plusieurs, nous formons un seul corps en Christ, et nous sommes tous membres les uns des autres. \u00bb (Romains 12,5)<\/p>\n<\/blockquote>\n\n\n\n<p>Prie pour ton cur\u00e9, aime ton dioc\u00e8se, d\u00e9fends le Pape et vis ta foi avec joie et responsabilit\u00e9. Car l\u2019\u00c9glise n\u2019est pas seulement une hi\u00e9rarchie. <strong>Tu es l\u2019\u00c9glise.<\/strong> Unis dans une structure visible, soutenus par une gr\u00e2ce invisible, nous marchons ensemble vers la pl\u00e9nitude du Royaume.<\/p>\n","protected":false},"excerpt":{"rendered":"<p>Introduction L\u2019\u00c9glise catholique n\u2019est pas seulement une institution. Elle est le Corps mystique du Christ, une r\u00e9alit\u00e9 divine qui se manifeste dans l\u2019humain. Au fil des si\u00e8cles, l\u2019\u00c9glise a d\u00e9velopp\u00e9 une structure administrative riche, complexe et profond\u00e9ment spirituelle. Loin d\u2019\u00eatre une simple bureaucratie, cette organisation exprime une th\u00e9ologie vivante : l\u2019unit\u00e9 dans la diversit\u00e9, le &hellip;<\/p>\n","protected":false},"author":3,"featured_media":4484,"comment_status":"open","ping_status":"open","sticky":false,"template":"","format":"standard","meta":{"_seopress_robots_primary_cat":"","_seopress_titles_title":"","_seopress_titles_desc":"","_seopress_robots_index":"","footnotes":""},"categories":[48,38],"tags":[274],"class_list":["post-4483","post","type-post","status-publish","format-standard","has-post-thumbnail","","category-histoire-de-leglise","category-histoire-et-tradition","tag-eglise-catholique"],"_links":{"self":[{"href":"https:\/\/catholicus.eu\/fr\/wp-json\/wp\/v2\/posts\/4483","targetHints":{"allow":["GET"]}}],"collection":[{"href":"https:\/\/catholicus.eu\/fr\/wp-json\/wp\/v2\/posts"}],"about":[{"href":"https:\/\/catholicus.eu\/fr\/wp-json\/wp\/v2\/types\/post"}],"author":[{"embeddable":true,"href":"https:\/\/catholicus.eu\/fr\/wp-json\/wp\/v2\/users\/3"}],"replies":[{"embeddable":true,"href":"https:\/\/catholicus.eu\/fr\/wp-json\/wp\/v2\/comments?post=4483"}],"version-history":[{"count":1,"href":"https:\/\/catholicus.eu\/fr\/wp-json\/wp\/v2\/posts\/4483\/revisions"}],"predecessor-version":[{"id":4485,"href":"https:\/\/catholicus.eu\/fr\/wp-json\/wp\/v2\/posts\/4483\/revisions\/4485"}],"wp:featuredmedia":[{"embeddable":true,"href":"https:\/\/catholicus.eu\/fr\/wp-json\/wp\/v2\/media\/4484"}],"wp:attachment":[{"href":"https:\/\/catholicus.eu\/fr\/wp-json\/wp\/v2\/media?parent=4483"}],"wp:term":[{"taxonomy":"category","embeddable":true,"href":"https:\/\/catholicus.eu\/fr\/wp-json\/wp\/v2\/categories?post=4483"},{"taxonomy":"post_tag","embeddable":true,"href":"https:\/\/catholicus.eu\/fr\/wp-json\/wp\/v2\/tags?post=4483"}],"curies":[{"name":"wp","href":"https:\/\/api.w.org\/{rel}","templated":true}]}}