{"id":4413,"date":"2025-06-22T23:38:01","date_gmt":"2025-06-22T21:38:01","guid":{"rendered":"https:\/\/catholicus.eu\/fr\/?p=4413"},"modified":"2025-06-22T23:38:02","modified_gmt":"2025-06-22T21:38:02","slug":"dulie-lhonneur-du-aux-saints-guide-theologique-et-pratique-pour-le-catholique-daujourdhui","status":"publish","type":"post","link":"https:\/\/catholicus.eu\/fr\/dulie-lhonneur-du-aux-saints-guide-theologique-et-pratique-pour-le-catholique-daujourdhui\/","title":{"rendered":"Dulie : L\u2019honneur d\u00fb aux saints \u2013 Guide th\u00e9ologique et pratique pour le catholique d\u2019aujourd\u2019hui"},"content":{"rendered":"\n<h2 class=\"wp-block-heading\"><strong>Introduction : Qu\u2019est-ce que la dulie et pourquoi est-ce important ?<\/strong><\/h2>\n\n\n\n<p>Dans un monde marqu\u00e9 par le relativisme religieux et la confusion doctrinale, il est essentiel que les catholiques comprennent clairement les distinctions dans notre culte. L\u2019un des enseignements les plus mal compris, y compris parmi les fid\u00e8les, est le concept de&nbsp;<strong>Dulie<\/strong>&nbsp;(du grec&nbsp;<em>douleia<\/em>, \u00ab\u00a0service\u00a0\u00bb ou \u00ab\u00a0v\u00e9n\u00e9ration\u00a0\u00bb).<\/p>\n\n\n\n<p>La Dulie d\u00e9signe&nbsp;<strong>l\u2019honneur et le respect que nous rendons aux saints et aux anges<\/strong>, reconnaissant leur proximit\u00e9 avec Dieu et leur vie chr\u00e9tienne exemplaire. Contrairement \u00e0 la&nbsp;<strong>Latrie<\/strong>&nbsp;(adoration r\u00e9serv\u00e9e \u00e0 Dieu seul) et \u00e0 l\u2019<strong>Hyperdulie<\/strong>&nbsp;(v\u00e9n\u00e9ration particuli\u00e8re \u00e0 la Vierge Marie), la Dulie nous aide \u00e0 vivre en communion avec l\u2019\u00c9glise triomphante, en nous inspirant de leur t\u00e9moignage.<\/p>\n\n\n\n<p>Mais pourquoi est-ce pertinent aujourd\u2019hui ? \u00c0 une \u00e9poque o\u00f9 beaucoup n\u00e9gligent la d\u00e9votion aux saints ou tombent dans des exc\u00e8s superstitieux, comprendre la Dulie nous permet&nbsp;<strong>d\u2019aimer Dieu plus pleinement<\/strong>&nbsp;en imitant ceux qui sont d\u00e9j\u00e0 dans sa Gloire.<\/p>\n\n\n\n<hr class=\"wp-block-separator has-alpha-channel-opacity\"\/>\n\n\n\n<h2 class=\"wp-block-heading\"><strong>I. Fondements th\u00e9ologiques : Que disent l\u2019\u00c9criture et la Tradition ?<\/strong><\/h2>\n\n\n\n<h3 class=\"wp-block-heading\"><strong>1. La Dulie dans l\u2019\u00c9criture Sainte<\/strong><\/h3>\n\n\n\n<p>La Bible n\u2019utilise pas directement le terme \u00ab\u00a0Dulie\u00a0\u00bb, mais elle \u00e9tablit le principe d\u2019honorer les serviteurs de Dieu :<\/p>\n\n\n\n<blockquote class=\"wp-block-quote is-layout-flow wp-block-quote-is-layout-flow\">\n<p><em>\u00ab\u00a0Souvenez-vous de vos dirigeants, qui vous ont annonc\u00e9 la parole de Dieu ; consid\u00e9rez quelle a \u00e9t\u00e9 l\u2019issue de leur vie, et imitez leur foi.\u00a0\u00bb<\/em>&nbsp;(H\u00e9breux 13:7)<\/p>\n<\/blockquote>\n\n\n\n<p>Ce verset refl\u00e8te l\u2019essence de la Dulie :&nbsp;<strong>se souvenir, admirer et imiter<\/strong>&nbsp;ceux qui ont v\u00e9cu h\u00e9ro\u00efquement la foi. De plus, dans l\u2019Apocalypse, les saints interc\u00e8dent pour nous (Ap 5:8 ; 8:3-4), confirmant leur r\u00f4le actif dans la vie de l\u2019\u00c9glise.<\/p>\n\n\n\n<h3 class=\"wp-block-heading\"><strong>2. La Tradition et les P\u00e8res de l\u2019\u00c9glise<\/strong><\/h3>\n\n\n\n<p>D\u00e8s les premiers si\u00e8cles, les chr\u00e9tiens v\u00e9n\u00e9raient les martyrs, c\u00e9l\u00e9brant leurs f\u00eates et demandant leur intercession. Saint J\u00e9r\u00f4me disait :<\/p>\n\n\n\n<blockquote class=\"wp-block-quote is-layout-flow wp-block-quote-is-layout-flow\">\n<p><em>\u00ab\u00a0Nous honorons les saints non pour eux-m\u00eames, mais pour Celui dont ils sont les serviteurs.\u00a0\u00bb<\/em><\/p>\n<\/blockquote>\n\n\n\n<p>Guid\u00e9e par l\u2019Esprit Saint, l\u2019\u00c9glise a d\u00e9fini au Concile de Trente (1545-1563) que&nbsp;<strong>l\u2019invocation des saints est \u00ab\u00a0bonne et utile\u00a0\u00bb<\/strong>, car ils sont nos intercesseurs et nos mod\u00e8les.<\/p>\n\n\n\n<hr class=\"wp-block-separator has-alpha-channel-opacity\"\/>\n\n\n\n<h2 class=\"wp-block-heading\"><strong>II. Dulie vs Adoration : \u00c9viter les confusions<\/strong><\/h2>\n\n\n\n<p>Une des plus grandes erreurs de la spiritualit\u00e9 moderne est d\u2019assimiler la v\u00e9n\u00e9ration des saints au culte d\u00fb \u00e0 Dieu.&nbsp;<strong>La Dulie n\u2019est pas de l\u2019idol\u00e2trie<\/strong>, car :<\/p>\n\n\n\n<ul class=\"wp-block-list\">\n<li><strong>La Latrie (adoration)<\/strong>\u00a0est r\u00e9serv\u00e9e \u00e0 la Sainte Trinit\u00e9.<\/li>\n\n\n\n<li><strong>La Dulie (v\u00e9n\u00e9ration)<\/strong>\u00a0est un honneur relatif, qui renvoie \u00e0 Dieu comme source de toute saintet\u00e9.<\/li>\n<\/ul>\n\n\n\n<p><strong>Exemple pratique :<\/strong>&nbsp;Quand nous honorons un saint comme saint Joseph, nous ne l\u2019adorons pas, mais&nbsp;<strong>nous reconnaissons comment Dieu l\u2019a sanctifi\u00e9<\/strong>&nbsp;et nous le prenons comme guide dans la vertu.<\/p>\n\n\n\n<hr class=\"wp-block-separator has-alpha-channel-opacity\"\/>\n\n\n\n<h2 class=\"wp-block-heading\"><strong>III. La Dulie dans la vie quotidienne : Guide pratique<\/strong><\/h2>\n\n\n\n<h3 class=\"wp-block-heading\"><strong>1. Cultiver une d\u00e9votion saine<\/strong><\/h3>\n\n\n\n<ul class=\"wp-block-list\">\n<li><strong>\u00c9tudiez la vie des saints<\/strong>\u00a0: Lisez des biographies de saints ayant affront\u00e9 des combats semblables aux v\u00f4tres.<\/li>\n\n\n\n<li><strong>C\u00e9l\u00e9brez leurs f\u00eates<\/strong>\u00a0: Participez \u00e0 la Messe lors de leurs m\u00e9moires liturgiques.<\/li>\n\n\n\n<li><strong>Demandez leur intercession<\/strong>\u00a0: Utilisez reliques ou images comme moyens de gr\u00e2ce, non comme talismans.<\/li>\n<\/ul>\n\n\n\n<h3 class=\"wp-block-heading\"><strong>2. Imiter leurs vertus<\/strong><\/h3>\n\n\n\n<p>La vraie Dulie ne se limite pas \u00e0 des pri\u00e8res mais pousse \u00e0 l\u2019action. Si vous v\u00e9n\u00e9rez :<\/p>\n\n\n\n<ul class=\"wp-block-list\">\n<li><strong>Sainte Th\u00e9r\u00e8se d\u2019Avila<\/strong>, approfondissez votre vie de pri\u00e8re.<\/li>\n\n\n\n<li><strong>Saint Fran\u00e7ois d\u2019Assise<\/strong>, cultivez l\u2019amour de la cr\u00e9ation.<\/li>\n\n\n\n<li><strong>Saint Thomas More<\/strong>, d\u00e9fendez la v\u00e9rit\u00e9 avec courage.<\/li>\n<\/ul>\n\n\n\n<h3 class=\"wp-block-heading\"><strong>3. Corriger les exc\u00e8s et d\u00e9fauts<\/strong><\/h3>\n\n\n\n<ul class=\"wp-block-list\">\n<li><strong>\u00c9vitez la superstition<\/strong>\u00a0: Les saints ne sont pas des magiciens ; faites confiance \u00e0 la Providence.<\/li>\n\n\n\n<li><strong>Ne les \u00e9galisez pas \u00e0 Dieu<\/strong>\u00a0: Leur puissance vient du Christ, non d\u2019eux-m\u00eames.<\/li>\n\n\n\n<li><strong>Ne n\u00e9gligez pas le Christ<\/strong>\u00a0: La d\u00e9votion aux saints doit vous conduire \u00e0 l\u2019Eucharistie et \u00e0 l\u2019\u00c9vangile.<\/li>\n<\/ul>\n\n\n\n<hr class=\"wp-block-separator has-alpha-channel-opacity\"\/>\n\n\n\n<h2 class=\"wp-block-heading\"><strong>IV. La Dulie dans le monde actuel : Comment l\u2019appliquer aujourd\u2019hui ?<\/strong><\/h2>\n\n\n\n<p>Dans une culture tiraill\u00e9e entre s\u00e9cularisme et \u00e9sot\u00e9risme, la Dulie est un antidote :<\/p>\n\n\n\n<ul class=\"wp-block-list\">\n<li><strong>Pour les s\u00e9cularis\u00e9s<\/strong>\u00a0: Rappelez-vous que les saints \u00e9taient des hommes et femmes r\u00e9els dont la foi a transform\u00e9 le monde.<\/li>\n\n\n\n<li><strong>Pour les spiritualistes \u00ab\u00a0new age\u00a0\u00bb<\/strong>\u00a0: La vraie d\u00e9votion n\u2019est pas une \u00e9nergie cosmique mais l\u2019amour concret de Dieu et du prochain.<\/li>\n<\/ul>\n\n\n\n<p><strong>Exemple actuel :<\/strong>&nbsp;Face aux crises morales ou politiques, invoquons des saints comme&nbsp;<strong>saint Thomas More<\/strong>&nbsp;(patron des gouvernants) ou&nbsp;<strong>sainte Gianna Beretta<\/strong>&nbsp;(d\u00e9fenseure de la vie), demandant lumi\u00e8re pour agir avec sagesse.<\/p>\n\n\n\n<hr class=\"wp-block-separator has-alpha-channel-opacity\"\/>\n\n\n\n<h2 class=\"wp-block-heading\"><strong>Conclusion : La Dulie, chemin de communion et saintet\u00e9<\/strong><\/h2>\n\n\n\n<p>V\u00e9n\u00e9rer les saints n\u2019est pas un rite d\u00e9suet mais&nbsp;<strong>une \u00e9cole de vie chr\u00e9tienne<\/strong>. En pratiquant la Dulie avec \u00e9quilibre, nous rejoignons \u00ab\u00a0la nu\u00e9e de t\u00e9moins\u00a0\u00bb (He 12:1) qui nous exhortent \u00e0 suivre le Christ radicalement.<\/p>\n\n\n\n<p><strong>Appel \u00e0 l\u2019action :<\/strong><\/p>\n\n\n\n<ol start=\"1\" class=\"wp-block-list\">\n<li><strong>Choisissez un saint patron<\/strong>\u00a0pour cette ann\u00e9e et \u00e9tudiez sa vie.<\/li>\n\n\n\n<li><strong>Pratiquez une \u0153uvre de mis\u00e9ricorde<\/strong>\u00a0en imitant ses vertus.<\/li>\n\n\n\n<li><strong>Partagez son t\u00e9moignage<\/strong>\u00a0autour de vous, montrant que la saintet\u00e9 est possible.<\/li>\n<\/ol>\n\n\n\n<p>Comme dit saint Paul,&nbsp;<em>\u00ab\u00a0Courons avec endurance l\u2019\u00e9preuve qui nous est propos\u00e9e, les yeux fix\u00e9s sur J\u00e9sus, qui est \u00e0 l\u2019origine et au terme de la foi\u00a0\u00bb<\/em>&nbsp;(He 12:1-2).&nbsp;<strong>Vers la Gloire, par les saints !<\/strong><\/p>\n","protected":false},"excerpt":{"rendered":"<p>Introduction : Qu\u2019est-ce que la dulie et pourquoi est-ce important ? Dans un monde marqu\u00e9 par le relativisme religieux et la confusion doctrinale, il est essentiel que les catholiques comprennent clairement les distinctions dans notre culte. L\u2019un des enseignements les plus mal compris, y compris parmi les fid\u00e8les, est le concept de&nbsp;Dulie&nbsp;(du grec&nbsp;douleia, \u00ab\u00a0service\u00a0\u00bb ou &hellip;<\/p>\n","protected":false},"author":3,"featured_media":4414,"comment_status":"open","ping_status":"open","sticky":false,"template":"","format":"standard","meta":{"_seopress_robots_primary_cat":"","_seopress_titles_title":"","_seopress_titles_desc":"","_seopress_robots_index":"","footnotes":""},"categories":[40,61],"tags":[1477],"class_list":["post-4413","post","type-post","status-publish","format-standard","has-post-thumbnail","","category-priere-et-spiritualite","category-saints-et-calendrier-liturgique","tag-dulie"],"_links":{"self":[{"href":"https:\/\/catholicus.eu\/fr\/wp-json\/wp\/v2\/posts\/4413","targetHints":{"allow":["GET"]}}],"collection":[{"href":"https:\/\/catholicus.eu\/fr\/wp-json\/wp\/v2\/posts"}],"about":[{"href":"https:\/\/catholicus.eu\/fr\/wp-json\/wp\/v2\/types\/post"}],"author":[{"embeddable":true,"href":"https:\/\/catholicus.eu\/fr\/wp-json\/wp\/v2\/users\/3"}],"replies":[{"embeddable":true,"href":"https:\/\/catholicus.eu\/fr\/wp-json\/wp\/v2\/comments?post=4413"}],"version-history":[{"count":1,"href":"https:\/\/catholicus.eu\/fr\/wp-json\/wp\/v2\/posts\/4413\/revisions"}],"predecessor-version":[{"id":4415,"href":"https:\/\/catholicus.eu\/fr\/wp-json\/wp\/v2\/posts\/4413\/revisions\/4415"}],"wp:featuredmedia":[{"embeddable":true,"href":"https:\/\/catholicus.eu\/fr\/wp-json\/wp\/v2\/media\/4414"}],"wp:attachment":[{"href":"https:\/\/catholicus.eu\/fr\/wp-json\/wp\/v2\/media?parent=4413"}],"wp:term":[{"taxonomy":"category","embeddable":true,"href":"https:\/\/catholicus.eu\/fr\/wp-json\/wp\/v2\/categories?post=4413"},{"taxonomy":"post_tag","embeddable":true,"href":"https:\/\/catholicus.eu\/fr\/wp-json\/wp\/v2\/tags?post=4413"}],"curies":[{"name":"wp","href":"https:\/\/api.w.org\/{rel}","templated":true}]}}