{"id":4380,"date":"2025-06-20T23:01:19","date_gmt":"2025-06-20T21:01:19","guid":{"rendered":"https:\/\/catholicus.eu\/fr\/?p=4380"},"modified":"2025-06-20T23:01:19","modified_gmt":"2025-06-20T21:01:19","slug":"chartres-le-pelerinage-du-coeur-catholique-qui-marche-a-contrecourant","status":"publish","type":"post","link":"https:\/\/catholicus.eu\/fr\/chartres-le-pelerinage-du-coeur-catholique-qui-marche-a-contrecourant\/","title":{"rendered":"Chartres : Le P\u00e8lerinage du C\u0153ur Catholique qui Marche \u00e0 Contrecourant"},"content":{"rendered":"\n<h3 class=\"wp-block-heading\">Introduction : Une marche vers Dieu, \u00e0 contre-courant<\/h3>\n\n\n\n<p>En une \u00e9poque marqu\u00e9e par le bruit, la pr\u00e9cipitation et la confusion spirituelle, des milliers de catholiques de tous \u00e2ges, de toutes conditions et de divers pays se mettent en route pour accomplir ce qui semble une folie aux yeux du monde moderne : marcher plus de 100 kilom\u00e8tres en trois jours, de Paris \u00e0 Chartres, guid\u00e9s par la foi, soutenus par la tradition, anim\u00e9s par l\u2019esp\u00e9rance et unis dans l\u2019amour du Christ et de sa Tr\u00e8s Sainte M\u00e8re.<br>Le p\u00e8lerinage de Chartres n\u2019est pas une simple marche de d\u00e9votion. C\u2019est un cri silencieux mais ferme de fid\u00e9lit\u00e9 \u00e0 la Tradition de l\u2019\u00c9glise, une \u00e9cole de saintet\u00e9, un d\u00e9sert temporaire o\u00f9 les \u00e2mes se purifient, un t\u00e9moignage vivant que la Foi n\u2019est pas morte, et une mani\u00e8re concr\u00e8te de r\u00e9sister \u00e0 la mondanit\u00e9 de notre \u00e9poque.<\/p>\n\n\n\n<p>Aujourd\u2019hui plus que jamais, il est urgent de red\u00e9couvrir la valeur spirituelle, th\u00e9ologique et pastorale du p\u00e8lerinage, et Chartres est sans aucun doute l\u2019un des plus puissants et significatifs.<\/p>\n\n\n\n<hr class=\"wp-block-separator has-alpha-channel-opacity\"\/>\n\n\n\n<h3 class=\"wp-block-heading\">I. Origine et histoire du p\u00e8lerinage de Chartres<\/h3>\n\n\n\n<p>La ville de <strong>Chartres<\/strong>, au c\u0153ur de la France, est depuis des si\u00e8cles l\u2019un des principaux centres mariaux d\u2019Europe. Sa majestueuse cath\u00e9drale gothique, d\u00e9di\u00e9e \u00e0 <strong>Notre-Dame<\/strong>, abrite la relique v\u00e9n\u00e9r\u00e9e du <strong>voile de la Vierge Marie<\/strong>, qui, selon la tradition, y fut apport\u00e9e par Charles le Chauve au IX\u1d49 si\u00e8cle.<\/p>\n\n\n\n<p>Bien que les p\u00e8lerinages m\u00e9di\u00e9vaux vers Chartres fussent d\u00e9j\u00e0 fr\u00e9quents, le <strong>p\u00e8lerinage traditionnel de la Pentec\u00f4te<\/strong> depuis Paris prend son origine au XX\u1d49 si\u00e8cle, notamment comme r\u00e9ponse \u00e0 la crise post-conciliaire qui a affect\u00e9 de nombreux fid\u00e8les. Il a \u00e9t\u00e9 organis\u00e9 pour la premi\u00e8re fois en 1983 par le groupe catholique traditionaliste <strong>Notre-Dame de Chr\u00e9tient\u00e9<\/strong>, et depuis lors, il est devenu un rep\u00e8re mondial de renouveau spirituel, en particulier chez les jeunes.<\/p>\n\n\n\n<p>Chaque ann\u00e9e, pendant le week-end de la Pentec\u00f4te, plus de <strong>15 000 p\u00e8lerins<\/strong>, pour la plupart jeunes, se rassemblent pour marcher plus de 100 kilom\u00e8tres en trois jours \u2014 un effort physique et spirituel titanesque, centr\u00e9 sur la Messe traditionnelle en latin, le chant gr\u00e9gorien, la r\u00e9citation du Rosaire, les confessions, les enseignements doctrinaux et, surtout, le silence int\u00e9rieur.<\/p>\n\n\n\n<hr class=\"wp-block-separator has-alpha-channel-opacity\"\/>\n\n\n\n<h3 class=\"wp-block-heading\">II. Pertinence th\u00e9ologique : une marche vers les Hauteurs<\/h3>\n\n\n\n<p>Le p\u00e8lerinage de Chartres n\u2019est pas simplement un acte de pi\u00e9t\u00e9 ; c\u2019est une <strong>cat\u00e9ch\u00e8se en mouvement<\/strong>, un acte th\u00e9ologique v\u00e9cu avec les pieds, le c\u0153ur et l\u2019\u00e2me.<\/p>\n\n\n\n<h4 class=\"wp-block-heading\">1. Image de l\u2019\u00c9glise en marche<\/h4>\n\n\n\n<p>Comme le rappelle le Concile Vatican II dans <em>Lumen Gentium<\/em>, l\u2019\u00c9glise est un peuple <strong>p\u00e8lerin<\/strong>, qui chemine vers la J\u00e9rusalem c\u00e9leste. \u00c0 Chartres, cette image devient palpable : chaque p\u00e8lerin repr\u00e9sente une part de ce corps qui avance uni vers le but, entre chutes et fatigue, mais soutenu par la gr\u00e2ce.<\/p>\n\n\n\n<blockquote class=\"wp-block-quote is-layout-flow wp-block-quote-is-layout-flow\">\n<p>\u00ab Car nous n\u2019avons point ici de cit\u00e9 permanente, mais nous cherchons celle qui est \u00e0 venir. \u00bb (H\u00e9breux 13,14)<\/p>\n<\/blockquote>\n\n\n\n<p>Chartres enseigne, \u00e0 travers l\u2019exp\u00e9rience corporelle, que le christianisme n\u2019est pas une id\u00e9ologie ni un sentiment abstrait : c\u2019est un <strong>chemin<\/strong> (cf. Jn 14,6), un exode continuel qui exige effort, renoncement, communaut\u00e9, ob\u00e9issance, pri\u00e8re et sacrifice.<\/p>\n\n\n\n<h4 class=\"wp-block-heading\">2. La souffrance r\u00e9demptrice et l\u2019offrande<\/h4>\n\n\n\n<p>Pendant le p\u00e8lerinage, chaque douleur physique \u2014 ampoules, soif, soleil, fatigue \u2014 est une occasion de <strong>s\u2019unir \u00e0 la Croix du Christ<\/strong>, en offrant cette souffrance pour la conversion des p\u00e9cheurs, les vocations, la famille ou ses propres p\u00e9ch\u00e9s. Le p\u00e8lerinage devient une <strong>liturgie v\u00e9cue<\/strong>, o\u00f9 le corps accompagne l\u2019\u00e2me dans son ascension.<\/p>\n\n\n\n<blockquote class=\"wp-block-quote is-layout-flow wp-block-quote-is-layout-flow\">\n<p>\u00ab Ce qui manque aux souffrances du Christ, je l\u2019ach\u00e8ve dans ma chair pour son corps, qui est l\u2019\u00c9glise. \u00bb (Colossiens 1,24)<\/p>\n<\/blockquote>\n\n\n\n<h4 class=\"wp-block-heading\">3. Fid\u00e9lit\u00e9 \u00e0 la Tradition<\/h4>\n\n\n\n<p>L\u2019un des signes distinctifs de Chartres est son <strong>attachement \u00e0 la Messe tridentine<\/strong>, c\u00e9l\u00e9br\u00e9e avec r\u00e9v\u00e9rence, beaut\u00e9 et profondeur th\u00e9ologique. Ce choix n\u2019est pas un geste de nostalgie, mais une affirmation que <strong>la lex orandi (loi de la pri\u00e8re)<\/strong> forme <strong>la lex credendi (loi de la foi)<\/strong>. Dans un monde o\u00f9 la liturgie a \u00e9t\u00e9 banalis\u00e9e, Chartres montre la voie d\u2019une liturgie qui \u00e9duque, \u00e9l\u00e8ve et sanctifie.<\/p>\n\n\n\n<hr class=\"wp-block-separator has-alpha-channel-opacity\"\/>\n\n\n\n<h3 class=\"wp-block-heading\">III. Applications pratiques : comment vivre \u201cChartres\u201d chaque jour<\/h3>\n\n\n\n<p>M\u00eame si tout le monde ne peut pas physiquement participer au p\u00e8lerinage de Chartres, <strong>chacun peut vivre spirituellement la logique du p\u00e8lerinage<\/strong> dans sa vie quotidienne. Comment faire ?<\/p>\n\n\n\n<h4 class=\"wp-block-heading\">1. Fais de ta vie un p\u00e8lerinage<\/h4>\n\n\n\n<p>Souviens-toi que tu es de passage. Vis avec sobri\u00e9t\u00e9, d\u00e9tachement int\u00e9rieur et esp\u00e9rance. Ne mets pas ton c\u0153ur dans les choses passag\u00e8res. Chaque jour est un pas vers l\u2019\u00e9ternit\u00e9.<\/p>\n\n\n\n<h4 class=\"wp-block-heading\">2. Offre tes sacrifices<\/h4>\n\n\n\n<p>Comme \u00e0 Chartres, offre la fatigue quotidienne, les difficult\u00e9s du travail, les \u00e9preuves familiales comme faisant partie de ton chemin vers Dieu. Unis tout \u00e0 la Croix du Christ. Vis dans un esprit <strong>d\u2019expiation et de r\u00e9paration<\/strong>.<\/p>\n\n\n\n<h4 class=\"wp-block-heading\">3. Marche avec d\u2019autres<\/h4>\n\n\n\n<p>Dans le p\u00e8lerinage, personne ne marche seul. De m\u00eame, dans la vie chr\u00e9tienne, il est vital de marcher <strong>en communaut\u00e9<\/strong>, surtout en ces temps de confusion. Appuie-toi sur tes fr\u00e8res dans la foi. Participe aux sacrements. Sois membre actif de ta paroisse ou d\u2019un groupe catholique engag\u00e9.<\/p>\n\n\n\n<h4 class=\"wp-block-heading\">4. Red\u00e9couvre la liturgie<\/h4>\n\n\n\n<p>Apprends \u00e0 appr\u00e9cier la richesse de la liturgie traditionnelle. Si tu le peux, assiste \u00e0 la Messe tridentine. Sinon, vis chaque Eucharistie avec r\u00e9v\u00e9rence, recueillement et amour du myst\u00e8re. Une liturgie bien v\u00e9cue transforme l\u2019\u00e2me.<\/p>\n\n\n<div class=\"wp-block-image\">\n<figure class=\"aligncenter size-full\"><img loading=\"lazy\" decoding=\"async\" width=\"600\" height=\"360\" src=\"https:\/\/catholicus.eu\/fr\/wp-content\/uploads\/sites\/3\/2025\/06\/chartres2.jpg\" alt=\"\" class=\"wp-image-4382\" srcset=\"https:\/\/catholicus.eu\/fr\/wp-content\/uploads\/sites\/3\/2025\/06\/chartres2.jpg 600w, https:\/\/catholicus.eu\/fr\/wp-content\/uploads\/sites\/3\/2025\/06\/chartres2-300x180.jpg 300w\" sizes=\"auto, (max-width: 600px) 100vw, 600px\" \/><\/figure>\n<\/div>\n\n\n<hr class=\"wp-block-separator has-alpha-channel-opacity\"\/>\n\n\n\n<h3 class=\"wp-block-heading\">IV. Guide pratique pour faire le p\u00e8lerinage \u00e0 Chartres<\/h3>\n\n\n\n<p><strong>Tu veux vivre Chartres de corps et d\u2019\u00e2me ? Voici un guide pratique et pastoral pour pr\u00e9parer ton p\u00e8lerinage.<\/strong><\/p>\n\n\n\n<h4 class=\"wp-block-heading\">A. Pr\u00e9paration spirituelle<\/h4>\n\n\n\n<ul class=\"wp-block-list\">\n<li><strong>Confession pr\u00e9alable :<\/strong> Ne pars pas sans te r\u00e9concilier avec Dieu.<\/li>\n\n\n\n<li><strong>Pri\u00e8re personnelle :<\/strong> Consacre du temps chaque jour, les semaines pr\u00e9c\u00e9dant le d\u00e9part, \u00e0 la pri\u00e8re, la m\u00e9ditation et l\u2019offrande.<\/li>\n\n\n\n<li><strong>Intention claire :<\/strong> Pars avec des intentions pr\u00e9cises (famille, vocations, p\u00e9nitence\u2026).<\/li>\n\n\n\n<li><strong>Lecture spirituelle :<\/strong> Emporte des livres comme <em>L\u2019Imitation de J\u00e9sus-Christ<\/em>, <em>Le Combat Spirituel<\/em>, ou des textes des P\u00e8res de l\u2019\u00c9glise.<\/li>\n<\/ul>\n\n\n\n<h4 class=\"wp-block-heading\">B. Pr\u00e9paration physique<\/h4>\n\n\n\n<ul class=\"wp-block-list\">\n<li>Marche plusieurs kilom\u00e8tres par jour pendant au moins un mois avant le d\u00e9part.<\/li>\n\n\n\n<li>Utilise les chaussures que tu porteras \u00e0 Chartres.<\/li>\n\n\n\n<li>Apprends \u00e0 prendre soin de tes pieds : talc, cr\u00e8me, double paire de chaussettes, pansements anti-ampoules.<\/li>\n<\/ul>\n\n\n\n<h4 class=\"wp-block-heading\">C. \u00c9quipement<\/h4>\n\n\n\n<ul class=\"wp-block-list\">\n<li>Sac \u00e0 dos l\u00e9ger (moins de 8 kg), gourde, chapeau, sac de couchage.<\/li>\n\n\n\n<li>Chapelet, livre de pri\u00e8res, petit Nouveau Testament ou Bible de poche.<\/li>\n\n\n\n<li>Ne prends rien de superflu. Apprends \u00e0 marcher avec <strong>l\u2019essentiel<\/strong>.<\/li>\n<\/ul>\n\n\n\n<h4 class=\"wp-block-heading\">D. Pendant le p\u00e8lerinage<\/h4>\n\n\n\n<ul class=\"wp-block-list\">\n<li>Respecte le silence pendant les temps de pri\u00e8re.<\/li>\n\n\n\n<li>Chante, prie, \u00e9coute les m\u00e9ditations.<\/li>\n\n\n\n<li>Offre chaque jour pour une intention diff\u00e9rente.<\/li>\n\n\n\n<li>Ne te plains pas. Tout est gr\u00e2ce.<\/li>\n\n\n\n<li>Rappelle-toi que ce n\u2019est pas une excursion, mais un <strong>acte de culte<\/strong> et un <strong>sacrifice offert<\/strong>.<\/li>\n<\/ul>\n\n\n\n<h4 class=\"wp-block-heading\">E. Apr\u00e8s le p\u00e8lerinage<\/h4>\n\n\n\n<ul class=\"wp-block-list\">\n<li>Garde l\u2019esprit du p\u00e8lerin. Ne reviens pas pareil.<\/li>\n\n\n\n<li>Continue la pri\u00e8re quotidienne, le sacrifice, et la vie sacramentelle.<\/li>\n\n\n\n<li>Partage ton exp\u00e9rience. Invite d\u2019autres \u00e0 la vivre.<\/li>\n<\/ul>\n\n\n\n<hr class=\"wp-block-separator has-alpha-channel-opacity\"\/>\n\n\n\n<h3 class=\"wp-block-heading\">Conclusion : Chartres, un phare dans l\u2019obscurit\u00e9<\/h3>\n\n\n\n<p>Dans une Europe fatigu\u00e9e et vieillissante, le p\u00e8lerinage de Chartres est un <strong>phare allum\u00e9<\/strong>. Non seulement par la beaut\u00e9 de sa destination, mais parce que des milliers de jeunes, de familles, de pr\u00eatres et de consacr\u00e9s marchent avec un c\u0153ur enflamm\u00e9, proclamant sans paroles que la Foi catholique <strong>n\u2019est pas morte<\/strong>. Bien au contraire : elle rena\u00eet.<\/p>\n\n\n\n<p>Chartres est bien plus qu\u2019une marche. C\u2019est un <strong>exercice spirituel radical<\/strong>, un exorcisme contre la ti\u00e9deur, une r\u00e9ponse humble et glorieuse \u00e0 l\u2019appel de l\u2019\u00c9vangile :<\/p>\n\n\n\n<blockquote class=\"wp-block-quote is-layout-flow wp-block-quote-is-layout-flow\">\n<p>\u00ab Si quelqu\u2019un veut venir \u00e0 ma suite, qu\u2019il renonce \u00e0 lui-m\u00eame, qu\u2019il prenne sa croix et qu\u2019il me suive. \u00bb (Matthieu 16,24)<\/p>\n<\/blockquote>\n\n\n\n<p>Que nous puissions tous, dans notre vie quotidienne, nous unir \u00e0 ce p\u00e8lerinage spirituel, dans lequel, pas \u00e0 pas, nous nous approchons du c\u0153ur de Dieu.<\/p>\n","protected":false},"excerpt":{"rendered":"<p>Introduction : Une marche vers Dieu, \u00e0 contre-courant En une \u00e9poque marqu\u00e9e par le bruit, la pr\u00e9cipitation et la confusion spirituelle, des milliers de catholiques de tous \u00e2ges, de toutes conditions et de divers pays se mettent en route pour accomplir ce qui semble une folie aux yeux du monde moderne : marcher plus de &hellip;<\/p>\n","protected":false},"author":3,"featured_media":4381,"comment_status":"open","ping_status":"open","sticky":false,"template":"","format":"standard","meta":{"_seopress_robots_primary_cat":"","_seopress_titles_title":"","_seopress_titles_desc":"","_seopress_robots_index":"","footnotes":""},"categories":[60,40],"tags":[1465],"class_list":["post-4380","post","type-post","status-publish","format-standard","has-post-thumbnail","","category-devotions-mariales","category-priere-et-spiritualite","tag-chartres"],"_links":{"self":[{"href":"https:\/\/catholicus.eu\/fr\/wp-json\/wp\/v2\/posts\/4380","targetHints":{"allow":["GET"]}}],"collection":[{"href":"https:\/\/catholicus.eu\/fr\/wp-json\/wp\/v2\/posts"}],"about":[{"href":"https:\/\/catholicus.eu\/fr\/wp-json\/wp\/v2\/types\/post"}],"author":[{"embeddable":true,"href":"https:\/\/catholicus.eu\/fr\/wp-json\/wp\/v2\/users\/3"}],"replies":[{"embeddable":true,"href":"https:\/\/catholicus.eu\/fr\/wp-json\/wp\/v2\/comments?post=4380"}],"version-history":[{"count":1,"href":"https:\/\/catholicus.eu\/fr\/wp-json\/wp\/v2\/posts\/4380\/revisions"}],"predecessor-version":[{"id":4383,"href":"https:\/\/catholicus.eu\/fr\/wp-json\/wp\/v2\/posts\/4380\/revisions\/4383"}],"wp:featuredmedia":[{"embeddable":true,"href":"https:\/\/catholicus.eu\/fr\/wp-json\/wp\/v2\/media\/4381"}],"wp:attachment":[{"href":"https:\/\/catholicus.eu\/fr\/wp-json\/wp\/v2\/media?parent=4380"}],"wp:term":[{"taxonomy":"category","embeddable":true,"href":"https:\/\/catholicus.eu\/fr\/wp-json\/wp\/v2\/categories?post=4380"},{"taxonomy":"post_tag","embeddable":true,"href":"https:\/\/catholicus.eu\/fr\/wp-json\/wp\/v2\/tags?post=4380"}],"curies":[{"name":"wp","href":"https:\/\/api.w.org\/{rel}","templated":true}]}}