{"id":4376,"date":"2025-06-20T22:42:49","date_gmt":"2025-06-20T20:42:49","guid":{"rendered":"https:\/\/catholicus.eu\/fr\/?p=4376"},"modified":"2025-06-20T22:42:50","modified_gmt":"2025-06-20T20:42:50","slug":"notre-dame-de-covadonga-la-reine-qui-fit-trembler-un-empire","status":"publish","type":"post","link":"https:\/\/catholicus.eu\/fr\/notre-dame-de-covadonga-la-reine-qui-fit-trembler-un-empire\/","title":{"rendered":"Notre-Dame de Covadonga : la Reine qui fit trembler un Empire"},"content":{"rendered":"\n<h3 class=\"wp-block-heading\"><strong>Introduction : Le r\u00e9veil d\u2019une nation et le murmure d\u2019une Reine<\/strong><\/h3>\n\n\n\n<p>Dans une petite grotte nich\u00e9e dans les montagnes des Pics d\u2019Europe, l\u00e0 o\u00f9 la brume caresse la roche et o\u00f9 l\u2019eau chante \u00e9ternellement depuis une source cach\u00e9e, il ne s\u2019est pas seulement d\u00e9roul\u00e9 un combat. L\u00e0 est n\u00e9e une histoire de foi, de patrie et de providence. <em>Notre-Dame de Covadonga<\/em> n\u2019est pas seulement un titre marial associ\u00e9 \u00e0 une statue dans une grotte : elle est le symbole du d\u00e9but de la Reconqu\u00eate, la flamme de la foi qui ne s\u2019est pas \u00e9teinte dans la nuit sombre de l\u2019islam, et le c\u0153ur spirituel des Asturies et de toute l\u2019Espagne.<\/p>\n\n\n\n<p>Mais au-del\u00e0 de l\u2019histoire et de l\u2019\u00e9pop\u00e9e, Covadonga est un appel vivant et actuel. Aujourd\u2019hui, alors que la chr\u00e9tient\u00e9 est encercl\u00e9e par de nouvelles formes de paganisme, de ti\u00e9deur et de confusion, Notre-Dame de Covadonga parle \u00e0 nouveau au c\u0153ur du peuple. Son message reste le m\u00eame : <em>\u00ab Vous n\u2019\u00eates pas seuls. Je suis ici. \u00bb<\/em><\/p>\n\n\n\n<hr class=\"wp-block-separator has-alpha-channel-opacity\"\/>\n\n\n\n<h2 class=\"wp-block-heading\">1. <strong>Un lieu choisi par le Ciel : l\u2019histoire du sanctuaire<\/strong><\/h2>\n\n\n\n<p>L\u2019histoire commence en l\u2019an 722. L\u2019invasion musulmane avait d\u00e9vast\u00e9 les royaumes wisigoths. L\u2019Espagne semblait perdue pour la foi catholique. Mais un petit bastion dans les montagnes asturiennes r\u00e9sistait : un noble nomm\u00e9 Pelayo, anim\u00e9 par la foi chr\u00e9tienne et l\u2019amour de sa patrie, s\u2019\u00e9tait r\u00e9fugi\u00e9 avec quelques hommes dans la grotte de Covadonga.<\/p>\n\n\n\n<p>L\u00e0, selon la tradition, il pla\u00e7a une image de la Vierge Marie et se confia \u00e0 sa protection. C\u2019est alors que l\u2019improbable se produisit : une arm\u00e9e musulmane beaucoup plus nombreuse fut vaincue lors de la bataille de Covadonga, dans ce qui est consid\u00e9r\u00e9 comme le d\u00e9but symbolique de la <em>Reconqu\u00eate<\/em>. Comme l\u2019\u00e9crivit le chroniqueur S\u00e9bastien de Salamanque : <em>\u00ab Le Christ fut celui qui vainquit, car Marie interc\u00e9da. \u00bb<\/em><\/p>\n\n\n\n<h3 class=\"wp-block-heading\">\u2728 <strong>La Sainte Grotte<\/strong><\/h3>\n\n\n\n<p>Le lieu de la bataille fut transform\u00e9 en sanctuaire. Il devint la \u201cSainte Grotte\u201d, un lieu de p\u00e8lerinage qui, des si\u00e8cles plus tard, continue d\u2019attirer des milliers de fid\u00e8les. L\u00e0, dans une cavit\u00e9 naturelle, est intronis\u00e9e la petite image de la Vierge, Notre-Dame de Covadonga, appel\u00e9e aussi affectueusement <em>\u00ab La Santina \u00bb<\/em> par les Asturiens.<\/p>\n\n\n\n<p>La Basilique actuelle de Covadonga fut consacr\u00e9e en 1901, dans un style n\u00e9o-roman. Majestueuse, construite avec les pierres roses de la montagne elle-m\u00eame, elle conserve l\u2019esprit d\u2019un lieu o\u00f9 l\u2019histoire, la foi et l\u2019esp\u00e9rance se rencontrent.<\/p>\n\n\n\n<hr class=\"wp-block-separator has-alpha-channel-opacity\"\/>\n\n\n\n<h2 class=\"wp-block-heading\">2. <strong>Covadonga : bien plus qu\u2019une histoire \u2014 une cat\u00e9ch\u00e8se vivante<\/strong><\/h2>\n\n\n\n<p>Covadonga n\u2019est pas seulement un \u00e9pisode historique ou une l\u00e9gende locale. C\u2019est un \u00e9v\u00e9nement th\u00e9ologique de tout premier ordre. Pourquoi ?<\/p>\n\n\n\n<h3 class=\"wp-block-heading\">\ud83d\udca1 <em>Parce qu\u2019il montre que Dieu se pla\u00eet dans le petit pour confondre le grand<\/em><\/h3>\n\n\n\n<p>De m\u00eame que David vainquit Goliath, et qu\u2019une cr\u00e8che \u00e0 Bethl\u00e9em changea l\u2019histoire du monde, une grotte cach\u00e9e dans les montagnes fut le commencement de la restauration chr\u00e9tienne de toute l\u2019Espagne. Saint Paul l\u2019a dit clairement :<\/p>\n\n\n\n<blockquote class=\"wp-block-quote is-layout-flow wp-block-quote-is-layout-flow\">\n<p>\u00ab Ce qui est fou dans le monde, voil\u00e0 ce que Dieu a choisi pour confondre les sages ; ce qui est faible dans le monde, voil\u00e0 ce que Dieu a choisi pour confondre ce qui est fort. \u00bb<br><em>(1 Corinthiens 1, 27)<\/em><\/p>\n<\/blockquote>\n\n\n\n<p>Covadonga est le \u201cBethl\u00e9em\u201d de la Reconqu\u00eate. Dieu n\u2019a pas abandonn\u00e9 son peuple. Il s\u2019est manifest\u00e9 dans le silence d\u2019une grotte, par la foi d\u2019une M\u00e8re et le courage de quelques-uns.<\/p>\n\n\n\n<h3 class=\"wp-block-heading\">\ud83d\ude4f <em>Parce qu\u2019il d\u00e9montre l\u2019efficacit\u00e9 de l\u2019intercession de Marie<\/em><\/h3>\n\n\n\n<p>La victoire ne s\u2019explique pas sans la foi en la Vierge. Pelayo ne comptait pas sur son \u00e9p\u00e9e, mais sur sa Reine. Cela rappelle les paroles du Magnificat :<\/p>\n\n\n\n<blockquote class=\"wp-block-quote is-layout-flow wp-block-quote-is-layout-flow\">\n<p>\u00ab Il renverse les puissants de leurs tr\u00f4nes, il \u00e9l\u00e8ve les humbles. \u00bb<br><em>(Luc 1, 52)<\/em><\/p>\n<\/blockquote>\n\n\n\n<p>Marie, humble servante du Seigneur, devient la G\u00e9n\u00e9rale des batailles de l\u2019\u00e2me. Covadonga est une \u00e9cole de confiance en son intercession. Il ne suffit pas d\u2019invoquer Dieu de fa\u00e7on abstraite : il faut recourir \u00e0 sa M\u00e8re, comme l\u2019enfant qui cherche refuge dans les bras de celle qui lui a donn\u00e9 la vie.<\/p>\n\n\n\n<hr class=\"wp-block-separator has-alpha-channel-opacity\"\/>\n\n\n\n<h2 class=\"wp-block-heading\">3. <strong>D\u00e9votion et th\u00e9ologie mariale \u00e0 Covadonga<\/strong><\/h2>\n\n\n\n<p>L\u2019image de Notre-Dame de Covadonga n\u2019est pas qu\u2019une relique v\u00e9n\u00e9r\u00e9e. Elle est un signe visible du myst\u00e8re marial de l\u2019\u00c9glise. Que signifie cela ?<\/p>\n\n\n\n<h3 class=\"wp-block-heading\">\ud83d\udd0e <em>Marie est le type et la figure de l\u2019\u00c9glise et de l\u2019\u00e2me fid\u00e8le<\/em><\/h3>\n\n\n\n<p>Le Concile Vatican II (Lumen Gentium, 63-65) a r\u00e9affirm\u00e9 que Marie est le mod\u00e8le parfait de l\u2019\u00c9glise. \u00c0 Covadonga, Marie appara\u00eet comme une m\u00e8re protectrice, une guide spirituelle et une \u00e9toile dans la nuit. La th\u00e9ologie catholique a toujours enseign\u00e9 que Marie n\u2019est pas un accessoire d\u00e9votionnel, mais une pi\u00e8ce essentielle du plan de salut. Elle est la Nouvelle \u00c8ve, co-r\u00e9demptrice dans l\u2019ordre de la gr\u00e2ce, m\u00e9diatrice et avocate.<\/p>\n\n\n\n<p>\u00c0 Covadonga, cela se manifeste concr\u00e8tement : quand tout semblait perdu, Marie a maintenu l\u2019esp\u00e9rance vivante. Aujourd\u2019hui encore, quand la foi s\u2019\u00e9teint dans bien des c\u0153urs, Marie ravive la flamme.<\/p>\n\n\n\n<h3 class=\"wp-block-heading\">\ud83d\udca0 <em>La spiritualit\u00e9 de Covadonga : recueillement, combat et cons\u00e9cration<\/em><\/h3>\n\n\n\n<p>Visiter le sanctuaire n\u2019est pas du tourisme : c\u2019est entrer dans une \u00e9cole spirituelle.<\/p>\n\n\n\n<ul class=\"wp-block-list\">\n<li><strong>Recueillement<\/strong> : la grotte invite au silence, \u00e0 la pri\u00e8re profonde, \u00e0 se tenir humblement devant Dieu.<\/li>\n\n\n\n<li><strong>Combat<\/strong> : comme Pelayo, nous sommes appel\u00e9s \u00e0 lutter pour la foi, m\u00eame si nous sommes encercl\u00e9s, m\u00eame si nous sommes peu nombreux.<\/li>\n\n\n\n<li><strong>Cons\u00e9cration<\/strong> : laisser Marie prendre les r\u00eanes de notre vie, comme Reine et M\u00e8re.<\/li>\n<\/ul>\n\n\n\n<p>La d\u00e9votion \u00e0 la <em>Santina<\/em> invite \u00e0 un abandon total, \u00e0 vivre sous son manteau, en sachant qu\u2019Elle n\u2019abandonne jamais les siens.<\/p>\n\n\n<div class=\"wp-block-image\">\n<figure class=\"aligncenter size-full\"><img loading=\"lazy\" decoding=\"async\" width=\"600\" height=\"409\" src=\"https:\/\/catholicus.eu\/fr\/wp-content\/uploads\/sites\/3\/2025\/06\/santuario_conadonga.jpg\" alt=\"\" class=\"wp-image-4378\" srcset=\"https:\/\/catholicus.eu\/fr\/wp-content\/uploads\/sites\/3\/2025\/06\/santuario_conadonga.jpg 600w, https:\/\/catholicus.eu\/fr\/wp-content\/uploads\/sites\/3\/2025\/06\/santuario_conadonga-300x205.jpg 300w, https:\/\/catholicus.eu\/fr\/wp-content\/uploads\/sites\/3\/2025\/06\/santuario_conadonga-110x75.jpg 110w\" sizes=\"auto, (max-width: 600px) 100vw, 600px\" \/><\/figure>\n<\/div>\n\n\n<hr class=\"wp-block-separator has-alpha-channel-opacity\"\/>\n\n\n\n<h2 class=\"wp-block-heading\">4. <strong>Applications pratiques : vivre Covadonga aujourd\u2019hui<\/strong><\/h2>\n\n\n\n<p>Comment le message de Covadonga peut-il transformer ta vie aujourd\u2019hui ? Voici quelques pistes pastorales :<\/p>\n\n\n\n<h3 class=\"wp-block-heading\">\ud83d\uded0 <strong>1. Prie le Rosaire avec la foi de Pelayo<\/strong><\/h3>\n\n\n\n<p>Le Rosaire n\u2019est pas une r\u00e9p\u00e9tition m\u00e9canique. C\u2019est une arme spirituelle, une fa\u00e7on de voir la vie avec les yeux de Marie. Comme disait saint Pie X : <em>\u00ab Donnez-moi une arm\u00e9e qui r\u00e9cite le Rosaire et je conquiers le monde. \u00bb<\/em> Covadonga nous rappelle que la bataille pour la foi se gagne \u00e0 genoux.<\/p>\n\n\n\n<h3 class=\"wp-block-heading\">\ud83d\udcd6 <strong>2. Sois fid\u00e8le, m\u00eame si tu es minoritaire<\/strong><\/h3>\n\n\n\n<p>Aujourd\u2019hui, les chr\u00e9tiens se sentent souvent isol\u00e9s. Mais Covadonga nous enseigne que la fid\u00e9lit\u00e9 vaut plus que le nombre. Sois comme Pelayo : ne n\u00e9gocie pas ta foi. M\u00eame si tu es seul dans ton travail, ta famille ou ton entourage, la v\u00e9rit\u00e9 n\u2019a pas besoin de majorit\u00e9 : elle a besoin de t\u00e9moins.<\/p>\n\n\n\n<h3 class=\"wp-block-heading\">\ud83c\udff9 <strong>3. Fais partie de la Reconqu\u00eate spirituelle<\/strong><\/h3>\n\n\n\n<p>L\u2019Espagne a besoin d\u2019une nouvelle Covadonga. Pas avec des \u00e9p\u00e9es, mais avec la pri\u00e8re, la formation, la puret\u00e9, le courage et la charit\u00e9. Tu peux faire partie de cette renaissance spirituelle : dans ta paroisse, ta famille, ton c\u0153ur.<\/p>\n\n\n\n<h3 class=\"wp-block-heading\">\ud83d\udd4a\ufe0f <strong>4. Consacre-toi \u00e0 Marie<\/strong><\/h3>\n\n\n\n<p>Fais tienne cette phrase : <em>\u00ab Sainte Marie, Reine de Covadonga, Reine de ma vie. \u00bb<\/em> Confie-lui tes luttes, tes peurs, tes d\u00e9cisions. Elle te conduira \u00e0 J\u00e9sus, comme elle l\u2019a toujours fait.<\/p>\n\n\n\n<hr class=\"wp-block-separator has-alpha-channel-opacity\"\/>\n\n\n\n<h2 class=\"wp-block-heading\">5. <strong>Une Reine pour une Espagne bless\u00e9e<\/strong><\/h2>\n\n\n\n<p>L\u2019Espagne est bless\u00e9e. Pas seulement par des crises \u00e9conomiques ou politiques, mais par une rupture spirituelle profonde. Covadonga est un rem\u00e8de pour ce mal. Il n\u2019y a pas de r\u00e9g\u00e9n\u00e9ration possible sans retour \u00e0 la foi, sans remettre Dieu au centre, sans invoquer Marie comme M\u00e8re de la patrie.<\/p>\n\n\n\n<p>Peut-\u00eatre est-ce pourquoi <em>Covadonga<\/em> n\u2019est pas seulement un lieu : c\u2019est un cri. Un cri qui vient des montagnes et qui dit :<\/p>\n\n\n\n<blockquote class=\"wp-block-quote is-layout-flow wp-block-quote-is-layout-flow\">\n<p>\u00ab R\u00e9veillez-vous ! Revenez au Christ ! Marie vous attend ! \u00bb<\/p>\n<\/blockquote>\n\n\n\n<p>L\u00e0 o\u00f9 a commenc\u00e9 la Reconqu\u00eate peut aussi commencer la restauration spirituelle de nos vies, de nos familles, et de notre nation.<\/p>\n\n\n\n<hr class=\"wp-block-separator has-alpha-channel-opacity\"\/>\n\n\n\n<h2 class=\"wp-block-heading\">\u271d\ufe0f <strong>Pri\u00e8re finale<\/strong><\/h2>\n\n\n\n<p><em>Sainte Vierge de Covadonga,<br>Toi qui prot\u00e9geas tes enfants dans la grotte et fis na\u00eetre la lumi\u00e8re dans les t\u00e9n\u00e8bres,<br>regarde l\u2019Espagne et le monde avec compassion.<br>Couvre-nous de ton manteau, apprends-nous \u00e0 combattre le Rosaire \u00e0 la main<br>et \u00e0 faire confiance comme Pelayo, sans peur, sans douter.<br>Fais de nos \u00e2mes des sanctuaires vivants de foi,<br>et de nos vies des instruments de Reconqu\u00eate spirituelle.<br>Amen.<\/em><\/p>\n\n\n\n<hr class=\"wp-block-separator has-alpha-channel-opacity\"\/>\n\n\n\n<p><strong>\ud83d\udd14 <em>Covadonga t\u2019appelle. R\u00e9pondras-tu ?<\/em><\/strong><br>N\u2019attends pas que l\u2019histoire te d\u00e9passe. Deviens toi-m\u00eame acteur de l\u2019histoire. Commence ta propre Reconqu\u00eate : avec Marie, avec foi, avec courage. Car lorsqu\u2019Elle est pr\u00e9sente, la victoire est d\u00e9j\u00e0 promise.<\/p>\n","protected":false},"excerpt":{"rendered":"<p>Introduction : Le r\u00e9veil d\u2019une nation et le murmure d\u2019une Reine Dans une petite grotte nich\u00e9e dans les montagnes des Pics d\u2019Europe, l\u00e0 o\u00f9 la brume caresse la roche et o\u00f9 l\u2019eau chante \u00e9ternellement depuis une source cach\u00e9e, il ne s\u2019est pas seulement d\u00e9roul\u00e9 un combat. L\u00e0 est n\u00e9e une histoire de foi, de patrie &hellip;<\/p>\n","protected":false},"author":3,"featured_media":4377,"comment_status":"open","ping_status":"open","sticky":false,"template":"","format":"standard","meta":{"_seopress_robots_primary_cat":"","_seopress_titles_title":"","_seopress_titles_desc":"","_seopress_robots_index":"","footnotes":""},"categories":[40,58],"tags":[1464],"class_list":["post-4376","post","type-post","status-publish","format-standard","has-post-thumbnail","","category-priere-et-spiritualite","category-priere-et-vie-spirituelle","tag-notre-dame-de-covadonga"],"_links":{"self":[{"href":"https:\/\/catholicus.eu\/fr\/wp-json\/wp\/v2\/posts\/4376","targetHints":{"allow":["GET"]}}],"collection":[{"href":"https:\/\/catholicus.eu\/fr\/wp-json\/wp\/v2\/posts"}],"about":[{"href":"https:\/\/catholicus.eu\/fr\/wp-json\/wp\/v2\/types\/post"}],"author":[{"embeddable":true,"href":"https:\/\/catholicus.eu\/fr\/wp-json\/wp\/v2\/users\/3"}],"replies":[{"embeddable":true,"href":"https:\/\/catholicus.eu\/fr\/wp-json\/wp\/v2\/comments?post=4376"}],"version-history":[{"count":1,"href":"https:\/\/catholicus.eu\/fr\/wp-json\/wp\/v2\/posts\/4376\/revisions"}],"predecessor-version":[{"id":4379,"href":"https:\/\/catholicus.eu\/fr\/wp-json\/wp\/v2\/posts\/4376\/revisions\/4379"}],"wp:featuredmedia":[{"embeddable":true,"href":"https:\/\/catholicus.eu\/fr\/wp-json\/wp\/v2\/media\/4377"}],"wp:attachment":[{"href":"https:\/\/catholicus.eu\/fr\/wp-json\/wp\/v2\/media?parent=4376"}],"wp:term":[{"taxonomy":"category","embeddable":true,"href":"https:\/\/catholicus.eu\/fr\/wp-json\/wp\/v2\/categories?post=4376"},{"taxonomy":"post_tag","embeddable":true,"href":"https:\/\/catholicus.eu\/fr\/wp-json\/wp\/v2\/tags?post=4376"}],"curies":[{"name":"wp","href":"https:\/\/api.w.org\/{rel}","templated":true}]}}