{"id":4343,"date":"2025-06-13T11:33:18","date_gmt":"2025-06-13T09:33:18","guid":{"rendered":"https:\/\/catholicus.eu\/fr\/?p=4343"},"modified":"2025-06-13T11:33:19","modified_gmt":"2025-06-13T09:33:19","slug":"la-crise-arienne-et-nos-jours-lecho-heresiarque-qui-frappe-a-nouveau-leglise","status":"publish","type":"post","link":"https:\/\/catholicus.eu\/fr\/la-crise-arienne-et-nos-jours-lecho-heresiarque-qui-frappe-a-nouveau-leglise\/","title":{"rendered":"La Crise Arienne et Nos Jours : L&rsquo;\u00c9cho H\u00e9r\u00e9siarque qui Frappe \u00e0 Nouveau l&rsquo;\u00c9glise"},"content":{"rendered":"\n<h2 class=\"wp-block-heading\">Introduction : Un Spectre qui Hante l\u2019Histoire<\/h2>\n\n\n\n<p>Au IVe si\u00e8cle, l\u2019\u00c9glise a affront\u00e9 l\u2019une de ses crises les plus d\u00e9vastatrices : l\u2019arianisme. Cette h\u00e9r\u00e9sie ne mettait pas seulement en doute la divinit\u00e9 du Christ, elle divisait aussi les \u00e9v\u00eaques, troublait les fid\u00e8les et mettait \u00e0 l\u2019\u00e9preuve la fid\u00e9lit\u00e9 des v\u00e9ritables catholiques. Saint J\u00e9r\u00f4me \u00e9crivit avec amertume : <em>\u00ab Le monde g\u00e9mit et s\u2019\u00e9tonna de se retrouver arien. \u00bb<\/em> Cette crise doctrinale ne fut pas une simple erreur passag\u00e8re, mais un tremblement de terre spirituel dont les r\u00e9pliques nous atteignent encore aujourd\u2019hui. Car aujourd\u2019hui, comme alors, de nombreuses voix, \u00e0 l\u2019int\u00e9rieur et \u00e0 l\u2019ext\u00e9rieur de l\u2019\u00c9glise, remettent en cause l\u2019essentiel de notre foi. Les similitudes sont troublantes, et les parall\u00e8les, alarmants.<\/p>\n\n\n\n<p>Cet article ne cherche pas seulement \u00e0 raconter une histoire ancienne, mais \u00e0 construire un pont entre cette temp\u00eate du IVe si\u00e8cle et la confusion de notre \u00e9poque. Car si nous oublions le pass\u00e9, nous sommes condamn\u00e9s \u00e0 le r\u00e9p\u00e9ter. Mais si nous nous en souvenons \u00e0 la lumi\u00e8re de la foi, nous pouvons y trouver un guide, du courage et de la clart\u00e9 pour vivre en chr\u00e9tiens authentiques dans un monde qui, comme jadis, vacille dans l\u2019essentiel.<\/p>\n\n\n\n<hr class=\"wp-block-separator has-alpha-channel-opacity\"\/>\n\n\n\n<h2 class=\"wp-block-heading\">I. Qu\u2019\u00e9tait la Crise Arienne ?<\/h2>\n\n\n\n<h3 class=\"wp-block-heading\">1. Le Contexte Historique<\/h3>\n\n\n\n<p>L\u2019h\u00e9r\u00e9sie arienne tire son nom d\u2019Arius, pr\u00eatre d\u2019Alexandrie, qui, au d\u00e9but du IVe si\u00e8cle, commen\u00e7a \u00e0 enseigner que J\u00e9sus-Christ n\u2019\u00e9tait pas v\u00e9ritablement Dieu, mais un \u00eatre cr\u00e9\u00e9 \u2014 cr\u00e9\u00e9 par le P\u00e8re avant le commencement du temps. Selon lui, le Christ \u00e9tait \u00ab le premier des cr\u00e9\u00e9s \u00bb, mais non consubstantiel au P\u00e8re. Cette doctrine niait la pleine divinit\u00e9 du Fils et, par l\u00e0 m\u00eame, d\u00e9truisait les fondements m\u00eames du christianisme.<\/p>\n\n\n\n<p>La controverse \u00e9clata dans une \u00e9poque tumultueuse. L\u2019empereur Constantin venait de l\u00e9galiser le christianisme, mais l\u2019unit\u00e9 de l\u2019\u00c9glise restait fragile. Pour r\u00e9soudre le conflit, il convoqua le premier concile de Nic\u00e9e en 325. Les \u00e9v\u00eaques y d\u00e9finissent solennellement que le Fils est <strong>\u00ab Dieu n\u00e9 de Dieu, Lumi\u00e8re n\u00e9e de la Lumi\u00e8re, vrai Dieu n\u00e9 du vrai Dieu, engendr\u00e9, non pas cr\u00e9\u00e9, consubstantiel au P\u00e8re. \u00bb<\/strong><\/p>\n\n\n\n<p>Mais l\u2019histoire ne s\u2019arr\u00eata pas l\u00e0. Bien que condamn\u00e9 par le Concile, l\u2019arianisme se r\u00e9pandit avec force, gr\u00e2ce au soutien de plusieurs empereurs et pr\u00e9lats. Pendant des d\u00e9cennies, de nombreux \u00e9v\u00eaques furent pers\u00e9cut\u00e9s pour \u00eatre rest\u00e9s fid\u00e8les \u00e0 Nic\u00e9e, tandis que les ariens occupaient des si\u00e8ges \u00e9piscopaux et imposaient leur doctrine par la menace et la violence. La confusion doctrinale et pastorale \u00e9tait telle que de nombreux fid\u00e8les ne savaient plus \u00e0 qui faire confiance.<\/p>\n\n\n\n<hr class=\"wp-block-separator has-alpha-channel-opacity\"\/>\n\n\n\n<h2 class=\"wp-block-heading\">II. Parall\u00e8les Alarmants avec Notre Temps<\/h2>\n\n\n\n<h3 class=\"wp-block-heading\">1. Confusion Doctrinale<\/h3>\n\n\n\n<p>Aujourd\u2019hui, comme alors, de nombreux enseignements fondamentaux de la foi sont relativis\u00e9s. On pr\u00eache un Christ qui est davantage un \u00ab mod\u00e8le humain \u00bb que le \u00ab vrai Dieu \u00bb. On proclame un \u00c9vangile adapt\u00e9 au monde, et l\u2019appel \u00e0 la conversion, \u00e0 la p\u00e9nitence et \u00e0 la foi s\u2019efface. On promeut une \u00ab mis\u00e9ricorde \u00bb d\u00e9tach\u00e9e de la v\u00e9rit\u00e9, et une approche pastorale d\u00e9pourvue de substance doctrinale.<\/p>\n\n\n\n<p>Dans certaines hom\u00e9lies et documents, le p\u00e9ch\u00e9 est \u00e9vit\u00e9, la n\u00e9cessit\u00e9 de la gr\u00e2ce minimis\u00e9e, la divinit\u00e9 absolue du Christ att\u00e9nu\u00e9e, et l\u2019existence de l\u2019enfer rarement mentionn\u00e9e. Tout comme les ariens r\u00e9duisaient le Christ \u00e0 une cr\u00e9ature moralement exemplaire, aujourd\u2019hui, beaucoup le transforment en leader social ou en \u00ab influenceur spirituel \u00bb, mais non en Fils \u00e9ternel du P\u00e8re.<\/p>\n\n\n\n<blockquote class=\"wp-block-quote is-layout-flow wp-block-quote-is-layout-flow\">\n<p><em>\u00ab Plusieurs faux proph\u00e8tes s\u2019\u00e9l\u00e8veront et s\u00e9duiront beaucoup de gens \u00bb<\/em> (Matthieu 24,11).<\/p>\n<\/blockquote>\n\n\n\n<h3 class=\"wp-block-heading\">2. Le Silence de Nombreux Pasteurs<\/h3>\n\n\n\n<p>Pendant la crise arienne, la majorit\u00e9 des \u00e9v\u00eaques rest\u00e8rent silencieux ou s\u2019align\u00e8rent sur les puissants. Saint Athanase, grand d\u00e9fenseur de la divinit\u00e9 du Christ, fut exil\u00e9 cinq fois. Aujourd\u2019hui encore, de nombreux pasteurs gardent le silence face \u00e0 l\u2019erreur, \u00e9vitent les prises de position claires, et craignent d\u2019\u00eatre qualifi\u00e9s de \u00ab rigides \u00bb. On invoque un faux \u00ab esprit de dialogue \u00bb qui paralyse le z\u00e8le apostolique.<\/p>\n\n\n\n<p>La fid\u00e9lit\u00e9 a un prix. Alors comme aujourd\u2019hui, ceux qui d\u00e9fendent la foi sont marginalis\u00e9s, \u00e9tiquet\u00e9s, pers\u00e9cut\u00e9s. Mais, comme alors, la v\u00e9rit\u00e9 triomphera.<\/p>\n\n\n\n<hr class=\"wp-block-separator has-alpha-channel-opacity\"\/>\n\n\n\n<h2 class=\"wp-block-heading\">III. Pertinence Th\u00e9ologique : Pourquoi la Divinit\u00e9 du Christ est-elle Cruciale ?<\/h2>\n\n\n\n<p>Nier la divinit\u00e9 du Christ, comme le fit Arius, ou la relativiser, comme cela se fait aujourd\u2019hui, c\u2019est faire exploser tout l\u2019\u00e9difice du christianisme. Si le Christ n\u2019est pas vrai Dieu, Il ne peut pas nous sauver. S\u2019Il n\u2019est pas consubstantiel au P\u00e8re, Il ne peut pas nous r\u00e9concilier avec Lui. S\u2019Il n\u2019est qu\u2019un homme, Sa croix est une trag\u00e9die, non une r\u00e9demption.<\/p>\n\n\n\n<p>La foi catholique enseigne que J\u00e9sus-Christ est <strong>une seule personne divine en deux natures : divine et humaine<\/strong>. Il n\u2019est pas un demi-dieu ni un homme exceptionnel. Il est <strong>le Verbe \u00e9ternel fait chair<\/strong> (cf. Jean 1,14). Le nier, c\u2019est tomber dans le m\u00eame ab\u00eeme que les ariens.<\/p>\n\n\n\n<blockquote class=\"wp-block-quote is-layout-flow wp-block-quote-is-layout-flow\">\n<p><em>\u00ab Moi et le P\u00e8re, nous sommes un \u00bb<\/em> (Jean 10,30).<\/p>\n<\/blockquote>\n\n\n\n<hr class=\"wp-block-separator has-alpha-channel-opacity\"\/>\n\n\n\n<h2 class=\"wp-block-heading\">IV. Applications Pratiques : Que Pouvons-Nous Faire Aujourd\u2019hui ?<\/h2>\n\n\n\n<h3 class=\"wp-block-heading\">1. <strong>Se Former dans la Foi<\/strong><\/h3>\n\n\n\n<p>L\u2019ignorance est un terrain fertile pour l\u2019h\u00e9r\u00e9sie. Plus que jamais, les la\u00efcs doivent conna\u00eetre leur foi. Lire le Cat\u00e9chisme, \u00e9tudier les P\u00e8res de l\u2019\u00c9glise, lire l\u2019\u00c9criture fid\u00e8lement \u00e0 la lumi\u00e8re du Magist\u00e8re. La formation n\u2019est pas un luxe : c\u2019est une n\u00e9cessit\u00e9 pour survivre spirituellement dans la confusion.<\/p>\n\n\n\n<p><strong>Recommandation<\/strong> : Consacrez au moins 15 minutes par jour \u00e0 la lecture de textes de formation. Commencez par l\u2019\u00c9vangile du jour, le Cat\u00e9chisme et un P\u00e8re de l\u2019\u00c9glise comme saint Athanase ou saint Augustin.<\/p>\n\n\n\n<h3 class=\"wp-block-heading\">2. <strong>Vivre avec Coh\u00e9rence<\/strong><\/h3>\n\n\n\n<p>Croire que le Christ est Dieu exige de vivre comme s\u2019Il \u00e9tait vraiment le centre. Il ne suffit pas de conna\u00eetre la v\u00e9rit\u00e9 : il faut l\u2019aimer, la vivre, et en t\u00e9moigner. La foi se fortifie dans la vie quotidienne : en famille, au travail, dans nos d\u00e9cisions.<\/p>\n\n\n\n<p><strong>Exercice<\/strong> : Chaque jour, posez-vous la question : <em>Est-ce que je vis comme quelqu\u2019un qui croit que J\u00e9sus est Dieu et Seigneur de ma vie ?<\/em><\/p>\n\n\n\n<h3 class=\"wp-block-heading\">3. <strong>Prier avec Foi<\/strong><\/h3>\n\n\n\n<p>L\u2019\u00e2me sans pri\u00e8re est comme une ville sans d\u00e9fense. Seule l\u2019intimit\u00e9 avec le Christ nous donne lumi\u00e8re et force. Priez le Rosaire, allez en adoration eucharistique, parlez \u00e0 J\u00e9sus comme \u00e0 un ami, mais aussi comme \u00e0 votre Dieu et Sauveur.<\/p>\n\n\n\n<blockquote class=\"wp-block-quote is-layout-flow wp-block-quote-is-layout-flow\">\n<p><em>\u00ab Veillez et priez, afin de ne pas entrer en tentation \u00bb<\/em> (Matthieu 26,41).<\/p>\n<\/blockquote>\n\n\n\n<h3 class=\"wp-block-heading\">4. <strong>\u00catre des T\u00e9moins Courageux<\/strong><\/h3>\n\n\n\n<p>Aujourd\u2019hui, nous avons besoin de chr\u00e9tiens qui, comme Athanase, n\u2019ont pas peur d\u2019aller \u00e0 contre-courant. Qui parlent avec charit\u00e9 mais sans ambigu\u00eft\u00e9. Qui ne c\u00e8dent ni aux modes doctrinales ni aux pressions mondaines.<\/p>\n\n\n\n<p><strong>Engagement<\/strong> : D\u00e9fendez votre foi avec humilit\u00e9 mais sans crainte. Dans vos conversations, sur les r\u00e9seaux sociaux, dans les groupes\u2026 N\u2019ayez pas peur de para\u00eetre \u00ab d\u00e9pass\u00e9 \u00bb si vous \u00eates du c\u00f4t\u00e9 de la v\u00e9rit\u00e9.<\/p>\n\n\n\n<hr class=\"wp-block-separator has-alpha-channel-opacity\"\/>\n\n\n\n<h2 class=\"wp-block-heading\">V. Guide Th\u00e9ologique et Pastoral pour Traverser Notre Temps<\/h2>\n\n\n\n<figure class=\"wp-block-table\"><table class=\"has-fixed-layout\"><thead><tr><th>Domaine<\/th><th>Ce qu\u2019il faut faire<\/th><th>Fondement<\/th><\/tr><\/thead><tbody><tr><td><strong>Doctrinal<\/strong><\/td><td>\u00c9tudier la foi en profondeur<\/td><td>Cat\u00e9chisme de l\u2019\u00c9glise catholique<\/td><\/tr><tr><td><strong>Liturgique<\/strong><\/td><td>Participer \u00e0 la Sainte Messe avec r\u00e9v\u00e9rence<\/td><td><em>\u00ab Faites ceci en m\u00e9moire de moi \u00bb<\/em> (Lc 22,19)<\/td><\/tr><tr><td><strong>Moral<\/strong><\/td><td>Vivre selon les commandements<\/td><td><em>\u00ab Si vous m\u2019aimez, gardez mes commandements \u00bb<\/em> (Jn 14,15)<\/td><\/tr><tr><td><strong>Spirituel<\/strong><\/td><td>Prier chaque jour et fr\u00e9quenter les sacrements<\/td><td>Vie sacramentelle pleine<\/td><\/tr><tr><td><strong>Communautaire<\/strong><\/td><td>Rejoindre des groupes fid\u00e8les \u00e0 la doctrine<\/td><td>L\u2019\u00c9glise comme Corps du Christ<\/td><\/tr><tr><td><strong>\u00c9vang\u00e9lisation<\/strong><\/td><td>T\u00e9moigner sans ambigu\u00eft\u00e9<\/td><td><em>\u00ab Allez, faites des disciples \u00bb<\/em> (Mt 28,19)<\/td><\/tr><\/tbody><\/table><\/figure>\n\n\n\n<h2 class=\"wp-block-heading\">Conclusion : <em>\u00ab La V\u00e9rit\u00e9 n\u2019est pas N\u00e9gociable \u00bb<\/em><\/h2>\n\n\n\n<p>La crise arienne fut une \u00e9poque de grande confusion et de souffrance, mais aussi de saintet\u00e9 h\u00e9ro\u00efque. Aujourd\u2019hui, Dieu nous appelle \u00e0 \u00eatre les Athanase de notre temps. \u00c0 ne pas c\u00e9der \u00e0 l\u2019ambigu\u00eft\u00e9. \u00c0 d\u00e9fendre la v\u00e9rit\u00e9 du Christ, vrai Dieu et Sauveur du monde, avec amour et fermet\u00e9.<\/p>\n\n\n\n<p>Nous ne sommes pas seuls. Le m\u00eame Esprit qui a soutenu l\u2019\u00c9glise alors la soutient aujourd\u2019hui. Mais Il a besoin de c\u0153urs courageux, d\u2019esprits clairs et de genoux fl\u00e9chis dans la pri\u00e8re. La victoire est d\u00e9j\u00e0 assur\u00e9e, mais le combat est encore en cours.<\/p>\n\n\n\n<blockquote class=\"wp-block-quote is-layout-flow wp-block-quote-is-layout-flow\">\n<p><em>\u00ab J\u00e9sus-Christ est le m\u00eame hier, aujourd\u2019hui et pour toujours. Ne vous laissez pas entra\u00eener par toutes sortes de doctrines \u00e9trang\u00e8res \u00bb<\/em> (H\u00e9breux 13,8-9).<\/p>\n<\/blockquote>\n\n\n\n<hr class=\"wp-block-separator has-alpha-channel-opacity\"\/>\n\n\n\n<p>\u00cates-vous pr\u00eat \u00e0 \u00eatre un phare dans la brume ? Alors commencez aujourd\u2019hui. Connaissez-Le. Aimez-Le. Suivez-Le. Car le Christ n\u2019est pas une id\u00e9e : Il est le Dieu vivant.<\/p>\n","protected":false},"excerpt":{"rendered":"<p>Introduction : Un Spectre qui Hante l\u2019Histoire Au IVe si\u00e8cle, l\u2019\u00c9glise a affront\u00e9 l\u2019une de ses crises les plus d\u00e9vastatrices : l\u2019arianisme. Cette h\u00e9r\u00e9sie ne mettait pas seulement en doute la divinit\u00e9 du Christ, elle divisait aussi les \u00e9v\u00eaques, troublait les fid\u00e8les et mettait \u00e0 l\u2019\u00e9preuve la fid\u00e9lit\u00e9 des v\u00e9ritables catholiques. Saint J\u00e9r\u00f4me \u00e9crivit avec &hellip;<\/p>\n","protected":false},"author":3,"featured_media":4344,"comment_status":"open","ping_status":"open","sticky":false,"template":"","format":"standard","meta":{"_seopress_robots_primary_cat":"","_seopress_titles_title":"","_seopress_titles_desc":"","_seopress_robots_index":"","footnotes":""},"categories":[48,38],"tags":[1456],"class_list":["post-4343","post","type-post","status-publish","format-standard","has-post-thumbnail","","category-histoire-de-leglise","category-histoire-et-tradition","tag-crise-arienne"],"_links":{"self":[{"href":"https:\/\/catholicus.eu\/fr\/wp-json\/wp\/v2\/posts\/4343","targetHints":{"allow":["GET"]}}],"collection":[{"href":"https:\/\/catholicus.eu\/fr\/wp-json\/wp\/v2\/posts"}],"about":[{"href":"https:\/\/catholicus.eu\/fr\/wp-json\/wp\/v2\/types\/post"}],"author":[{"embeddable":true,"href":"https:\/\/catholicus.eu\/fr\/wp-json\/wp\/v2\/users\/3"}],"replies":[{"embeddable":true,"href":"https:\/\/catholicus.eu\/fr\/wp-json\/wp\/v2\/comments?post=4343"}],"version-history":[{"count":1,"href":"https:\/\/catholicus.eu\/fr\/wp-json\/wp\/v2\/posts\/4343\/revisions"}],"predecessor-version":[{"id":4345,"href":"https:\/\/catholicus.eu\/fr\/wp-json\/wp\/v2\/posts\/4343\/revisions\/4345"}],"wp:featuredmedia":[{"embeddable":true,"href":"https:\/\/catholicus.eu\/fr\/wp-json\/wp\/v2\/media\/4344"}],"wp:attachment":[{"href":"https:\/\/catholicus.eu\/fr\/wp-json\/wp\/v2\/media?parent=4343"}],"wp:term":[{"taxonomy":"category","embeddable":true,"href":"https:\/\/catholicus.eu\/fr\/wp-json\/wp\/v2\/categories?post=4343"},{"taxonomy":"post_tag","embeddable":true,"href":"https:\/\/catholicus.eu\/fr\/wp-json\/wp\/v2\/tags?post=4343"}],"curies":[{"name":"wp","href":"https:\/\/api.w.org\/{rel}","templated":true}]}}