{"id":4337,"date":"2025-06-12T23:50:48","date_gmt":"2025-06-12T21:50:48","guid":{"rendered":"https:\/\/catholicus.eu\/fr\/?p=4337"},"modified":"2025-06-12T23:50:49","modified_gmt":"2025-06-12T21:50:49","slug":"elever-des-enfants-a-contre-courant-manuel-de-survie-pour-parents-traditionnels","status":"publish","type":"post","link":"https:\/\/catholicus.eu\/fr\/elever-des-enfants-a-contre-courant-manuel-de-survie-pour-parents-traditionnels\/","title":{"rendered":"\u00c9LEVER DES ENFANTS \u00c0 CONTRE-COURANT : MANUEL DE SURVIE POUR PARENTS TRADITIONNELS"},"content":{"rendered":"\n<h3 class=\"wp-block-heading\"><strong>Introduction : Parents \u00e0 contre-courant \u2014 \u00cates-vous seuls ?<\/strong><\/h3>\n\n\n\n<p>\u00c9lever des enfants aujourd\u2019hui est, pour beaucoup de parents catholiques traditionnels, une t\u00e2che presque h\u00e9ro\u00efque. Au milieu d\u2019une soci\u00e9t\u00e9 qui ridiculise la vertu, promeut le relativisme moral et attaque directement les fondements de la foi chr\u00e9tienne, former des enfants saints, forts et fid\u00e8les peut sembler un id\u00e9al hors d\u2019atteinte. Mais ce ne l\u2019est pas.<\/p>\n\n\n\n<p>Cet article n\u2019est pas seulement une r\u00e9flexion : c\u2019est un <strong>manuel de survie<\/strong>. Parce que le combat est r\u00e9el. Il est culturel, spirituel et moral. Mais c\u2019est aussi une bataille que l\u2019on peut gagner si on la m\u00e8ne avec foi, intelligence, pers\u00e9v\u00e9rance\u2026 et en communaut\u00e9.<\/p>\n\n\n\n<blockquote class=\"wp-block-quote is-layout-flow wp-block-quote-is-layout-flow\">\n<p><em>\u00ab Ne vous conformez pas au si\u00e8cle pr\u00e9sent, mais soyez transform\u00e9s par le renouvellement de votre intelligence, afin que vous discerniez quelle est la volont\u00e9 de Dieu : ce qui est bon, agr\u00e9able et parfait. \u00bb<\/em> (Romains 12,2)<\/p>\n<\/blockquote>\n\n\n\n<hr class=\"wp-block-separator has-alpha-channel-opacity\"\/>\n\n\n\n<h2 class=\"wp-block-heading\"><strong>I. Comprendre le terrain : \u00c0 quel monde faisons-nous face ?<\/strong><\/h2>\n\n\n\n<h3 class=\"wp-block-heading\">1.1. L\u2019ennemi n\u2019est pas nouveau<\/h3>\n\n\n\n<p>Nous ne sommes pas dans une situation sans pr\u00e9c\u00e9dent. D\u00e8s les premiers si\u00e8cles du christianisme, les parents devaient \u00e9lever leurs enfants au sein d\u2019un Empire romain corrompu, sensuel, hostile \u00e0 la Croix. Saint Jean Chrysostome avertissait : \u00ab \u00c9lever des enfants n\u2019est pas une petite affaire ; c\u2019est plus que de gouverner des cit\u00e9s. \u00bb<\/p>\n\n\n\n<p>Aujourd\u2019hui, comme \u00e0 l\u2019\u00e9poque, le chr\u00e9tien vit dans une culture qui ne partage pas ses valeurs. La diff\u00e9rence, c\u2019est que <strong>la soci\u00e9t\u00e9 moderne dispose de m\u00e9gaphones plus puissants et constants : \u00e9crans, r\u00e9seaux sociaux, id\u00e9ologies scolaires, lois contre-nature, divertissements toxiques\u2026<\/strong><\/p>\n\n\n\n<h3 class=\"wp-block-heading\">1.2. Les cinq grandes menaces<\/h3>\n\n\n\n<ul class=\"wp-block-list\">\n<li><strong>Le relativisme moral<\/strong> : \u00ab Chacun sa v\u00e9rit\u00e9 \u00bb, dit-on. R\u00e9sultat ? On n\u2019enseigne plus clairement le bien et le mal.<\/li>\n\n\n\n<li><strong>L\u2019id\u00e9ologie du genre<\/strong> : On nie la r\u00e9alit\u00e9 biologique, on impose une construction id\u00e9ologique sans fondement scientifique ni anthropologique.<\/li>\n\n\n\n<li><strong>L\u2019hypersexualisation<\/strong> : Des dessins anim\u00e9s aux manuels scolaires, l\u2019innocence des enfants est vol\u00e9e.<\/li>\n\n\n\n<li><strong>L\u2019ath\u00e9isme pratique<\/strong> : On vit \u00ab comme si Dieu n\u2019existait pas \u00bb. M\u00eame chez les croyants, la foi se r\u00e9duit \u00e0 des rites vides.<\/li>\n\n\n\n<li><strong>La dissolution de la famille<\/strong> : Le mariage est banalis\u00e9, le divorce normalis\u00e9, la maternit\u00e9 moqu\u00e9e.<\/li>\n<\/ul>\n\n\n\n<hr class=\"wp-block-separator has-alpha-channel-opacity\"\/>\n\n\n\n<h2 class=\"wp-block-heading\"><strong>II. La mission des parents selon Dieu<\/strong><\/h2>\n\n\n\n<h3 class=\"wp-block-heading\">2.1. Une vocation, pas un passe-temps<\/h3>\n\n\n\n<p>\u00c9lever des enfants n\u2019est pas simplement un projet de vie ou une option personnelle. C\u2019est une <strong>vocation divine<\/strong>. Dieu confie aux parents le soin d\u2019\u00e2mes immortelles. Il ne s\u2019agit pas seulement de nourrir, d\u2019\u00e9duquer ou de pr\u00e9parer \u00e0 un m\u00e9tier. Il s\u2019agit de <strong>former des saints<\/strong>, des citoyens du Ciel.<\/p>\n\n\n\n<blockquote class=\"wp-block-quote is-layout-flow wp-block-quote-is-layout-flow\">\n<p><em>\u00ab Instruis l\u2019enfant selon la voie qu\u2019il doit suivre ; et quand il sera vieux, il ne s\u2019en d\u00e9tournera pas. \u00bb<\/em> (Proverbes 22,6)<\/p>\n<\/blockquote>\n\n\n\n<h3 class=\"wp-block-heading\">2.2. Les parents : premiers cat\u00e9chistes<\/h3>\n\n\n\n<p>L\u2019\u00c9glise enseigne que les parents sont les <strong>premiers \u00e9ducateurs dans la foi<\/strong>. Ni l\u2019\u00e9cole, ni le pr\u00eatre, ni les cat\u00e9chistes ne peuvent remplacer la maison chr\u00e9tienne. C\u2019est l\u00e0 que les enfants apprennent \u00e0 prier, \u00e0 discerner, \u00e0 aimer la v\u00e9rit\u00e9, \u00e0 vivre les sacrements, \u00e0 faire confiance \u00e0 Dieu.<\/p>\n\n\n\n<h3 class=\"wp-block-heading\">2.3. L\u2019autorit\u00e9 comme service<\/h3>\n\n\n\n<p>Il ne s\u2019agit pas d\u2019\u00eatre autoritaire, mais d\u2019exercer une <strong>autorit\u00e9 aimante, ferme et exemplaire<\/strong>. L\u2019autorit\u00e9 vient de \u00ab auctoritas \u00bb, c\u2019est-\u00e0-dire la capacit\u00e9 \u00e0 faire grandir. Elle ne s\u2019impose pas, elle se m\u00e9rite par la coh\u00e9rence.<\/p>\n\n\n\n<hr class=\"wp-block-separator has-alpha-channel-opacity\"\/>\n\n\n\n<h2 class=\"wp-block-heading\"><strong>III. Strat\u00e9gie de survie : Guide pratique pour parents traditionnels<\/strong><\/h2>\n\n\n\n<p>Voici une <strong>feuille de route pastorale et th\u00e9ologique<\/strong> pour les parents qui veulent \u00e9lever des enfants dans la foi, \u00e0 contre-courant du monde.<\/p>\n\n\n\n<hr class=\"wp-block-separator has-alpha-channel-opacity\"\/>\n\n\n\n<h3 class=\"wp-block-heading\">\ud83d\udd39 <strong>1. FORTIFIER LE MARIAGE : LA BASE DE TOUT<\/strong><\/h3>\n\n\n\n<ul class=\"wp-block-list\">\n<li><strong>Prier ensemble<\/strong> en tant qu\u2019\u00e9poux.<\/li>\n\n\n\n<li>Prendre soin de <strong>l\u2019unit\u00e9 et de la communication<\/strong> : les enfants apprennent davantage par l\u2019exemple que par les discours.<\/li>\n\n\n\n<li>Chercher la <strong>gr\u00e2ce sacramentelle<\/strong> du mariage. Confession fr\u00e9quente et communion dominicale.<\/li>\n\n\n\n<li><strong>Se former ensemble<\/strong> : lire, participer \u00e0 des retraites, parler de sujets profonds.<\/li>\n<\/ul>\n\n\n\n<blockquote class=\"wp-block-quote is-layout-flow wp-block-quote-is-layout-flow\">\n<p><em>\u00ab C\u2019est pourquoi l\u2019homme quittera son p\u00e8re et sa m\u00e8re, s\u2019attachera \u00e0 sa femme, et les deux ne feront qu\u2019un. \u00bb<\/em> (\u00c9ph\u00e9siens 5,31)<\/p>\n<\/blockquote>\n\n\n\n<hr class=\"wp-block-separator has-alpha-channel-opacity\"\/>\n\n\n\n<h3 class=\"wp-block-heading\">\ud83d\udd39 <strong>2. PRIER EN FAMILLE, TOUS LES JOURS<\/strong><\/h3>\n\n\n\n<ul class=\"wp-block-list\">\n<li>Rosaire quotidien (m\u00eame partiel).<\/li>\n\n\n\n<li>Lecture de l\u2019\u00c9vangile avec les enfants.<\/li>\n\n\n\n<li>B\u00e9n\u00e9diction des repas.<\/li>\n\n\n\n<li>Pri\u00e8re du soir avec action de gr\u00e2ce et examen de conscience.<\/li>\n<\/ul>\n\n\n\n<p>Il ne s\u2019agit pas de ritualisme. Il s\u2019agit de <strong>mettre Dieu au centre de la vie familiale<\/strong>.<\/p>\n\n\n\n<hr class=\"wp-block-separator has-alpha-channel-opacity\"\/>\n\n\n\n<h3 class=\"wp-block-heading\">\ud83d\udd39 <strong>3. CR\u00c9ER UN FOYER CATHOLIQUE VIVANT<\/strong><\/h3>\n\n\n\n<ul class=\"wp-block-list\">\n<li><strong>Symboles visibles<\/strong> : crucifix, images saintes, eau b\u00e9nite, bougies.<\/li>\n\n\n\n<li>Musique sacr\u00e9e, lectures \u00e9difiantes, refus des contenus toxiques.<\/li>\n\n\n\n<li>C\u00e9l\u00e9brer les saisons liturgiques : Avent, Car\u00eame, P\u00e2ques, f\u00eates des saints.<\/li>\n<\/ul>\n\n\n\n<p>Un enfant qui grandit dans une maison o\u00f9 la foi <strong>se respire<\/strong> sera moins vuln\u00e9rable au scepticisme du monde.<\/p>\n\n\n\n<hr class=\"wp-block-separator has-alpha-channel-opacity\"\/>\n\n\n\n<h3 class=\"wp-block-heading\">\ud83d\udd39 <strong>4. FORMER LA CONSCIENCE MORALE<\/strong><\/h3>\n\n\n\n<ul class=\"wp-block-list\">\n<li>Expliquer le bien et le mal d\u00e8s le plus jeune \u00e2ge.<\/li>\n\n\n\n<li>Enseigner les commandements, les vertus, les \u0153uvres de mis\u00e9ricorde.<\/li>\n\n\n\n<li>Montrer que la libert\u00e9 n\u2019est pas \u00ab faire ce que je veux \u00bb, mais <strong>choisir le bien<\/strong>.<\/li>\n<\/ul>\n\n\n\n<blockquote class=\"wp-block-quote is-layout-flow wp-block-quote-is-layout-flow\">\n<p><em>\u00ab Vous conna\u00eetrez la v\u00e9rit\u00e9, et la v\u00e9rit\u00e9 vous rendra libres. \u00bb<\/em> (Jean 8,32)<\/p>\n<\/blockquote>\n\n\n\n<hr class=\"wp-block-separator has-alpha-channel-opacity\"\/>\n\n\n\n<h3 class=\"wp-block-heading\">\ud83d\udd39 <strong>5. PR\u00c9PARER \u00c0 LA PERS\u00c9CUTION<\/strong><\/h3>\n\n\n\n<p>Oui, il faut parler du martyre. Sans peur, sans obsession, mais avec r\u00e9alisme. Nos enfants doivent savoir que <strong>suivre le Christ co\u00fbte<\/strong>.<\/p>\n\n\n\n<ul class=\"wp-block-list\">\n<li>Raconter des histoires de saints et de martyrs.<\/li>\n\n\n\n<li>Enseigner \u00e0 r\u00e9pondre avec charit\u00e9 mais aussi avec fermet\u00e9.<\/li>\n\n\n\n<li>Initier \u00e0 l\u2019apolog\u00e9tique : savoir expliquer et d\u00e9fendre la foi.<\/li>\n<\/ul>\n\n\n\n<blockquote class=\"wp-block-quote is-layout-flow wp-block-quote-is-layout-flow\">\n<p><em>\u00ab Heureux ceux qui sont pers\u00e9cut\u00e9s pour la justice, car le Royaume des cieux est \u00e0 eux. \u00bb<\/em> (Matthieu 5,10)<\/p>\n<\/blockquote>\n\n\n\n<hr class=\"wp-block-separator has-alpha-channel-opacity\"\/>\n\n\n\n<h3 class=\"wp-block-heading\">\ud83d\udd39 <strong>6. SURVEILLER ET DISCERNER L\u2019\u00c9DUCATION<\/strong><\/h3>\n\n\n\n<ul class=\"wp-block-list\">\n<li>Si possible, choisir une <strong>\u00e9ducation catholique authentique ou l\u2019enseignement \u00e0 domicile<\/strong>.<\/li>\n\n\n\n<li>Sinon, \u00eatre <strong>tr\u00e8s impliqu\u00e9<\/strong> : v\u00e9rifier les contenus, parler souvent, rester vigilants.<\/li>\n\n\n\n<li>D\u00e9noncer ce qui est inacceptable, accompagner avec pri\u00e8re et dialogue, trouver des alli\u00e9s.<\/li>\n<\/ul>\n\n\n\n<hr class=\"wp-block-separator has-alpha-channel-opacity\"\/>\n\n\n\n<h3 class=\"wp-block-heading\">\ud83d\udd39 <strong>7. ENSEIGNER LE DISCERNEMENT DES M\u00c9DIAS ET DES TECHNOLOGIES<\/strong><\/h3>\n\n\n\n<ul class=\"wp-block-list\">\n<li>Ne pas donner de smartphones sans formation ni filtres.<\/li>\n\n\n\n<li>Utiliser internet avec discernement : comme un outil, non comme une idole.<\/li>\n\n\n\n<li>Favoriser le silence, la lecture, la conversation.<\/li>\n<\/ul>\n\n\n\n<p>Le diable moderne entre souvent par les <strong>petits \u00e9crans<\/strong>.<\/p>\n\n\n\n<hr class=\"wp-block-separator has-alpha-channel-opacity\"\/>\n\n\n\n<h3 class=\"wp-block-heading\">\ud83d\udd39 <strong>8. VIE SACRAMENTELLE R\u00c9GULI\u00c8RE<\/strong><\/h3>\n\n\n\n<ul class=\"wp-block-list\">\n<li>Messe dominicale <strong>en famille<\/strong>.<\/li>\n\n\n\n<li>Confession mensuelle comme habitude.<\/li>\n\n\n\n<li>Pr\u00e9paration s\u00e9rieuse \u00e0 la premi\u00e8re communion et \u00e0 la confirmation.<\/li>\n\n\n\n<li>Apprendre aux enfants que l\u2019Eucharistie est une <strong>rencontre r\u00e9elle<\/strong>, pas une routine.<\/li>\n<\/ul>\n\n\n\n<hr class=\"wp-block-separator has-alpha-channel-opacity\"\/>\n\n\n\n<h3 class=\"wp-block-heading\">\ud83d\udd39 <strong>9. DISCIPLINER AVEC AMOUR<\/strong><\/h3>\n\n\n\n<ul class=\"wp-block-list\">\n<li>R\u00e8gles claires, limites justes, cons\u00e9quences proportionn\u00e9es.<\/li>\n\n\n\n<li>\u00c9couter avec empathie, sans c\u00e9der aux manipulations affectives.<\/li>\n\n\n\n<li>Corriger avec douceur, valoriser le bien, guider avec esp\u00e9rance.<\/li>\n<\/ul>\n\n\n\n<hr class=\"wp-block-separator has-alpha-channel-opacity\"\/>\n\n\n\n<h3 class=\"wp-block-heading\">\ud83d\udd39 <strong>10. DONNER L\u2019EXEMPLE<\/strong><\/h3>\n\n\n\n<p>Les enfants croient en Dieu parce qu\u2019ils voient leurs parents <strong>vivre selon Sa volont\u00e9<\/strong>. Il n\u2019y a pas de cat\u00e9ch\u00e8se plus efficace que votre exemple.<\/p>\n\n\n\n<ul class=\"wp-block-list\">\n<li>S\u2019ils vous voient prier, ils feront confiance \u00e0 la pri\u00e8re.<\/li>\n\n\n\n<li>S\u2019ils vous voient aimer le prochain, ils comprendront l\u2019\u00c9vangile.<\/li>\n\n\n\n<li>S\u2019ils vous voient lutter contre vos p\u00e9ch\u00e9s, ils apprendront \u00e0 combattre les leurs.<\/li>\n<\/ul>\n\n\n\n<hr class=\"wp-block-separator has-alpha-channel-opacity\"\/>\n\n\n\n<h2 class=\"wp-block-heading\"><strong>IV. Une spiritualit\u00e9 pour les parents en premi\u00e8re ligne<\/strong><\/h2>\n\n\n\n<p>\u00c9lever des enfants \u00e0 contre-courant n\u2019est pas seulement un combat ext\u00e9rieur. C\u2019est aussi une <strong>lutte int\u00e9rieure<\/strong>, o\u00f9 se forge la saintet\u00e9 des parents.<\/p>\n\n\n\n<ul class=\"wp-block-list\">\n<li>Accepter la fatigue comme une croix r\u00e9demptrice.<\/li>\n\n\n\n<li>Ne pas d\u00e9sesp\u00e9rer face aux erreurs : <strong>la mis\u00e9ricorde de Dieu est plus grande.<\/strong><\/li>\n\n\n\n<li>Chercher un accompagnement spirituel.<\/li>\n\n\n\n<li>Cr\u00e9er des liens avec d\u2019autres familles qui m\u00e8nent le m\u00eame combat.<\/li>\n<\/ul>\n\n\n\n<p>La communaut\u00e9 eccl\u00e9siale n\u2019est pas un \u00ab plus \u00bb : c\u2019est une <strong>bou\u00e9e de sauvetage<\/strong>.<\/p>\n\n\n\n<hr class=\"wp-block-separator has-alpha-channel-opacity\"\/>\n\n\n\n<h2 class=\"wp-block-heading\"><strong>Conclusion : N\u2019ayez pas peur !<\/strong><\/h2>\n\n\n\n<p>Ce n\u2019est pas facile. Ce n\u2019est pas rapide. Ce n\u2019est pas confortable. Mais <strong>c\u2019est possible<\/strong>, avec la gr\u00e2ce de Dieu et un don g\u00e9n\u00e9reux de soi.<\/p>\n\n\n\n<p>Parents catholiques traditionnels : <strong>vous n\u2019\u00eates pas fous<\/strong>. Vous faites ce qui est juste. M\u00eame si la mar\u00e9e monte, m\u00eame si le monde vous traite de \u00ab d\u00e9pass\u00e9s \u00bb, d\u2019\u00ab intol\u00e9rants \u00bb ou de \u00ab fanatiques \u00bb, la V\u00e9rit\u00e9 ne se d\u00e9mode pas.<\/p>\n\n\n\n<blockquote class=\"wp-block-quote is-layout-flow wp-block-quote-is-layout-flow\">\n<p><em>\u00ab Celui qui pers\u00e9v\u00e9rera jusqu\u2019\u00e0 la fin sera sauv\u00e9. \u00bb<\/em> (Matthieu 24,13)<\/p>\n<\/blockquote>\n\n\n\n<p>Le but n\u2019est pas seulement d\u2019\u00e9lever de bons enfants. Il s\u2019agit d\u2019\u00e9lever des <strong>enfants saints<\/strong>. Et il n\u2019y a pas d\u2019h\u00e9ritage plus grand que celui-l\u00e0.<\/p>\n","protected":false},"excerpt":{"rendered":"<p>Introduction : Parents \u00e0 contre-courant \u2014 \u00cates-vous seuls ? \u00c9lever des enfants aujourd\u2019hui est, pour beaucoup de parents catholiques traditionnels, une t\u00e2che presque h\u00e9ro\u00efque. Au milieu d\u2019une soci\u00e9t\u00e9 qui ridiculise la vertu, promeut le relativisme moral et attaque directement les fondements de la foi chr\u00e9tienne, former des enfants saints, forts et fid\u00e8les peut sembler un &hellip;<\/p>\n","protected":false},"author":3,"featured_media":4338,"comment_status":"open","ping_status":"open","sticky":false,"template":"","format":"standard","meta":{"_seopress_robots_primary_cat":"","_seopress_titles_title":"","_seopress_titles_desc":"","_seopress_robots_index":"","footnotes":""},"categories":[55,39],"tags":[1454],"class_list":["post-4337","post","type-post","status-publish","format-standard","has-post-thumbnail","","category-famille-et-mariage","category-morale-et-vie-chretienne","tag-parents-traditionnels"],"_links":{"self":[{"href":"https:\/\/catholicus.eu\/fr\/wp-json\/wp\/v2\/posts\/4337","targetHints":{"allow":["GET"]}}],"collection":[{"href":"https:\/\/catholicus.eu\/fr\/wp-json\/wp\/v2\/posts"}],"about":[{"href":"https:\/\/catholicus.eu\/fr\/wp-json\/wp\/v2\/types\/post"}],"author":[{"embeddable":true,"href":"https:\/\/catholicus.eu\/fr\/wp-json\/wp\/v2\/users\/3"}],"replies":[{"embeddable":true,"href":"https:\/\/catholicus.eu\/fr\/wp-json\/wp\/v2\/comments?post=4337"}],"version-history":[{"count":1,"href":"https:\/\/catholicus.eu\/fr\/wp-json\/wp\/v2\/posts\/4337\/revisions"}],"predecessor-version":[{"id":4339,"href":"https:\/\/catholicus.eu\/fr\/wp-json\/wp\/v2\/posts\/4337\/revisions\/4339"}],"wp:featuredmedia":[{"embeddable":true,"href":"https:\/\/catholicus.eu\/fr\/wp-json\/wp\/v2\/media\/4338"}],"wp:attachment":[{"href":"https:\/\/catholicus.eu\/fr\/wp-json\/wp\/v2\/media?parent=4337"}],"wp:term":[{"taxonomy":"category","embeddable":true,"href":"https:\/\/catholicus.eu\/fr\/wp-json\/wp\/v2\/categories?post=4337"},{"taxonomy":"post_tag","embeddable":true,"href":"https:\/\/catholicus.eu\/fr\/wp-json\/wp\/v2\/tags?post=4337"}],"curies":[{"name":"wp","href":"https:\/\/api.w.org\/{rel}","templated":true}]}}