{"id":4313,"date":"2025-06-09T22:37:41","date_gmt":"2025-06-09T20:37:41","guid":{"rendered":"https:\/\/catholicus.eu\/fr\/?p=4313"},"modified":"2025-06-09T22:37:41","modified_gmt":"2025-06-09T20:37:41","slug":"que-celui-qui-a-des-oreilles-pour-entendre-entende-un-appel-a-lecoute-profonde-en-ces-temps-de-bruit-spirituel","status":"publish","type":"post","link":"https:\/\/catholicus.eu\/fr\/que-celui-qui-a-des-oreilles-pour-entendre-entende-un-appel-a-lecoute-profonde-en-ces-temps-de-bruit-spirituel\/","title":{"rendered":"\u00ab\u00a0Que celui qui a des oreilles pour entendre entende\u00a0\u00bb : Un appel \u00e0 l&rsquo;\u00e9coute profonde en ces temps de bruit spirituel"},"content":{"rendered":"\n<h3 class=\"wp-block-heading\"><strong>Introduction : Un \u00e9cho qui r\u00e9sonne du C\u0153ur du Christ<\/strong><\/h3>\n\n\n\n<p>Dans un monde satur\u00e9 de paroles, o\u00f9 les opinions se multiplient et les voix rivalisent pour capter l&rsquo;attention, les paroles de J\u00e9sus-Christ &#8211;&nbsp;<em>\u00ab\u00a0Que celui qui a des oreilles pour entendre entende\u00a0\u00bb<\/em>&nbsp;(Matthieu 11:15) &#8211; surgissent comme un appel urgent et \u00e9ternel. Ce n&rsquo;est pas une invitation passive, mais une exigence divine d&rsquo;<em>\u00e9couter avec l&rsquo;\u00e2me<\/em>, de discerner la V\u00e9rit\u00e9 au milieu du chaos.<\/p>\n\n\n\n<p>Cet article explorera la profonde signification th\u00e9ologique, historique et pastorale de cette phrase, qui appara\u00eet \u00e0 des moments-cl\u00e9s de la R\u00e9v\u00e9lation. Nous analyserons son contexte biblique, son interpr\u00e9tation dans la Tradition catholique et comment l&rsquo;appliquer aujourd&rsquo;hui, alors que la foi est mise au d\u00e9fi par le relativisme et la distraction.<\/p>\n\n\n\n<hr class=\"wp-block-separator has-alpha-channel-opacity\"\/>\n\n\n\n<h3 class=\"wp-block-heading\"><strong>I. Racines bibliques : O\u00f9 et pourquoi J\u00e9sus prononce-t-il cette phrase ?<\/strong><\/h3>\n\n\n\n<p>L&rsquo;expression&nbsp;<em>\u00ab\u00a0Que celui qui a des oreilles pour entendre entende\u00a0\u00bb<\/em>&nbsp;(ou des variantes similaires) appara\u00eet dans plusieurs passages de l&rsquo;\u00c9vangile, toujours comme un sceau de solennit\u00e9. Ce n&rsquo;est pas une remarque anodine, mais un&nbsp;<em>appel \u00e0 se r\u00e9veiller<\/em>.<\/p>\n\n\n\n<h4 class=\"wp-block-heading\"><strong>1. Dans les Synoptiques : Un sch\u00e9ma de R\u00e9v\u00e9lation<\/strong><\/h4>\n\n\n\n<ul class=\"wp-block-list\">\n<li><strong>Matthieu 11:15<\/strong>\u00a0: J\u00e9sus la prononce apr\u00e8s avoir parl\u00e9 du Royaume et de Jean-Baptiste, invitant \u00e0 reconna\u00eetre la\u00a0<em>nouveaut\u00e9<\/em>\u00a0de son message.<\/li>\n\n\n\n<li><strong>Marc 4:9, 23<\/strong>\u00a0: Dans le discours des paraboles (comme celle du semeur), Il souligne que les comprendre n\u00e9cessite un\u00a0<em>c\u0153ur ouvert<\/em>.<\/li>\n\n\n\n<li><strong>Luc 8:8, 14:35<\/strong>\u00a0: Ici, elle est li\u00e9e \u00e0 la\u00a0<em>responsabilit\u00e9<\/em>\u00a0du disciple : \u00ab\u00a0Prenez donc garde \u00e0 la mani\u00e8re dont vous \u00e9coutez\u00a0\u00bb (Luc 8:18).<\/li>\n<\/ul>\n\n\n\n<h4 class=\"wp-block-heading\"><strong>2. Dans l&rsquo;Apocalypse : Un avertissement aux \u00c9glises<\/strong><\/h4>\n\n\n\n<p>Dans Apocalypse 2-3, le Christ r\u00e9p\u00e8te&nbsp;<em>\u00ab\u00a0Que celui qui a des oreilles entende ce que l&rsquo;Esprit dit aux \u00c9glises\u00a0\u00bb<\/em>. C&rsquo;est un appel \u00e0 la&nbsp;<em>conversion<\/em>&nbsp;face \u00e0 la ti\u00e9deur (Apocalypse 3:16) et \u00e0 l&rsquo;engagement dans la foi.<\/p>\n\n\n\n<h4 class=\"wp-block-heading\"><strong>Signification th\u00e9ologique<\/strong><\/h4>\n\n\n\n<p>La phrase ne se r\u00e9f\u00e8re pas \u00e0 l&rsquo;ou\u00efe physique mais \u00e0 la&nbsp;<em>capacit\u00e9 surnaturelle d&rsquo;accueillir la Parole<\/em>. Comme l&rsquo;explique Saint Augustin :&nbsp;<em>\u00ab\u00a0Dieu parle \u00e0 l&rsquo;oreille du c\u0153ur\u00a0\u00bb<\/em>. C&rsquo;est une gr\u00e2ce qui demande&nbsp;<em>humilit\u00e9<\/em>&nbsp;(pour recevoir) et&nbsp;<em>volont\u00e9<\/em>&nbsp;(pour agir).<\/p>\n\n\n\n<hr class=\"wp-block-separator has-alpha-channel-opacity\"\/>\n\n\n\n<h3 class=\"wp-block-heading\"><strong>II. La Tradition catholique : \u00c9couter comme la Vierge et les Saints<\/strong><\/h3>\n\n\n\n<p>L&rsquo;\u00c9glise voit dans cette phrase un \u00e9cho de&nbsp;<em>Marie, la premi\u00e8re auditrice<\/em>&nbsp;:&nbsp;<em>\u00ab\u00a0Marie conservait toutes ces choses, les m\u00e9ditant dans son c\u0153ur\u00a0\u00bb<\/em>&nbsp;(Luc 2:19). Elle est le mod\u00e8le de&nbsp;<em>l&rsquo;\u00e9coute active<\/em>&nbsp;:<\/p>\n\n\n\n<ol start=\"1\" class=\"wp-block-list\">\n<li><strong>Attention<\/strong>\u00a0: Sans distractions (cf. Luc 10:39, Marie aux pieds de J\u00e9sus).<\/li>\n\n\n\n<li><strong>M\u00e9ditation<\/strong>\u00a0: Int\u00e9riorisant la Parole (comme dans la\u00a0<em>Lectio Divina<\/em>).<\/li>\n\n\n\n<li><strong>Action<\/strong>\u00a0: \u00ab\u00a0Faites tout ce qu&rsquo;Il vous dira\u00a0\u00bb (Jean 2:5).<\/li>\n<\/ol>\n\n\n\n<p>Les P\u00e8res de l&rsquo;\u00c9glise (comme Saint Jean Chrysostome) insistaient :&nbsp;<em>\u00ab\u00a0Il ne suffit pas d&rsquo;entendre ; il faut ob\u00e9ir\u00a0\u00bb<\/em>. L&rsquo;\u00e9coute authentique m\u00e8ne \u00e0 la&nbsp;<em>conversion<\/em>, comme dans la parabole du fils prodigue (Luc 15), o\u00f9 le p\u00e8re&nbsp;<em>entend<\/em>&nbsp;le repentir de son fils.<\/p>\n\n\n\n<hr class=\"wp-block-separator has-alpha-channel-opacity\"\/>\n\n\n\n<h3 class=\"wp-block-heading\"><strong>III. Application pratique : Comment \u00ab\u00a0entendre\u00a0\u00bb aujourd&rsquo;hui ?<\/strong><\/h3>\n\n\n\n<p>\u00c0 une \u00e9poque de&nbsp;<em>bruit spirituel<\/em>&nbsp;(r\u00e9seaux sociaux, s\u00e9cularisme, pr\u00e9cipitation), comment cultiver cette \u00e9coute ?<\/p>\n\n\n\n<h4 class=\"wp-block-heading\"><strong>1. Silence int\u00e9rieur<\/strong><\/h4>\n\n\n\n<ul class=\"wp-block-list\">\n<li><strong>Exemple<\/strong>\u00a0: Le proph\u00e8te \u00c9lie entendit Dieu\u00a0<em>\u00ab\u00a0dans un murmure l\u00e9ger\u00a0\u00bb<\/em>\u00a0(1 Rois 19:12).<\/li>\n\n\n\n<li><strong>Action<\/strong>\u00a0: Consacrez 5 minutes quotidiennes au silence, loin des \u00e9crans.<\/li>\n<\/ul>\n\n\n\n<h4 class=\"wp-block-heading\"><strong>2. Discernement<\/strong><\/h4>\n\n\n\n<ul class=\"wp-block-list\">\n<li><strong>Danger<\/strong>\u00a0: \u00ab\u00a0Entendre sans comprendre\u00a0\u00bb (Matthieu 13:13), comme les pharisiens qui fermaient leur c\u0153ur.<\/li>\n\n\n\n<li><strong>Solution<\/strong>\u00a0: Examinez quelles voix nourrissent votre \u00e2me (comm\u00e9rages ? critiques ? \u00c9criture Sainte ?).<\/li>\n<\/ul>\n\n\n\n<h4 class=\"wp-block-heading\"><strong>3. Ob\u00e9issance fid\u00e8le<\/strong><\/h4>\n\n\n\n<ul class=\"wp-block-list\">\n<li><strong>Cl\u00e9<\/strong>\u00a0: L&rsquo;\u00e9coute culmine dans\u00a0<em>l&rsquo;action<\/em>. Comme Jacques 1:22 le dit :\u00a0<em>\u00ab\u00a0Mettez la Parole en pratique\u00a0\u00bb<\/em>.<\/li>\n\n\n\n<li><strong>Exemple<\/strong>\u00a0: Saint Beno\u00eet enseignait\u00a0<em>\u00ab\u00a0\u00c9coute avec l&rsquo;oreille de ton c\u0153ur\u00a0\u00bb<\/em>\u00a0(R\u00e8gle, Prologue).<\/li>\n<\/ul>\n\n\n\n<hr class=\"wp-block-separator has-alpha-channel-opacity\"\/>\n\n\n\n<h3 class=\"wp-block-heading\"><strong>IV. D\u00e9fis actuels : Les surdit\u00e9s modernes<\/strong><\/h3>\n\n\n\n<p>Le monde d&rsquo;aujourd&rsquo;hui souffre de&nbsp;<em>surdit\u00e9s<\/em>&nbsp;que le Christ avait d\u00e9j\u00e0 diagnostiqu\u00e9es :<\/p>\n\n\n\n<ol start=\"1\" class=\"wp-block-list\">\n<li><strong>Relativisme<\/strong>\u00a0: \u00ab\u00a0Je n&rsquo;entends que ce qui me pla\u00eet\u00a0\u00bb.<\/li>\n\n\n\n<li><strong>Superficialit\u00e9<\/strong>\u00a0: \u00c9couter Dieu comme\u00a0<em>bruit de fond<\/em>, non comme centre.<\/li>\n\n\n\n<li><strong>Peur<\/strong>\u00a0: Comme le jeune homme riche (Marc 10:22), qui\u00a0<em>entendit<\/em>\u00a0mais ne voulut pas changer.<\/li>\n<\/ol>\n\n\n\n<p>La solution est une&nbsp;<em>foi audacieuse<\/em>&nbsp;: comme Zach\u00e9e (Luc 19), qui&nbsp;<em>\u00e9couta<\/em>&nbsp;J\u00e9sus et ag\u00eet.<\/p>\n\n\n\n<hr class=\"wp-block-separator has-alpha-channel-opacity\"\/>\n\n\n\n<h3 class=\"wp-block-heading\"><strong>Conclusion : Une invitation \u00e0 l&rsquo;audition surnaturelle<\/strong><\/h3>\n\n\n\n<p>Le Christ ne cherche pas des auditeurs passifs, mais des&nbsp;<em>disciples qui \u00e9coutent et vivent<\/em>.&nbsp;<em>\u00ab\u00a0Que celui qui a des oreilles&#8230;\u00a0\u00bb<\/em>&nbsp;est un appel personnel :&nbsp;<em>Que vous dit Dieu aujourd&rsquo;hui ?<\/em>&nbsp;O\u00f9 devez-vous vous convertir ?<\/p>\n\n\n\n<p>Comme l&rsquo;enseignait Sainte Th\u00e9r\u00e8se :&nbsp;<em>\u00ab\u00a0Parle, Seigneur, ton serviteur \u00e9coute\u00a0\u00bb<\/em>. Que notre r\u00e9ponse soit celle de Samuel (1 Samuel 3:10), celle de Marie, celle des saints :&nbsp;<em>ouvrir l&rsquo;\u00e2me<\/em>&nbsp;pour que la semence de la Parole porte du fruit.<\/p>\n\n\n\n<p><strong>Pour m\u00e9diter<\/strong>&nbsp;:&nbsp;<em>\u00ab\u00a0Aujourd&rsquo;hui, si vous entendez sa voix, n&rsquo;endurcissez pas vos c\u0153urs\u00a0\u00bb<\/em>&nbsp;(Psaume 95:7-8).<\/p>\n\n\n\n<hr class=\"wp-block-separator has-alpha-channel-opacity\"\/>\n\n\n\n<p>Cet article n&rsquo;est qu&rsquo;un point de d\u00e9part. La V\u00e9rit\u00e9 se d\u00e9couvre en&nbsp;<em>entendant<\/em>, mais surtout en&nbsp;<em>aimant<\/em>. Que l&rsquo;Esprit Saint nous donne des&nbsp;<em>oreilles<\/em>&nbsp;pour L&rsquo;\u00e9couter.<\/p>\n","protected":false},"excerpt":{"rendered":"<p>Introduction : Un \u00e9cho qui r\u00e9sonne du C\u0153ur du Christ Dans un monde satur\u00e9 de paroles, o\u00f9 les opinions se multiplient et les voix rivalisent pour capter l&rsquo;attention, les paroles de J\u00e9sus-Christ &#8211;&nbsp;\u00ab\u00a0Que celui qui a des oreilles pour entendre entende\u00a0\u00bb&nbsp;(Matthieu 11:15) &#8211; surgissent comme un appel urgent et \u00e9ternel. Ce n&rsquo;est pas une invitation &hellip;<\/p>\n","protected":false},"author":3,"featured_media":4314,"comment_status":"open","ping_status":"open","sticky":false,"template":"","format":"standard","meta":{"_seopress_robots_primary_cat":"","_seopress_titles_title":"","_seopress_titles_desc":"","_seopress_robots_index":"","footnotes":""},"categories":[37,45],"tags":[1448],"class_list":["post-4313","post","type-post","status-publish","format-standard","has-post-thumbnail","","category-doctrine-et-foi","category-saintes-ecritures","tag-que-celui-qui-a-des-oreilles-pour-entendre-entende"],"_links":{"self":[{"href":"https:\/\/catholicus.eu\/fr\/wp-json\/wp\/v2\/posts\/4313","targetHints":{"allow":["GET"]}}],"collection":[{"href":"https:\/\/catholicus.eu\/fr\/wp-json\/wp\/v2\/posts"}],"about":[{"href":"https:\/\/catholicus.eu\/fr\/wp-json\/wp\/v2\/types\/post"}],"author":[{"embeddable":true,"href":"https:\/\/catholicus.eu\/fr\/wp-json\/wp\/v2\/users\/3"}],"replies":[{"embeddable":true,"href":"https:\/\/catholicus.eu\/fr\/wp-json\/wp\/v2\/comments?post=4313"}],"version-history":[{"count":1,"href":"https:\/\/catholicus.eu\/fr\/wp-json\/wp\/v2\/posts\/4313\/revisions"}],"predecessor-version":[{"id":4315,"href":"https:\/\/catholicus.eu\/fr\/wp-json\/wp\/v2\/posts\/4313\/revisions\/4315"}],"wp:featuredmedia":[{"embeddable":true,"href":"https:\/\/catholicus.eu\/fr\/wp-json\/wp\/v2\/media\/4314"}],"wp:attachment":[{"href":"https:\/\/catholicus.eu\/fr\/wp-json\/wp\/v2\/media?parent=4313"}],"wp:term":[{"taxonomy":"category","embeddable":true,"href":"https:\/\/catholicus.eu\/fr\/wp-json\/wp\/v2\/categories?post=4313"},{"taxonomy":"post_tag","embeddable":true,"href":"https:\/\/catholicus.eu\/fr\/wp-json\/wp\/v2\/tags?post=4313"}],"curies":[{"name":"wp","href":"https:\/\/api.w.org\/{rel}","templated":true}]}}