{"id":4310,"date":"2025-06-09T21:49:09","date_gmt":"2025-06-09T19:49:09","guid":{"rendered":"https:\/\/catholicus.eu\/fr\/?p=4310"},"modified":"2025-06-09T21:49:09","modified_gmt":"2025-06-09T19:49:09","slug":"une-sainte-catholique-et-apostolique-les-quatre-marques-de-leglise-qui-peuvent-sauver-ta-vie-oui-la-tienne","status":"publish","type":"post","link":"https:\/\/catholicus.eu\/fr\/une-sainte-catholique-et-apostolique-les-quatre-marques-de-leglise-qui-peuvent-sauver-ta-vie-oui-la-tienne\/","title":{"rendered":"Une, Sainte, Catholique et Apostolique : Les Quatre Marques de l\u2019\u00c9glise qui Peuvent Sauver ta Vie (Oui, la Tienne)"},"content":{"rendered":"\n<h3 class=\"wp-block-heading\">Introduction : Un Phare dans les T\u00e9n\u00e8bres du XXIe Si\u00e8cle<\/h3>\n\n\n\n<p>Dans un monde o\u00f9 r\u00e8gnent la confusion, le relativisme et la m\u00e9fiance envers la v\u00e9rit\u00e9, il existe encore une boussole spirituelle qui pointe clairement vers le Christ : les Quatre Marques de l\u2019\u00c9glise. Loin d\u2019\u00eatre une relique th\u00e9ologique du pass\u00e9, cette doctrine est un <strong>guide lumineux<\/strong> pour vivre aujourd\u2019hui une foi pleine, coh\u00e9rente et profond\u00e9ment lib\u00e9ratrice.<\/p>\n\n\n\n<p><strong>Que signifie dire que l\u2019\u00c9glise est Une, Sainte, Catholique et Apostolique ?<\/strong><br>Est-ce une simple phrase du Credo ou un <strong>appel pressant<\/strong> pour ta propre vie ?<br>Cet article ne se contente pas d\u2019expliquer ces marques avec clart\u00e9 et profondeur. Il te montre <strong>comment les vivre dans le monde r\u00e9el<\/strong>, <strong>dans ta famille<\/strong>, <strong>dans ta paroisse<\/strong>, <strong>dans ton c\u0153ur<\/strong>.<\/p>\n\n\n\n<hr class=\"wp-block-separator has-alpha-channel-opacity\"\/>\n\n\n\n<h3 class=\"wp-block-heading\">I. D\u2019o\u00f9 vient cette doctrine ?<\/h3>\n\n\n\n<p>Les Quatre Marques de l\u2019\u00c9glise sont proclam\u00e9es solennellement dans le <strong>Credo de Nic\u00e9e-Constantinople<\/strong>, formul\u00e9 aux conciles de Nic\u00e9e (325) et de Constantinople (381), et r\u00e9cit\u00e9 chaque dimanche \u00e0 la messe :<\/p>\n\n\n\n<blockquote class=\"wp-block-quote is-layout-flow wp-block-quote-is-layout-flow\">\n<p>\u00ab Je crois en l\u2019\u00c9glise Une, Sainte, Catholique et Apostolique. \u00bb<\/p>\n<\/blockquote>\n\n\n\n<p>Ces marques ne sont pas des qualit\u00e9s facultatives ou des traits symboliques. Ce sont des <strong>attributs essentiels<\/strong> qui identifient la v\u00e9ritable \u00c9glise fond\u00e9e par J\u00e9sus-Christ, comme l\u2019enseigne le Cat\u00e9chisme de l\u2019\u00c9glise Catholique (\u00a7811\u2013870).<br>Saint Cyrille de J\u00e9rusalem disait dans sa Cat\u00e9ch\u00e8se :<\/p>\n\n\n\n<blockquote class=\"wp-block-quote is-layout-flow wp-block-quote-is-layout-flow\">\n<p>\u00ab L\u2019\u00c9glise est appel\u00e9e catholique parce qu\u2019elle s\u2019\u00e9tend sur toute la terre et enseigne universellement et sans erreur toutes les v\u00e9rit\u00e9s n\u00e9cessaires au salut. \u00bb<\/p>\n<\/blockquote>\n\n\n\n<hr class=\"wp-block-separator has-alpha-channel-opacity\"\/>\n\n\n\n<h3 class=\"wp-block-heading\">II. <strong>UNE : Car il n\u2019y a qu\u2019un seul Seigneur, une seule Foi, un seul Bapt\u00eame<\/strong><\/h3>\n\n\n\n<h4 class=\"wp-block-heading\"><strong>Fondement th\u00e9ologique<\/strong><\/h4>\n\n\n\n<p>L\u2019unit\u00e9 de l\u2019\u00c9glise est enracin\u00e9e dans l\u2019unit\u00e9 m\u00eame de Dieu :<\/p>\n\n\n\n<blockquote class=\"wp-block-quote is-layout-flow wp-block-quote-is-layout-flow\">\n<p>\u00ab Il y a un seul Corps et un seul Esprit, comme aussi vous avez \u00e9t\u00e9 appel\u00e9s \u00e0 une seule esp\u00e9rance [&#8230;], un seul Seigneur, une seule foi, un seul bapt\u00eame, un seul Dieu et P\u00e8re de tous \u00bb (\u00c9ph\u00e9siens 4, 4\u20136).<\/p>\n<\/blockquote>\n\n\n\n<p>Cette unit\u00e9 se manifeste \u00e0 trois niveaux :<\/p>\n\n\n\n<ol class=\"wp-block-list\">\n<li><strong>Unit\u00e9 de la foi<\/strong> : tous les membres de l\u2019\u00c9glise professent le m\u00eame Credo et la m\u00eame doctrine.<\/li>\n\n\n\n<li><strong>Unit\u00e9 des sacrements<\/strong> : en particulier dans l\u2019Eucharistie, centre de la communion.<\/li>\n\n\n\n<li><strong>Unit\u00e9 du gouvernement<\/strong> : le Pape, successeur de Pierre, et les \u00e9v\u00eaques en communion avec lui.<\/li>\n<\/ol>\n\n\n\n<h4 class=\"wp-block-heading\"><strong>Application pastorale<\/strong><\/h4>\n\n\n\n<p>Vivre cette unit\u00e9 aujourd\u2019hui signifie :<\/p>\n\n\n\n<ul class=\"wp-block-list\">\n<li>Rejeter le relativisme doctrinal. Il n\u2019y a pas de \u00ab ma v\u00e9rit\u00e9 \u00bb et \u00ab ta v\u00e9rit\u00e9 \u00bb, il n\u2019y a que <strong>la V\u00e9rit\u00e9<\/strong>, qui est le Christ.<\/li>\n\n\n\n<li>Promouvoir <strong>l\u2019unit\u00e9 dans ta paroisse<\/strong>, non pas par uniformit\u00e9, mais par charit\u00e9.<\/li>\n\n\n\n<li>\u00c9viter les divisions internes : critiques destructrices, comm\u00e9rages, rivalit\u00e9s qui d\u00e9chirent le Corps du Christ.<\/li>\n<\/ul>\n\n\n\n<hr class=\"wp-block-separator has-alpha-channel-opacity\"\/>\n\n\n\n<h3 class=\"wp-block-heading\">III. <strong>SAINTE : Car son \u00c9poux est Saint et Il nous appelle \u00e0 la saintet\u00e9<\/strong><\/h3>\n\n\n\n<h4 class=\"wp-block-heading\"><strong>Fondement th\u00e9ologique<\/strong><\/h4>\n\n\n\n<p>L\u2019\u00c9glise est sainte <strong>non parce que ses membres sont parfaits<\/strong>, mais parce que son Fondateur est saint, sa doctrine est sainte et elle offre les moyens de devenir saints :<\/p>\n\n\n\n<blockquote class=\"wp-block-quote is-layout-flow wp-block-quote-is-layout-flow\">\n<p>\u00ab Le Christ a aim\u00e9 l\u2019\u00c9glise et s\u2019est livr\u00e9 pour elle afin de la sanctifier \u00bb (\u00c9ph\u00e9siens 5, 25\u201326).<\/p>\n<\/blockquote>\n\n\n\n<p>Cette saintet\u00e9 se r\u00e9alise <strong>par les sacrements, la Parole de Dieu et le t\u00e9moignage des saints<\/strong>, qui sont la v\u00e9ritable \u00ab biographie \u00bb de l\u2019\u00c9glise.<\/p>\n\n\n\n<h4 class=\"wp-block-heading\"><strong>Mais comment l\u2019\u00c9glise peut-elle \u00eatre sainte avec tant de scandales ?<\/strong><\/h4>\n\n\n\n<p>C\u2019est une objection fr\u00e9quente, l\u00e9gitime et douloureuse. La r\u00e9ponse est claire :<br><strong>La saintet\u00e9 de l\u2019\u00c9glise est un don divin, pas une statistique morale.<\/strong><br>Les p\u00e9ch\u00e9s de ses membres sont des trahisons de son essence, pas des d\u00e9finitions de celle-ci. Comme le disait Beno\u00eet XVI :<\/p>\n\n\n\n<blockquote class=\"wp-block-quote is-layout-flow wp-block-quote-is-layout-flow\">\n<p>\u00ab L\u2019\u00c9glise n\u2019est pas une communaut\u00e9 de parfaits, mais un lieu de gu\u00e9rison. \u00bb<\/p>\n<\/blockquote>\n\n\n\n<h4 class=\"wp-block-heading\"><strong>Application pastorale<\/strong><\/h4>\n\n\n\n<p>Toi aussi, tu peux \u00eatre saint. Aujourd\u2019hui. L\u00e0 o\u00f9 tu es.<\/p>\n\n\n\n<ul class=\"wp-block-list\">\n<li>Approche-toi r\u00e9guli\u00e8rement du Sacrement de la Confession.<\/li>\n\n\n\n<li>Laisse l\u2019Eucharistie transformer ton c\u0153ur.<\/li>\n\n\n\n<li>Imite les saints, non les ti\u00e8des.<\/li>\n<\/ul>\n\n\n\n<hr class=\"wp-block-separator has-alpha-channel-opacity\"\/>\n\n\n\n<h3 class=\"wp-block-heading\">IV. <strong>CATHOLIQUE : Car elle est universelle dans le temps, l\u2019espace et la doctrine<\/strong><\/h3>\n\n\n\n<h4 class=\"wp-block-heading\"><strong>Fondement th\u00e9ologique<\/strong><\/h4>\n\n\n\n<p>\u00ab Catholique \u00bb signifie <strong>universelle<\/strong>. L\u2019\u00c9glise est ouverte \u00e0 tous, elle pr\u00eache toute la v\u00e9rit\u00e9 et elle offre tous les moyens du salut.<\/p>\n\n\n\n<blockquote class=\"wp-block-quote is-layout-flow wp-block-quote-is-layout-flow\">\n<p>\u00ab Allez dans le monde entier, proclamez l\u2019\u00c9vangile \u00e0 toute cr\u00e9ature \u00bb (Marc 16, 15).<\/p>\n<\/blockquote>\n\n\n\n<p>Cela implique que :<\/p>\n\n\n\n<ul class=\"wp-block-list\">\n<li>L\u2019\u00c9glise est pr\u00e9sente parmi tous les peuples.<\/li>\n\n\n\n<li>Elle proclame toute la foi, non une partie.<\/li>\n\n\n\n<li>Elle est destin\u00e9e \u00e0 tous les hommes, sans exception.<\/li>\n<\/ul>\n\n\n\n<h4 class=\"wp-block-heading\"><strong>Catholicit\u00e9 et mission<\/strong><\/h4>\n\n\n\n<p>L\u2019\u00c9glise n\u2019est pas une secte locale ni une id\u00e9ologie moderne. Elle est une <strong>famille universelle<\/strong> qui embrasse riches et pauvres, savants et simples, saints et p\u00e9cheurs en chemin.<br>Et elle a une <strong>mission permanente d\u2019\u00e9vang\u00e9lisation<\/strong>, m\u00eame dans les temps difficiles.<\/p>\n\n\n\n<h4 class=\"wp-block-heading\"><strong>Application pastorale<\/strong><\/h4>\n\n\n\n<p>Es-tu un \u00ab catholique de nom \u00bb ou un catholique <strong>au c\u0153ur universel<\/strong> ?<\/p>\n\n\n\n<ul class=\"wp-block-list\">\n<li>Apprends la doctrine enti\u00e8re, pas seulement ce qui \u00ab te pla\u00eet \u00bb.<\/li>\n\n\n\n<li>Participe \u00e0 la vie de l\u2019\u00c9glise au-del\u00e0 de ta communaut\u00e9 locale.<\/li>\n\n\n\n<li>Prie pour les chr\u00e9tiens pers\u00e9cut\u00e9s, pour les missionnaires et pour l\u2019unit\u00e9 des peuples.<\/li>\n<\/ul>\n\n\n\n<hr class=\"wp-block-separator has-alpha-channel-opacity\"\/>\n\n\n\n<h3 class=\"wp-block-heading\">V. <strong>APOSTOLIQUE : Car elle est fond\u00e9e sur les Ap\u00f4tres et leur enseignement<\/strong><\/h3>\n\n\n\n<h4 class=\"wp-block-heading\"><strong>Fondement th\u00e9ologique<\/strong><\/h4>\n\n\n\n<p>L\u2019\u00c9glise est apostolique parce que :<\/p>\n\n\n\n<ol class=\"wp-block-list\">\n<li>Elle a \u00e9t\u00e9 b\u00e2tie sur le fondement des Ap\u00f4tres (\u00c9ph\u00e9siens 2, 20).<\/li>\n\n\n\n<li>Elle conserve fid\u00e8lement l\u2019enseignement des Ap\u00f4tres.<\/li>\n\n\n\n<li>Elle est gouvern\u00e9e par les successeurs des Ap\u00f4tres : le Pape et les \u00e9v\u00eaques.<\/li>\n<\/ol>\n\n\n\n<p>Cette succession apostolique <strong>garantit la fid\u00e9lit\u00e9<\/strong> \u00e0 l\u2019\u00c9vangile. Nous ne suivons pas un christianisme invent\u00e9 au XXIe si\u00e8cle, mais la m\u00eame foi que le Christ a confi\u00e9e aux Douze.<\/p>\n\n\n\n<h4 class=\"wp-block-heading\"><strong>Application pastorale<\/strong><\/h4>\n\n\n\n<ul class=\"wp-block-list\">\n<li>Fais confiance au Magist\u00e8re de l\u2019\u00c9glise. Tout ce qui circule sur Internet n\u2019est pas doctrine.<\/li>\n\n\n\n<li>Aime et prie pour les \u00e9v\u00eaques, m\u00eame si tu n\u2019es pas d\u2019accord avec certaines d\u00e9cisions pratiques.<\/li>\n\n\n\n<li>\u00c9tudie s\u00e9rieusement la foi. On ne peut pas aimer ce que l\u2019on ne conna\u00eet pas.<\/li>\n<\/ul>\n\n\n\n<hr class=\"wp-block-separator has-alpha-channel-opacity\"\/>\n\n\n\n<h3 class=\"wp-block-heading\">VI. Pourquoi est-ce important AUJOURD\u2019HUI ?<\/h3>\n\n\n\n<p>Parce que <strong>sans ces marques<\/strong>, l\u2019\u00c9glise ne serait qu\u2019une ONG de plus, une institution d\u00e9pass\u00e9e ou une communaut\u00e9 spirituelle parmi tant d\u2019autres.<br>Mais <strong>avec ces marques<\/strong>, l\u2019\u00c9glise est l\u2019Arche du Salut, le Corps Mystique du Christ, l\u2019\u00c9pouse Immacul\u00e9e en marche vers le Royaume.<\/p>\n\n\n\n<h3 class=\"wp-block-heading\">En temps de confusion\u2026<\/h3>\n\n\n\n<ul class=\"wp-block-list\">\n<li>L\u2019unit\u00e9 est un antidote au chaos.<\/li>\n\n\n\n<li>La saintet\u00e9 est la r\u00e9ponse au p\u00e9ch\u00e9.<\/li>\n\n\n\n<li>La catholicit\u00e9 est un rem\u00e8de contre le tribalisme et l\u2019id\u00e9ologie.<\/li>\n\n\n\n<li>L\u2019apostolicit\u00e9 est un bouclier contre les fausses doctrines.<\/li>\n<\/ul>\n\n\n\n<hr class=\"wp-block-separator has-alpha-channel-opacity\"\/>\n\n\n\n<h3 class=\"wp-block-heading\">Conclusion : Et toi ? Te reconnais-tu dans ces marques ?<\/h3>\n\n\n\n<p>Il ne suffit pas que l\u2019\u00c9glise poss\u00e8de ces marques. <strong>Toi aussi, tu dois les incarner<\/strong> :<\/p>\n\n\n\n<ul class=\"wp-block-list\">\n<li><strong>Sois un avec tes fr\u00e8res, non un facteur de division.<\/strong><\/li>\n\n\n\n<li><strong>Lutte pour ta saintet\u00e9 personnelle gr\u00e2ce aux sacrements.<\/strong><\/li>\n\n\n\n<li><strong>Vis la foi enti\u00e8re, pas une foi r\u00e9duite \u00e0 tes pr\u00e9f\u00e9rences.<\/strong><\/li>\n\n\n\n<li><strong>Suis les Ap\u00f4tres, non les influenceurs.<\/strong><\/li>\n<\/ul>\n\n\n\n<p>Prie humblement :<\/p>\n\n\n\n<blockquote class=\"wp-block-quote is-layout-flow wp-block-quote-is-layout-flow\">\n<p>\u00ab Seigneur, merci pour ton \u00c9glise Une, Sainte, Catholique et Apostolique. Fais de moi un enfant digne de cette M\u00e8re. Que je sois une pierre vivante de ton Temple, et que ma vie conduise d\u2019autres \u00e0 d\u00e9couvrir ton Visage. \u00bb<\/p>\n<\/blockquote>\n\n\n\n<hr class=\"wp-block-separator has-alpha-channel-opacity\"\/>\n\n\n\n<h3 class=\"wp-block-heading\">Pour approfondir et prier :<\/h3>\n\n\n\n<ul class=\"wp-block-list\">\n<li><strong>Cat\u00e9chisme de l\u2019\u00c9glise Catholique \u00a7\u00a7811\u2013870<\/strong><\/li>\n\n\n\n<li><strong>\u00c9ph\u00e9siens 4, 1\u201316<\/strong><\/li>\n\n\n\n<li><strong>Les Actes des Ap\u00f4tres<\/strong> (livre entier : un exemple vivant d\u2019\u00c9glise Une, Sainte, Catholique et Apostolique)<\/li>\n<\/ul>\n\n\n\n<hr class=\"wp-block-separator has-alpha-channel-opacity\"\/>\n\n\n\n<p>Ce message t\u2019a touch\u00e9 ?<br>Partage-le. Vis-le. Et souviens-toi : <strong>l\u2019\u00c9glise n\u2019est pas parfaite parce que tu ne l\u2019es pas encore. Mais elle est sainte parce que le Christ vit en elle<\/strong>.<br>Et en Christ, <strong>toi aussi, tu peux \u00eatre une lumi\u00e8re pour ce monde bless\u00e9<\/strong>.<\/p>\n","protected":false},"excerpt":{"rendered":"<p>Introduction : Un Phare dans les T\u00e9n\u00e8bres du XXIe Si\u00e8cle Dans un monde o\u00f9 r\u00e8gnent la confusion, le relativisme et la m\u00e9fiance envers la v\u00e9rit\u00e9, il existe encore une boussole spirituelle qui pointe clairement vers le Christ : les Quatre Marques de l\u2019\u00c9glise. Loin d\u2019\u00eatre une relique th\u00e9ologique du pass\u00e9, cette doctrine est un guide &hellip;<\/p>\n","protected":false},"author":3,"featured_media":4311,"comment_status":"open","ping_status":"open","sticky":false,"template":"","format":"standard","meta":{"_seopress_robots_primary_cat":"","_seopress_titles_title":"","_seopress_titles_desc":"","_seopress_robots_index":"","footnotes":""},"categories":[43,37],"tags":[1447],"class_list":["post-4310","post","type-post","status-publish","format-standard","has-post-thumbnail","","category-catechisme-de-leglise-catholique","category-doctrine-et-foi","tag-quatre-marques-de-leglise"],"_links":{"self":[{"href":"https:\/\/catholicus.eu\/fr\/wp-json\/wp\/v2\/posts\/4310","targetHints":{"allow":["GET"]}}],"collection":[{"href":"https:\/\/catholicus.eu\/fr\/wp-json\/wp\/v2\/posts"}],"about":[{"href":"https:\/\/catholicus.eu\/fr\/wp-json\/wp\/v2\/types\/post"}],"author":[{"embeddable":true,"href":"https:\/\/catholicus.eu\/fr\/wp-json\/wp\/v2\/users\/3"}],"replies":[{"embeddable":true,"href":"https:\/\/catholicus.eu\/fr\/wp-json\/wp\/v2\/comments?post=4310"}],"version-history":[{"count":1,"href":"https:\/\/catholicus.eu\/fr\/wp-json\/wp\/v2\/posts\/4310\/revisions"}],"predecessor-version":[{"id":4312,"href":"https:\/\/catholicus.eu\/fr\/wp-json\/wp\/v2\/posts\/4310\/revisions\/4312"}],"wp:featuredmedia":[{"embeddable":true,"href":"https:\/\/catholicus.eu\/fr\/wp-json\/wp\/v2\/media\/4311"}],"wp:attachment":[{"href":"https:\/\/catholicus.eu\/fr\/wp-json\/wp\/v2\/media?parent=4310"}],"wp:term":[{"taxonomy":"category","embeddable":true,"href":"https:\/\/catholicus.eu\/fr\/wp-json\/wp\/v2\/categories?post=4310"},{"taxonomy":"post_tag","embeddable":true,"href":"https:\/\/catholicus.eu\/fr\/wp-json\/wp\/v2\/tags?post=4310"}],"curies":[{"name":"wp","href":"https:\/\/api.w.org\/{rel}","templated":true}]}}