{"id":4306,"date":"2025-06-09T21:13:01","date_gmt":"2025-06-09T19:13:01","guid":{"rendered":"https:\/\/catholicus.eu\/fr\/?p=4306"},"modified":"2025-06-09T21:13:01","modified_gmt":"2025-06-09T19:13:01","slug":"la-vierge-du-rocio-guide-spirituel-histoire-et-application-pratique-pour-le-coeur-fidele","status":"publish","type":"post","link":"https:\/\/catholicus.eu\/fr\/la-vierge-du-rocio-guide-spirituel-histoire-et-application-pratique-pour-le-coeur-fidele\/","title":{"rendered":"La Vierge du Roc\u00edo : Guide Spirituel, Histoire et Application Pratique pour le C\u0153ur Fid\u00e8le"},"content":{"rendered":"\n<h2 class=\"wp-block-heading\"><strong>Introduction : Une Lumi\u00e8re dans les Marais<\/strong><\/h2>\n\n\n\n<p>Au c\u0153ur de l\u2019Andalousie, parmi les marais de Do\u00f1ana, se dresse une d\u00e9votion qui a travers\u00e9 les si\u00e8cles, unissant le ciel et la terre dans une expression vibrante de foi et d\u2019esp\u00e9rance :&nbsp;<strong>la Vierge du Roc\u00edo<\/strong>. Cette d\u00e9votion mariale, affectueusement surnomm\u00e9e&nbsp;<em>\u00ab\u00a0La Blanca Paloma\u00a0\u00bb<\/em>&nbsp;(La Colombe Blanche), n\u2019est pas seulement une image sacr\u00e9e, mais un phare de r\u00e9confort, d\u2019unit\u00e9 et de tradition pour des millions de fid\u00e8les.<\/p>\n\n\n\n<p>Mais qu\u2019est-ce qui rend cette d\u00e9votion si sp\u00e9ciale ? Comment un p\u00e8lerinage, rempli de chants, de danses et de liesse, peut-il aussi \u00eatre un chemin de spiritualit\u00e9 profonde ? Dans cet article, nous explorerons :<\/p>\n\n\n\n<ol start=\"1\" class=\"wp-block-list\">\n<li><strong>Les origines historiques et miraculeuses de la Vierge du Roc\u00edo.<\/strong><\/li>\n\n\n\n<li><strong>Sa pertinence th\u00e9ologique et pastorale dans la vie du croyant.<\/strong><\/li>\n\n\n\n<li><strong>Un guide pratique pour vivre cette d\u00e9votion dans le monde actuel.<\/strong><\/li>\n\n\n\n<li><strong>Le sens profond de la Romer\u00eda del Roc\u00edo et son impact spirituel.<\/strong><\/li>\n<\/ol>\n\n\n\n<hr class=\"wp-block-separator has-alpha-channel-opacity\"\/>\n\n\n\n<h2 class=\"wp-block-heading\"><strong>I. Histoire et Origines : La D\u00e9couverte d\u2019une Reine dans les Marais<\/strong><\/h2>\n\n\n\n<h3 class=\"wp-block-heading\"><strong>La L\u00e9gende et la Tradition<\/strong><\/h3>\n\n\n\n<p>L\u2019histoire de la Vierge du Roc\u00edo remonte au&nbsp;<strong>XIIIe si\u00e8cle<\/strong>, pendant la Reconquista. Selon la tradition, un chasseur du village d\u2019Almonte (Huelva) trouva une petite statue de la Vierge Marie cach\u00e9e parmi les buissons des marais. La sculpture, de style roman, reposait sur un tronc d\u2019arbre et \u00e9tait entour\u00e9e d\u2019une lumi\u00e8re c\u00e9leste. Lorsqu\u2019on tentait de la transporter au village, l\u2019image disparaissait et revenait \u00e0 son emplacement d\u2019origine\u2014un signe que la Vierge souhaitait rester l\u00e0.<\/p>\n\n\n\n<p>Finalement, une chapelle fut construite sur le lieu de la d\u00e9couverte, marquant le d\u00e9but d\u2019une d\u00e9votion qui grandirait au fil des si\u00e8cles.<\/p>\n\n\n\n<h3 class=\"wp-block-heading\"><strong>Le Miracle de 1649 : La Vierge qui Arr\u00eata la Peste<\/strong><\/h3>\n\n\n\n<p>En&nbsp;<strong>1649<\/strong>, une terrible peste ravagea la r\u00e9gion. Les habitants d\u00e9sesp\u00e9r\u00e9s d\u2019Almonte port\u00e8rent la Vierge du Roc\u00edo en procession dans les rues, et miraculeusement, l\u2019\u00e9pid\u00e9mie cessa. Cet \u00e9v\u00e9nement consolida sa r\u00e9putation d\u2019<em>\u00ab\u00a0avocate des n\u00e9cessiteux\u00a0\u00bb<\/em>&nbsp;et \u00e9tendit sa d\u00e9votion au-del\u00e0 de l\u2019Andalousie.<\/p>\n\n\n\n<h3 class=\"wp-block-heading\"><strong>Le Couronnement Canonique et la Proclamation comme Patronne d\u2019Almonte<\/strong><\/h3>\n\n\n\n<p>En&nbsp;<strong>1919<\/strong>, le Pape Beno\u00eet XV accorda le couronnement canonique de l\u2019image, reconnaissant officiellement son importance spirituelle. Aujourd\u2019hui, la Vierge du Roc\u00edo est non seulement la&nbsp;<strong>Patronne d\u2019Almonte<\/strong>, mais aussi la&nbsp;<strong>Mairesse Perp\u00e9tuelle de la Ville<\/strong>, un titre honorifique refl\u00e9tant son enracinement profond dans la communaut\u00e9.<\/p>\n\n\n\n<hr class=\"wp-block-separator has-alpha-channel-opacity\"\/>\n\n\n\n<h2 class=\"wp-block-heading\"><strong>II. La Th\u00e9ologie derri\u00e8re la D\u00e9votion : Pourquoi le Roc\u00edo \u00c9meut-il les Foules ?<\/strong><\/h2>\n\n\n\n<h3 class=\"wp-block-heading\"><strong>Marie comme Mod\u00e8le de Foi et d\u2019Esp\u00e9rance<\/strong><\/h3>\n\n\n\n<p>La Vierge du Roc\u00edo, apparaissant humblement parmi les roseaux et les marais, nous rappelle les paroles du&nbsp;<strong>Cantique des Cantiques (2,14)<\/strong>&nbsp;:<\/p>\n\n\n\n<blockquote class=\"wp-block-quote is-layout-flow wp-block-quote-is-layout-flow\">\n<p><em>\u00ab\u00a0Ma colombe, cach\u00e9e dans le rocher\u2026 montre-moi ton visage, fais-moi entendre ta voix.\u00a0\u00bb<\/em><\/p>\n<\/blockquote>\n\n\n\n<p>Marie est cette&nbsp;<strong>\u00ab\u00a0Colombe Blanche\u00a0\u00bb<\/strong>&nbsp;qui nous guide vers le Christ, interc\u00e9dant pour nous dans nos \u00e9preuves. Sa d\u00e9votion rociera nous enseigne que Dieu se r\u00e9v\u00e8le dans la simplicit\u00e9, dans le quotidien, au milieu de nos \u00ab\u00a0marais\u00a0\u00bb personnels.<\/p>\n\n\n\n<h3 class=\"wp-block-heading\"><strong>Le P\u00e8lerinage comme Symbole de la Vie Chr\u00e9tienne<\/strong><\/h3>\n\n\n\n<p>La Romer\u00eda del Roc\u00edo n\u2019est pas qu\u2019une f\u00eate\u2014c\u2019est un&nbsp;<strong>p\u00e8lerinage<\/strong>, un voyage spirituel refl\u00e9tant notre marche vers Dieu. Chaque pas vers la chapelle est une m\u00e9taphore de la vie du croyant :<\/p>\n\n\n\n<ul class=\"wp-block-list\">\n<li><strong>Communaut\u00e9<\/strong>\u00a0: On ne part pas seul, mais en fraternit\u00e9.<\/li>\n\n\n\n<li><strong>Sacrifice<\/strong>\u00a0: Le chemin est long, sous le soleil et la poussi\u00e8re.<\/li>\n\n\n\n<li><strong>Joie<\/strong>\u00a0: La destination est la rencontre avec la M\u00e8re.<\/li>\n<\/ul>\n\n\n\n<p>Comme le dit&nbsp;<strong>H\u00e9breux 12,1<\/strong>&nbsp;:<\/p>\n\n\n\n<blockquote class=\"wp-block-quote is-layout-flow wp-block-quote-is-layout-flow\">\n<p><em>\u00ab\u00a0Courons avec pers\u00e9v\u00e9rance l\u2019\u00e9preuve qui nous est propos\u00e9e, les yeux fix\u00e9s sur J\u00e9sus.\u00a0\u00bb<\/em><\/p>\n<\/blockquote>\n\n\n\n<h3 class=\"wp-block-heading\"><strong>La Jubilation Populaire et la Joie de la Foi<\/strong><\/h3>\n\n\n\n<p>Certains critiquent la Romer\u00eda del Roc\u00edo pour son aspect trop festif. Mais&nbsp;<strong>le Psaume 100,2<\/strong>&nbsp;ne dit-il pas ?<\/p>\n\n\n\n<blockquote class=\"wp-block-quote is-layout-flow wp-block-quote-is-layout-flow\">\n<p><em>\u00ab\u00a0Servez le Seigneur avec joie, venez \u00e0 Lui avec des chants d\u2019all\u00e9gresse.\u00a0\u00bb<\/em><\/p>\n<\/blockquote>\n\n\n\n<p>La joie n\u2019est pas oppos\u00e9e \u00e0 la d\u00e9votion. Le Roc\u00edo nous enseigne que la foi n\u2019est pas seulement recueillement, mais aussi&nbsp;<strong>c\u00e9l\u00e9bration<\/strong>, car le Christ est venu nous apporter la vie en abondance (<strong>Jean 10,10<\/strong>).<\/p>\n\n\n<div class=\"wp-block-image\">\n<figure class=\"aligncenter size-full\"><img loading=\"lazy\" decoding=\"async\" width=\"600\" height=\"360\" src=\"https:\/\/catholicus.eu\/fr\/wp-content\/uploads\/sites\/3\/2025\/06\/salto_reja.jpg\" alt=\"\" class=\"wp-image-4308\" srcset=\"https:\/\/catholicus.eu\/fr\/wp-content\/uploads\/sites\/3\/2025\/06\/salto_reja.jpg 600w, https:\/\/catholicus.eu\/fr\/wp-content\/uploads\/sites\/3\/2025\/06\/salto_reja-300x180.jpg 300w\" sizes=\"auto, (max-width: 600px) 100vw, 600px\" \/><\/figure>\n<\/div>\n\n\n<hr class=\"wp-block-separator has-alpha-channel-opacity\"\/>\n\n\n\n<h2 class=\"wp-block-heading\"><strong>III. Guide Pratique : Comment Vivre la D\u00e9votion au Roc\u00edo au Quotidien<\/strong><\/h2>\n\n\n\n<h3 class=\"wp-block-heading\"><strong>1. Imiter l\u2019Humilit\u00e9 de Marie<\/strong><\/h3>\n\n\n\n<p>La Vierge est apparue dans un lieu simple. Nous devons chercher Dieu dans l\u2019ordinaire : la famille, le travail, les petits gestes d\u2019amour.<\/p>\n\n\n\n<h3 class=\"wp-block-heading\"><strong>2. \u00catre P\u00e8lerins dans le Monde<\/strong><\/h3>\n\n\n\n<p>Pas besoin d\u2019aller \u00e0 Do\u00f1ana pour vivre l\u2019esprit rociero. Chaque jour est un p\u00e8lerinage :<\/p>\n\n\n\n<ul class=\"wp-block-list\">\n<li><strong>Avancer<\/strong>\u00a0(ne pas s\u2019enliser dans le n\u00e9gatif).<\/li>\n\n\n\n<li><strong>Aider<\/strong>\u00a0(comme les confr\u00e9ries s\u2019entraident).<\/li>\n\n\n\n<li><strong>Louer<\/strong>\u00a0(cultiver une attitude de gratitude).<\/li>\n<\/ul>\n\n\n\n<h3 class=\"wp-block-heading\"><strong>3. Prier avec Confiance<\/strong><\/h3>\n\n\n\n<p>La Vierge du Roc\u00edo est&nbsp;<strong>l\u2019avocate des causes impossibles<\/strong>. Confions-lui :<\/p>\n\n\n\n<ul class=\"wp-block-list\">\n<li><strong>Les difficult\u00e9s familiales.<\/strong><\/li>\n\n\n\n<li><strong>Les maladies.<\/strong><\/li>\n\n\n\n<li><strong>Les crises de foi.<\/strong><\/li>\n<\/ul>\n\n\n\n<p>Une pri\u00e8re simple :<\/p>\n\n\n\n<blockquote class=\"wp-block-quote is-layout-flow wp-block-quote-is-layout-flow\">\n<p><em>\u00ab\u00a0Vierge du Roc\u00edo, Colombe Blanche,<br>conduis-nous au Christ, notre esp\u00e9rance.<br>Interc\u00e8de pour nous dans nos besoins,<br>et aide-nous \u00e0 vivre dans la joie et la foi. Amen.\u00a0\u00bb<\/em><\/p>\n<\/blockquote>\n\n\n\n<hr class=\"wp-block-separator has-alpha-channel-opacity\"\/>\n\n\n\n<h2 class=\"wp-block-heading\"><strong>IV. La Romer\u00eda del Roc\u00edo : Sens Profond et Actualit\u00e9<\/strong><\/h2>\n\n\n\n<h3 class=\"wp-block-heading\"><strong>Le Chemin : Au-del\u00e0 du Folklore<\/strong><\/h3>\n\n\n\n<p>La Romer\u00eda (qui culmine \u00e0 la Pentec\u00f4te) n\u2019est pas qu\u2019un \u00e9v\u00e9nement culturel, mais une&nbsp;<strong>exp\u00e9rience d\u2019\u00c9glise<\/strong>&nbsp;:<\/p>\n\n\n\n<ul class=\"wp-block-list\">\n<li><strong>Les confr\u00e9ries<\/strong>\u00a0(plus de 120) repr\u00e9sentent l\u2019universalit\u00e9 de la foi.<\/li>\n\n\n\n<li><strong>\u00ab\u00a0El salto de la reja\u00a0\u00bb<\/strong>\u00a0(quand les habitants d\u2019Almonte sortent la Vierge) symbolise l\u2019amour filial qui brise les barri\u00e8res.<\/li>\n<\/ul>\n\n\n\n<h3 class=\"wp-block-heading\"><strong>Un Message pour le Monde d\u2019Aujourd\u2019hui<\/strong><\/h3>\n\n\n\n<p>\u00c0 une \u00e9poque d\u2019individualisme, le Roc\u00edo nous rappelle :<\/p>\n\n\n\n<ul class=\"wp-block-list\">\n<li><strong>L\u2019importance de la communaut\u00e9.<\/strong><\/li>\n\n\n\n<li><strong>La beaut\u00e9 des traditions vivantes.<\/strong><\/li>\n\n\n\n<li><strong>La foi comme source de joie authentique.<\/strong><\/li>\n<\/ul>\n\n\n\n<hr class=\"wp-block-separator has-alpha-channel-opacity\"\/>\n\n\n\n<h2 class=\"wp-block-heading\"><strong>Conclusion : La Colombe Blanche qui Nous Guide vers le Christ<\/strong><\/h2>\n\n\n\n<p>La Vierge du Roc\u00edo n\u2019est pas qu\u2019une d\u00e9votion andalouse\u2014c\u2019est un&nbsp;<strong>don pour toute l\u2019\u00c9glise<\/strong>. Son message est clair :&nbsp;<strong>Dieu agit dans la simplicit\u00e9, Marie nous conduit \u00e0 J\u00e9sus, et la foi se vit dans la joie et l\u2019abandon.<\/strong><\/p>\n\n\n\n<p>Aujourd\u2019hui, vous aussi pouvez \u00eatre un&nbsp;<strong>\u00ab\u00a0p\u00e8lerin de la vie\u00a0\u00bb<\/strong>, marchant avec esp\u00e9rance vers l\u2019\u00e9ternit\u00e9, sachant que, comme ces p\u00e8lerins dans les marais,&nbsp;<strong>la Vierge nous attend les bras ouverts.<\/strong><\/p>\n\n\n\n<blockquote class=\"wp-block-quote is-layout-flow wp-block-quote-is-layout-flow\">\n<p><em>\u00ab\u00a0Nous nous r\u00e9fugions sous ta protection, \u00f4 Sainte M\u00e8re de Dieu\u2026\u00a0\u00bb<\/em><\/p>\n<\/blockquote>\n\n\n\n<p><strong>Que la Vierge du Roc\u00edo b\u00e9nisse votre chemin !<\/strong><\/p>\n","protected":false},"excerpt":{"rendered":"<p>Introduction : Une Lumi\u00e8re dans les Marais Au c\u0153ur de l\u2019Andalousie, parmi les marais de Do\u00f1ana, se dresse une d\u00e9votion qui a travers\u00e9 les si\u00e8cles, unissant le ciel et la terre dans une expression vibrante de foi et d\u2019esp\u00e9rance :&nbsp;la Vierge du Roc\u00edo. Cette d\u00e9votion mariale, affectueusement surnomm\u00e9e&nbsp;\u00ab\u00a0La Blanca Paloma\u00a0\u00bb&nbsp;(La Colombe Blanche), n\u2019est pas seulement &hellip;<\/p>\n","protected":false},"author":3,"featured_media":4307,"comment_status":"open","ping_status":"open","sticky":false,"template":"","format":"standard","meta":{"_seopress_robots_primary_cat":"","_seopress_titles_title":"","_seopress_titles_desc":"","_seopress_robots_index":"","footnotes":""},"categories":[60,40],"tags":[1446],"class_list":["post-4306","post","type-post","status-publish","format-standard","has-post-thumbnail","","category-devotions-mariales","category-priere-et-spiritualite","tag-vierge-du-rocio"],"_links":{"self":[{"href":"https:\/\/catholicus.eu\/fr\/wp-json\/wp\/v2\/posts\/4306","targetHints":{"allow":["GET"]}}],"collection":[{"href":"https:\/\/catholicus.eu\/fr\/wp-json\/wp\/v2\/posts"}],"about":[{"href":"https:\/\/catholicus.eu\/fr\/wp-json\/wp\/v2\/types\/post"}],"author":[{"embeddable":true,"href":"https:\/\/catholicus.eu\/fr\/wp-json\/wp\/v2\/users\/3"}],"replies":[{"embeddable":true,"href":"https:\/\/catholicus.eu\/fr\/wp-json\/wp\/v2\/comments?post=4306"}],"version-history":[{"count":1,"href":"https:\/\/catholicus.eu\/fr\/wp-json\/wp\/v2\/posts\/4306\/revisions"}],"predecessor-version":[{"id":4309,"href":"https:\/\/catholicus.eu\/fr\/wp-json\/wp\/v2\/posts\/4306\/revisions\/4309"}],"wp:featuredmedia":[{"embeddable":true,"href":"https:\/\/catholicus.eu\/fr\/wp-json\/wp\/v2\/media\/4307"}],"wp:attachment":[{"href":"https:\/\/catholicus.eu\/fr\/wp-json\/wp\/v2\/media?parent=4306"}],"wp:term":[{"taxonomy":"category","embeddable":true,"href":"https:\/\/catholicus.eu\/fr\/wp-json\/wp\/v2\/categories?post=4306"},{"taxonomy":"post_tag","embeddable":true,"href":"https:\/\/catholicus.eu\/fr\/wp-json\/wp\/v2\/tags?post=4306"}],"curies":[{"name":"wp","href":"https:\/\/api.w.org\/{rel}","templated":true}]}}