{"id":4256,"date":"2025-06-01T22:52:37","date_gmt":"2025-06-01T20:52:37","guid":{"rendered":"https:\/\/catholicus.eu\/fr\/?p=4256"},"modified":"2025-06-01T22:52:37","modified_gmt":"2025-06-01T20:52:37","slug":"notre-dame-de-czestochowa-mere-reine-et-guide-spirituelle-des-nations","status":"publish","type":"post","link":"https:\/\/catholicus.eu\/fr\/notre-dame-de-czestochowa-mere-reine-et-guide-spirituelle-des-nations\/","title":{"rendered":"Notre-Dame de Czestochowa : M\u00e8re, Reine et Guide Spirituelle des Nations"},"content":{"rendered":"\n<p><em>\u00ab Mon \u00e2me exalte le Seigneur, exulte mon esprit en Dieu mon Sauveur \u00bb<\/em> (Lc 1, 46-47)<\/p>\n\n\n\n<hr class=\"wp-block-separator has-alpha-channel-opacity\"\/>\n\n\n\n<h3 class=\"wp-block-heading\"><strong>Introduction : Un visage qui parle \u00e0 l\u2019\u00e2me<\/strong><\/h3>\n\n\n\n<p>Notre-Dame de Czestochowa, \u00e9galement connue sous le nom de <strong>\u00ab Vierge Noire \u00bb<\/strong>, n\u2019est pas seulement une \u0153uvre d\u2019art sacr\u00e9 ni un simple symbole national de la Pologne. Elle est, avant tout, <strong>une M\u00e8re vivante<\/strong>, proche et puissante, qui accompagne depuis des g\u00e9n\u00e9rations les fid\u00e8les, non seulement en Europe, mais dans le monde entier. Son regard profond et serein, sa peau sombre \u2014 aux traits qui d\u00e9fient les cat\u00e9gories occidentales habituelles \u2014 invitent \u00e0 une d\u00e9votion qui d\u00e9passe les races, les fronti\u00e8res et le temps. En p\u00e9riode d\u2019incertitude, de pers\u00e9cution ou de guerre, sa pr\u00e9sence a \u00e9t\u00e9 un <strong>phare d\u2019esp\u00e9rance<\/strong>. Et aujourd\u2019hui encore, dans une soci\u00e9t\u00e9 marqu\u00e9e par le relativisme, la fragmentation culturelle et l\u2019oubli des racines chr\u00e9tiennes, <strong>Notre-Dame de Czestochowa continue d\u2019interpeller le c\u0153ur humain<\/strong>, offrant r\u00e9confort, identit\u00e9 et direction spirituelle.<\/p>\n\n\n\n<hr class=\"wp-block-separator has-alpha-channel-opacity\"\/>\n\n\n\n<h2 class=\"wp-block-heading\">I. <strong>Origine et lieu : Jasna G\u00f3ra, la Montagne Lumineuse<\/strong><\/h2>\n\n\n\n<p>L\u2019histoire de Notre-Dame de Czestochowa remonte, selon la tradition, \u00e0 <strong>saint Luc l\u2019\u00c9vang\u00e9liste<\/strong>, qui aurait peint cette ic\u00f4ne sur une table provenant de la maison de la Sainte Famille \u00e0 Nazareth. Bien que cette croyance pieuse ne soit pas v\u00e9rifiable historiquement, elle exprime une conviction th\u00e9ologique profonde : <strong>cette image est intimement li\u00e9e \u00e0 l\u2019humanit\u00e9 r\u00e9elle et concr\u00e8te de Marie<\/strong>.<\/p>\n\n\n\n<p>L\u2019ic\u00f4ne est arriv\u00e9e en Pologne au XIV\u1d49 si\u00e8cle. En 1382, <strong>le prince Ladislas d\u2019Opole<\/strong>, apr\u00e8s avoir re\u00e7u cette image, la confia aux P\u00e8res Paulins et l\u2019installa dans le <strong>monast\u00e8re de Jasna G\u00f3ra<\/strong>, dans la ville de <strong>Czestochowa<\/strong>. Depuis lors, ce lieu est devenu le centre spirituel du pays \u2014 une sorte de <strong>nouveau Nazareth polonais<\/strong>, d\u2019o\u00f9 la Vierge a guid\u00e9 son peuple \u00e0 travers les ombres et la lumi\u00e8re.<\/p>\n\n\n\n<p>Le monast\u00e8re de Jasna G\u00f3ra \u2014 qui signifie \u00ab\u00a0Montagne lumineuse\u00a0\u00bb \u2014 est <strong>bien plus qu\u2019un sanctuaire<\/strong> : c\u2019est un symbole national, un bastion spirituel, et un phare de renouveau marial. Aujourd\u2019hui encore, des <strong>millions de p\u00e8lerins<\/strong> y affluent chaque ann\u00e9e pour remercier, demander, pleurer, c\u00e9l\u00e9brer\u2026 et surtout, <strong>rencontrer la M\u00e8re<\/strong>.<\/p>\n\n\n\n<hr class=\"wp-block-separator has-alpha-channel-opacity\"\/>\n\n\n\n<h2 class=\"wp-block-heading\">II. <strong>La \u00ab Vierge Noire \u00bb : iconographie, blessures et myst\u00e8re<\/strong><\/h2>\n\n\n\n<p>Le visage de la Vierge, dans cette ic\u00f4ne, est unique : <strong>son teint fonc\u00e9<\/strong> a suscit\u00e9 de nombreuses interpr\u00e9tations. Certains historiens l\u2019attribuent \u00e0 l\u2019oxydation des pigments ; d\u2019autres \u00e0 une volont\u00e9 symbolique de repr\u00e9senter l\u2019universalit\u00e9 de Marie. Mais d\u2019un point de vue th\u00e9ologique, <strong>Notre-Dame de Czestochowa nous rappelle que Marie n\u2019appartient pas \u00e0 une seule culture, mais est la M\u00e8re de tous les peuples<\/strong>, en particulier des souffrants, des opprim\u00e9s, de ceux qui cherchent leur chemin dans les t\u00e9n\u00e8bres.<\/p>\n\n\n\n<p>Deux <strong>cicatrices<\/strong> traversent sa joue droite. Ces blessures font partie du drame historique qu\u2019a subi l\u2019ic\u00f4ne. En 1430, des profanateurs pill\u00e8rent le sanctuaire et s\u2019en prirent violemment \u00e0 l\u2019image. Ils la lac\u00e9r\u00e8rent avec une \u00e9p\u00e9e, mais sans parvenir \u00e0 la d\u00e9truire. Les marques sont rest\u00e9es, <strong>signe d\u2019une douleur partag\u00e9e entre la M\u00e8re et son peuple<\/strong>. Marie n\u2019est pas une reine distante : elle est <strong>une M\u00e8re bless\u00e9e qui comprend la souffrance de ses enfants<\/strong>.<\/p>\n\n\n\n<hr class=\"wp-block-separator has-alpha-channel-opacity\"\/>\n\n\n\n<h2 class=\"wp-block-heading\">III. <strong>1655 : Le miracle de la d\u00e9fense du sanctuaire<\/strong><\/h2>\n\n\n\n<p>Lors du <strong>D\u00e9luge su\u00e9dois<\/strong> en 1655, les troupes protestantes su\u00e9doises envahirent une grande partie de la Pologne. Alors que tout semblait perdu, le monast\u00e8re de Jasna G\u00f3ra \u2014 d\u00e9fendu par une petite garnison de moines et de nobles \u2014 <strong>r\u00e9sista h\u00e9ro\u00efquement \u00e0 une arm\u00e9e beaucoup plus nombreuse<\/strong>. Cette victoire fut attribu\u00e9e \u00e0 <strong>l\u2019intercession de la Vierge<\/strong>. L\u2019\u00e9v\u00e9nement ne sauva pas seulement le sanctuaire, mais <strong>ranima la foi de toute la nation<\/strong>.<\/p>\n\n\n\n<p>En signe de gratitude, le roi <strong>Jean II Casimir<\/strong> consacra la Pologne au C\u0153ur Immacul\u00e9 de Marie en 1656, la proclamant solennellement <strong>\u00ab Reine de Pologne \u00bb<\/strong>. Depuis lors, le peuple polonais regarde sans cesse vers Marie comme <strong>protectrice, avocate et souveraine spirituelle<\/strong>.<\/p>\n\n\n<div class=\"wp-block-image\">\n<figure class=\"aligncenter size-large\"><img decoding=\"async\" src=\"https:\/\/catholicus.eu\/wp-content\/uploads\/2025\/06\/czestochowa2.jpg\" alt=\"\"\/><\/figure>\n<\/div>\n\n\n<hr class=\"wp-block-separator has-alpha-channel-opacity\"\/>\n\n\n\n<h2 class=\"wp-block-heading\">IV. <strong>Port\u00e9e th\u00e9ologique : Marie Arche, Porte et \u00c9toile<\/strong><\/h2>\n\n\n\n<p>D\u2019un point de vue th\u00e9ologique, <strong>Notre-Dame de Czestochowa incarne trois dimensions cl\u00e9s du r\u00f4le de Marie dans l\u2019histoire du salut<\/strong> :<\/p>\n\n\n\n<h3 class=\"wp-block-heading\">1. <strong>Arche de l\u2019Alliance<\/strong><\/h3>\n\n\n\n<p>De m\u00eame que l\u2019Arche contenait les Tables de la Loi, Marie porta en elle le Verbe incarn\u00e9. L\u2019ic\u00f4ne nous <strong>invite \u00e0 red\u00e9couvrir la centralit\u00e9 du Christ \u00e0 travers Marie<\/strong>, rappelant que l\u00e0 o\u00f9 est Marie, l\u00e0 est J\u00e9sus.<\/p>\n\n\n\n<h3 class=\"wp-block-heading\">2. <strong>Porte du Ciel<\/strong><\/h3>\n\n\n\n<p>Marie est la \u00ab porte orientale \u00bb (cf. Ez 44, 2), par laquelle entre le Sauveur, et par laquelle le croyant s\u2019approche de Dieu. L\u2019ic\u00f4ne de Czestochowa est <strong>un seuil spirituel<\/strong>, par lequel beaucoup ont retrouv\u00e9 ou approfondi la foi.<\/p>\n\n\n\n<h3 class=\"wp-block-heading\">3. <strong>\u00c9toile de la Nouvelle \u00c9vang\u00e9lisation<\/strong><\/h3>\n\n\n\n<p>Dans le contexte actuel de s\u00e9cularisation, <strong>Marie demeure mod\u00e8le et guide de la mission de l\u2019\u00c9glise<\/strong>. Son t\u00e9moignage de foi ferme, de pri\u00e8re silencieuse et de fid\u00e9lit\u00e9 sous la Croix inspire la r\u00e9ponse pastorale aux d\u00e9fis modernes.<\/p>\n\n\n\n<hr class=\"wp-block-separator has-alpha-channel-opacity\"\/>\n\n\n\n<h2 class=\"wp-block-heading\">V. <strong>Applications pratiques : que nous enseigne Notre-Dame de Czestochowa aujourd\u2019hui ?<\/strong><\/h2>\n\n\n\n<h3 class=\"wp-block-heading\">1. <strong>Pers\u00e9v\u00e9rance dans la foi<\/strong><\/h3>\n\n\n\n<p>Comme en 1655, beaucoup aujourd\u2019hui font face \u00e0 des \u00ab si\u00e8ges \u00bb \u2014 non militaires, mais culturels, id\u00e9ologiques et spirituels. La Vierge nous enseigne \u00e0 <strong>r\u00e9sister avec la pri\u00e8re, l\u2019unit\u00e9 et la confiance en Dieu<\/strong>.<\/p>\n\n\n\n<h3 class=\"wp-block-heading\">2. <strong>Identit\u00e9 chr\u00e9tienne sans honte<\/strong><\/h3>\n\n\n\n<p>L\u2019ic\u00f4ne nous invite \u00e0 red\u00e9couvrir nos racines catholiques, non comme un pass\u00e9 mort, mais comme <strong>un h\u00e9ritage vivant qui donne sens et force<\/strong>. Marie n\u2019efface pas notre identit\u00e9 \u2014 <strong>elle la fortifie<\/strong>.<\/p>\n\n\n\n<h3 class=\"wp-block-heading\">3. <strong>Chemin de r\u00e9conciliation<\/strong><\/h3>\n\n\n\n<p>Les cicatrices de l\u2019ic\u00f4ne nous rappellent que <strong>la douleur peut \u00eatre rachet\u00e9e<\/strong>, que m\u00eame les blessures les plus profondes peuvent devenir des lieux de rencontre avec Dieu. Marie est M\u00e8re m\u00eame des \u00e9gar\u00e9s, des bless\u00e9s, des \u00e9loign\u00e9s.<\/p>\n\n\n\n<h3 class=\"wp-block-heading\">4. <strong>Famille et pri\u00e8re<\/strong><\/h3>\n\n\n\n<p>Des milliers de familles polonaises conservent une image de Notre-Dame de Czestochowa chez elles. Cette tradition \u2014 que nous pouvons raviver \u2014 nous rappelle que <strong>Marie doit \u00eatre pr\u00e9sente dans notre quotidien<\/strong>, non seulement comme figure de pi\u00e9t\u00e9, mais comme <strong>mod\u00e8le d\u2019abandon, de paix et d\u2019intercession maternelle<\/strong>.<\/p>\n\n\n\n<hr class=\"wp-block-separator has-alpha-channel-opacity\"\/>\n\n\n\n<h2 class=\"wp-block-heading\">VI. <strong>Notre-Dame de Czestochowa comme guide pastoral<\/strong><\/h2>\n\n\n\n<p>D\u2019un point de vue pastoral, l\u2019ic\u00f4ne est <strong>un appel constant \u00e0 la conversion, \u00e0 l\u2019unit\u00e9 du peuple de Dieu et \u00e0 la pri\u00e8re confiante<\/strong>. En ces temps de confusion doctrinale, de polarisation id\u00e9ologique, et m\u00eame de divisions dans l\u2019\u00c9glise, <strong>regarder vers Marie rappelle que nous sommes une seule famille, appel\u00e9s \u00e0 vivre en disciples missionnaires<\/strong>.<\/p>\n\n\n\n<p>Ce n\u2019est pas un hasard si <strong>saint Jean-Paul II<\/strong>, fils spirituel profond\u00e9ment attach\u00e9 \u00e0 cette image, commen\u00e7a son pontificat avec la devise <em>\u00ab Totus Tuus \u00bb<\/em>. Sa spiritualit\u00e9 mariale, nourrie \u00e0 Czestochowa, a marqu\u00e9 sa mani\u00e8re d\u2019exercer le minist\u00e8re de Pierre : avec amour de la v\u00e9rit\u00e9, proximit\u00e9 avec la souffrance humaine et <strong>confiance totale en la Vierge<\/strong>.<\/p>\n\n\n\n<hr class=\"wp-block-separator has-alpha-channel-opacity\"\/>\n\n\n\n<h2 class=\"wp-block-heading\">Conclusion : \u00ab Pr\u00e8s de la croix de J\u00e9sus se tenait sa M\u00e8re \u00bb (cf. Jn 19, 25)<\/h2>\n\n\n\n<p>Notre-Dame de Czestochowa n\u2019est pas seulement une ic\u00f4ne du pass\u00e9, mais <strong>une pr\u00e9sence vivante qui continue \u00e0 veiller sur son peuple<\/strong>. Elle nous rappelle qu\u2019en toute nuit obscure, en tout combat spirituel, <strong>nous ne sommes pas seuls<\/strong>. Son regard, bien que bless\u00e9, est rempli de tendresse. Ses yeux, bien que noirs, <strong>refl\u00e8tent la lumi\u00e8re de Dieu<\/strong>.<\/p>\n\n\n\n<h3 class=\"wp-block-heading\">Comment r\u00e9pondre \u00e0 son appel ?<\/h3>\n\n\n\n<ul class=\"wp-block-list\">\n<li><strong>En priant le Rosaire chaque jour<\/strong>, comme instrument de paix et de conversion.<\/li>\n\n\n\n<li><strong>En nous consacrant \u00e0 son C\u0153ur Immacul\u00e9<\/strong>, en lui confiant nos familles et nos d\u00e9cisions.<\/li>\n\n\n\n<li><strong>En faisant des p\u00e8lerinages spirituels<\/strong>, m\u00eame int\u00e9rieurs, pour retrouver dans sa pr\u00e9sence la force n\u00e9cessaire.<\/li>\n\n\n\n<li><strong>En \u00e9tant signes d\u2019unit\u00e9<\/strong>, comme elle l\u2019a \u00e9t\u00e9 au C\u00e9nacle.<\/li>\n<\/ul>\n\n\n\n<p>Marie de Czestochowa, <strong>M\u00e8re des combattants, consolatrice des bless\u00e9s, et Reine des fid\u00e8les<\/strong>, priez pour nous.<\/p>\n\n\n\n<hr class=\"wp-block-separator has-alpha-channel-opacity\"\/>\n\n\n\n<p><strong>\u00ab Heureuse celle qui a cru \u00e0 l\u2019accomplissement des paroles qui lui furent dites de la part du Seigneur ! \u00bb<\/strong> (Lc 1, 45)<\/p>\n","protected":false},"excerpt":{"rendered":"<p>\u00ab Mon \u00e2me exalte le Seigneur, exulte mon esprit en Dieu mon Sauveur \u00bb (Lc 1, 46-47) Introduction : Un visage qui parle \u00e0 l\u2019\u00e2me Notre-Dame de Czestochowa, \u00e9galement connue sous le nom de \u00ab Vierge Noire \u00bb, n\u2019est pas seulement une \u0153uvre d\u2019art sacr\u00e9 ni un simple symbole national de la Pologne. Elle est, &hellip;<\/p>\n","protected":false},"author":3,"featured_media":4257,"comment_status":"open","ping_status":"open","sticky":false,"template":"","format":"standard","meta":{"_seopress_robots_primary_cat":"","_seopress_titles_title":"","_seopress_titles_desc":"","_seopress_robots_index":"","footnotes":""},"categories":[60,40],"tags":[1430],"class_list":["post-4256","post","type-post","status-publish","format-standard","has-post-thumbnail","","category-devotions-mariales","category-priere-et-spiritualite","tag-notre-dame-de-czestochowa"],"_links":{"self":[{"href":"https:\/\/catholicus.eu\/fr\/wp-json\/wp\/v2\/posts\/4256","targetHints":{"allow":["GET"]}}],"collection":[{"href":"https:\/\/catholicus.eu\/fr\/wp-json\/wp\/v2\/posts"}],"about":[{"href":"https:\/\/catholicus.eu\/fr\/wp-json\/wp\/v2\/types\/post"}],"author":[{"embeddable":true,"href":"https:\/\/catholicus.eu\/fr\/wp-json\/wp\/v2\/users\/3"}],"replies":[{"embeddable":true,"href":"https:\/\/catholicus.eu\/fr\/wp-json\/wp\/v2\/comments?post=4256"}],"version-history":[{"count":1,"href":"https:\/\/catholicus.eu\/fr\/wp-json\/wp\/v2\/posts\/4256\/revisions"}],"predecessor-version":[{"id":4258,"href":"https:\/\/catholicus.eu\/fr\/wp-json\/wp\/v2\/posts\/4256\/revisions\/4258"}],"wp:featuredmedia":[{"embeddable":true,"href":"https:\/\/catholicus.eu\/fr\/wp-json\/wp\/v2\/media\/4257"}],"wp:attachment":[{"href":"https:\/\/catholicus.eu\/fr\/wp-json\/wp\/v2\/media?parent=4256"}],"wp:term":[{"taxonomy":"category","embeddable":true,"href":"https:\/\/catholicus.eu\/fr\/wp-json\/wp\/v2\/categories?post=4256"},{"taxonomy":"post_tag","embeddable":true,"href":"https:\/\/catholicus.eu\/fr\/wp-json\/wp\/v2\/tags?post=4256"}],"curies":[{"name":"wp","href":"https:\/\/api.w.org\/{rel}","templated":true}]}}