{"id":4252,"date":"2025-06-01T21:15:44","date_gmt":"2025-06-01T19:15:44","guid":{"rendered":"https:\/\/catholicus.eu\/fr\/?p=4252"},"modified":"2025-06-01T21:33:43","modified_gmt":"2025-06-01T19:33:43","slug":"notre-dame-de-montserrat-la-mere-qui-habite-dans-le-rocher","status":"publish","type":"post","link":"https:\/\/catholicus.eu\/fr\/notre-dame-de-montserrat-la-mere-qui-habite-dans-le-rocher\/","title":{"rendered":"Notre-Dame de Montserrat : la M\u00e8re qui habite dans le rocher"},"content":{"rendered":"\n<p>Notre-Dame de Montserrat, \u00e9galement connue sous le nom de \u00ab La Moreneta \u00bb en raison de la couleur fonc\u00e9e de son visage et de ses mains, n\u2019est pas simplement une statue de bois sculpt\u00e9 : elle est un symbole vivant de foi, de r\u00e9silience spirituelle, d\u2019identit\u00e9 chr\u00e9tienne et de tendresse maternelle profonde. Dans cet article, nous explorerons son histoire ancienne, sa signification th\u00e9ologique, son r\u00f4le pastoral dans la vie actuelle, et comment son image peut inspirer et guider notre marche spirituelle quotidienne.<\/p>\n\n\n\n<p><strong>\u2756 1. Origine et lieu : une montagne touch\u00e9e par Dieu<\/strong><\/p>\n\n\n\n<p>Notre-Dame de Montserrat se trouve dans le monast\u00e8re de Montserrat, situ\u00e9 sur la montagne du m\u00eame nom dans la province de Barcelone, en Catalogne (Espagne). Cette montagne, avec sa silhouette dentel\u00e9e et mystique, est l\u2019un des paysages les plus singuliers d\u2019Europe. Son nom vient du latin Mons Serratus (montagne dentel\u00e9e) en raison de son apparence tranch\u00e9e, comme taill\u00e9e par une main divine.<\/p>\n\n\n\n<p>La tradition situe la d\u00e9couverte de l\u2019image vers l\u2019an 880, lorsque des bergers aper\u00e7urent une lumi\u00e8re brillante au-dessus de la montagne. En s\u2019approchant, ils entendirent une musique c\u00e9leste. Ils avertirent l\u2019\u00e9v\u00eaque de Manresa, qui organisa une exp\u00e9dition. On trouva l\u2019image de la Vierge dans une grotte. Ils tent\u00e8rent de la d\u00e9placer, mais elle devint si lourde qu\u2019ils comprirent qu\u2019elle voulait rester l\u00e0.<\/p>\n\n\n\n<p>Cette grotte devint un ermitage, puis un monast\u00e8re b\u00e9n\u00e9dictin, qui est aujourd\u2019hui l\u2019un des centres spirituels les plus importants du monde catholique. Depuis plus de mille ans, des p\u00e8lerins de tous horizons et de tous les continents gravissent la Sainte Montagne \u00e0 la recherche de consolation, de lumi\u00e8re et de miracles sous le regard serein de La Moreneta.<\/p>\n\n\n\n<p><strong>\u2756 2. L\u2019image : une sculpture qui parle<\/strong><\/p>\n\n\n\n<p>La Vierge de Montserrat est une statue romane en bois de peuplier, d\u2019environ 95 cm de haut. Elle est repr\u00e9sent\u00e9e assise, en tr\u00f4ne, avec l\u2019Enfant J\u00e9sus sur ses genoux. Tous deux portent une couronne. Dans sa main droite, la Vierge tient une sph\u00e8re, symbole du cosmos et du r\u00e8gne du Christ ; l\u2019Enfant l\u00e8ve la main droite en signe de b\u00e9n\u00e9diction et tient une pomme de pin, symbole de la vie \u00e9ternelle.<\/p>\n\n\n\n<p>Le trait le plus frappant est la couleur fonc\u00e9e de sa peau. Bien qu\u2019elle ait \u00e9t\u00e9 plus claire \u00e0 l\u2019origine, le temps, la fum\u00e9e des cierges, l\u2019encens et les huiles ont assombri le bois. Au XIXe si\u00e8cle, elle fut restaur\u00e9e, mais sa couleur fonc\u00e9e fut conserv\u00e9e et est devenue sa marque d\u2019identit\u00e9 : une \u00ab Vierge noire \u00bb, th\u00e9ologiquement riche de sens comme signe de l\u2019universalit\u00e9 de l\u2019\u00c9vangile.<\/p>\n\n\n<div class=\"wp-block-image\">\n<figure class=\"aligncenter size-large\"><img decoding=\"async\" src=\"https:\/\/catholicus.eu\/wp-content\/uploads\/2025\/06\/monasterio_montserrat.jpg\" alt=\"\"\/><\/figure>\n<\/div>\n\n\n<p><strong>\u2756 3. Signification th\u00e9ologique : la M\u00e8re de l\u2019Incarnation<\/strong><\/p>\n\n\n\n<p>Du point de vue th\u00e9ologique, Notre-Dame de Montserrat incarne plusieurs r\u00e9alit\u00e9s spirituelles :<\/p>\n\n\n\n<p>a) Marie comme Tr\u00f4ne de la Sagesse :<br>Dans l\u2019iconographie romane, Marie est vue comme la \u00ab Sedes Sapientiae \u00bb, le Tr\u00f4ne de la Sagesse, sur lequel repose le Christ, la Sagesse de Dieu (1 Co 1,24). Montserrat pr\u00e9sente Marie non comme une figure passive, mais comme Reine et Tr\u00f4ne vivant du Dieu incarn\u00e9.<\/p>\n\n\n\n<p>b) Marie, Porte du Ciel :<br>Sa position \u00e9lev\u00e9e sur la montagne fait de Marie une figure de la J\u00e9rusalem c\u00e9leste. Son emplacement \u00e9voque le psaume : \u00ab Je l\u00e8ve les yeux vers les montagnes : d\u2019o\u00f9 me viendra le secours ? Le secours me vient du Seigneur, qui a fait le ciel et la terre \u00bb (Ps 121,1-2).<\/p>\n\n\n\n<p>c) Marie, M\u00e8re de tous les peuples :<br>La couleur noire de l\u2019image a \u00e9t\u00e9 interpr\u00e9t\u00e9e par de nombreux saints et th\u00e9ologiens comme un signe de l\u2019universalit\u00e9 du christianisme. Marie n\u2019est pas seulement la m\u00e8re d\u2019un peuple, mais de toute l\u2019humanit\u00e9 rachet\u00e9e. En elle, les divisions culturelles, raciales et sociales s\u2019effacent.<\/p>\n\n\n\n<p><strong>\u2756 4. Signification spirituelle et historique<\/strong><\/p>\n\n\n\n<p>Au fil des si\u00e8cles, Montserrat a \u00e9t\u00e9 un phare spirituel en Europe. De nombreux saints sont venus en p\u00e8lerinage \u00e0 ses pieds, notamment saint Ignace de Loyola, qui en 1522 laissa son \u00e9p\u00e9e devant La Moreneta et commen\u00e7a sa conversion. Son geste symbolise l\u2019abandon total \u00e0 la volont\u00e9 divine.<\/p>\n\n\n\n<p>Pendant la guerre civile espagnole, le monast\u00e8re fut respect\u00e9 comme lieu sacr\u00e9 malgr\u00e9 les pers\u00e9cutions religieuses. M\u00eame en temps de s\u00e9cularisation et de crise de foi, Montserrat continue d\u2019attirer croyants et chercheurs de Dieu.<\/p>\n\n\n\n<p>L\u2019image a \u00e9t\u00e9 canoniquement couronn\u00e9e et proclam\u00e9e patronne de la Catalogne. Le pape L\u00e9on XIII lui a accord\u00e9 des privil\u00e8ges liturgiques, et saint Jean-Paul II a visit\u00e9 le sanctuaire et pri\u00e9 devant elle.<\/p>\n\n\n\n<p><strong>\u2756 5. La Vierge dans la vie quotidienne : une guide pour aujourd\u2019hui<\/strong><\/p>\n\n\n\n<p>Comment Notre-Dame de Montserrat peut-elle \u00e9clairer notre vie aujourd\u2019hui ?<\/p>\n\n\n\n<p>a) Un refuge dans la difficult\u00e9 :<br>Marie nous enseigne \u00e0 regarder avec esp\u00e9rance. Dans les t\u00e9n\u00e8bres, sa pr\u00e9sence maternelle nous rappelle que Dieu ne nous abandonne jamais. Comme aux noces de Cana (Jn 2,1\u201311), elle interc\u00e8de quand le vin de la joie s\u2019\u00e9puise.<\/p>\n\n\n\n<p>b) Un mod\u00e8le de foi :<br>Femme de foi ferme, Marie nous inspire \u00e0 faire confiance \u00e0 la volont\u00e9 de Dieu m\u00eame lorsque nous ne comprenons pas ses chemins. Son fiat \u2014 \u00ab Qu\u2019il me soit fait selon ta parole \u00bb (Lc 1,38) \u2014 est un \u00e9cho qui doit r\u00e9sonner dans nos vies.<\/p>\n\n\n\n<p>c) Un stimulant \u00e0 l\u2019engagement :<br>Montserrat n\u2019est pas seulement contemplation : c\u2019est mission. La Vierge qui porte l\u2019Enfant nous rappelle que nous devons porter le Christ au monde. Notre foi ne doit pas rester sur la montagne : elle doit descendre et transformer notre entourage.<\/p>\n\n\n\n<p><strong>\u2756 6. Guide pratique d\u2019un point de vue th\u00e9ologique et pastoral<\/strong><\/p>\n\n\n\n<p>Voici un bref guide pastoral et th\u00e9ologique pour vivre la d\u00e9votion \u00e0 Notre-Dame de Montserrat :<\/p>\n\n\n\n<ol class=\"wp-block-list\">\n<li>Tourne-toi vers Marie comme intercesseur :<br>Imite les bergers qui gravirent la montagne. Approche-toi d\u2019elle avec foi et confiance en son intercession puissante devant Dieu.<\/li>\n\n\n\n<li>Prie avec le c\u0153ur :<br>Commence chaque jour avec la pri\u00e8re traditionnelle : \u00ab Vierge de Montserrat, m\u00e8re et patronne, accorde-nous la gr\u00e2ce d\u2019aimer ton Fils de tout notre c\u0153ur. \u00bb<\/li>\n\n\n\n<li>M\u00e9dite le Rosaire \u00e0 la lumi\u00e8re de Montserrat :<br>Contemple les myst\u00e8res du Rosaire en t\u2019imaginant les prier aux pieds de La Moreneta. Elle a \u00e9t\u00e9 t\u00e9moin de chacun des myst\u00e8res du Christ.<\/li>\n\n\n\n<li>Gravir spirituellement ta \u00ab montagne \u00bb :<br>Nous avons tous des sommets \u00e0 conqu\u00e9rir : paresse, \u00e9go\u00efsme, peur. Montserrat nous invite \u00e0 vaincre nos rochers int\u00e9rieurs avec la force de la foi.<\/li>\n\n\n\n<li>Aie confiance en la tendresse de Marie :<br>Dans le rythme effr\u00e9n\u00e9 d\u2019aujourd\u2019hui, nous avons besoin d\u2019espaces de tendresse. La Moreneta, par sa s\u00e9r\u00e9nit\u00e9, nous apprend \u00e0 faire une pause, \u00e0 contempler, \u00e0 laisser place au sacr\u00e9.<\/li>\n\n\n\n<li>C\u00e9l\u00e8bre sa f\u00eate (27 avril) :<br>Participe \u00e0 l\u2019Eucharistie, renouvelle ta cons\u00e9cration mariale, et offre un geste concret d\u2019amour (un don, une visite \u00e0 un malade, une r\u00e9conciliation).<\/li>\n<\/ol>\n\n\n\n<p><strong>\u2756 7. Une M\u00e8re pour tous<\/strong><\/p>\n\n\n\n<p>En temps de confusion et de perte de rep\u00e8res, Notre-Dame de Montserrat s\u2019\u00e9l\u00e8ve comme figure de rocher solide, guide s\u00fbre et m\u00e8re proche. Sa noirceur n\u2019est pas ombre, mais chaleur. Son tr\u00f4ne n\u2019est pas de pouvoir, mais de service. Son sourire paisible ne promet pas de solutions magiques, mais une compagnie fid\u00e8le.<\/p>\n\n\n\n<p>Comme l\u2019\u00e9crivait saint Jean-Paul II : \u00ab Marie est l\u2019\u00e9toile de la nouvelle \u00e9vang\u00e9lisation. \u00bb Depuis sa montagne sacr\u00e9e, La Moreneta nous appelle \u00e0 renouveler notre foi, \u00e0 revenir au Christ et \u00e0 \u00eatre t\u00e9moins de sa lumi\u00e8re dans un monde avide d\u2019esp\u00e9rance.<\/p>\n\n\n\n<p>\u2725\u2725\u2725<\/p>\n\n\n\n<p><strong>Pour prier avec elle :<\/strong><\/p>\n\n\n\n<blockquote class=\"wp-block-quote is-layout-flow wp-block-quote-is-layout-flow\">\n<p>\u00ab M\u00e8re de Montserrat, toi qui habites le rocher et nous montres ton Fils comme le chemin, interc\u00e8de pour nous. Dans la fatigue, sois notre r\u00e9confort. Dans le doute, sois notre lumi\u00e8re. Dans la solitude, sois notre compagne. Conduis nos pas sur le chemin de la foi, jusqu\u2019\u00e0 atteindre la montagne \u00e9ternelle o\u00f9 demeure ton Fils glorieux. Amen. \u00bb<\/p>\n<\/blockquote>\n","protected":false},"excerpt":{"rendered":"<p>Notre-Dame de Montserrat, \u00e9galement connue sous le nom de \u00ab La Moreneta \u00bb en raison de la couleur fonc\u00e9e de son visage et de ses mains, n\u2019est pas simplement une statue de bois sculpt\u00e9 : elle est un symbole vivant de foi, de r\u00e9silience spirituelle, d\u2019identit\u00e9 chr\u00e9tienne et de tendresse maternelle profonde. Dans cet article, &hellip;<\/p>\n","protected":false},"author":3,"featured_media":4253,"comment_status":"open","ping_status":"open","sticky":false,"template":"","format":"standard","meta":{"_seopress_robots_primary_cat":"","_seopress_titles_title":"","_seopress_titles_desc":"","_seopress_robots_index":"","footnotes":""},"categories":[60,40],"tags":[1429],"class_list":["post-4252","post","type-post","status-publish","format-standard","has-post-thumbnail","","category-devotions-mariales","category-priere-et-spiritualite","tag-notre-dame-de-montserrat"],"_links":{"self":[{"href":"https:\/\/catholicus.eu\/fr\/wp-json\/wp\/v2\/posts\/4252","targetHints":{"allow":["GET"]}}],"collection":[{"href":"https:\/\/catholicus.eu\/fr\/wp-json\/wp\/v2\/posts"}],"about":[{"href":"https:\/\/catholicus.eu\/fr\/wp-json\/wp\/v2\/types\/post"}],"author":[{"embeddable":true,"href":"https:\/\/catholicus.eu\/fr\/wp-json\/wp\/v2\/users\/3"}],"replies":[{"embeddable":true,"href":"https:\/\/catholicus.eu\/fr\/wp-json\/wp\/v2\/comments?post=4252"}],"version-history":[{"count":2,"href":"https:\/\/catholicus.eu\/fr\/wp-json\/wp\/v2\/posts\/4252\/revisions"}],"predecessor-version":[{"id":4255,"href":"https:\/\/catholicus.eu\/fr\/wp-json\/wp\/v2\/posts\/4252\/revisions\/4255"}],"wp:featuredmedia":[{"embeddable":true,"href":"https:\/\/catholicus.eu\/fr\/wp-json\/wp\/v2\/media\/4253"}],"wp:attachment":[{"href":"https:\/\/catholicus.eu\/fr\/wp-json\/wp\/v2\/media?parent=4252"}],"wp:term":[{"taxonomy":"category","embeddable":true,"href":"https:\/\/catholicus.eu\/fr\/wp-json\/wp\/v2\/categories?post=4252"},{"taxonomy":"post_tag","embeddable":true,"href":"https:\/\/catholicus.eu\/fr\/wp-json\/wp\/v2\/tags?post=4252"}],"curies":[{"name":"wp","href":"https:\/\/api.w.org\/{rel}","templated":true}]}}