{"id":4249,"date":"2025-06-01T14:56:22","date_gmt":"2025-06-01T12:56:22","guid":{"rendered":"https:\/\/catholicus.eu\/fr\/?p=4249"},"modified":"2025-06-01T14:56:23","modified_gmt":"2025-06-01T12:56:23","slug":"quand-lamour-est-blesse-la-puissance-de-lacte-de-reparation-en-temps-dindifference","status":"publish","type":"post","link":"https:\/\/catholicus.eu\/fr\/quand-lamour-est-blesse-la-puissance-de-lacte-de-reparation-en-temps-dindifference\/","title":{"rendered":"Quand l\u2019Amour est bless\u00e9 : La puissance de l\u2019Acte de R\u00e9paration en temps d\u2019indiff\u00e9rence"},"content":{"rendered":"\n<p><strong>INTRODUCTION :<\/strong><\/p>\n\n\n\n<p>Nous vivons \u00e0 une \u00e9poque o\u00f9 l\u2019amour de Dieu, la r\u00e9v\u00e9rence envers le sacr\u00e9 et le respect du divin ont \u00e9t\u00e9 remplac\u00e9s, dans bien des milieux, par l\u2019indiff\u00e9rence, le relativisme et la banalit\u00e9. Dans ce contexte, l\u2019<strong>acte de r\u00e9paration<\/strong> s\u2019impose avec force comme un chemin urgent et profond pour les fid\u00e8les qui d\u00e9sirent consoler le C\u0153ur du Christ \u2014 bless\u00e9 par les p\u00e9ch\u00e9s du monde \u2014 et participer activement \u00e0 la restauration de l\u2019ordre spirituel.<\/p>\n\n\n\n<p>Mais qu\u2019est-ce qu\u2019un acte de r\u00e9paration ? Pourquoi est-il si n\u00e9cessaire aujourd\u2019hui ? Que nous enseigne l\u2019\u00c9glise \u00e0 ce sujet ? Et comment pouvons-nous, en tant que catholiques, l\u2019int\u00e9grer dans notre vie quotidienne de mani\u00e8re r\u00e9elle et transformatrice ?<\/p>\n\n\n\n<p>Cet article se propose de r\u00e9pondre \u00e0 ces questions avec <strong>une profondeur th\u00e9ologique rigoureuse<\/strong> et <strong>une application pastorale concr\u00e8te<\/strong>, afin de vous aider \u00e0 red\u00e9couvrir une d\u00e9votion non seulement belle et traditionnelle, mais aussi <strong>d\u2019une actualit\u00e9 br\u00fblante<\/strong> et <strong>d\u2019une puissance spirituelle incomparable<\/strong>.<\/p>\n\n\n\n<hr class=\"wp-block-separator has-alpha-channel-opacity\"\/>\n\n\n\n<h2 class=\"wp-block-heading\">1. QU\u2019EST-CE QU\u2019UN ACTE DE R\u00c9PARATION ?<\/h2>\n\n\n\n<p>L\u2019<strong>acte de r\u00e9paration<\/strong> est une pri\u00e8re ou une action offerte \u00e0 Dieu avec l\u2019intention de <strong>r\u00e9parer, consoler et expier<\/strong> les offenses qu\u2019Il a re\u00e7ues \u2014 en particulier dans la Sainte Eucharistie. Ces offenses ne sont pas seulement les grands crimes de l\u2019humanit\u00e9, mais aussi (et surtout) les <strong>p\u00e9ch\u00e9s d\u2019omission, l\u2019indiff\u00e9rence, la ti\u00e9deur, la profanation et les sacril\u00e8ges<\/strong> qui blessent le C\u0153ur de J\u00e9sus, notamment dans le Tr\u00e8s Saint Sacrement de l\u2019autel.<\/p>\n\n\n\n<p>D\u2019un point de vue th\u00e9ologique, l\u2019acte de r\u00e9paration est profond\u00e9ment <strong>christocentrique et r\u00e9dempteur<\/strong>. Il s\u2019enracine dans l\u2019union mystique du chr\u00e9tien avec le Christ et dans sa participation active \u00e0 Sa mission r\u00e9demptrice. Comme l\u2019enseigne saint Paul :<\/p>\n\n\n\n<blockquote class=\"wp-block-quote is-layout-flow wp-block-quote-is-layout-flow\">\n<p>\u00ab Je trouve maintenant la joie dans les souffrances que j\u2019endure pour vous ; ce qui manque aux souffrances du Christ, je l\u2019accomplis dans ma propre chair, pour son corps, qui est l\u2019\u00c9glise. \u00bb<br><em>(Colossiens 1, 24)<\/em><\/p>\n<\/blockquote>\n\n\n\n<p>Cela ne signifie pas qu\u2019il manque quelque chose \u00e0 la Passion du Christ en elle-m\u00eame \u2014 elle est pleinement suffisante \u2014 mais que nous sommes, en tant que membres de Son Corps, appel\u00e9s \u00e0 <strong>nous unir \u00e0 Son sacrifice<\/strong>, \u00e0 participer \u00e0 Son \u0153uvre de r\u00e9demption. Ainsi, l\u2019acte de r\u00e9paration n\u2019est pas seulement une d\u00e9votion : c\u2019est une <strong>coop\u00e9ration salvifique<\/strong>.<\/p>\n\n\n\n<hr class=\"wp-block-separator has-alpha-channel-opacity\"\/>\n\n\n\n<h2 class=\"wp-block-heading\">2. UN PEU D\u2019HISTOIRE : DES LARMES DE MARGUERITE \u00c0 LA FLAMME DE FATIMA<\/h2>\n\n\n\n<p>La d\u00e9votion r\u00e9paratrice est enracin\u00e9e dans l\u2019histoire m\u00eame de l\u2019\u00c9glise, mais elle a pris un relief particulier au <strong>XVIIe si\u00e8cle<\/strong>, \u00e0 travers les <strong>r\u00e9v\u00e9lations du Sacr\u00e9-C\u0153ur de J\u00e9sus<\/strong> \u00e0 <strong>sainte Marguerite-Marie Alacoque<\/strong>.<\/p>\n\n\n\n<p>Dans l\u2019une de ces r\u00e9v\u00e9lations, J\u00e9sus lui montra Son C\u0153ur, br\u00fblant d\u2019amour pour les hommes, mais entour\u00e9 d\u2019\u00e9pines \u00e0 cause de leur ingratitude. Il lui dit :<\/p>\n\n\n\n<blockquote class=\"wp-block-quote is-layout-flow wp-block-quote-is-layout-flow\">\n<p>\u00ab Voici ce C\u0153ur qui a tant aim\u00e9 les hommes qu\u2019Il n\u2019a rien \u00e9pargn\u00e9, jusqu\u2019\u00e0 s\u2019\u00e9puiser et se consumer, pour leur t\u00e9moigner Son amour ; et, pour reconnaissance, Je ne re\u00e7ois de la plupart que des ingratitudes. \u00bb<\/p>\n<\/blockquote>\n\n\n\n<p>De cette exp\u00e9rience naquit l\u2019<strong>acte de r\u00e9paration au Sacr\u00e9-C\u0153ur<\/strong>, particuli\u00e8rement pratiqu\u00e9 les <strong>premiers vendredis du mois<\/strong>, en r\u00e9paration des offenses faites \u00e0 l\u2019Amour du Christ.<\/p>\n\n\n\n<p>Plus tard, cette d\u00e9votion fut approfondie par les <strong>r\u00e9v\u00e9lations de la Vierge Marie \u00e0 Fatima<\/strong> (1917), o\u00f9 Elle demanda aux enfants \u2014 et au monde \u2014 d\u2019offrir des <strong>actes de r\u00e9paration \u00e0 Son C\u0153ur Immacul\u00e9<\/strong>, notamment les <strong>premiers samedis du mois<\/strong>. La Vierge se plaignait que son Fils soit \u00ab continuellement offens\u00e9 \u00bb et qu\u2019il y ait si peu de personnes pour faire r\u00e9paration.<\/p>\n\n\n\n<hr class=\"wp-block-separator has-alpha-channel-opacity\"\/>\n\n\n\n<h2 class=\"wp-block-heading\">3. PORT\u00c9E TH\u00c9OLOGIQUE : QUAND DIEU ATTEND NOTRE AMOUR<\/h2>\n\n\n\n<p>L\u2019acte de r\u00e9paration repose sur trois piliers th\u00e9ologiques :<\/p>\n\n\n\n<h3 class=\"wp-block-heading\">a. <strong>La Justice Divine<\/strong><\/h3>\n\n\n\n<p>Dieu est Amour, mais Il est aussi <strong>Justice<\/strong>. Le p\u00e9ch\u00e9 offense Dieu, rompt la communion avec Lui, et exige satisfaction. La r\u00e9paration ne \u00ab rajoute \u00bb rien au sacrifice du Christ, mais <strong>l\u2019applique activement<\/strong> aux p\u00e9ch\u00e9s actuels du monde.<\/p>\n\n\n\n<h3 class=\"wp-block-heading\">b. <strong>Le Corps Mystique du Christ<\/strong><\/h3>\n\n\n\n<p>Les fid\u00e8les baptis\u00e9s sont <strong>unis au Christ<\/strong> et participent \u00e0 Sa mission en tant que pr\u00eatres, proph\u00e8tes et rois. En tant que membres de Son Corps, nous sommes <strong>co-responsables<\/strong> de la sant\u00e9 spirituelle du monde. R\u00e9parer, c\u2019est aimer <strong>\u00e0 la place de ceux qui n\u2019aiment pas<\/strong>.<\/p>\n\n\n\n<h3 class=\"wp-block-heading\">c. <strong>L\u2019Eucharistie comme centre<\/strong><\/h3>\n\n\n\n<p>La Sainte Eucharistie est le <strong>C\u0153ur battant de l\u2019\u00c9glise<\/strong>. Mais combien de fois est-elle re\u00e7ue en \u00e9tat de p\u00e9ch\u00e9 mortel ? Combien de sacril\u00e8ges sont commis par irr\u00e9v\u00e9rence ? Combien de fois le Saint-Sacrement est-il oubli\u00e9 dans les tabernacles ?<\/p>\n\n\n\n<p>Faire r\u00e9paration, c\u2019est dire : \u00ab Seigneur, je T\u2019aime. Je T\u2019adore. Je suis avec Toi. \u00bb<\/p>\n\n\n\n<hr class=\"wp-block-separator has-alpha-channel-opacity\"\/>\n\n\n\n<h2 class=\"wp-block-heading\">4. APPLICATIONS PRATIQUES : COMMENT VIVRE LA R\u00c9PARATION AU QUOTIDIEN<\/h2>\n\n\n\n<p>Un acte de r\u00e9paration n\u2019est pas seulement une pri\u00e8re r\u00e9cit\u00e9e. C\u2019est une <strong>disposition int\u00e9rieure<\/strong> qui impr\u00e8gne notre relation avec Dieu et notre environnement quotidien. Voici plusieurs fa\u00e7ons concr\u00e8tes de le vivre :<\/p>\n\n\n\n<h3 class=\"wp-block-heading\">a. <strong>Pri\u00e8res de R\u00e9paration<\/strong><\/h3>\n\n\n\n<p>Vous pouvez prier des pri\u00e8res sp\u00e9cifiques de r\u00e9paration, telles que :<\/p>\n\n\n\n<ul class=\"wp-block-list\">\n<li>L\u2019<strong>Acte de r\u00e9paration au Sacr\u00e9-C\u0153ur<\/strong><\/li>\n\n\n\n<li>L\u2019<strong>Acte de r\u00e9paration au C\u0153ur Immacul\u00e9<\/strong><\/li>\n\n\n\n<li>La <strong>pri\u00e8re de l\u2019Ange de Fatima<\/strong> : \u00ab Mon Dieu, je crois, j\u2019adore, j\u2019esp\u00e8re et je Vous aime. Je Vous demande pardon pour ceux qui ne croient pas, n\u2019adorent pas, n\u2019esp\u00e8rent pas et ne Vous aiment pas. \u00bb<\/li>\n<\/ul>\n\n\n\n<h3 class=\"wp-block-heading\">b. <strong>Adoration Eucharistique<\/strong><\/h3>\n\n\n\n<p>Passer du temps avec J\u00e9sus dans le Saint-Sacrement, surtout la nuit ou dans la solitude, est l\u2019une des formes les plus puissantes de r\u00e9paration. Simplement <strong>\u00eatre avec Lui<\/strong>, c\u2019est consoler Son C\u0153ur bless\u00e9.<\/p>\n\n\n\n<h3 class=\"wp-block-heading\">c. <strong>Mortification et petits sacrifices<\/strong><\/h3>\n\n\n\n<p>Offrez de petits sacrifices quotidiens (silence, attente, inconfort accept\u00e9 avec amour) en actes de r\u00e9paration. Vous pouvez aussi offrir des je\u00fbnes ou p\u00e9nitences volontaires.<\/p>\n\n\n\n<h3 class=\"wp-block-heading\">d. <strong>Messe avec intention r\u00e9paratrice<\/strong><\/h3>\n\n\n\n<p>Assistez \u00e0 la messe avec l\u2019intention de faire r\u00e9paration \u2014 communiez en \u00e9tat de gr\u00e2ce, avec r\u00e9v\u00e9rence et ferveur. Vous pouvez offrir toute la messe en r\u00e9paration pour des p\u00e9ch\u00e9s pr\u00e9cis, notamment ceux contre l\u2019Eucharistie.<\/p>\n\n\n\n<h3 class=\"wp-block-heading\">e. <strong>Pri\u00e8re pour ceux qui ne prient pas<\/strong><\/h3>\n\n\n\n<p>Interc\u00e9dez pour ceux qui ont abandonn\u00e9 la foi, qui profanent le nom de Dieu, qui vivent dans le p\u00e9ch\u00e9. R\u00e9parer, c\u2019est <strong>aimer \u00e0 leur place<\/strong>, interc\u00e9der pour eux, m\u00eame pleurer pour eux.<\/p>\n\n\n\n<hr class=\"wp-block-separator has-alpha-channel-opacity\"\/>\n\n\n\n<h2 class=\"wp-block-heading\">5. LA R\u00c9PARATION EN TEMPS DE CRISE SPIRITUELLE<\/h2>\n\n\n\n<p>Aujourd\u2019hui plus que jamais, dans une \u00c9glise marqu\u00e9e par <strong>des abus liturgiques, des scandales moraux et une confusion doctrinale<\/strong>, la r\u00e9paration devient urgente \u2014 non pas pour juger, mais pour <strong>interc\u00e9der<\/strong>.<\/p>\n\n\n\n<p>L\u2019acte de r\u00e9paration est un antidote \u00e0 l\u2019indiff\u00e9rence, au modernisme, au d\u00e9couragement et au d\u00e9sespoir. C\u2019est un acte profond\u00e9ment <strong>plein d\u2019esp\u00e9rance<\/strong> : il proclame que, m\u00eame au milieu du p\u00e9ch\u00e9 et de la ti\u00e9deur, <strong>l\u2019amour peut triompher<\/strong>.<\/p>\n\n\n\n<hr class=\"wp-block-separator has-alpha-channel-opacity\"\/>\n\n\n\n<h2 class=\"wp-block-heading\">6. PAROLES DES SAINTS<\/h2>\n\n\n\n<ul class=\"wp-block-list\">\n<li><strong>Sainte Faustine Kowalska<\/strong> : \u00ab \u00d4 J\u00e9sus, je d\u00e9sire Te consoler pour tant d\u2019\u00e2mes ingrates qui T\u2019abandonnent\u2026 \u00bb<\/li>\n\n\n\n<li><strong>Saint Padre Pio<\/strong> : \u00ab La r\u00e9paration est l\u2019arme la plus puissante contre le mal. \u00bb<\/li>\n\n\n\n<li><strong>Bienheureux Carlo Acutis<\/strong> : \u00ab L\u2019Eucharistie est mon autoroute vers le Ciel. \u00bb<br>\u2014Et comment ne pas r\u00e9parer en voyant cette autoroute pi\u00e9tin\u00e9e ?<\/li>\n<\/ul>\n\n\n\n<hr class=\"wp-block-separator has-alpha-channel-opacity\"\/>\n\n\n\n<h2 class=\"wp-block-heading\">7. UNE INVITATION FINALE : DEVENEZ UN CONSOLATEUR DU C\u0152UR DE DIEU<\/h2>\n\n\n\n<p>Peut-\u00eatre ne pouvons-nous pas arr\u00eater toutes les offenses faites au C\u0153ur de J\u00e9sus. Mais nous <strong>pouvons<\/strong> Le consoler. Nous pouvons Lui dire :<\/p>\n\n\n\n<blockquote class=\"wp-block-quote is-layout-flow wp-block-quote-is-layout-flow\">\n<p>\u00ab Me voici, Seigneur, pour T\u2019aimer au nom de ceux qui ne T\u2019aiment pas. Pour T\u2019adorer au nom de ceux qui Te m\u00e9prisent. Pour r\u00e9parer Tes blessures par ma pauvre offrande. \u00bb<\/p>\n<\/blockquote>\n\n\n\n<p>C\u2019est ce que fit <strong>sainte V\u00e9ronique<\/strong> sur le chemin de Croix. Elle n\u2019a pas arr\u00eat\u00e9 la Passion, elle n\u2019a pas mis fin \u00e0 la haine, mais elle a <strong>essuy\u00e9 le Visage du Christ<\/strong> avec son voile d\u2019amour. Et ce geste fut grav\u00e9 pour l\u2019\u00e9ternit\u00e9 dans le Ciel.<\/p>\n\n\n\n<hr class=\"wp-block-separator has-alpha-channel-opacity\"\/>\n\n\n\n<h2 class=\"wp-block-heading\">PRI\u00c8RE DE R\u00c9PARATION (\u00e0 usage personnel)<\/h2>\n\n\n\n<blockquote class=\"wp-block-quote is-layout-flow wp-block-quote-is-layout-flow\">\n<p>Seigneur J\u00e9sus,<br>Je T\u2019aime, je T\u2019adore et je crois en Toi de tout mon c\u0153ur.<br>Je Te demande pardon pour tous les outrages, sacril\u00e8ges et froideurs que Tu re\u00e7ois chaque jour,<br>particuli\u00e8rement dans le Tr\u00e8s Saint Sacrement de l\u2019autel.<\/p>\n\n\n\n<p>Re\u00e7ois, \u00f4 J\u00e9sus, cette petite offrande de ma part,<br>comme un acte d\u2019amour et de r\u00e9paration.<br>Unis mes paroles, mes pens\u00e9es et mes sacrifices<br>\u00e0 Ton sacrifice \u00e9ternel sur la Croix.<\/p>\n\n\n\n<p>Que toute ma vie soit un acte de r\u00e9paration continu,<br>un \u00ab oui \u00bb d\u2019amour face aux \u00ab non \u00bb du monde.<\/p>\n\n\n\n<p>Amen.<\/p>\n<\/blockquote>\n\n\n\n<hr class=\"wp-block-separator has-alpha-channel-opacity\"\/>\n\n\n\n<p><strong>CONCLUSION :<\/strong><\/p>\n\n\n\n<p>R\u00e9parer, c\u2019est aimer. Et aimer, dans le monde d\u2019aujourd\u2019hui, est un acte profond\u00e9ment contre-culturel. Le monde a un urgent besoin <strong>d\u2019\u00e2mes r\u00e9paratrices<\/strong>, vivant dans un esprit d\u2019intercession, de sacrifice et d\u2019adoration.<\/p>\n\n\n\n<p>Dieu cherche encore des c\u0153urs qui Lui diront, comme Isa\u00efe :<\/p>\n\n\n\n<blockquote class=\"wp-block-quote is-layout-flow wp-block-quote-is-layout-flow\">\n<p>\u00ab Me voici : envoie-moi ! \u00bb (Isa\u00efe 6, 8)<\/p>\n<\/blockquote>\n\n\n\n<p>Et toi \u2014 consoleras-tu le C\u0153ur bless\u00e9 de J\u00e9sus ?<\/p>\n","protected":false},"excerpt":{"rendered":"<p>INTRODUCTION : Nous vivons \u00e0 une \u00e9poque o\u00f9 l\u2019amour de Dieu, la r\u00e9v\u00e9rence envers le sacr\u00e9 et le respect du divin ont \u00e9t\u00e9 remplac\u00e9s, dans bien des milieux, par l\u2019indiff\u00e9rence, le relativisme et la banalit\u00e9. Dans ce contexte, l\u2019acte de r\u00e9paration s\u2019impose avec force comme un chemin urgent et profond pour les fid\u00e8les qui d\u00e9sirent &hellip;<\/p>\n","protected":false},"author":3,"featured_media":4250,"comment_status":"open","ping_status":"open","sticky":false,"template":"","format":"standard","meta":{"_seopress_robots_primary_cat":"","_seopress_titles_title":"","_seopress_titles_desc":"","_seopress_robots_index":"","footnotes":""},"categories":[40,58],"tags":[1428],"class_list":["post-4249","post","type-post","status-publish","format-standard","has-post-thumbnail","","category-priere-et-spiritualite","category-priere-et-vie-spirituelle","tag-acte-de-reparation"],"_links":{"self":[{"href":"https:\/\/catholicus.eu\/fr\/wp-json\/wp\/v2\/posts\/4249","targetHints":{"allow":["GET"]}}],"collection":[{"href":"https:\/\/catholicus.eu\/fr\/wp-json\/wp\/v2\/posts"}],"about":[{"href":"https:\/\/catholicus.eu\/fr\/wp-json\/wp\/v2\/types\/post"}],"author":[{"embeddable":true,"href":"https:\/\/catholicus.eu\/fr\/wp-json\/wp\/v2\/users\/3"}],"replies":[{"embeddable":true,"href":"https:\/\/catholicus.eu\/fr\/wp-json\/wp\/v2\/comments?post=4249"}],"version-history":[{"count":1,"href":"https:\/\/catholicus.eu\/fr\/wp-json\/wp\/v2\/posts\/4249\/revisions"}],"predecessor-version":[{"id":4251,"href":"https:\/\/catholicus.eu\/fr\/wp-json\/wp\/v2\/posts\/4249\/revisions\/4251"}],"wp:featuredmedia":[{"embeddable":true,"href":"https:\/\/catholicus.eu\/fr\/wp-json\/wp\/v2\/media\/4250"}],"wp:attachment":[{"href":"https:\/\/catholicus.eu\/fr\/wp-json\/wp\/v2\/media?parent=4249"}],"wp:term":[{"taxonomy":"category","embeddable":true,"href":"https:\/\/catholicus.eu\/fr\/wp-json\/wp\/v2\/categories?post=4249"},{"taxonomy":"post_tag","embeddable":true,"href":"https:\/\/catholicus.eu\/fr\/wp-json\/wp\/v2\/tags?post=4249"}],"curies":[{"name":"wp","href":"https:\/\/api.w.org\/{rel}","templated":true}]}}