{"id":4222,"date":"2025-05-31T08:13:35","date_gmt":"2025-05-31T06:13:35","guid":{"rendered":"https:\/\/catholicus.eu\/fr\/?p=4222"},"modified":"2025-05-31T08:13:35","modified_gmt":"2025-05-31T06:13:35","slug":"papiste-linsulte-devenue-etendard-comment-redecouvrir-lidentite-catholique-dans-un-monde-divise","status":"publish","type":"post","link":"https:\/\/catholicus.eu\/fr\/papiste-linsulte-devenue-etendard-comment-redecouvrir-lidentite-catholique-dans-un-monde-divise\/","title":{"rendered":"Papiste : l&rsquo;insulte devenue \u00e9tendard. Comment red\u00e9couvrir l&rsquo;identit\u00e9 catholique dans un monde divis\u00e9"},"content":{"rendered":"\n<h2 class=\"wp-block-heading\">INTRODUCTION<\/h2>\n\n\n\n<p>\u00ab Papiste. \u00bb Un mot court, mais charg\u00e9 de si\u00e8cles de controverse, de pr\u00e9jug\u00e9s et \u2014 paradoxalement \u2014 de v\u00e9rit\u00e9. Utilis\u00e9 historiquement comme une insulte, le mot \u00ab papiste \u00bb a \u00e9t\u00e9 lanc\u00e9 aux catholiques fid\u00e8les au Pape comme une accusation de fanatisme, de soumission aveugle ou d\u2019h\u00e9r\u00e9sie voil\u00e9e. Mais si je vous disais qu\u2019\u00eatre \u00ab papiste \u00bb, bien compris, est l\u2019une des plus grandes distinctions de l\u2019\u00e2me chr\u00e9tienne ? Et si ce mot, loin d\u2019\u00eatre un reproche, r\u00e9v\u00e9lait une profonde identit\u00e9 th\u00e9ologique et spirituelle ?<\/p>\n\n\n\n<p>Dans cet article, nous plongerons dans l\u2019histoire du terme, nous en explorerons les fondements th\u00e9ologiques, nous r\u00e9futerons ses fausses accusations \u00e0 l\u2019aide d\u2019une apolog\u00e9tique solide, et nous offrirons un guide pratique pour vivre notre fid\u00e9lit\u00e9 au Pape comme un signe de communion, et non d\u2019idol\u00e2trie. Pr\u00e9parez-vous \u00e0 red\u00e9couvrir la beaut\u00e9 d\u2019\u00eatre v\u00e9ritablement catholique : <strong>\u00eatre papiste<\/strong>.<\/p>\n\n\n\n<hr class=\"wp-block-separator has-alpha-channel-opacity\"\/>\n\n\n\n<h2 class=\"wp-block-heading\">1. QUE SIGNIFIE \u00ab PAPISTE \u00bb ? UN PEU D\u2019HISTOIRE<\/h2>\n\n\n\n<p>Le terme \u00ab papiste \u00bb vient du latin <em>papa<\/em>, qui signifie \u00ab p\u00e8re \u00bb, en r\u00e9f\u00e9rence au Pape de Rome. \u00c0 l\u2019origine, le mot \u00ab papiste \u00bb d\u00e9signait simplement ceux qui suivaient le Pape. Cependant, au fil du temps \u2014 surtout apr\u00e8s la R\u00e9forme protestante au XVIe si\u00e8cle \u2014 le terme a pris une connotation p\u00e9jorative.<\/p>\n\n\n\n<p>Les r\u00e9formateurs l\u2019utilisaient pour se moquer des catholiques, les accusant de se soumettre aveugl\u00e9ment au Pape plut\u00f4t qu\u2019au Christ. En Angleterre, par exemple, le mot \u00ab papiste \u00bb est devenu une \u00e9tiquette servant \u00e0 justifier pers\u00e9cutions, martyres et lois discriminatoires. Il est devenu synonyme de tra\u00eetre, d\u2019idol\u00e2tre, d\u2019ennemi du \u00ab vrai christianisme \u00bb.<\/p>\n\n\n\n<p>Et pourtant, au c\u0153ur de la pers\u00e9cution, de nombreux catholiques ont port\u00e9 cette \u00ab insulte \u00bb avec fiert\u00e9. Ils pr\u00e9f\u00e9raient \u00eatre appel\u00e9s \u00ab papistes \u00bb et mourir pour leur fid\u00e9lit\u00e9 au Successeur de Pierre plut\u00f4t que de trahir leur foi au nom d\u2019une pr\u00e9tendue libert\u00e9 religieuse qui reniait l\u2019unit\u00e9 et la v\u00e9rit\u00e9.<\/p>\n\n\n\n<hr class=\"wp-block-separator has-alpha-channel-opacity\"\/>\n\n\n\n<h2 class=\"wp-block-heading\">2. TH\u00c9OLOGIE DU PAPISME : QUE DIT L\u2019\u00c9GLISE ?<\/h2>\n\n\n\n<p>L\u2019\u00c9glise catholique enseigne que le Pape, en tant que Successeur de saint Pierre, a une mission unique : <strong>\u00eatre le principe visible de l\u2019unit\u00e9 et le gardien de la foi<\/strong>. Cet enseignement repose sur les paroles m\u00eames du Christ :<\/p>\n\n\n\n<blockquote class=\"wp-block-quote is-layout-flow wp-block-quote-is-layout-flow\">\n<p>\u00ab Tu es Pierre, et sur cette pierre je b\u00e2tirai mon \u00c9glise, et les portes de l\u2019enfer ne pr\u00e9vaudront pas contre elle. \u00bb<br>\u2014 <em>Matthieu 16, 18<\/em><\/p>\n<\/blockquote>\n\n\n\n<p>Pierre n\u2019est pas un simple ap\u00f4tre parmi d\u2019autres. Il est la pierre. \u00c0 lui fut confi\u00e9 le pouvoir de \u00ab lier et d\u00e9lier \u00bb, et \u00e0 lui \u2014 et \u00e0 ses successeurs \u2014 a \u00e9t\u00e9 donn\u00e9 la t\u00e2che de \u00ab affermir ses fr\u00e8res dans la foi \u00bb (<em>cf. Luc 22, 32<\/em>).<\/p>\n\n\n\n<p>Le Concile Vatican I (1870) a d\u00e9fini dogmatiquement la <strong>primaut\u00e9 de juridiction<\/strong> et <strong>l\u2019infaillibilit\u00e9 du Pape<\/strong> en mati\u00e8re de foi et de morale lorsqu\u2019il parle <em>ex cathedra<\/em>. Cela ne signifie pas que le Pape ne peut pas se tromper dans ses opinions personnelles ou ses d\u00e9cisions prudentes, mais qu\u2019en tant que Pasteur universel, il est prot\u00e9g\u00e9 par l\u2019Esprit Saint lorsqu\u2019il d\u00e9finit solennellement des v\u00e9rit\u00e9s r\u00e9v\u00e9l\u00e9es.<\/p>\n\n\n\n<p>\u00catre \u00ab papiste \u00bb, ce n\u2019est pas idol\u00e2trer un homme, mais <strong>reconna\u00eetre l\u2019autorit\u00e9 que le Christ lui-m\u00eame a confi\u00e9e<\/strong> pour guider son \u00c9glise.<\/p>\n\n\n\n<hr class=\"wp-block-separator has-alpha-channel-opacity\"\/>\n\n\n\n<h2 class=\"wp-block-heading\">3. L\u2019UTILISATION D\u00c9ROGATOIRE DU TERME : UNE HISTOIRE DE CALOMNIES<\/h2>\n\n\n\n<p>Au fil des si\u00e8cles, notamment dans les pays \u00e0 majorit\u00e9 protestante, le mot \u00ab papiste \u00bb a servi \u00e0 accuser les catholiques de :<\/p>\n\n\n\n<ul class=\"wp-block-list\">\n<li><strong>Idol\u00e2trie<\/strong> : on disait qu\u2019ils adoraient le Pape comme un dieu ;<\/li>\n\n\n\n<li><strong>Fanatisme<\/strong> : ils \u00e9taient pr\u00e9sent\u00e9s comme incapables de penser par eux-m\u00eames ;<\/li>\n\n\n\n<li><strong>Trahison politique<\/strong> : on supposait que leur fid\u00e9lit\u00e9 au Pape les emp\u00eachait d\u2019\u00eatre patriotes ;<\/li>\n\n\n\n<li><strong>Ignorance religieuse<\/strong> : ils \u00e9taient accus\u00e9s de ne pas lire la Bible par eux-m\u00eames.<\/li>\n<\/ul>\n\n\n\n<p>Ces accusations sont facilement r\u00e9fut\u00e9es :<\/p>\n\n\n\n<ul class=\"wp-block-list\">\n<li><strong>Nous n\u2019adorons pas le Pape<\/strong> : La v\u00e9n\u00e9ration du Pape est institutionnelle, non divine. Seul Dieu m\u00e9rite l\u2019adoration (<em>latrie<\/em>), les saints re\u00e7oivent la v\u00e9n\u00e9ration (<em>dulie<\/em>), et le Pape, en tant que chef visible de l\u2019\u00c9glise, re\u00e7oit le respect (<em>ob\u00e9issance canonique<\/em>), mais jamais l\u2019adoration.<\/li>\n\n\n\n<li><strong>La foi ne supprime pas la raison<\/strong> : Le catholicisme a donn\u00e9 au monde des philosophes, des scientifiques, des \u00e9crivains et des th\u00e9ologiens qui ont r\u00e9fl\u00e9chi de mani\u00e8re critique \u00e0 la foi. En r\u00e9alit\u00e9, la foi catholique favorise l\u2019usage de la raison \u00e9clair\u00e9e par la R\u00e9v\u00e9lation.<\/li>\n\n\n\n<li><strong>La fid\u00e9lit\u00e9 n\u2019est pas l\u2019esclavage<\/strong> : La loyaut\u00e9 envers le Pape ne signifie pas l\u2019absence de pens\u00e9e critique, mais <em>le discernement dans la communion<\/em> et l\u2019ouverture \u00e0 l\u2019Esprit qui guide l\u2019\u00c9glise \u00e0 travers ses pasteurs l\u00e9gitimes.<\/li>\n<\/ul>\n\n\n\n<hr class=\"wp-block-separator has-alpha-channel-opacity\"\/>\n\n\n\n<h2 class=\"wp-block-heading\">4. APPLICATION PRATIQUE : COMMENT \u00caTRE PAPISTE AUJOURD\u2019HUI SANS TOMBER DANS LES EXTR\u00caMES<\/h2>\n\n\n\n<h3 class=\"wp-block-heading\">\u2714\ufe0f \u00catre papiste <strong>ne signifie pas \u00eatre papol\u00e2tre<\/strong><\/h3>\n\n\n\n<p>Certains pensent que la fid\u00e9lit\u00e9 au Pape signifie justifier tout ce qu\u2019il dit ou fait, m\u00eame dans les domaines non doctrinaux. C\u2019est une erreur. L\u2019ob\u00e9issance au Pape a des limites bien d\u00e9finies : <strong>la foi, la morale et l\u2019unit\u00e9 eccl\u00e9siale<\/strong>. Il ne faut pas transformer le Pape en oracle absolu, mais il ne faut pas non plus utiliser chaque d\u00e9saccord comme pr\u00e9texte pour d\u00e9sob\u00e9ir ou diviser.<\/p>\n\n\n\n<h3 class=\"wp-block-heading\">\u2714\ufe0f \u00catre papiste <strong>ne signifie pas \u00eatre acritiques<\/strong><\/h3>\n\n\n\n<p>Le Pape n\u2019est pas impeccable. Il est l\u00e9gitime, et m\u00eame n\u00e9cessaire, d\u2019\u00eatre en d\u00e9saccord respectueux avec ses opinions personnelles ou ses d\u00e9cisions administratives, toujours dans l\u2019amour de l\u2019\u00c9glise. Saint Paul a corrig\u00e9 publiquement saint Pierre (<em>cf. Galates 2, 11\u201314<\/em>), mais il n\u2019a jamais remis en question sa primaut\u00e9.<\/p>\n\n\n\n<h3 class=\"wp-block-heading\">\u2714\ufe0f \u00catre papiste <strong>signifie vivre en communion<\/strong><\/h3>\n\n\n\n<p>Un catholique fid\u00e8le au Pape prie pour lui, l\u2019\u00e9coute, le d\u00e9fend lorsqu\u2019il est injustement attaqu\u00e9, et s\u2019efforce de vivre en harmonie avec le Magist\u00e8re authentique. La fid\u00e9lit\u00e9 au Pape est un signe d\u2019unit\u00e9, et non d\u2019uniformit\u00e9.<\/p>\n\n\n\n<hr class=\"wp-block-separator has-alpha-channel-opacity\"\/>\n\n\n\n<h2 class=\"wp-block-heading\">5. GUIDE TH\u00c9OLOGIQUE ET PASTORAL : VIVRE UNE SPIRITUALIT\u00c9 \u00ab PAPISTE \u00bb<\/h2>\n\n\n\n<h3 class=\"wp-block-heading\">\ud83d\udd4a\ufe0f 1. <strong>Formation solide<\/strong><\/h3>\n\n\n\n<p>\u00c9tudiez le Cat\u00e9chisme de l\u2019\u00c9glise catholique et les documents magist\u00e9riels. Cela vous aidera \u00e0 distinguer l\u2019essentiel de l\u2019opinion. Rappelez-vous : tout ce qui vient de Rome n\u2019est pas dogme, mais tout ne peut pas \u00eatre rejet\u00e9 comme insignifiant non plus.<\/p>\n\n\n\n<h3 class=\"wp-block-heading\">\ud83d\ude4f 2. <strong>Pri\u00e8re pour le Pape<\/strong><\/h3>\n\n\n\n<p>Ajoutez une pri\u00e8re quotidienne pour le Saint-P\u00e8re dans vos intentions. Il porte le poids de toute l\u2019\u00c9glise. Comme l\u2019a dit le cardinal Sarah : <em>\u00ab Le Pape est l\u2019homme le plus seul du monde. \u00bb<\/em><\/p>\n\n\n\n<blockquote class=\"wp-block-quote is-layout-flow wp-block-quote-is-layout-flow\">\n<p>\u00ab Je recommande donc, avant tout, qu&rsquo;on fasse des demandes, des pri\u00e8res, des supplications, des actions de gr\u00e2ces pour tous les hommes, [\u2026] pour tous ceux qui sont \u00e9lev\u00e9s en dignit\u00e9. \u00bb<br>\u2014 <em>1 Timoth\u00e9e 2, 1\u20132<\/em><\/p>\n<\/blockquote>\n\n\n\n<h3 class=\"wp-block-heading\">\ud83d\udcd6 3. <strong>Discernement spirituel<\/strong><\/h3>\n\n\n\n<p>Tout ce qui est publi\u00e9 dans les m\u00e9dias ou sur les r\u00e9seaux sociaux au sujet du Pape n\u2019est pas vrai. Ne paniquez pas \u00e0 cause des titres alarmistes. Consultez les sources officielles : <em>Vatican.va<\/em>, <em>Lumen Gentium<\/em>, le <em>Code de droit canonique<\/em>. Informez-vous, ne vous laissez pas manipuler.<\/p>\n\n\n\n<h3 class=\"wp-block-heading\">\ud83d\udee1\ufe0f 4. <strong>D\u00e9fense de la foi<\/strong><\/h3>\n\n\n\n<p>Lorsqu\u2019on se moque de votre fid\u00e9lit\u00e9 au Pape, r\u00e9pondez avec clart\u00e9 et charit\u00e9. L\u2019apolog\u00e9tique n\u2019est pas de l\u2019arrogance, mais un acte d\u2019amour pour la v\u00e9rit\u00e9. N\u2019ayez pas peur de vous dire papiste si cela signifie \u00eatre catholique jusqu\u2019au bout.<\/p>\n\n\n\n<h3 class=\"wp-block-heading\">\ud83e\udd1d 5. <strong>Unit\u00e9 dans la diversit\u00e9<\/strong><\/h3>\n\n\n\n<p>Appr\u00e9ciez la richesse de l\u2019\u00c9glise : charismatiques, traditionalistes, religieux, la\u00efcs, jeunes et anciens&#8230; La communion avec le Pape est le lien qui unit tous. Ne tombez pas dans le sectarisme interne. Le vrai papiste recherche l\u2019unit\u00e9 sans compromettre la v\u00e9rit\u00e9.<\/p>\n\n\n\n<hr class=\"wp-block-separator has-alpha-channel-opacity\"\/>\n\n\n\n<h2 class=\"wp-block-heading\">6. REPRENDRE LE TITRE : LA FIERT\u00c9 D\u2019\u00caTRE \u00ab PAPISTE \u00bb<\/h2>\n\n\n\n<p>Dans un monde qui m\u00e9prise l\u2019autorit\u00e9, la fid\u00e9lit\u00e9 et la v\u00e9rit\u00e9 r\u00e9v\u00e9l\u00e9e, <strong>\u00eatre papiste est un acte r\u00e9volutionnaire d\u2019amour et de communion<\/strong>. Ce n\u2019est plus une insulte, mais un signe d\u2019identit\u00e9. Cela proclame que <strong>le Christ ne nous a pas laiss\u00e9s orphelins<\/strong>, mais qu\u2019il continue \u00e0 guider son \u00c9glise \u00e0 travers Pierre.<\/p>\n\n\n\n<p>Cela dit au monde :<br><em>\u00ab Oui, je suis le Pape. Non pas parce que j\u2019adore un homme, mais parce que je crois en un Dieu qui b\u00e2tit son \u00c9glise sur un roc visible. \u00bb<\/em><\/p>\n\n\n\n<hr class=\"wp-block-separator has-alpha-channel-opacity\"\/>\n\n\n\n<h2 class=\"wp-block-heading\">CONCLUSION<\/h2>\n\n\n\n<p>En temps de confusion, de polarisation et d\u2019attaques internes comme externes contre l\u2019\u00c9glise, \u00eatre \u00ab papiste \u00bb est plus n\u00e9cessaire que jamais. Non comme un fanatisme aveugle, mais comme une <strong>expression m\u00fbre de la foi eccl\u00e9siale<\/strong>. Non comme une ob\u00e9issance servile, mais comme un acte libre d\u2019amour, de fid\u00e9lit\u00e9 et d\u2019esp\u00e9rance dans les promesses du Christ.<\/p>\n\n\n\n<p><strong>N\u2019ayez pas honte d\u2019\u00eatre appel\u00e9 papiste.<\/strong> Au contraire : portez-le comme saint Jean Fisher et saint Thomas More \u2014 avec foi, joie et courage.<\/p>\n\n\n\n<blockquote class=\"wp-block-quote is-layout-flow wp-block-quote-is-layout-flow\">\n<p>\u00ab L\u00e0 o\u00f9 est Pierre, l\u00e0 est l\u2019\u00c9glise. \u00bb<br>\u2014 <em>Saint Ambroise de Milan<\/em><\/p>\n<\/blockquote>\n\n\n\n<hr class=\"wp-block-separator has-alpha-channel-opacity\"\/>\n\n\n\n<p><strong>Oserez-vous vivre votre foi comme un v\u00e9ritable papiste ?<\/strong><\/p>\n\n\n\n<p>Que l\u2019Esprit Saint nous affermisse dans la fid\u00e9lit\u00e9, et que Marie, M\u00e8re de l\u2019\u00c9glise, interc\u00e8de pour nous. Amen.<\/p>\n","protected":false},"excerpt":{"rendered":"<p>INTRODUCTION \u00ab Papiste. \u00bb Un mot court, mais charg\u00e9 de si\u00e8cles de controverse, de pr\u00e9jug\u00e9s et \u2014 paradoxalement \u2014 de v\u00e9rit\u00e9. Utilis\u00e9 historiquement comme une insulte, le mot \u00ab papiste \u00bb a \u00e9t\u00e9 lanc\u00e9 aux catholiques fid\u00e8les au Pape comme une accusation de fanatisme, de soumission aveugle ou d\u2019h\u00e9r\u00e9sie voil\u00e9e. Mais si je vous disais &hellip;<\/p>\n","protected":false},"author":3,"featured_media":4223,"comment_status":"open","ping_status":"open","sticky":false,"template":"","format":"standard","meta":{"_seopress_robots_primary_cat":"","_seopress_titles_title":"","_seopress_titles_desc":"","_seopress_robots_index":"","footnotes":""},"categories":[48,38],"tags":[1421],"class_list":["post-4222","post","type-post","status-publish","format-standard","has-post-thumbnail","","category-histoire-de-leglise","category-histoire-et-tradition","tag-papiste"],"_links":{"self":[{"href":"https:\/\/catholicus.eu\/fr\/wp-json\/wp\/v2\/posts\/4222","targetHints":{"allow":["GET"]}}],"collection":[{"href":"https:\/\/catholicus.eu\/fr\/wp-json\/wp\/v2\/posts"}],"about":[{"href":"https:\/\/catholicus.eu\/fr\/wp-json\/wp\/v2\/types\/post"}],"author":[{"embeddable":true,"href":"https:\/\/catholicus.eu\/fr\/wp-json\/wp\/v2\/users\/3"}],"replies":[{"embeddable":true,"href":"https:\/\/catholicus.eu\/fr\/wp-json\/wp\/v2\/comments?post=4222"}],"version-history":[{"count":1,"href":"https:\/\/catholicus.eu\/fr\/wp-json\/wp\/v2\/posts\/4222\/revisions"}],"predecessor-version":[{"id":4224,"href":"https:\/\/catholicus.eu\/fr\/wp-json\/wp\/v2\/posts\/4222\/revisions\/4224"}],"wp:featuredmedia":[{"embeddable":true,"href":"https:\/\/catholicus.eu\/fr\/wp-json\/wp\/v2\/media\/4223"}],"wp:attachment":[{"href":"https:\/\/catholicus.eu\/fr\/wp-json\/wp\/v2\/media?parent=4222"}],"wp:term":[{"taxonomy":"category","embeddable":true,"href":"https:\/\/catholicus.eu\/fr\/wp-json\/wp\/v2\/categories?post=4222"},{"taxonomy":"post_tag","embeddable":true,"href":"https:\/\/catholicus.eu\/fr\/wp-json\/wp\/v2\/tags?post=4222"}],"curies":[{"name":"wp","href":"https:\/\/api.w.org\/{rel}","templated":true}]}}