{"id":4202,"date":"2025-05-28T23:52:05","date_gmt":"2025-05-28T21:52:05","guid":{"rendered":"https:\/\/catholicus.eu\/fr\/?p=4202"},"modified":"2025-05-28T23:52:05","modified_gmt":"2025-05-28T21:52:05","slug":"ame-et-esprit-la-difference-profonde-que-tout-catholique-doit-connaitre-pour-vivre-dans-la-grace","status":"publish","type":"post","link":"https:\/\/catholicus.eu\/fr\/ame-et-esprit-la-difference-profonde-que-tout-catholique-doit-connaitre-pour-vivre-dans-la-grace\/","title":{"rendered":"\u00c2me et Esprit : La Diff\u00e9rence Profonde que Tout Catholique Doit Conna\u00eetre pour Vivre dans la Gr\u00e2ce"},"content":{"rendered":"\n<p>Dans un monde effr\u00e9n\u00e9, o\u00f9 le mat\u00e9rialisme et les distractions nous \u00e9loignent de l\u2019essentiel, de nombreux chr\u00e9tiens se demandent :&nbsp;<em>Que suis-je vraiment ? Seulement un corps ? Ai-je une \u00e2me ? Et qu\u2019est-ce que l\u2019esprit ?<\/em>&nbsp;Ces questions ne sont pas nouvelles, mais aujourd\u2019hui plus que jamais, nous avons besoin de r\u00e9ponses claires et profondes pour vivre une foi authentique.<\/p>\n\n\n\n<p>La distinction entre&nbsp;<em>l\u2019\u00e2me<\/em>&nbsp;et&nbsp;<em>l\u2019esprit<\/em>&nbsp;est cruciale pour comprendre notre nature, notre relation avec Dieu et le chemin vers la saintet\u00e9. Bien qu\u2019elles soient souvent utilis\u00e9es comme synonymes, la Bible et la Tradition de l\u2019\u00c9glise r\u00e9v\u00e8lent des nuances profondes qui transformeront votre vie spirituelle si vous les appliquez.<\/p>\n\n\n\n<h2 class=\"wp-block-heading\"><strong>1. Que dit la Bible ? Le Fondement de la Foi<\/strong><\/h2>\n\n\n\n<p>La Parole de Dieu nous donne des indices clairs sur cette distinction. L\u2019un des passages les plus r\u00e9v\u00e9lateurs est :<\/p>\n\n\n\n<blockquote class=\"wp-block-quote is-layout-flow wp-block-quote-is-layout-flow\">\n<p><em>\u00ab Car la parole de Dieu est vivante et efficace, plus tranchante qu\u2019une \u00e9p\u00e9e \u00e0 deux tranchants, p\u00e9n\u00e9trante jusqu\u2019\u00e0 s\u00e9parer \u00e2me et esprit, jointures et moelle ; elle juge les sentiments et les pens\u00e9es du c\u0153ur. \u00bb<\/em>&nbsp;(H\u00e9breux 4:12)<\/p>\n<\/blockquote>\n\n\n\n<p>Ce verset montre que&nbsp;<em>l\u2019\u00e2me<\/em>&nbsp;et&nbsp;<em>l\u2019esprit<\/em>&nbsp;ne sont pas identiques, bien qu\u2019ils soient intimement li\u00e9s. Mais en quoi diff\u00e8rent-ils ?<\/p>\n\n\n\n<h2 class=\"wp-block-heading\"><strong>2. L\u2019\u00c2me : Le Principe de Vie qui Nous Unit au Corps<\/strong><\/h2>\n\n\n\n<p>L\u2019<em>\u00e2me<\/em>&nbsp;(en h\u00e9breu&nbsp;<em>n\u00e9fesh<\/em>, en grec&nbsp;<em>psych\u00e9<\/em>) est le principe vital qui donne vie au corps. Selon le Cat\u00e9chisme de l\u2019\u00c9glise Catholique (CEC 363),&nbsp;<strong>l\u2019\u00e2me spirituelle est immortelle<\/strong>&nbsp;et ne p\u00e9rit pas lorsque le corps meurt, mais s\u2019en s\u00e9pare jusqu\u2019\u00e0 la r\u00e9surrection finale.<\/p>\n\n\n\n<h3 class=\"wp-block-heading\"><strong>Caract\u00e9ristiques de l\u2019\u00c2me :<\/strong><\/h3>\n\n\n\n<ul class=\"wp-block-list\">\n<li><strong>Elle est cr\u00e9\u00e9e directement par Dieu<\/strong>\u00a0au moment de la conception.<\/li>\n\n\n\n<li><strong>Elle est le si\u00e8ge de nos facult\u00e9s<\/strong>\u00a0: intellect, volont\u00e9, \u00e9motions et m\u00e9moire.<\/li>\n\n\n\n<li><strong>Elle peut pencher vers le bien ou le mal<\/strong>, car elle poss\u00e8de le libre arbitre.<\/li>\n\n\n\n<li><strong>Elle est individuelle<\/strong>\u00a0: chaque personne a une \u00e2me unique et irrempla\u00e7able.<\/li>\n<\/ul>\n\n\n\n<p>L\u2019\u00e2me est ce qui nous rend humains, mais elle n\u2019est pas la partie la plus \u00e9lev\u00e9e de notre \u00eatre.<\/p>\n\n\n\n<h2 class=\"wp-block-heading\"><strong>3. L\u2019Esprit : L\u2019\u00c9tincelle Divine qui Nous Relie \u00e0 Dieu<\/strong><\/h2>\n\n\n\n<p>L\u2019<em>esprit<\/em>&nbsp;(en h\u00e9breu&nbsp;<em>ruach<\/em>, en grec&nbsp;<em>pneuma<\/em>) est la dimension la plus haute de l\u2019\u00eatre humain, celle qui est faite pour la communion avec Dieu. Alors que l\u2019\u00e2me nous relie au monde naturel,&nbsp;<strong>l\u2019esprit nous permet d\u2019entrer en contact avec le divin<\/strong>.<\/p>\n\n\n\n<h3 class=\"wp-block-heading\"><strong>Caract\u00e9ristiques de l\u2019Esprit :<\/strong><\/h3>\n\n\n\n<ul class=\"wp-block-list\">\n<li><strong>C\u2019est l\u00e0 que demeure l\u2019Esprit Saint<\/strong>\u00a0chez les baptis\u00e9s (1 Corinthiens 6:19).<\/li>\n\n\n\n<li><strong>Il nous rend capables de pri\u00e8re profonde et de vie surnaturelle<\/strong>.<\/li>\n\n\n\n<li><strong>Il est \u00ab\u00a0l\u2019\u0153il de l\u2019\u00e2me\u00a0\u00bb qui per\u00e7oit Dieu<\/strong>\u00a0(Saint Jean de la Croix).<\/li>\n\n\n\n<li><strong>Il peut \u00eatre \u00ab\u00a0endormi\u00a0\u00bb chez ceux qui vivent loin de la gr\u00e2ce<\/strong>, mais s\u2019\u00e9veille par la conversion.<\/li>\n<\/ul>\n\n\n\n<p>Saint Paul l\u2019explique clairement :<\/p>\n\n\n\n<blockquote class=\"wp-block-quote is-layout-flow wp-block-quote-is-layout-flow\">\n<p><em>\u00ab L\u2019homme naturel ne re\u00e7oit pas les choses de l\u2019Esprit de Dieu, car elles sont une folie pour lui, et il ne peut les conna\u00eetre, parce que c\u2019est spirituellement qu\u2019on en juge. \u00bb<\/em>&nbsp;(1 Corinthiens 2:14)<\/p>\n<\/blockquote>\n\n\n\n<p>Cela signifie que&nbsp;<strong>sans une vie spirituelle active, l\u2019homme reste r\u00e9duit au psychologique (l\u2019\u00e2me) et au mat\u00e9riel (le corps), incapable de comprendre les choses de Dieu<\/strong>.<\/p>\n\n\n\n<h2 class=\"wp-block-heading\"><strong>4. Histoire de la Distinction : Des P\u00e8res de l\u2019\u00c9glise \u00e0 Aujourd\u2019hui<\/strong><\/h2>\n\n\n\n<p>Les premiers th\u00e9ologiens chr\u00e9tiens, comme&nbsp;<strong>Saint Augustin et Saint Thomas d\u2019Aquin<\/strong>, ont approfondi cet enseignement. Saint Thomas explique que :<\/p>\n\n\n\n<ul class=\"wp-block-list\">\n<li><strong>L\u2019\u00e2me est la forme du corps<\/strong>\u00a0(ce qui le rend vivant et humain).<\/li>\n\n\n\n<li><strong>L\u2019esprit est la capacit\u00e9 de transcender vers Dieu<\/strong>.<\/li>\n<\/ul>\n\n\n\n<p>Plus tard, les mystiques comme&nbsp;<strong>Sainte Th\u00e9r\u00e8se d\u2019Avila et Saint Jean de la Croix<\/strong>&nbsp;ont d\u00e9crit comment l\u2019esprit se purifie dans la pri\u00e8re jusqu\u2019\u00e0 atteindre l\u2019union mystique avec Dieu.<\/p>\n\n\n\n<p>Aujourd\u2019hui, le s\u00e9cularisme a fait que beaucoup vivent&nbsp;<strong>\u00ab\u00a0an\u00e9miques spirituellement\u00a0\u00bb<\/strong>, pr\u00e9occup\u00e9s uniquement par le mat\u00e9riel et l\u2019\u00e9motionnel (l\u2019\u00e2me), oubliant qu\u2019ils sont appel\u00e9s \u00e0 une vie dans l\u2019Esprit.<\/p>\n\n\n\n<h2 class=\"wp-block-heading\"><strong>5. Guide Pratique : Comment Cultiver l\u2019\u00c2me et l\u2019Esprit pour Vivre en Pl\u00e9nitude ?<\/strong><\/h2>\n\n\n\n<h3 class=\"wp-block-heading\"><strong>Pour l\u2019\u00c2me (Vie Psychologique et Morale) :<\/strong><\/h3>\n\n\n\n<ol start=\"1\" class=\"wp-block-list\">\n<li><strong>Examinez vos pens\u00e9es et \u00e9motions<\/strong>\u00a0: Vos passions vous dominent-elles, ou les ma\u00eetrisez-vous par la vertu ?<\/li>\n\n\n\n<li><strong>Formez votre conscience<\/strong>\u00a0: \u00c9tudiez le Cat\u00e9chisme et la morale catholique.<\/li>\n\n\n\n<li><strong>Pratiquez la ma\u00eetrise de soi<\/strong>\u00a0: Je\u00fbnez, faites des sacrifices, dominez vos impulsions.<\/li>\n<\/ol>\n\n\n\n<h3 class=\"wp-block-heading\"><strong>Pour l\u2019Esprit (Vie Surnaturelle) :<\/strong><\/h3>\n\n\n\n<ol start=\"1\" class=\"wp-block-list\">\n<li><strong>Pri\u00e8re quotidienne profonde<\/strong>\u00a0: Ne vous contentez pas de r\u00e9citer des pri\u00e8res, \u00e9coutez Dieu dans le silence.<\/li>\n\n\n\n<li><strong>Vivez dans la gr\u00e2ce sanctifiante<\/strong>\u00a0: Confessez-vous fr\u00e9quemment et recevez l\u2019Eucharistie avec d\u00e9votion.<\/li>\n\n\n\n<li><strong>Lecture spirituelle de la Bible<\/strong>\u00a0: Laissez la Parole p\u00e9n\u00e9trer votre esprit (H\u00e9breux 4:12).<\/li>\n\n\n\n<li><strong>Discernement spirituel<\/strong>\u00a0: Demandez \u00e0 l\u2019Esprit Saint de guider vos d\u00e9cisions.<\/li>\n<\/ol>\n\n\n\n<h2 class=\"wp-block-heading\"><strong>Conclusion : Un Appel \u00e0 Vivre en Pl\u00e9nitude<\/strong><\/h2>\n\n\n\n<p>Nous ne sommes pas seulement un corps, ni seulement une \u00e2me.&nbsp;<strong>Nous sommes esprit destin\u00e9 \u00e0 l\u2019\u00e9ternit\u00e9<\/strong>. Si nous n\u00e9gligeons cette dimension, notre vie restera superficielle. Mais si nous cultivons l\u2019esprit, nous trouverons la paix, un but et un amour plus grand que nous-m\u00eames.<\/p>\n\n\n\n<p>Aujourd\u2019hui, demandez-vous :&nbsp;<strong>Est-ce que je nourris seulement mon \u00e2me (\u00e9motions, d\u00e9sirs, pens\u00e9es) ou aussi mon esprit (pri\u00e8re, sacrements, vie en Dieu) ?<\/strong><\/p>\n\n\n\n<p>Que la Tr\u00e8s Sainte Vierge Marie,&nbsp;<em>Reine des Anges et de tous les Saints<\/em>, nous guide vers une vie o\u00f9 l\u2019\u00e2me et l\u2019esprit sont en harmonie, toujours tourn\u00e9s vers le Ciel.<\/p>\n\n\n\n<p><strong>Et vous, avez-vous d\u00e9j\u00e0 ressenti la diff\u00e9rence entre votre \u00e2me et votre esprit ?<\/strong>&nbsp;Partagez dans les commentaires comment vous vivez cette dimension spirituelle au quotidien.<\/p>\n\n\n\n<p><em>Que Dieu vous b\u00e9nisse !<\/em><\/p>\n","protected":false},"excerpt":{"rendered":"<p>Dans un monde effr\u00e9n\u00e9, o\u00f9 le mat\u00e9rialisme et les distractions nous \u00e9loignent de l\u2019essentiel, de nombreux chr\u00e9tiens se demandent :&nbsp;Que suis-je vraiment ? Seulement un corps ? Ai-je une \u00e2me ? Et qu\u2019est-ce que l\u2019esprit ?&nbsp;Ces questions ne sont pas nouvelles, mais aujourd\u2019hui plus que jamais, nous avons besoin de r\u00e9ponses claires et profondes pour &hellip;<\/p>\n","protected":false},"author":3,"featured_media":4203,"comment_status":"open","ping_status":"open","sticky":false,"template":"","format":"standard","meta":{"_seopress_robots_primary_cat":"","_seopress_titles_title":"","_seopress_titles_desc":"","_seopress_robots_index":"","footnotes":""},"categories":[43,37],"tags":[1416],"class_list":["post-4202","post","type-post","status-publish","format-standard","has-post-thumbnail","","category-catechisme-de-leglise-catholique","category-doctrine-et-foi","tag-ame-et-esprit"],"_links":{"self":[{"href":"https:\/\/catholicus.eu\/fr\/wp-json\/wp\/v2\/posts\/4202","targetHints":{"allow":["GET"]}}],"collection":[{"href":"https:\/\/catholicus.eu\/fr\/wp-json\/wp\/v2\/posts"}],"about":[{"href":"https:\/\/catholicus.eu\/fr\/wp-json\/wp\/v2\/types\/post"}],"author":[{"embeddable":true,"href":"https:\/\/catholicus.eu\/fr\/wp-json\/wp\/v2\/users\/3"}],"replies":[{"embeddable":true,"href":"https:\/\/catholicus.eu\/fr\/wp-json\/wp\/v2\/comments?post=4202"}],"version-history":[{"count":1,"href":"https:\/\/catholicus.eu\/fr\/wp-json\/wp\/v2\/posts\/4202\/revisions"}],"predecessor-version":[{"id":4204,"href":"https:\/\/catholicus.eu\/fr\/wp-json\/wp\/v2\/posts\/4202\/revisions\/4204"}],"wp:featuredmedia":[{"embeddable":true,"href":"https:\/\/catholicus.eu\/fr\/wp-json\/wp\/v2\/media\/4203"}],"wp:attachment":[{"href":"https:\/\/catholicus.eu\/fr\/wp-json\/wp\/v2\/media?parent=4202"}],"wp:term":[{"taxonomy":"category","embeddable":true,"href":"https:\/\/catholicus.eu\/fr\/wp-json\/wp\/v2\/categories?post=4202"},{"taxonomy":"post_tag","embeddable":true,"href":"https:\/\/catholicus.eu\/fr\/wp-json\/wp\/v2\/tags?post=4202"}],"curies":[{"name":"wp","href":"https:\/\/api.w.org\/{rel}","templated":true}]}}