{"id":4196,"date":"2025-05-28T21:58:33","date_gmt":"2025-05-28T19:58:33","guid":{"rendered":"https:\/\/catholicus.eu\/fr\/?p=4196"},"modified":"2025-05-28T21:58:34","modified_gmt":"2025-05-28T19:58:34","slug":"lalcoolisme-social-ou-est-la-limite-du-peche","status":"publish","type":"post","link":"https:\/\/catholicus.eu\/fr\/lalcoolisme-social-ou-est-la-limite-du-peche\/","title":{"rendered":"L\u2019alcoolisme social : O\u00f9 est la limite du p\u00e9ch\u00e9 ?"},"content":{"rendered":"\n<p><em>Un guide spirituel pour discerner, gu\u00e9rir et vivre sobrement dans le Christ<\/em><\/p>\n\n\n\n<hr class=\"wp-block-separator has-alpha-channel-opacity\"\/>\n\n\n\n<h3 class=\"wp-block-heading\">Introduction<\/h3>\n\n\n\n<p>Nous vivons dans une soci\u00e9t\u00e9 o\u00f9 la consommation d\u2019alcool n\u2019est pas seulement tol\u00e9r\u00e9e, mais souvent c\u00e9l\u00e9br\u00e9e. Il est pr\u00e9sent aux anniversaires, mariages, repas d\u2019entreprise, f\u00eates de No\u00ebl, r\u00e9unions familiales, et m\u00eame lors d\u2019\u00e9v\u00e9nements paroissiaux. Ce ph\u00e9nom\u00e8ne, connu sous le nom d\u2019<strong>alcoolisme social<\/strong>, consiste en une consommation fr\u00e9quente d\u2019alcool dans un contexte social, sans que la personne soit n\u00e9cessairement consid\u00e9r\u00e9e comme alcoolique au sens clinique. Cependant, o\u00f9 se situe la limite entre partager un verre et tomber dans le p\u00e9ch\u00e9 ? Que dit la foi catholique sur cette r\u00e9alit\u00e9 quotidienne mais profonde ?<\/p>\n\n\n\n<p>Cet article veut \u00eatre un <strong>guide pastoral, th\u00e9ologique et spirituel<\/strong> pour tous ceux qui d\u00e9sirent vivre leur foi de mani\u00e8re coh\u00e9rente dans un monde qui banalise souvent ce qui est sacr\u00e9 \u2014 y compris le soin du corps et de l\u2019\u00e2me. Nous voulons vous aider \u00e0 discerner clairement le r\u00f4le de l\u2019alcool dans la vie chr\u00e9tienne, sans moralisme mais aussi sans relativisme.<\/p>\n\n\n\n<hr class=\"wp-block-separator has-alpha-channel-opacity\"\/>\n\n\n\n<h3 class=\"wp-block-heading\">1. Un regard historique : Le vin dans la tradition biblique et chr\u00e9tienne<\/h3>\n\n\n\n<p>Le vin accompagne l\u2019humanit\u00e9 depuis l\u2019Antiquit\u00e9. Dans les <strong>Saintes \u00c9critures<\/strong>, sa pr\u00e9sence est constante et ambivalente : il peut \u00eatre signe de joie et de b\u00e9n\u00e9diction, mais aussi de perdition.<\/p>\n\n\n\n<ul class=\"wp-block-list\">\n<li><strong>Symbole de b\u00e9n\u00e9diction<\/strong> :<br>\u00ab Le vin r\u00e9jouit le c\u0153ur de l\u2019homme \u00bb (Ps 103, 15).<br>De plus, aux noces de Cana (Jn 2, 1\u201311), le premier miracle de J\u00e9sus consiste \u00e0 changer l\u2019eau en vin, annon\u00e7ant la joie du Royaume.<\/li>\n\n\n\n<li><strong>Symbole de perdition<\/strong> :<br>\u00ab Le vin est moqueur, la boisson forte est tumultueuse ; quiconque s\u2019y \u00e9gare n\u2019est pas sage \u00bb (Pr 20, 1).<br>Saint Paul avertit : \u00ab Ne vous enivrez pas de vin : il m\u00e8ne \u00e0 la d\u00e9bauche ; soyez plut\u00f4t remplis de l\u2019Esprit \u00bb (Ep 5, 18).<\/li>\n<\/ul>\n\n\n\n<p>Dans la <strong>liturgie catholique<\/strong>, le vin prend son sens le plus sacr\u00e9 : il est <strong>transform\u00e9 en Sang du Christ<\/strong> au cours de la Sainte Messe. Cela nous oblige \u00e0 une profonde r\u00e9v\u00e9rence pour cette boisson qui peut \u00eatre, \u00e0 la fois, signe de salut et de perdition.<\/p>\n\n\n\n<hr class=\"wp-block-separator has-alpha-channel-opacity\"\/>\n\n\n\n<h3 class=\"wp-block-heading\">2. Qu\u2019est-ce que l\u2019alcoolisme social ?<\/h3>\n\n\n\n<p>L\u2019<strong>alcoolisme social<\/strong> ne se d\u00e9finit pas tant par la quantit\u00e9 d\u2019alcool consomm\u00e9e que par sa <strong>normalisation culturelle et son r\u00f4le dans les interactions sociales<\/strong>. Boire n\u2019est pas seulement tol\u00e9r\u00e9, mais presque attendu dans certains contextes pour \u00ab s\u2019int\u00e9grer \u00bb, \u00ab se d\u00e9tendre \u00bb, \u00ab c\u00e9l\u00e9brer \u00bb, ou m\u00eame \u00ab survivre \u00bb \u00e0 la pression sociale.<\/p>\n\n\n\n<p>De nombreux chr\u00e9tiens sinc\u00e8res se posent la question :<\/p>\n\n\n\n<blockquote class=\"wp-block-quote is-layout-flow wp-block-quote-is-layout-flow\">\n<p>\u00ab Est-ce mal de trinquer avec du vin \u00e0 No\u00ebl ? \u00bb<br>\u00ab Est-ce un p\u00e9ch\u00e9 si je prends quelques verres avec des amis ? \u00bb<br>\u00ab Puis-je \u00eatre catholique pratiquant et boire de mani\u00e8re sociale ? \u00bb<\/p>\n<\/blockquote>\n\n\n\n<p>La r\u00e9ponse n\u2019est pas un simple \u00ab oui \u00bb ou \u00ab non \u00bb, mais une invitation au discernement.<\/p>\n\n\n\n<hr class=\"wp-block-separator has-alpha-channel-opacity\"\/>\n\n\n\n<h3 class=\"wp-block-heading\">3. Le crit\u00e8re moral : Quand l\u2019alcool devient-il un p\u00e9ch\u00e9 ?<\/h3>\n\n\n\n<p>Du point de vue moral, le <strong>Cat\u00e9chisme de l\u2019\u00c9glise catholique<\/strong> est clair :<\/p>\n\n\n\n<blockquote class=\"wp-block-quote is-layout-flow wp-block-quote-is-layout-flow\">\n<p><strong>\u00ab La vertu de temp\u00e9rance nous dispose \u00e0 \u00e9viter tout exc\u00e8s : l\u2019abus de nourriture, d\u2019alcool, de tabac ou de m\u00e9dicaments \u00bb<\/strong> (CEC 2290).<\/p>\n<\/blockquote>\n\n\n\n<p>Cela nous permet d\u2019identifier <strong>quatre niveaux d\u2019implication morale<\/strong> li\u00e9s \u00e0 l\u2019alcool :<\/p>\n\n\n\n<h4 class=\"wp-block-heading\">1. <strong>Usage mod\u00e9r\u00e9 et responsable (pas de p\u00e9ch\u00e9)<\/strong><\/h4>\n\n\n\n<p>Boire avec mod\u00e9ration, sans perdre le contr\u00f4le rationnel ni nuire \u00e0 autrui, n\u2019est pas en soi un p\u00e9ch\u00e9. Cela peut m\u00eame \u00eatre une expression de fraternit\u00e9 ou de f\u00eate l\u00e9gitime.<\/p>\n\n\n\n<h4 class=\"wp-block-heading\">2. <strong>Usage excessif occasionnel (p\u00e9ch\u00e9 v\u00e9niel ou mortel selon le cas)<\/strong><\/h4>\n\n\n\n<p>L\u2019ivresse occasionnelle peut \u00eatre un <strong>p\u00e9ch\u00e9 v\u00e9niel<\/strong> s\u2019il n\u2019y a pas pleine connaissance ou d\u00e9lib\u00e9ration. Si elle est commise sciemment, avec intention, et en connaissance des torts qu\u2019elle cause physiquement, moralement ou spirituellement, elle peut devenir un <strong>p\u00e9ch\u00e9 mortel<\/strong>.<\/p>\n\n\n\n<h4 class=\"wp-block-heading\">3. <strong>Ivrognerie habituelle (p\u00e9ch\u00e9 grave habituel)<\/strong><\/h4>\n\n\n\n<p>L\u2019ivresse r\u00e9p\u00e9t\u00e9e ou habituelle, en particulier si elle nuit \u00e0 la famille, au travail ou aux devoirs religieux, constitue une <strong>mati\u00e8re grave<\/strong> et un p\u00e9ch\u00e9 mortel.<\/p>\n\n\n\n<h4 class=\"wp-block-heading\">4. <strong>Scandale ou mauvais exemple (p\u00e9ch\u00e9 aggrav\u00e9)<\/strong><\/h4>\n\n\n\n<p>Si la consommation d\u2019alcool pousse autrui au p\u00e9ch\u00e9 (ex. : mineurs, personnes vuln\u00e9rables ou en sevrage), on commet un <strong>p\u00e9ch\u00e9 de scandale<\/strong>, qui est tr\u00e8s grave aux yeux de l\u2019\u00c9vangile :<\/p>\n\n\n\n<blockquote class=\"wp-block-quote is-layout-flow wp-block-quote-is-layout-flow\">\n<p>\u00ab Celui qui scandalisera un de ces petits qui croient en moi, mieux vaudrait pour lui qu\u2019on lui suspende au cou une meule de moulin et qu\u2019on le pr\u00e9cipite au fond de la mer \u00bb (Mt 18, 6).<\/p>\n<\/blockquote>\n\n\n\n<hr class=\"wp-block-separator has-alpha-channel-opacity\"\/>\n\n\n\n<h3 class=\"wp-block-heading\">4. La racine spirituelle : Que cherche le c\u0153ur en buvant ?<\/h3>\n\n\n\n<p>Souvent, le probl\u00e8me ne se trouve pas dans le verre, mais dans le <strong>vide int\u00e9rieur<\/strong> que l\u2019on tente de combler. L\u2019\u00e2me humaine a \u00e9t\u00e9 cr\u00e9\u00e9e pour \u00eatre <strong>combl\u00e9e par Dieu<\/strong>, mais quand nous nous \u00e9loignons de Lui, nous cherchons des substituts : alcool, plaisir, renomm\u00e9e, pouvoir\u2026<\/p>\n\n\n\n<p>Posez-vous sinc\u00e8rement la question :<\/p>\n\n\n\n<ul class=\"wp-block-list\">\n<li>Pourquoi est-ce que je bois ?<\/li>\n\n\n\n<li>Qu\u2019est-ce qui me manque au point de le chercher dans l\u2019alcool ?<\/li>\n\n\n\n<li>Suis-je en train de fuir, de chercher \u00e0 appartenir, \u00e0 avoir du courage ou \u00e0 oublier ?<\/li>\n<\/ul>\n\n\n\n<p>Dans de nombreux cas, l\u2019abus d\u2019alcool est <strong>le sympt\u00f4me d\u2019une blessure spirituelle plus profonde<\/strong> : manque de sens, tristesse, stress, traumatismes, vide existentiel.<\/p>\n\n\n\n<hr class=\"wp-block-separator has-alpha-channel-opacity\"\/>\n\n\n\n<h3 class=\"wp-block-heading\">5. Un guide pratique pour vivre la sobri\u00e9t\u00e9 chr\u00e9tienne<\/h3>\n\n\n\n<p>La sobri\u00e9t\u00e9 n\u2019est pas simplement l\u2019abstinence d\u2019alcool, mais <strong>une attitude spirituelle<\/strong>, une vertu faite de mod\u00e9ration, d\u2019\u00e9quilibre, de vigilance, et d\u2019ouverture \u00e0 la gr\u00e2ce de Dieu.<\/p>\n\n\n\n<h4 class=\"wp-block-heading\">A. <strong>Examinez votre conscience<\/strong><\/h4>\n\n\n\n<p>Posez-vous des questions concr\u00e8tes :<\/p>\n\n\n\n<ul class=\"wp-block-list\">\n<li>Est-ce que je perds le contr\u00f4le quand je bois ?<\/li>\n\n\n\n<li>Cela affecte-t-il n\u00e9gativement ma famille ou mon t\u00e9moignage chr\u00e9tien ?<\/li>\n\n\n\n<li>Est-ce que je justifie l\u2019injustifiable sous pr\u00e9texte social ?<\/li>\n\n\n\n<li>Pourrais-je \u00eatre un exemple pour un enfant ou un jeune qui m\u2019observe lorsque je consomme de l\u2019alcool ?<\/li>\n<\/ul>\n\n\n\n<h4 class=\"wp-block-heading\">B. <strong>Pratiquez la temp\u00e9rance<\/strong><\/h4>\n\n\n\n<p>La temp\u00e9rance est l\u2019une des quatre vertus cardinales. Elle est cette force int\u00e9rieure qui nous permet de dire \u00ab assez \u00bb quand quelque chose commence \u00e0 nous dominer. Il est essentiel de prier pour cette vertu.<\/p>\n\n\n\n<h4 class=\"wp-block-heading\">C. <strong>Recourez aux sacrements<\/strong><\/h4>\n\n\n\n<p>La confession est un moyen de gu\u00e9rison, pas seulement de pardon. N\u2019ayez pas peur d\u2019apporter humblement vos chutes au pr\u00eatre. L\u2019Eucharistie, quant \u00e0 elle, fortifie l\u2019\u00e2me et nous unit au vrai vin qui n\u2019enivre pas mais donne la vie \u00e9ternelle.<\/p>\n\n\n\n<h4 class=\"wp-block-heading\">D. <strong>Cherchez de l\u2019aide si n\u00e9cessaire<\/strong><\/h4>\n\n\n\n<p>Si vous sentez que vous ne pouvez pas arr\u00eater de boire, ou si l\u2019alcool commence \u00e0 dominer votre vie, <strong>vous n\u2019\u00eates pas seul<\/strong>. Il existe des mouvements catholiques comme <strong>les Alcooliques Anonymes d\u2019inspiration chr\u00e9tienne<\/strong>, des communaut\u00e9s de vie, des pr\u00eatres et des professionnels pr\u00eats \u00e0 vous aider.<\/p>\n\n\n\n<h4 class=\"wp-block-heading\">E. <strong>Soyez un t\u00e9moin de la libert\u00e9<\/strong><\/h4>\n\n\n\n<p>Nous vivons dans une culture asservie par l\u2019apparence et le plaisir. Un chr\u00e9tien qui vit sobrement, sans perdre la joie, <strong>est un phare dans la temp\u00eate<\/strong>. Votre exemple peut sauver plus de vies que vous ne l\u2019imaginez.<\/p>\n\n\n\n<hr class=\"wp-block-separator has-alpha-channel-opacity\"\/>\n\n\n\n<h3 class=\"wp-block-heading\">6. Un appel \u00e0 la libert\u00e9 int\u00e9rieure<\/h3>\n\n\n\n<p>Saint Paul \u00e9crit :<\/p>\n\n\n\n<blockquote class=\"wp-block-quote is-layout-flow wp-block-quote-is-layout-flow\">\n<p>\u00ab Tout m\u2019est permis \u00bb, mais tout n\u2019est pas utile ; \u00ab tout m\u2019est permis \u00bb, mais je ne me laisserai asservir par rien \u00bb (1 Co 6, 12).<\/p>\n<\/blockquote>\n\n\n\n<p>Voil\u00e0 la cl\u00e9 : <strong>la libert\u00e9 du chr\u00e9tien ne consiste pas \u00e0 faire ce que je veux, mais \u00e0 faire ce qui m\u2019\u00e9difie<\/strong> et ne m\u2019asservit pas. Le Christ nous appelle \u00e0 \u00eatre <strong>des hommes et des femmes libres<\/strong>, non d\u00e9pendants de quoi que ce soit ni de quiconque, mais <strong>remplis de l\u2019Esprit Saint<\/strong>.<\/p>\n\n\n\n<hr class=\"wp-block-separator has-alpha-channel-opacity\"\/>\n\n\n\n<h3 class=\"wp-block-heading\">7. Un message pour chacun<\/h3>\n\n\n\n<ul class=\"wp-block-list\">\n<li><strong>Si vous n\u2019avez jamais eu de probl\u00e8me avec l\u2019alcool<\/strong>, soyez reconnaissant et continuez \u00e0 cultiver la temp\u00e9rance. Soyez un exemple pour les autres.<\/li>\n\n\n\n<li><strong>Si vous \u00eates tomb\u00e9 dans l\u2019alcoolisme social<\/strong>, ne vous condamnez pas. R\u00e9fl\u00e9chissez, corrigez votre cap, et cherchez \u00e0 vivre avec plus d\u2019authenticit\u00e9.<\/li>\n\n\n\n<li><strong>Si vous \u00eates prisonnier d\u2019une d\u00e9pendance<\/strong>, n\u2019ayez pas peur : <strong>Dieu peut vous relever de l\u2019ab\u00eeme<\/strong>. Il existe des chemins de gu\u00e9rison, et vous n\u2019\u00eates pas seul.<\/li>\n<\/ul>\n\n\n\n<hr class=\"wp-block-separator has-alpha-channel-opacity\"\/>\n\n\n\n<h3 class=\"wp-block-heading\">Conclusion<\/h3>\n\n\n\n<p>L\u2019alcool n\u2019est pas l\u2019ennemi du chr\u00e9tien, mais il n\u2019est pas non plus son sauveur. <strong>Le Christ est le v\u00e9ritable vin qui apporte la joie sans gueule de bois, la force sans violence, la communion sans confusion<\/strong>. Il nous invite \u00e0 boire \u00e0 sa coupe : la coupe du sacrifice, du don de soi, de l\u2019amour qui lib\u00e8re.<\/p>\n\n\n\n<p>Dans un monde qui normalise l\u2019anormal, le chr\u00e9tien est appel\u00e9 \u00e0 discerner, \u00e0 vivre avec sagesse, et \u00e0 \u00eatre un signe de contradiction. Rappelons-nous : <strong>la limite du p\u00e9ch\u00e9 ne se trouve pas dans ce que vous buvez, mais dans ce que vous donnez de votre c\u0153ur \u00e0 ce qui n\u2019est pas Dieu.<\/strong><\/p>\n\n\n\n<hr class=\"wp-block-separator has-alpha-channel-opacity\"\/>\n\n\n\n<h3 class=\"wp-block-heading\">Pri\u00e8re finale<\/h3>\n\n\n\n<blockquote class=\"wp-block-quote is-layout-flow wp-block-quote-is-layout-flow\">\n<p>Seigneur J\u00e9sus,<br>Toi qui as donn\u00e9 le vin aux noces de Cana,<br>apprends-moi \u00e0 utiliser sagement les dons de cette vie.<br>Rends-moi sobre, temp\u00e9rant et libre.<br>D\u00e9livre-moi de toute esclavage,<br>et que je ne boive que de Ton amour,<br>source de la vie \u00e9ternelle. Amen.<\/p>\n<\/blockquote>\n","protected":false},"excerpt":{"rendered":"<p>Un guide spirituel pour discerner, gu\u00e9rir et vivre sobrement dans le Christ Introduction Nous vivons dans une soci\u00e9t\u00e9 o\u00f9 la consommation d\u2019alcool n\u2019est pas seulement tol\u00e9r\u00e9e, mais souvent c\u00e9l\u00e9br\u00e9e. Il est pr\u00e9sent aux anniversaires, mariages, repas d\u2019entreprise, f\u00eates de No\u00ebl, r\u00e9unions familiales, et m\u00eame lors d\u2019\u00e9v\u00e9nements paroissiaux. Ce ph\u00e9nom\u00e8ne, connu sous le nom d\u2019alcoolisme social, &hellip;<\/p>\n","protected":false},"author":3,"featured_media":4197,"comment_status":"open","ping_status":"open","sticky":false,"template":"","format":"standard","meta":{"_seopress_robots_primary_cat":"","_seopress_titles_title":"","_seopress_titles_desc":"","_seopress_robots_index":"","footnotes":""},"categories":[66,41],"tags":[1414],"class_list":["post-4196","post","type-post","status-publish","format-standard","has-post-thumbnail","","category-culture-populaire-et-catholicisme","category-foi-et-culture","tag-alcoolisme"],"_links":{"self":[{"href":"https:\/\/catholicus.eu\/fr\/wp-json\/wp\/v2\/posts\/4196","targetHints":{"allow":["GET"]}}],"collection":[{"href":"https:\/\/catholicus.eu\/fr\/wp-json\/wp\/v2\/posts"}],"about":[{"href":"https:\/\/catholicus.eu\/fr\/wp-json\/wp\/v2\/types\/post"}],"author":[{"embeddable":true,"href":"https:\/\/catholicus.eu\/fr\/wp-json\/wp\/v2\/users\/3"}],"replies":[{"embeddable":true,"href":"https:\/\/catholicus.eu\/fr\/wp-json\/wp\/v2\/comments?post=4196"}],"version-history":[{"count":1,"href":"https:\/\/catholicus.eu\/fr\/wp-json\/wp\/v2\/posts\/4196\/revisions"}],"predecessor-version":[{"id":4198,"href":"https:\/\/catholicus.eu\/fr\/wp-json\/wp\/v2\/posts\/4196\/revisions\/4198"}],"wp:featuredmedia":[{"embeddable":true,"href":"https:\/\/catholicus.eu\/fr\/wp-json\/wp\/v2\/media\/4197"}],"wp:attachment":[{"href":"https:\/\/catholicus.eu\/fr\/wp-json\/wp\/v2\/media?parent=4196"}],"wp:term":[{"taxonomy":"category","embeddable":true,"href":"https:\/\/catholicus.eu\/fr\/wp-json\/wp\/v2\/categories?post=4196"},{"taxonomy":"post_tag","embeddable":true,"href":"https:\/\/catholicus.eu\/fr\/wp-json\/wp\/v2\/tags?post=4196"}],"curies":[{"name":"wp","href":"https:\/\/api.w.org\/{rel}","templated":true}]}}