{"id":4177,"date":"2025-05-28T00:03:30","date_gmt":"2025-05-27T22:03:30","guid":{"rendered":"https:\/\/catholicus.eu\/fr\/?p=4177"},"modified":"2025-05-28T00:03:30","modified_gmt":"2025-05-27T22:03:30","slug":"construis-un-petit-coin-de-ciel-chez-toi-conseils-theologiques-et-pratiques-pour-installer-ton-propre-autel-domestique","status":"publish","type":"post","link":"https:\/\/catholicus.eu\/fr\/construis-un-petit-coin-de-ciel-chez-toi-conseils-theologiques-et-pratiques-pour-installer-ton-propre-autel-domestique\/","title":{"rendered":"Construis un petit coin de Ciel chez toi : conseils th\u00e9ologiques et pratiques pour installer ton propre autel domestique"},"content":{"rendered":"\n<p><strong>INTRODUCTION : LA MAISON, UNE \u00c9GLISE DOMESTIQUE<\/strong><\/p>\n\n\n\n<p>Dans un monde de plus en plus rapide, num\u00e9ris\u00e9, souvent spirituellement affam\u00e9, retrouver des espaces de pri\u00e8re et de recueillement au sein de nos foyers est devenu une n\u00e9cessit\u00e9 urgente. Installer un autel chez soi n\u2019est pas une simple d\u00e9coration pieuse. Th\u00e9ologiquement parlant, c\u2019est la manifestation vivante de ce que l\u2019\u00c9glise appelle <em>\u00ab l\u2019\u00c9glise domestique \u00bb<\/em> : un lieu o\u00f9 le Christ habite, o\u00f9 la famille se rassemble non seulement pour se nourrir physiquement, mais aussi spirituellement.<\/p>\n\n\n\n<p>\u00ab Car l\u00e0 o\u00f9 deux ou trois sont r\u00e9unis en mon nom, je suis au milieu d\u2019eux \u00bb (Mt 18,20). Cette promesse de J\u00e9sus n\u2019est pas un id\u00e9al abstrait, mais une r\u00e9alit\u00e9 concr\u00e8te qui peut \u2014 et doit \u2014 s\u2019incarner dans les murs de ton foyer. Cet article t\u2019accompagnera pour comprendre pourquoi et comment installer ton propre autel domestique, solidement enracin\u00e9 dans la tradition catholique, avec une signification th\u00e9ologique et une application pastorale et pratique claire.<\/p>\n\n\n\n<hr class=\"wp-block-separator has-alpha-channel-opacity\"\/>\n\n\n\n<h2 class=\"wp-block-heading\">1. L\u2019AUTEL : UNE RACINE TH\u00c9OLOGIQUE ANCIENNE<\/h2>\n\n\n\n<h3 class=\"wp-block-heading\"><strong>1.1. Origine biblique et patristique<\/strong><\/h3>\n\n\n\n<p>La notion d\u2019autel accompagne le peuple de Dieu depuis les temps les plus anciens. No\u00e9, apr\u00e8s le d\u00e9luge, fut le premier \u00e0 \u00e9riger un autel pour offrir des sacrifices \u00e0 Dieu (Gn 8,20). Abraham construisit des autels partout o\u00f9 Dieu se manifesta \u00e0 lui (Gn 12,7-8). Mo\u00efse, lors de l\u2019\u00e9tablissement de l\u2019Alliance au mont Sina\u00ef, construisit un autel au pied de la montagne (Ex 24,4). L\u2019autel \u00e9tait l\u2019endroit o\u00f9 le ciel touchait la terre, o\u00f9 la cr\u00e9ature s\u2019inclinait devant son Cr\u00e9ateur.<\/p>\n\n\n\n<p>Les P\u00e8res de l\u2019\u00c9glise voyaient dans l\u2019autel une pr\u00e9figuration du sacrifice parfait du Christ. Saint Ambroise affirmait : <em>\u00ab Il y a un myst\u00e8re sur chaque autel, et en chaque myst\u00e8re, la pr\u00e9sence du Sauveur. \u00bb<\/em> La messe n\u2019est pas un simple souvenir : c\u2019est le sacrifice du Christ rendu pr\u00e9sent mystiquement et sacramentellement.<\/p>\n\n\n\n<h3 class=\"wp-block-heading\"><strong>1.2. L\u2019autel dans la vie chr\u00e9tienne<\/strong><\/h3>\n\n\n\n<p>Aux premiers si\u00e8cles du christianisme, lorsque les pers\u00e9cutions emp\u00eachaient l\u2019existence de temples publics, les chr\u00e9tiens se rassemblaient dans les maisons pour c\u00e9l\u00e9brer l\u2019Eucharistie. Dans un coin discret et digne, on am\u00e9nageait un autel simple avec les \u00e9l\u00e9ments n\u00e9cessaires \u00e0 la liturgie. Plus tard, m\u00eame apr\u00e8s la libert\u00e9 religieuse accord\u00e9e par Constantin, de nombreuses familles conserv\u00e8rent un petit espace chez elles pour la pri\u00e8re. Ce n\u2019\u00e9tait pas de la nostalgie, mais de la conscience.<\/p>\n\n\n\n<p>Aujourd\u2019hui, installer un autel chez soi, c\u2019est revenir \u00e0 nos racines, proclamer que le Christ est le centre de notre maison, de notre vie, de nos d\u00e9cisions.<\/p>\n\n\n\n<hr class=\"wp-block-separator has-alpha-channel-opacity\"\/>\n\n\n\n<h2 class=\"wp-block-heading\">2. PERTINENCE SPIRITUELLE ET PASTORALE : POURQUOI AVOIR UN AUTEL \u00c0 LA MAISON AUJOURD\u2019HUI ?<\/h2>\n\n\n\n<ul class=\"wp-block-list\">\n<li><strong>Pour retrouver le silence et la pri\u00e8re dans un monde bruyant<\/strong> : Dans un contexte de bruit permanent, de notifications incessantes, de distractions num\u00e9riques, l\u2019autel domestique devient un phare qui appelle l\u2019\u00e2me au recueillement.<\/li>\n\n\n\n<li><strong>Pour transmettre la foi aux enfants<\/strong> : Voir leurs parents prier, allumer une bougie, r\u00e9citer le chapelet ou lire la Parole de Dieu \u00e0 la maison a un impact profond et durable sur les enfants.<\/li>\n\n\n\n<li><strong>Pour garder vivante la vie liturgique chez soi<\/strong> : Tout le monde ne peut pas aller \u00e0 la messe tous les jours ni vivre chaque saison liturgique comme il le souhaiterait. L\u2019autel permet de suivre l\u2019ann\u00e9e liturgique, de c\u00e9l\u00e9brer les saints, de se souvenir des d\u00e9funts, etc.<\/li>\n\n\n\n<li><strong>Pour un soutien spirituel en temps de maladie, de deuil ou de crise<\/strong> : Dans les moments les plus sombres, disposer d\u2019un lieu concret pour pleurer, prier, esp\u00e9rer est une gr\u00e2ce puissante.<\/li>\n<\/ul>\n\n\n\n<hr class=\"wp-block-separator has-alpha-channel-opacity\"\/>\n\n\n\n<h2 class=\"wp-block-heading\">3. GUIDE PRATIQUE : COMMENT INSTALLER TON AUTEL DOMESTIQUE \u00c9TAPE PAR \u00c9TAPE<\/h2>\n\n\n\n<h3 class=\"wp-block-heading\"><strong>3.1. Choisir le bon endroit<\/strong><\/h3>\n\n\n\n<ul class=\"wp-block-list\">\n<li><strong>Calme et retir\u00e9<\/strong> : Il n\u2019a pas besoin d\u2019\u00eatre grand, mais doit inviter au recueillement. Un coin du salon, une alc\u00f4ve dans une chambre, ou m\u00eame un petit espace dans un couloir.<\/li>\n\n\n\n<li><strong>De pr\u00e9f\u00e9rence orient\u00e9 vers l\u2019est<\/strong>, comme dans la tradition chr\u00e9tienne ancienne, en m\u00e9moire de la venue du Seigneur comme le soleil levant.<\/li>\n<\/ul>\n\n\n\n<h3 class=\"wp-block-heading\"><strong>3.2. \u00c9l\u00e9ments essentiels de l\u2019autel<\/strong><\/h3>\n\n\n\n<figure class=\"wp-block-table\"><table class=\"has-fixed-layout\"><thead><tr><th>\u00c9l\u00e9ment<\/th><th>Signification<\/th><th>Conseils<\/th><\/tr><\/thead><tbody><tr><td><strong>Crucifix<\/strong><\/td><td>Centre de tout autel chr\u00e9tien. Repr\u00e9sente le sacrifice r\u00e9dempteur du Christ.<\/td><td>Doit \u00eatre centr\u00e9 ou plac\u00e9 au-dessus de l\u2019autel.<\/td><\/tr><tr><td><strong>Image de la Vierge et\/ou des saints<\/strong><\/td><td>Intercession et communion c\u00e9leste.<\/td><td>Tu peux les changer selon la saison liturgique ou la d\u00e9votion familiale.<\/td><\/tr><tr><td><strong>Bible ou lectionnaire<\/strong><\/td><td>Parole vivante de Dieu.<\/td><td>Laisse-la ouverte, change les pages r\u00e9guli\u00e8rement.<\/td><\/tr><tr><td><strong>Bougies<\/strong><\/td><td>Le Christ, lumi\u00e8re du monde.<\/td><td>\u00c0 allumer pendant la pri\u00e8re ; blanches ou aux couleurs liturgiques.<\/td><\/tr><tr><td><strong>Eau b\u00e9nite<\/strong><\/td><td>Signe de purification et de protection.<\/td><td>Dans un petit r\u00e9cipient ou un b\u00e9nitier \u00e0 c\u00f4t\u00e9.<\/td><\/tr><tr><td><strong>Chapelet<\/strong><\/td><td>Arme puissante de pri\u00e8re.<\/td><td>Accroche-le pr\u00e8s de l\u2019autel ou garde-le dans une bo\u00eete.<\/td><\/tr><tr><td><strong>Fleurs naturelles<\/strong><\/td><td>Beaut\u00e9 offerte \u00e0 Dieu.<\/td><td>\u00c0 renouveler r\u00e9guli\u00e8rement, signe d\u2019amour et de soin.<\/td><\/tr><tr><td><strong>Nappe\/drap liturgique<\/strong><\/td><td>Donne de la dignit\u00e9 \u00e0 l\u2019espace comme l\u2019autel de l\u2019\u00e9glise.<\/td><td>Blanche ou selon la couleur liturgique du moment.<\/td><\/tr><\/tbody><\/table><\/figure>\n\n\n\n<h3 class=\"wp-block-heading\"><strong>3.3. \u00c9l\u00e9ments optionnels mais enrichissants<\/strong><\/h3>\n\n\n\n<ul class=\"wp-block-list\">\n<li>Ic\u00f4nes orientales<\/li>\n\n\n\n<li>Images pieuses<\/li>\n\n\n\n<li>Livres de pri\u00e8res traditionnelles<\/li>\n\n\n\n<li>Reliques (si elles sont en ta possession l\u00e9gitime)<\/li>\n\n\n\n<li>Petite clochette (pour marquer le d\u00e9but du chapelet ou d\u2019un temps de pri\u00e8re)<\/li>\n\n\n\n<li>Encens ou parfum (\u00e0 utiliser avec r\u00e9v\u00e9rence et mod\u00e9ration)<\/li>\n<\/ul>\n\n\n\n<hr class=\"wp-block-separator has-alpha-channel-opacity\"\/>\n\n\n\n<h2 class=\"wp-block-heading\">4. COMMENT UTILISER TON AUTEL AU QUOTIDIEN<\/h2>\n\n\n\n<h3 class=\"wp-block-heading\"><strong>4.1. Pri\u00e8re personnelle<\/strong><\/h3>\n\n\n\n<p>Consacre quelques minutes par jour pour t\u2019arr\u00eater devant l\u2019autel, m\u00eame en silence. J\u00e9sus habite dans cet espace pr\u00e9par\u00e9 avec amour. Lis l\u2019\u00c9criture, fais ton examen de conscience, offre ta journ\u00e9e.<\/p>\n\n\n\n<h3 class=\"wp-block-heading\"><strong>4.2. Pri\u00e8re en famille<\/strong><\/h3>\n\n\n\n<p>L\u2019autel peut \u00eatre un lieu de rassemblement familial :<\/p>\n\n\n\n<ul class=\"wp-block-list\">\n<li>R\u00e9citation du chapelet<\/li>\n\n\n\n<li>Lecture de l\u2019\u00c9vangile du jour<\/li>\n\n\n\n<li>B\u00e9n\u00e9diction des repas<\/li>\n\n\n\n<li>Pri\u00e8re du soir ou des complies<\/li>\n<\/ul>\n\n\n\n<h3 class=\"wp-block-heading\"><strong>4.3. C\u00e9l\u00e9brations liturgiques domestiques<\/strong><\/h3>\n\n\n\n<p>Sans remplacer la liturgie sacramentelle \u00e0 l\u2019\u00e9glise, l\u2019autel domestique peut \u00eatre un centre de c\u00e9l\u00e9brations familiales :<\/p>\n\n\n\n<ul class=\"wp-block-list\">\n<li>Avent : avec la couronne et les bougies.<\/li>\n\n\n\n<li>No\u00ebl : avec la cr\u00e8che.<\/li>\n\n\n\n<li>Semaine Sainte : autel d\u2019adoration pour le Jeudi Saint au soir.<\/li>\n\n\n\n<li>Comm\u00e9moration des d\u00e9funts : avec photos et pri\u00e8res pour eux.<\/li>\n<\/ul>\n\n\n\n<hr class=\"wp-block-separator has-alpha-channel-opacity\"\/>\n\n\n\n<h2 class=\"wp-block-heading\">5. CONSEILS FINAUX TH\u00c9OLOGIQUES ET PASTORAUX<\/h2>\n\n\n\n<ul class=\"wp-block-list\">\n<li><strong>Le Christ doit \u00eatre le centre<\/strong> : L\u2019autel n\u2019est pas une \u00e9tag\u00e8re pour d\u00e9votions, mais le tr\u00f4ne du Roi des rois. Tout doit y conduire.<\/li>\n\n\n\n<li><strong>La beaut\u00e9 est une pri\u00e8re<\/strong> : D\u00e9core-le avec soin. L\u2019attention esth\u00e9tique n\u2019est pas de la vanit\u00e9, c\u2019est une mani\u00e8re de glorifier Dieu.<\/li>\n\n\n\n<li><strong>L\u2019exemple enseigne plus que les paroles<\/strong> : Les enfants retiendront davantage ce que tu fais devant l\u2019autel que ce que tu leur dis.<\/li>\n\n\n\n<li><strong>Sois fid\u00e8le, pas perfectionniste<\/strong> : Si un jour tu ne pries pas, ne culpabilise pas. Ce qui compte, c\u2019est de revenir. L\u2019autel t\u2019attend, comme le P\u00e8re attend le fils prodigue.<\/li>\n\n\n\n<li><strong>\u00c9vite toute superstition<\/strong> : L\u2019autel n\u2019est pas un talisman, ni les bougies un moyen \u201cd\u2019attirer des \u00e9nergies\u201d. Tout pointe vers le Christ, l\u2019unique Sauveur.<\/li>\n<\/ul>\n\n\n\n<hr class=\"wp-block-separator has-alpha-channel-opacity\"\/>\n\n\n\n<h2 class=\"wp-block-heading\">CONCLUSION : L\u2019AUTEL, UN LIEU DE RENCONTRE<\/h2>\n\n\n\n<p>Installer ton autel domestique n\u2019est ni un luxe ni une excentricit\u00e9. C\u2019est une n\u00e9cessit\u00e9 spirituelle et un acte d\u2019amour envers Dieu. C\u2019est comme dresser une tente de la rencontre au c\u0153ur du d\u00e9sert moderne. Une lampe allum\u00e9e dans la nuit du monde.<\/p>\n\n\n\n<p>Quand Mo\u00efse redescendit du mont Sina\u00ef, son visage rayonnait car il avait \u00e9t\u00e9 en pr\u00e9sence du Seigneur (Ex 34,29). De m\u00eame, toi et ta famille rayonnerez spirituellement si vous habitez fid\u00e8lement et pieusement cette petite montagne sainte qu\u2019est l\u2019autel de votre maison.<\/p>\n\n\n\n<p>Fais de ta maison une maison de pri\u00e8re. Le Seigneur t\u2019y attend.<\/p>\n","protected":false},"excerpt":{"rendered":"<p>INTRODUCTION : LA MAISON, UNE \u00c9GLISE DOMESTIQUE Dans un monde de plus en plus rapide, num\u00e9ris\u00e9, souvent spirituellement affam\u00e9, retrouver des espaces de pri\u00e8re et de recueillement au sein de nos foyers est devenu une n\u00e9cessit\u00e9 urgente. Installer un autel chez soi n\u2019est pas une simple d\u00e9coration pieuse. Th\u00e9ologiquement parlant, c\u2019est la manifestation vivante de &hellip;<\/p>\n","protected":false},"author":3,"featured_media":4178,"comment_status":"open","ping_status":"open","sticky":false,"template":"","format":"standard","meta":{"_seopress_robots_primary_cat":"","_seopress_titles_title":"","_seopress_titles_desc":"","_seopress_robots_index":"","footnotes":""},"categories":[40,58],"tags":[1304],"class_list":["post-4177","post","type-post","status-publish","format-standard","has-post-thumbnail","","category-priere-et-spiritualite","category-priere-et-vie-spirituelle","tag-autel-domestique"],"_links":{"self":[{"href":"https:\/\/catholicus.eu\/fr\/wp-json\/wp\/v2\/posts\/4177","targetHints":{"allow":["GET"]}}],"collection":[{"href":"https:\/\/catholicus.eu\/fr\/wp-json\/wp\/v2\/posts"}],"about":[{"href":"https:\/\/catholicus.eu\/fr\/wp-json\/wp\/v2\/types\/post"}],"author":[{"embeddable":true,"href":"https:\/\/catholicus.eu\/fr\/wp-json\/wp\/v2\/users\/3"}],"replies":[{"embeddable":true,"href":"https:\/\/catholicus.eu\/fr\/wp-json\/wp\/v2\/comments?post=4177"}],"version-history":[{"count":1,"href":"https:\/\/catholicus.eu\/fr\/wp-json\/wp\/v2\/posts\/4177\/revisions"}],"predecessor-version":[{"id":4179,"href":"https:\/\/catholicus.eu\/fr\/wp-json\/wp\/v2\/posts\/4177\/revisions\/4179"}],"wp:featuredmedia":[{"embeddable":true,"href":"https:\/\/catholicus.eu\/fr\/wp-json\/wp\/v2\/media\/4178"}],"wp:attachment":[{"href":"https:\/\/catholicus.eu\/fr\/wp-json\/wp\/v2\/media?parent=4177"}],"wp:term":[{"taxonomy":"category","embeddable":true,"href":"https:\/\/catholicus.eu\/fr\/wp-json\/wp\/v2\/categories?post=4177"},{"taxonomy":"post_tag","embeddable":true,"href":"https:\/\/catholicus.eu\/fr\/wp-json\/wp\/v2\/tags?post=4177"}],"curies":[{"name":"wp","href":"https:\/\/api.w.org\/{rel}","templated":true}]}}