{"id":4148,"date":"2025-05-25T22:19:32","date_gmt":"2025-05-25T20:19:32","guid":{"rendered":"https:\/\/catholicus.eu\/fr\/?p=4148"},"modified":"2025-05-25T22:19:33","modified_gmt":"2025-05-25T20:19:33","slug":"le-controle-des-naissances-au-nom-du-changement-climatique-ecologie-ou-eugenisme","status":"publish","type":"post","link":"https:\/\/catholicus.eu\/fr\/le-controle-des-naissances-au-nom-du-changement-climatique-ecologie-ou-eugenisme\/","title":{"rendered":"Le contr\u00f4le des naissances au nom du \u00ab changement climatique \u00bb : \u00c9cologie ou eug\u00e9nisme ?"},"content":{"rendered":"\n<p><em>Une r\u00e9flexion catholique sur la valeur de la vie, la cr\u00e9ation et la tentation de jouer \u00e0 Dieu<\/em><\/p>\n\n\n\n<hr class=\"wp-block-separator has-alpha-channel-opacity\"\/>\n\n\n\n<h3 class=\"wp-block-heading\">Introduction<\/h3>\n\n\n\n<p>\u00c0 une \u00e9poque o\u00f9 le discours sur la protection de l\u2019environnement se m\u00eale \u00e0 la politique mondiale, \u00e9mergent des id\u00e9es qui, sous couvert de sensibilit\u00e9 \u00e9cologique, cachent des agendas profond\u00e9ment contraires \u00e0 la dignit\u00e9 humaine. L\u2019une des plus pr\u00e9occupantes est la proposition du contr\u00f4le des naissances comme solution au changement climatique. L\u2019humanit\u00e9 peut-elle pr\u00e9tendre \u00eatre le \u00ab sauveur de la plan\u00e8te \u00bb au prix de la vie humaine ? Est-il vraiment \u00e9cologique de consid\u00e9rer les enfants comme une menace environnementale ? Ou assistons-nous, comme \u00e0 d\u2019autres \u00e9poques sombres de l\u2019histoire, \u00e0 une id\u00e9ologie eug\u00e9niste d\u00e9guis\u00e9e en langage vert et scientifique ?<\/p>\n\n\n\n<p>Cet article propose une perspective profond\u00e9ment chr\u00e9tienne et th\u00e9ologiquement fond\u00e9e sur ce d\u00e9bat urgent et actuel. Nous cherchons \u00e0 aider les lecteurs \u00e0 discerner, \u00e0 la lumi\u00e8re de l\u2019\u00c9vangile et de l\u2019enseignement de l\u2019\u00c9glise, ce que signifie v\u00e9ritablement prendre soin de la cr\u00e9ation sans tomber dans la tentation de rejeter le don le plus sacr\u00e9 que Dieu a fait au monde : la vie humaine.<\/p>\n\n\n\n<hr class=\"wp-block-separator has-alpha-channel-opacity\"\/>\n\n\n\n<h3 class=\"wp-block-heading\">1. <strong>Br\u00e8ve histoire du contr\u00f4le de la population comme \u00ab solution \u00bb<\/strong><\/h3>\n\n\n\n<p>L\u2019id\u00e9e que l\u2019humanit\u00e9 doit limiter son nombre pour survivre n\u2019est pas nouvelle. D\u00e8s 1798, Thomas Malthus formula sa c\u00e9l\u00e8bre th\u00e9orie selon laquelle la population cro\u00eetrait plus vite que les ressources, menant in\u00e9vitablement \u00e0 la catastrophe. Bien que cette th\u00e9orie ait \u00e9t\u00e9 largement r\u00e9fut\u00e9e aujourd\u2019hui, elle continue d\u2019inspirer certaines politiques contemporaines.<\/p>\n\n\n\n<p>Au XXe si\u00e8cle, notamment \u00e0 partir des ann\u00e9es 1960-1970, des mouvements n\u00e9o-malthusiens \u00e9merg\u00e8rent, liant la croissance d\u00e9mographique \u00e0 la pauvret\u00e9, \u00e0 la famine et \u00e0 la d\u00e9gradation environnementale. Des institutions internationales commenc\u00e8rent \u00e0 financer des programmes de st\u00e9rilisation de masse, la distribution forc\u00e9e de contraceptifs et la promotion de l\u2019avortement, en particulier dans les pays dits du \u00ab Tiers Monde \u00bb.<\/p>\n\n\n\n<p>Aujourd\u2019hui, cette logique revient en force sous un nouveau masque : l\u2019urgence climatique. Des groupes militants, des intellectuels et certains gouvernements proposent \u00e0 nouveau de r\u00e9duire les taux de natalit\u00e9 comme strat\u00e9gie pour diminuer l\u2019empreinte carbone. On parle m\u00eame d\u2019\u00ab \u00e9co-anxi\u00e9t\u00e9 \u00bb \u00e0 l\u2019id\u00e9e d\u2019avoir des enfants dans un monde pr\u00e9tendument au bord de l\u2019effondrement \u00e9cologique.<\/p>\n\n\n\n<hr class=\"wp-block-separator has-alpha-channel-opacity\"\/>\n\n\n\n<h3 class=\"wp-block-heading\">2. <strong>\u00c9cologie authentique vs \u00e9cologie id\u00e9ologique<\/strong><\/h3>\n\n\n\n<p>L\u2019\u00c9glise catholique s\u2019est exprim\u00e9e clairement et fermement en faveur d\u2019une <strong>\u00e9cologie int\u00e9grale<\/strong>, telle que d\u00e9crite par le pape Fran\u00e7ois dans <em>Laudato Si\u2019<\/em>. Cette vision reconna\u00eet que l\u2019\u00eatre humain fait partie de la cr\u00e9ation et est appel\u00e9 \u00e0 en prendre soin, non \u00e0 la dominer arbitrairement. Mais elle rappelle aussi qu\u2019il n\u2019y a pas de v\u00e9ritable \u00e9cologie sans respect de la vie humaine, de la conception \u00e0 la mort naturelle.<\/p>\n\n\n\n<blockquote class=\"wp-block-quote is-layout-flow wp-block-quote-is-layout-flow\">\n<p>\u00ab Il n\u2019y a pas d\u2019\u00e9cologie sans une anthropologie ad\u00e9quate. \u00bb (<em>Laudato Si\u2019<\/em>, 118)<\/p>\n<\/blockquote>\n\n\n\n<p>Quand la pr\u00e9occupation pour la plan\u00e8te m\u00e8ne au d\u00e9ni de la valeur de la vie humaine, elle cesse d\u2019\u00eatre une \u00e9cologie pour devenir une id\u00e9ologie. Une id\u00e9ologie qui, paradoxalement, finit par m\u00e9priser l\u2019homme tout en pr\u00e9tendant le sauver.<\/p>\n\n\n\n<hr class=\"wp-block-separator has-alpha-channel-opacity\"\/>\n\n\n\n<h3 class=\"wp-block-heading\">3. <strong>Contr\u00f4le des naissances ou eug\u00e9nisme d\u00e9guis\u00e9 ?<\/strong><\/h3>\n\n\n\n<p>Le mot \u00ab eug\u00e9nisme \u00bb \u00e9voque souvent les horreurs du XXe si\u00e8cle : le nazisme, les programmes de st\u00e9rilisation forc\u00e9e aux \u00c9tats-Unis, la s\u00e9lection des embryons selon leurs traits. Mais l\u2019eug\u00e9nisme n\u2019a pas disparu. Il op\u00e8re aujourd\u2019hui de mani\u00e8re plus subtile, sous les habits de la sant\u00e9 publique, du d\u00e9veloppement durable ou de l\u2019efficacit\u00e9 \u00e9conomique.<\/p>\n\n\n\n<p>Quand on propose que les pauvres aient moins d\u2019enfants pour que la plan\u00e8te ne s\u2019effondre pas, on assiste \u00e0 une forme manifeste d\u2019eug\u00e9nisme d\u00e9guis\u00e9. C\u2019est le m\u00eame m\u00e9pris de la vie humaine que dans le pass\u00e9, simplement habill\u00e9 d\u2019un nouveau langage.<\/p>\n\n\n\n<p>Une soci\u00e9t\u00e9 qui valorise la r\u00e9duction des \u00e9missions plus que la naissance d\u2019un enfant a perdu le sens du don, de l\u2019amour et de la transcendance. Comme l\u2019avertit le pape Beno\u00eet XVI :<\/p>\n\n\n\n<blockquote class=\"wp-block-quote is-layout-flow wp-block-quote-is-layout-flow\">\n<p>\u00ab L\u2019ouverture \u00e0 la vie est au centre du v\u00e9ritable d\u00e9veloppement. \u00bb (<em>Caritas in Veritate<\/em>, 28)<\/p>\n<\/blockquote>\n\n\n\n<hr class=\"wp-block-separator has-alpha-channel-opacity\"\/>\n\n\n\n<h3 class=\"wp-block-heading\">4. <strong>Th\u00e9ologie du corps et sacralit\u00e9 de la vie<\/strong><\/h3>\n\n\n\n<p>La <em>Th\u00e9ologie du corps<\/em>, d\u00e9velopp\u00e9e par saint Jean-Paul II, nous enseigne que l\u2019acte conjugal est intrins\u00e8quement li\u00e9 \u00e0 l\u2019amour et \u00e0 l\u2019ouverture \u00e0 la vie. L\u2019\u00eatre humain n\u2019est pas propri\u00e9taire de la vie, mais son gardien. Un enfant n\u2019est ni un produit, ni un droit, ni une menace \u00e9cologique : c\u2019est un don.<\/p>\n\n\n\n<p>L\u2019\u00c9criture est claire \u00e0 ce sujet :<\/p>\n\n\n\n<blockquote class=\"wp-block-quote is-layout-flow wp-block-quote-is-layout-flow\">\n<p>\u00ab Voici, des fils sont un h\u00e9ritage de l\u2019\u00c9ternel, le fruit des entrailles est une r\u00e9compense. \u00bb<br>\u2014 <em>Psaume 127, 3<\/em><\/p>\n<\/blockquote>\n\n\n\n<p>Dans cette vision, chaque \u00eatre humain est voulu, pens\u00e9 et aim\u00e9 par Dieu. R\u00e9duire un enfant \u00e0 une empreinte carbone n\u2019est pas seulement une injustice scientifique et anthropologique, c\u2019est un blasph\u00e8me th\u00e9ologique.<\/p>\n\n\n\n<hr class=\"wp-block-separator has-alpha-channel-opacity\"\/>\n\n\n\n<h3 class=\"wp-block-heading\">5. <strong>Guide pastoral et th\u00e9ologique pour le discernement chr\u00e9tien<\/strong><\/h3>\n\n\n\n<h4 class=\"wp-block-heading\">a) <strong>Former sa conscience \u00e0 la lumi\u00e8re de l\u2019enseignement de l\u2019\u00c9glise<\/strong><\/h4>\n\n\n\n<p>Il est essentiel que les familles catholiques se forment aux enseignements de l\u2019\u00c9glise sur la vie, la sexualit\u00e9 et l\u2019environnement. Des documents comme <em>Humanae Vitae<\/em>, <em>Evangelium Vitae<\/em> et <em>Laudato Si\u2019<\/em> doivent \u00eatre lus et m\u00e9dit\u00e9s. Ce ne sont pas des textes d\u00e9pass\u00e9s, mais des lumi\u00e8res pour notre temps.<\/p>\n\n\n\n<h4 class=\"wp-block-heading\">b) <strong>Accueillir la vie comme un don, non comme un fardeau<\/strong><\/h4>\n\n\n\n<p>L\u2019ouverture g\u00e9n\u00e9reuse \u00e0 la vie est une vocation. Cela ne signifie pas avoir des enfants sans limite, mais vivre dans la responsabilit\u00e9, la confiance en la Providence et le v\u00e9ritable amour. La r\u00e9gulation naturelle des naissances, en communion avec l\u2019enseignement de l\u2019\u00c9glise, est une voie l\u00e9gitime pour les \u00e9poux qui, pour de justes raisons, ne peuvent accueillir de nouveaux enfants \u00e0 certains moments.<\/p>\n\n\n\n<h4 class=\"wp-block-heading\">c) <strong>\u00c9duquer les enfants \u00e0 une \u00e9cologie chr\u00e9tienne<\/strong><\/h4>\n\n\n\n<p>Enseignons \u00e0 nos enfants \u00e0 prendre soin de la cr\u00e9ation, non par peur ou id\u00e9ologie, mais par amour de Dieu Cr\u00e9ateur. Qu\u2019ils comprennent que recycler, vivre sobrement et respecter la nature sont des actes de gratitude et d\u2019adoration, non de d\u00e9sespoir ou de haine de l\u2019humanit\u00e9.<\/p>\n\n\n\n<h4 class=\"wp-block-heading\">d) <strong>D\u00e9masquer les mensonges id\u00e9ologiques<\/strong><\/h4>\n\n\n\n<p>C\u2019est notre devoir de catholiques de d\u00e9velopper un regard critique. Il ne suffit pas d\u2019accepter tout ce qui est \u00e9tiquet\u00e9 \u00ab scientifique \u00bb ou \u00ab \u00e9cologique \u00bb. Souvent, des agendas cach\u00e9s, des int\u00e9r\u00eats \u00e9conomiques, des id\u00e9ologies anti-chr\u00e9tiennes s\u2019y dissimulent. Il faut parler avec clart\u00e9, d\u00e9noncer avec charit\u00e9 et agir avec courage.<\/p>\n\n\n\n<h4 class=\"wp-block-heading\">e) <strong>Accompagner avec mis\u00e9ricorde ceux qui ont \u00e9t\u00e9 bless\u00e9s par cette mentalit\u00e9<\/strong><\/h4>\n\n\n\n<p>Beaucoup ont \u00e9t\u00e9 tromp\u00e9s par cette culture du rejet. Des femmes pouss\u00e9es \u00e0 avorter \u00ab pour la plan\u00e8te \u00bb, des couples st\u00e9rilis\u00e9s sans consentement, des jeunes qui ont peur d\u2019avoir des enfants. L\u2019\u00c9glise est appel\u00e9e \u00e0 gu\u00e9rir, accompagner et proclamer la v\u00e9rit\u00e9 qui lib\u00e8re.<\/p>\n\n\n\n<hr class=\"wp-block-separator has-alpha-channel-opacity\"\/>\n\n\n\n<h3 class=\"wp-block-heading\">6. <strong>Que pouvons-nous faire concr\u00e8tement dans notre quotidien ?<\/strong><\/h3>\n\n\n\n<ul class=\"wp-block-list\">\n<li><strong>Prier pour les familles<\/strong> et pour un renouveau de l\u2019ouverture \u00e0 la vie dans notre culture.<\/li>\n\n\n\n<li><strong>Consommer de mani\u00e8re responsable<\/strong>, non par peur, mais par amour des pauvres et de la cr\u00e9ation.<\/li>\n\n\n\n<li><strong>\u00c9duquer \u00e0 partir de l\u2019\u00c9vangile<\/strong>, et non \u00e0 partir du catastrophisme environnemental.<\/li>\n\n\n\n<li><strong>Soutenir les institutions pro-vie<\/strong> qui accompagnent les familles, les m\u00e8res vuln\u00e9rables et les enfants \u00e0 na\u00eetre.<\/li>\n\n\n\n<li><strong>T\u00e9moigner avec joie<\/strong> que la vie est bonne, que les enfants sont une b\u00e9n\u00e9diction, et que Dieu pourvoit.<\/li>\n<\/ul>\n\n\n\n<hr class=\"wp-block-separator has-alpha-channel-opacity\"\/>\n\n\n\n<h3 class=\"wp-block-heading\">Conclusion : Une esp\u00e9rance qui rena\u00eet \u00e0 chaque vie<\/h3>\n\n\n\n<p>La v\u00e9ritable esp\u00e9rance chr\u00e9tienne ne na\u00eet ni des calculs ni des statistiques, mais de l\u2019amour. Chaque enfant qui na\u00eet est une nouvelle possibilit\u00e9 pour le monde. En tant que croyants, nous ne pouvons accepter que la solution au p\u00e9ch\u00e9 de l\u2019homme contre la nature soit d\u2019\u00e9liminer d\u2019autres \u00eatres humains.<\/p>\n\n\n\n<p>J\u00e9sus-Christ n\u2019est pas venu sauver les arbres, mais les personnes. Et pourtant, en Lui, toute la cr\u00e9ation est r\u00e9concili\u00e9e. Nous ne sommes pas appel\u00e9s \u00e0 choisir entre \u00e9cologie et vie humaine, mais \u00e0 vivre une <strong>\u00e9cologie chr\u00e9tienne<\/strong>, <strong>int\u00e9grale<\/strong>, <strong>humaine<\/strong>, qui r\u00e9concilie l\u2019homme avec Dieu, avec son prochain et avec la terre.<\/p>\n\n\n\n<p>Parce qu\u2019<strong>il n\u2019existe pas d\u2019acte plus \u00e9cologique que d\u2019aimer la vie<\/strong>.<\/p>\n\n\n\n<blockquote class=\"wp-block-quote is-layout-flow wp-block-quote-is-layout-flow\">\n<p>\u00ab Je suis venu afin qu\u2019ils aient la vie, et qu\u2019ils l\u2019aient en abondance. \u00bb<br>\u2014 <em>Jean 10, 10<\/em><\/p>\n<\/blockquote>\n","protected":false},"excerpt":{"rendered":"<p>Une r\u00e9flexion catholique sur la valeur de la vie, la cr\u00e9ation et la tentation de jouer \u00e0 Dieu Introduction \u00c0 une \u00e9poque o\u00f9 le discours sur la protection de l\u2019environnement se m\u00eale \u00e0 la politique mondiale, \u00e9mergent des id\u00e9es qui, sous couvert de sensibilit\u00e9 \u00e9cologique, cachent des agendas profond\u00e9ment contraires \u00e0 la dignit\u00e9 humaine. L\u2019une &hellip;<\/p>\n","protected":false},"author":3,"featured_media":4149,"comment_status":"open","ping_status":"open","sticky":false,"template":"","format":"standard","meta":{"_seopress_robots_primary_cat":"","_seopress_titles_title":"","_seopress_titles_desc":"","_seopress_robots_index":"","footnotes":""},"categories":[56,39],"tags":[1131,1295],"class_list":["post-4148","post","type-post","status-publish","format-standard","has-post-thumbnail","","category-ecologie-et-protection-de-la-creation","category-morale-et-vie-chretienne","tag-changement-climatique","tag-controle-des-naissances"],"_links":{"self":[{"href":"https:\/\/catholicus.eu\/fr\/wp-json\/wp\/v2\/posts\/4148","targetHints":{"allow":["GET"]}}],"collection":[{"href":"https:\/\/catholicus.eu\/fr\/wp-json\/wp\/v2\/posts"}],"about":[{"href":"https:\/\/catholicus.eu\/fr\/wp-json\/wp\/v2\/types\/post"}],"author":[{"embeddable":true,"href":"https:\/\/catholicus.eu\/fr\/wp-json\/wp\/v2\/users\/3"}],"replies":[{"embeddable":true,"href":"https:\/\/catholicus.eu\/fr\/wp-json\/wp\/v2\/comments?post=4148"}],"version-history":[{"count":1,"href":"https:\/\/catholicus.eu\/fr\/wp-json\/wp\/v2\/posts\/4148\/revisions"}],"predecessor-version":[{"id":4150,"href":"https:\/\/catholicus.eu\/fr\/wp-json\/wp\/v2\/posts\/4148\/revisions\/4150"}],"wp:featuredmedia":[{"embeddable":true,"href":"https:\/\/catholicus.eu\/fr\/wp-json\/wp\/v2\/media\/4149"}],"wp:attachment":[{"href":"https:\/\/catholicus.eu\/fr\/wp-json\/wp\/v2\/media?parent=4148"}],"wp:term":[{"taxonomy":"category","embeddable":true,"href":"https:\/\/catholicus.eu\/fr\/wp-json\/wp\/v2\/categories?post=4148"},{"taxonomy":"post_tag","embeddable":true,"href":"https:\/\/catholicus.eu\/fr\/wp-json\/wp\/v2\/tags?post=4148"}],"curies":[{"name":"wp","href":"https:\/\/api.w.org\/{rel}","templated":true}]}}