{"id":4106,"date":"2025-05-24T15:08:04","date_gmt":"2025-05-24T13:08:04","guid":{"rendered":"https:\/\/catholicus.eu\/fr\/?p=4106"},"modified":"2025-05-24T15:08:04","modified_gmt":"2025-05-24T13:08:04","slug":"larche-de-noe-et-le-bapteme-un-symbole-cache-du-salut","status":"publish","type":"post","link":"https:\/\/catholicus.eu\/fr\/larche-de-noe-et-le-bapteme-un-symbole-cache-du-salut\/","title":{"rendered":"L&rsquo;Arche de No\u00e9 et le Bapt\u00eame : Un Symbole Cach\u00e9 du Salut"},"content":{"rendered":"\n<h2 class=\"wp-block-heading\"><strong>Introduction : Un Myst\u00e8re R\u00e9v\u00e9l\u00e9<\/strong><\/h2>\n\n\n\n<p>Au c\u0153ur de l&rsquo;\u00c9criture Sainte se cachent des tr\u00e9sors de sagesse divine, des symboles qui transcendent le temps et nous parlent de r\u00e9alit\u00e9s \u00e9ternelles. L&rsquo;un des plus fascinants est le lien entre&nbsp;<strong>l&rsquo;Arche de No\u00e9 et le Sacrement du Bapt\u00eame<\/strong>. \u00c0 premi\u00e8re vue, ces r\u00e9cits peuvent sembler \u00e9loign\u00e9s, mais la tradition catholique, suivant l&rsquo;enseignement des P\u00e8res de l&rsquo;\u00c9glise, a vu dans l&rsquo;Arche une&nbsp;<strong>puissante pr\u00e9figuration du Bapt\u00eame<\/strong>&nbsp;et de l&rsquo;\u00c9glise elle-m\u00eame.<\/p>\n\n\n\n<p>Saint Pierre l&rsquo;exprime avec clart\u00e9 dans sa Premi\u00e8re \u00c9p\u00eetre :<\/p>\n\n\n\n<blockquote class=\"wp-block-quote is-layout-flow wp-block-quote-is-layout-flow\">\n<p><em>\u00ab\u00a0\u00c0 l&rsquo;\u00e9poque de No\u00e9, pendant la construction de l&rsquo;arche, dans laquelle un petit nombre de personnes, c&rsquo;est-\u00e0-dire huit, furent sauv\u00e9es \u00e0 travers l&rsquo;eau. C&rsquo;\u00e9tait une figure du bapt\u00eame qui vous sauve maintenant\u00a0\u00bb<\/em>&nbsp;(1 Pierre 3, 20-21).<\/p>\n<\/blockquote>\n\n\n\n<p>Ce passage n&rsquo;est pas une simple analogie, mais une&nbsp;<strong>profonde r\u00e9v\u00e9lation th\u00e9ologique<\/strong>&nbsp;: l&rsquo;eau qui a d\u00e9truit le monde p\u00e9cheur est la m\u00eame qui a sauv\u00e9 No\u00e9 et sa famille, tout comme les eaux du Bapt\u00eame effacent le p\u00e9ch\u00e9 originel et nous donnent une vie nouvelle dans le Christ.<\/p>\n\n\n\n<p>Dans cet article, nous explorerons :<\/p>\n\n\n\n<ol start=\"1\" class=\"wp-block-list\">\n<li><strong>Le r\u00e9cit de l&rsquo;Arche de No\u00e9 comme symbole du salut.<\/strong><\/li>\n\n\n\n<li><strong>L&rsquo;interpr\u00e9tation th\u00e9ologique et patristique de l&rsquo;Arche en lien avec le Bapt\u00eame.<\/strong><\/li>\n\n\n\n<li><strong>Comment ce myst\u00e8re s&rsquo;applique \u00e0 notre vie spirituelle aujourd&rsquo;hui.<\/strong><\/li>\n\n\n\n<li><strong>Un guide pratique pour vivre les gr\u00e2ces du Bapt\u00eame dans le monde moderne.<\/strong><\/li>\n<\/ol>\n\n\n\n<hr class=\"wp-block-separator has-alpha-channel-opacity\"\/>\n\n\n\n<h2 class=\"wp-block-heading\"><strong>I. L&rsquo;Arche de No\u00e9 : Jugement et Mis\u00e9ricorde Divine<\/strong><\/h2>\n\n\n\n<h3 class=\"wp-block-heading\"><strong>A. Le Contexte Biblique<\/strong><\/h3>\n\n\n\n<p>Le livre de la Gen\u00e8se (chapitres 6-9) raconte comment l&rsquo;humanit\u00e9 s&rsquo;\u00e9tait corrompue \u00e0 l&rsquo;extr\u00eame :&nbsp;<em>\u00ab\u00a0Le Seigneur vit que la m\u00e9chancet\u00e9 des hommes \u00e9tait grande sur la terre, et que toutes les pens\u00e9es de leur c\u0153ur se portaient uniquement vers le mal \u00e0 longueur de journ\u00e9e\u00a0\u00bb<\/em>&nbsp;(Gen\u00e8se 6,5).<\/p>\n\n\n\n<p>Dieu d\u00e9cide de purifier la terre par le d\u00e9luge, mais dans sa mis\u00e9ricorde,&nbsp;<strong>Il sauve No\u00e9 et sa famille<\/strong>, des hommes justes, en leur donnant des instructions pr\u00e9cises pour construire une arche qui les pr\u00e9serverait de la destruction.<\/p>\n\n\n\n<h3 class=\"wp-block-heading\"><strong>B. L&rsquo;Arche comme Symbole de l&rsquo;\u00c9glise<\/strong><\/h3>\n\n\n\n<p>Les P\u00e8res de l&rsquo;\u00c9glise, comme&nbsp;<strong>Saint Augustin et Saint J\u00e9r\u00f4me<\/strong>, ont vu dans l&rsquo;Arche une figure de&nbsp;<strong>l&rsquo;\u00c9glise Catholique<\/strong>, hors de laquelle il n&rsquo;y a pas de salut. De m\u00eame que No\u00e9 et sa famille ne furent sauv\u00e9s qu&rsquo;en entrant dans l&rsquo;Arche, nous sommes sauv\u00e9s en entrant dans l&rsquo;\u00c9glise par le Bapt\u00eame.<\/p>\n\n\n\n<ul class=\"wp-block-list\">\n<li><strong>L&rsquo;Arche avait une seule porte<\/strong>\u00a0(Gen\u00e8se 6,16), comme le Christ est\u00a0<em>\u00ab\u00a0la Porte\u00a0\u00bb<\/em>\u00a0(Jean 10,9).<\/li>\n\n\n\n<li><strong>Le d\u00e9luge a purifi\u00e9 le monde<\/strong>, comme le Bapt\u00eame nous purifie du p\u00e9ch\u00e9.<\/li>\n\n\n\n<li><strong>La colombe rapportant un rameau d&rsquo;olivier<\/strong>\u00a0(Gen\u00e8se 8,11) symbolise l&rsquo;Esprit Saint, qui nous apporte la paix et une vie nouvelle.<\/li>\n<\/ul>\n\n\n\n<hr class=\"wp-block-separator has-alpha-channel-opacity\"\/>\n\n\n\n<h2 class=\"wp-block-heading\"><strong>II. Le Bapt\u00eame : La R\u00e9alit\u00e9 de l&rsquo;Arche dans le Nouveau Testament<\/strong><\/h2>\n\n\n\n<h3 class=\"wp-block-heading\"><strong>A. Le Bapt\u00eame comme Nouveau D\u00e9luge<\/strong><\/h3>\n\n\n\n<p>Saint Pierre nous l&rsquo;a dit :&nbsp;<strong>l&rsquo;eau du d\u00e9luge pr\u00e9figure l&rsquo;eau baptismale<\/strong>. Mais il y a une diff\u00e9rence cruciale :<\/p>\n\n\n\n<ul class=\"wp-block-list\">\n<li><strong>Le d\u00e9luge a d\u00e9truit les p\u00e9cheurs.<\/strong><\/li>\n\n\n\n<li><strong>Le Bapt\u00eame d\u00e9truit le p\u00e9ch\u00e9, mais sauve le p\u00e9cheur.<\/strong><\/li>\n<\/ul>\n\n\n\n<p>Le Bapt\u00eame n&rsquo;est pas seulement un rite symbolique ; c&rsquo;est un&nbsp;<strong>sacrement qui imprime un caract\u00e8re dans l&rsquo;\u00e2me<\/strong>, nous rend enfants de Dieu et membres du Christ.<\/p>\n\n\n\n<h3 class=\"wp-block-heading\"><strong>B. Le Bapt\u00eame dans la Th\u00e9ologie de Saint Paul<\/strong><\/h3>\n\n\n\n<p>Saint Paul d\u00e9veloppe cette id\u00e9e en disant :<\/p>\n\n\n\n<blockquote class=\"wp-block-quote is-layout-flow wp-block-quote-is-layout-flow\">\n<p><em>\u00ab\u00a0Ignorez-vous que nous tous, qui avons \u00e9t\u00e9 baptis\u00e9s en J\u00e9sus-Christ, c&rsquo;est en sa mort que nous avons \u00e9t\u00e9 baptis\u00e9s ? Nous avons donc \u00e9t\u00e9 ensevelis avec lui par le bapt\u00eame en sa mort, afin que, comme Christ est ressuscit\u00e9 des morts par la gloire du P\u00e8re, de m\u00eame nous aussi nous marchions en nouveaut\u00e9 de vie\u00a0\u00bb<\/em>&nbsp;(Romains 6,3-4).<\/p>\n<\/blockquote>\n\n\n\n<p>Le Bapt\u00eame nous plonge dans la mort du Christ pour ressusciter avec Lui. De m\u00eame que l&rsquo;Arche fut un&nbsp;<strong>nouveau commencement<\/strong>&nbsp;pour l&rsquo;humanit\u00e9, le Bapt\u00eame est notre&nbsp;<strong>renaissance spirituelle<\/strong>.<\/p>\n\n\n\n<hr class=\"wp-block-separator has-alpha-channel-opacity\"\/>\n\n\n\n<h2 class=\"wp-block-heading\"><strong>III. Application Pratique : Comment Vivre le Bapt\u00eame Aujourd&rsquo;hui<\/strong><\/h2>\n\n\n\n<h3 class=\"wp-block-heading\"><strong>Guide Th\u00e9ologique et Pastoral<\/strong><\/h3>\n\n\n\n<h4 class=\"wp-block-heading\"><strong>1. Se Rappeler de Son Bapt\u00eame Quotidiennement<\/strong><\/h4>\n\n\n\n<ul class=\"wp-block-list\">\n<li><strong>Renouveler les promesses baptismales.<\/strong>\u00a0Chaque matin, faire le signe de croix et se rappeler :\u00a0<em>\u00ab\u00a0Je suis enfant de Dieu, rachet\u00e9 par le Christ, appel\u00e9 \u00e0 la saintet\u00e9.\u00a0\u00bb<\/em><\/li>\n\n\n\n<li><strong>Rejeter le p\u00e9ch\u00e9.<\/strong>\u00a0Comme No\u00e9 a ferm\u00e9 la porte de l&rsquo;Arche au mal, nous devons fermer notre \u00e2me au p\u00e9ch\u00e9.<\/li>\n<\/ul>\n\n\n\n<h4 class=\"wp-block-heading\"><strong>2. Vivre dans la Gr\u00e2ce : Rester dans l'\u00a0\u00bbArche\u00a0\u00bb<\/strong><\/h4>\n\n\n\n<ul class=\"wp-block-list\">\n<li><strong>La Confession fr\u00e9quente<\/strong>\u00a0est essentielle pour r\u00e9parer les \u00ab\u00a0fuites\u00a0\u00bb du p\u00e9ch\u00e9 dans notre vie.<\/li>\n\n\n\n<li><strong>L&rsquo;Eucharistie<\/strong>\u00a0nous nourrit, comme l&rsquo;Arche soutenait No\u00e9.<\/li>\n<\/ul>\n\n\n\n<h4 class=\"wp-block-heading\"><strong>3. \u00catre T\u00e9moins du Salut<\/strong><\/h4>\n\n\n\n<ul class=\"wp-block-list\">\n<li><strong>\u00c9vang\u00e9liser avec charit\u00e9.<\/strong>\u00a0Comme No\u00e9 a averti sa g\u00e9n\u00e9ration, nous devons annoncer le Christ.<\/li>\n\n\n\n<li><strong>Construire des \u00ab\u00a0arches\u00a0\u00bb spirituelles<\/strong>\u00a0: des familles saintes, des communaut\u00e9s fid\u00e8les, qui r\u00e9sistent au d\u00e9luge du s\u00e9cularisme.<\/li>\n<\/ul>\n\n\n\n<h4 class=\"wp-block-heading\"><strong>4. Attendre le Salut Final<\/strong><\/h4>\n\n\n\n<ul class=\"wp-block-list\">\n<li><strong>L&rsquo;Arche s&rsquo;est pos\u00e9e sur le Mont Ararat (Gen\u00e8se 8,4), symbole du Ciel.<\/strong>\u00a0Notre vie doit \u00eatre un p\u00e8lerinage vers la Patrie \u00c9ternelle.<\/li>\n<\/ul>\n\n\n\n<hr class=\"wp-block-separator has-alpha-channel-opacity\"\/>\n\n\n\n<h2 class=\"wp-block-heading\"><strong>Conclusion : Un Appel \u00e0 la Conversion<\/strong><\/h2>\n\n\n\n<p>L&rsquo;Arche de No\u00e9 n&rsquo;est pas seulement une histoire du pass\u00e9 ; c&rsquo;est&nbsp;<strong>un message urgent pour aujourd&rsquo;hui<\/strong>. Nous vivons dans un monde qui, comme au temps de No\u00e9, se noie dans le p\u00e9ch\u00e9. Mais Dieu nous offre&nbsp;<strong>la v\u00e9ritable Arche : l&rsquo;\u00c9glise<\/strong>, et&nbsp;<strong>le v\u00e9ritable Bapt\u00eame : la porte du salut<\/strong>.<\/p>\n\n\n\n<p>Vivons-nous comme de vrais baptis\u00e9s ? Ou avons-nous laiss\u00e9 le monde nous \u00e9loigner du Christ ?<\/p>\n\n\n\n<p>Aujourd&rsquo;hui est le jour de&nbsp;<strong>retourner \u00e0 l&rsquo;Arche<\/strong>, d&#8217;embrasser les eaux salvifiques du Bapt\u00eame, et de naviguer, avec une foi in\u00e9branlable, vers l&rsquo;\u00e9ternit\u00e9.<\/p>\n\n\n\n<blockquote class=\"wp-block-quote is-layout-flow wp-block-quote-is-layout-flow\">\n<p><em>\u00ab\u00a0Celui qui croira et sera baptis\u00e9 sera sauv\u00e9\u00a0\u00bb<\/em>&nbsp;(Marc 16,16).<\/p>\n<\/blockquote>\n\n\n\n<p>Que Marie,&nbsp;<strong>Arche de la Nouvelle Alliance<\/strong>, nous guide toujours vers son Fils.<\/p>\n\n\n\n<p><strong>Amen.<\/strong><\/p>\n\n\n\n<hr class=\"wp-block-separator has-alpha-channel-opacity\"\/>\n\n\n\n<h3 class=\"wp-block-heading\"><strong>Questions pour une R\u00e9flexion Personnelle<\/strong><\/h3>\n\n\n\n<ol start=\"1\" class=\"wp-block-list\">\n<li>Comment puis-je renouveler aujourd&rsquo;hui mon engagement baptismal ?<\/li>\n\n\n\n<li>Quels \u00ab\u00a0d\u00e9luges\u00a0\u00bb modernes menacent ma foi, et comment y r\u00e9sister ?<\/li>\n\n\n\n<li>De quelle mani\u00e8re puis-je \u00eatre un \u00ab\u00a0No\u00e9\u00a0\u00bb dans ma famille et ma communaut\u00e9 ?<\/li>\n<\/ol>\n\n\n\n<p><strong>Que la gr\u00e2ce de votre Bapt\u00eame vous soutienne toujours !<\/strong><\/p>\n","protected":false},"excerpt":{"rendered":"<p>Introduction : Un Myst\u00e8re R\u00e9v\u00e9l\u00e9 Au c\u0153ur de l&rsquo;\u00c9criture Sainte se cachent des tr\u00e9sors de sagesse divine, des symboles qui transcendent le temps et nous parlent de r\u00e9alit\u00e9s \u00e9ternelles. L&rsquo;un des plus fascinants est le lien entre&nbsp;l&rsquo;Arche de No\u00e9 et le Sacrement du Bapt\u00eame. \u00c0 premi\u00e8re vue, ces r\u00e9cits peuvent sembler \u00e9loign\u00e9s, mais la tradition &hellip;<\/p>\n","protected":false},"author":3,"featured_media":4107,"comment_status":"open","ping_status":"open","sticky":false,"template":"","format":"standard","meta":{"_seopress_robots_primary_cat":"","_seopress_titles_title":"","_seopress_titles_desc":"","_seopress_robots_index":"","footnotes":""},"categories":[37,45],"tags":[1278,144],"class_list":["post-4106","post","type-post","status-publish","format-standard","has-post-thumbnail","","category-doctrine-et-foi","category-saintes-ecritures","tag-arche-de-noe","tag-bapteme"],"_links":{"self":[{"href":"https:\/\/catholicus.eu\/fr\/wp-json\/wp\/v2\/posts\/4106","targetHints":{"allow":["GET"]}}],"collection":[{"href":"https:\/\/catholicus.eu\/fr\/wp-json\/wp\/v2\/posts"}],"about":[{"href":"https:\/\/catholicus.eu\/fr\/wp-json\/wp\/v2\/types\/post"}],"author":[{"embeddable":true,"href":"https:\/\/catholicus.eu\/fr\/wp-json\/wp\/v2\/users\/3"}],"replies":[{"embeddable":true,"href":"https:\/\/catholicus.eu\/fr\/wp-json\/wp\/v2\/comments?post=4106"}],"version-history":[{"count":1,"href":"https:\/\/catholicus.eu\/fr\/wp-json\/wp\/v2\/posts\/4106\/revisions"}],"predecessor-version":[{"id":4108,"href":"https:\/\/catholicus.eu\/fr\/wp-json\/wp\/v2\/posts\/4106\/revisions\/4108"}],"wp:featuredmedia":[{"embeddable":true,"href":"https:\/\/catholicus.eu\/fr\/wp-json\/wp\/v2\/media\/4107"}],"wp:attachment":[{"href":"https:\/\/catholicus.eu\/fr\/wp-json\/wp\/v2\/media?parent=4106"}],"wp:term":[{"taxonomy":"category","embeddable":true,"href":"https:\/\/catholicus.eu\/fr\/wp-json\/wp\/v2\/categories?post=4106"},{"taxonomy":"post_tag","embeddable":true,"href":"https:\/\/catholicus.eu\/fr\/wp-json\/wp\/v2\/tags?post=4106"}],"curies":[{"name":"wp","href":"https:\/\/api.w.org\/{rel}","templated":true}]}}