{"id":4088,"date":"2025-05-23T22:37:49","date_gmt":"2025-05-23T20:37:49","guid":{"rendered":"https:\/\/catholicus.eu\/fr\/?p=4088"},"modified":"2025-05-23T22:37:50","modified_gmt":"2025-05-23T20:37:50","slug":"se-retirer-pour-revenir-plus-fort-le-pouvoir-transformateur-des-retraites-spirituelles","status":"publish","type":"post","link":"https:\/\/catholicus.eu\/fr\/se-retirer-pour-revenir-plus-fort-le-pouvoir-transformateur-des-retraites-spirituelles\/","title":{"rendered":"Se retirer pour revenir plus fort : le pouvoir transformateur des retraites spirituelles"},"content":{"rendered":"\n<p><strong>INTRODUCTION : Une pause sur le chemin pour retrouver le Ciel<\/strong><\/p>\n\n\n\n<p>Nous vivons dans une soci\u00e9t\u00e9 hyperactive. Nous courons d\u2019un engagement \u00e0 l\u2019autre, les t\u00e9l\u00e9phones vibrent sans cesse, nos esprits sont satur\u00e9s et nos \u00e2mes&#8230; assoiff\u00e9es. Le monde actuel pousse \u00e0 l\u2019urgence mais n\u00e9glige l\u2019essentiel. Dans ce contexte, la retraite spirituelle n\u2019est pas un luxe pour les pieux ou les consacr\u00e9s, mais un besoin vital pour tout chr\u00e9tien qui d\u00e9sire entendre \u00e0 nouveau la Voix qui donne un sens \u00e0 son existence.<\/p>\n\n\n\n<p>Une retraite spirituelle n\u2019est pas une fuite, mais une <strong>immersion profonde dans la r\u00e9alit\u00e9 ultime<\/strong> : Dieu. C\u2019est comme monter sur le mont Thabor pour retrouver la Lumi\u00e8re \u2014 comme J\u00e9sus, qui \u00ab se retirait dans des lieux d\u00e9serts pour prier \u00bb (cf. Luc 5,16).<\/p>\n\n\n\n<p>Dans cet article, vous d\u00e9couvrirez ce que sont les retraites spirituelles, leur histoire, leur fondement th\u00e9ologique, comment elles ont chang\u00e9 des vies, et \u2014 surtout \u2014 <strong>comment vous pouvez vous-m\u00eame en faire une et laisser Dieu vous transformer de l\u2019int\u00e9rieur<\/strong>.<\/p>\n\n\n\n<hr class=\"wp-block-separator has-alpha-channel-opacity\"\/>\n\n\n\n<h2 class=\"wp-block-heading\">1. QU\u2019EST-CE QU\u2019UNE RETRAITE SPIRITUELLE ?<\/h2>\n\n\n\n<p>Une retraite spirituelle est un <strong>temps mis \u00e0 part de la vie ordinaire<\/strong> pour se reconnecter \u00e0 Dieu, \u00e9couter Sa Parole, entrer dans le silence, faire un examen de conscience et discerner les \u00e9tapes suivantes. C\u2019est, par d\u00e9finition, une exp\u00e9rience de pri\u00e8re, d\u2019introspection et de renouvellement int\u00e9rieur.<\/p>\n\n\n\n<p>Mais c\u2019est aussi bien plus que cela : <strong>c\u2019est une exp\u00e9rience pascale<\/strong>. Comme le Christ au d\u00e9sert (Mt 4,1\u201311), l\u2019\u00e2me entre en combat, est tent\u00e9e, purifi\u00e9e et \u2014 enfin \u2014 fortifi\u00e9e. Il ne s\u2019agit pas simplement de se reposer, mais de faire face \u00e0 la v\u00e9rit\u00e9.<\/p>\n\n\n\n<blockquote class=\"wp-block-quote is-layout-flow wp-block-quote-is-layout-flow\">\n<p>\u00ab Venez \u00e0 l\u2019\u00e9cart dans un endroit d\u00e9sert et reposez-vous un peu. \u00bb (Marc 6,31)<\/p>\n<\/blockquote>\n\n\n\n<p>Cet appel de J\u00e9sus \u00e0 ses ap\u00f4tres est toujours d\u2019actualit\u00e9. Il ne nous appelle pas seulement \u00e0 la mission, mais aussi au retrait. Sans un contact profond avec Dieu, la foi devient routine, le service devient fardeau et la vie spirituelle s\u2019ass\u00e8che dangereusement.<\/p>\n\n\n\n<hr class=\"wp-block-separator has-alpha-channel-opacity\"\/>\n\n\n\n<h2 class=\"wp-block-heading\">2. UNE BR\u00c8VE HISTOIRE DES RETRAITES : DES P\u00c8RES DU D\u00c9SERT \u00c0 SAINT IGNACE<\/h2>\n\n\n\n<p>Les retraites ont des racines anciennes. Dans la tradition jud\u00e9o-chr\u00e9tienne, se retirer dans le d\u00e9sert \u00e9tait essentiel : <strong>Mo\u00efse<\/strong> monte sur le Sina\u00ef, <strong>\u00c9lie<\/strong> marche 40 jours jusqu\u2019\u00e0 l\u2019Horeb, et <strong>J\u00e9sus<\/strong> se retire au d\u00e9sert avant de commencer sa mission.<\/p>\n\n\n\n<h3 class=\"wp-block-heading\">2.1. Les P\u00e8res du d\u00e9sert<\/h3>\n\n\n\n<p>Aux IIIe et IVe si\u00e8cles, les premiers moines \u2014 comme saint Antoine le Grand et saint Macaire \u2014 se retirent dans le d\u00e9sert d\u2019\u00c9gypte pour mener une vie de puret\u00e9, de silence et de combat spirituel. De l\u00e0 na\u00eet la tradition monastique, une source incroyablement riche de sagesse spirituelle toujours actuelle.<\/p>\n\n\n\n<h3 class=\"wp-block-heading\">2.2. Saint Ignace de Loyola : les Exercices spirituels<\/h3>\n\n\n\n<p>Mais c\u2019est saint Ignace de Loyola (XVIe si\u00e8cle) qui institutionnalise la retraite telle que nous la connaissons aujourd\u2019hui, \u00e0 travers ses c\u00e9l\u00e8bres <strong>Exercices spirituels<\/strong> \u2014 une \u00e9cole de discernement, de conversion et de vie dans le Christ. Ses retraites continuent d\u2019impacter des millions de personnes dans le monde, tant la\u00efcs que religieux.<\/p>\n\n\n\n<hr class=\"wp-block-separator has-alpha-channel-opacity\"\/>\n\n\n\n<h2 class=\"wp-block-heading\">3. LE FONDEMENT TH\u00c9OLOGIQUE DE LA RETRAITE : DIEU PARLE DANS LE SILENCE<\/h2>\n\n\n\n<p>Dieu ne parle g\u00e9n\u00e9ralement pas dans le bruit. L\u2019\u00c9criture montre que <strong>la R\u00e9v\u00e9lation se fait dans le silence<\/strong>, dans l\u2019\u00e9coute profonde du c\u0153ur. Le proph\u00e8te \u00c9lie l\u2019a d\u00e9couvert \u00e0 l\u2019Horeb : ni dans le vent, ni dans le feu, ni dans le tremblement de terre\u2026 mais dans <strong>le murmure d\u2019une brise l\u00e9g\u00e8re<\/strong> (1 Rois 19,11\u201313).<\/p>\n\n\n\n<p>Une retraite nous place dans une disposition pour recevoir ce murmure. Et cet acte est profond\u00e9ment th\u00e9ologique, car il exprime une attitude <strong>mariale<\/strong> : disponibilit\u00e9, ouverture, humilit\u00e9.<\/p>\n\n\n\n<h3 class=\"wp-block-heading\">3.1. Une th\u00e9ologie de la retraite : trois dimensions essentielles<\/h3>\n\n\n\n<ul class=\"wp-block-list\">\n<li><strong>Christocentrique<\/strong> : la retraite n\u2019est pas une technique psychologique, mais une rencontre avec le Christ. Il s\u2019agit de Le laisser vous parler, vous regarder, vous transformer.<\/li>\n\n\n\n<li><strong>Eccl\u00e9siale<\/strong> : bien que personnelle, la retraite se vit dans l\u2019\u00c9glise. C\u2019est une gr\u00e2ce qui \u00e9difie le Corps du Christ.<\/li>\n\n\n\n<li><strong>Eschatologique<\/strong> : la retraite nous rappelle que nous sommes des p\u00e8lerins ; notre but, c\u2019est le Ciel. Elle remet nos priorit\u00e9s \u00e0 leur juste place, \u00e0 la lumi\u00e8re de l\u2019\u00e9ternit\u00e9.<\/li>\n<\/ul>\n\n\n\n<blockquote class=\"wp-block-quote is-layout-flow wp-block-quote-is-layout-flow\">\n<p>\u00ab Convertissez-vous et croyez \u00e0 l\u2019\u00c9vangile. \u00bb (Marc 1,15)<br>Chaque retraite est une nouvelle opportunit\u00e9 de revenir \u00e0 Dieu de tout son c\u0153ur.<\/p>\n<\/blockquote>\n\n\n\n<hr class=\"wp-block-separator has-alpha-channel-opacity\"\/>\n\n\n\n<h2 class=\"wp-block-heading\">4. APPLICATIONS PRATIQUES : COMMENT FAIRE UNE RETRAITE SPIRITUELLE ?<\/h2>\n\n\n\n<p>Il n\u2019est pas n\u00e9cessaire d\u2019\u00eatre pr\u00eatre ni de partir dans une abbaye fran\u00e7aise pour faire une retraite. Mais il faut trois choses : <strong>disponibilit\u00e9, silence et accompagnement<\/strong>. Voici un guide pratique complet dans une perspective catholique traditionnelle :<\/p>\n\n\n\n<h3 class=\"wp-block-heading\">4.1. Types de retraites<\/h3>\n\n\n\n<ul class=\"wp-block-list\">\n<li><strong>Retraite compl\u00e8te (3 \u00e0 8 jours)<\/strong> : Id\u00e9alement dans une maison religieuse ou un centre spirituel. Comprend pri\u00e8re, direction spirituelle, confession et messe quotidienne.<\/li>\n\n\n\n<li><strong>Retraite d\u2019un jour<\/strong> : Souvent organis\u00e9e dans les paroisses ou les communaut\u00e9s. Utile pour ceux qui ont peu de temps.<\/li>\n\n\n\n<li><strong>Retraite personnelle \u00e0 domicile<\/strong> : Si vous ne pouvez pas partir, vous pouvez organiser une journ\u00e9e de silence, de lecture et de pri\u00e8re chez vous.<\/li>\n<\/ul>\n\n\n\n<h3 class=\"wp-block-heading\">4.2. Que faire pendant une retraite ?<\/h3>\n\n\n\n<ul class=\"wp-block-list\">\n<li><strong>Confession sacramentelle<\/strong> : Commencer avec un c\u0153ur purifi\u00e9.<\/li>\n\n\n\n<li><strong>Silence ext\u00e9rieur et int\u00e9rieur<\/strong> : \u00c9teindre son t\u00e9l\u00e9phone, calmer son esprit.<\/li>\n\n\n\n<li><strong>Lecture spirituelle<\/strong> : Les \u00c9vangiles, les \u00e9crits des saints (ex. : saint Jean de la Croix, sainte Th\u00e9r\u00e8se d\u2019Avila).<\/li>\n\n\n\n<li><strong>M\u00e9ditation et contemplation<\/strong> : S\u2019asseoir devant le Christ et Le laisser parler.<\/li>\n\n\n\n<li><strong>Examen de vie<\/strong> : Relire ses d\u00e9cisions, ses blessures, sa fid\u00e9lit\u00e9 \u00e0 l\u2019\u00c9vangile.<\/li>\n\n\n\n<li><strong>Plan de vie spirituelle<\/strong> : Apr\u00e8s la retraite, \u00e9tablir des r\u00e9solutions concr\u00e8tes : pri\u00e8re quotidienne, sacrements, \u0153uvres de charit\u00e9, etc.<\/li>\n<\/ul>\n\n\n\n<h3 class=\"wp-block-heading\">4.3. Accompagnement spirituel<\/h3>\n\n\n\n<p>Cherchez un guide ou un accompagnateur spirituel (pr\u00eatre, religieux, ou la\u00efc form\u00e9) qui puisse vous aider \u00e0 discerner ce que Dieu vous dit durant la retraite.<\/p>\n\n\n\n<hr class=\"wp-block-separator has-alpha-channel-opacity\"\/>\n\n\n\n<h2 class=\"wp-block-heading\">5. FRUITS D\u2019UNE RETRAITE : CE QUE DIEU PEUT FAIRE EN VOUS<\/h2>\n\n\n\n<p>Celui qui entre en retraite avec foi <strong>ne repart jamais pareil<\/strong>. Dieu transforme le c\u0153ur, le lib\u00e8re de ses fardeaux inutiles, rallume l\u2019amour, et donne la lumi\u00e8re pour les d\u00e9cisions importantes.<\/p>\n\n\n\n<h3 class=\"wp-block-heading\">T\u00e9moignages fr\u00e9quents apr\u00e8s une retraite :<\/h3>\n\n\n\n<ul class=\"wp-block-list\">\n<li>\u00ab Je suis all\u00e9 me confesser apr\u00e8s des ann\u00e9es. \u00bb<\/li>\n\n\n\n<li>\u00ab J\u2019ai d\u00e9couvert ma vocation. \u00bb<\/li>\n\n\n\n<li>\u00ab Je me suis r\u00e9concili\u00e9 avec mon pass\u00e9. \u00bb<\/li>\n\n\n\n<li>\u00ab J\u2019ai ressenti pour la premi\u00e8re fois l\u2019amour de Dieu. \u00bb<\/li>\n<\/ul>\n\n\n\n<blockquote class=\"wp-block-quote is-layout-flow wp-block-quote-is-layout-flow\">\n<p>\u00ab Seigneur, fais-moi conna\u00eetre mes p\u00e9ch\u00e9s et ta mis\u00e9ricorde. \u00bb (Saint Ignace de Loyola)<\/p>\n<\/blockquote>\n\n\n\n<hr class=\"wp-block-separator has-alpha-channel-opacity\"\/>\n\n\n\n<h2 class=\"wp-block-heading\">6. RETRAITES ET MONDE MODERNE : UN ANTIDOTE AU VIDE<\/h2>\n\n\n\n<p>\u00c0 une \u00e9poque marqu\u00e9e par l\u2019anxi\u00e9t\u00e9, la solitude chronique et la perte de sens, les retraites sont <strong>des oasis de lumi\u00e8re et de v\u00e9rit\u00e9<\/strong>. Le monde propose le divertissement, mais Dieu offre le v\u00e9ritable repos. Et ce repos ne peut se trouver que dans le silence f\u00e9cond de la retraite.<\/p>\n\n\n\n<p>La pastorale actuelle doit redonner vie aux retraites comme <strong>outil de conversion<\/strong>, surtout pour les la\u00efcs. La formation intellectuelle ne suffit pas : il faut <strong>la transformation int\u00e9rieure<\/strong>.<\/p>\n\n\n\n<hr class=\"wp-block-separator has-alpha-channel-opacity\"\/>\n\n\n\n<h2 class=\"wp-block-heading\">7. PROPOSITION : ORGANISEZ VOTRE RETRAITE<\/h2>\n\n\n\n<p>Vous vous sentez inspir\u00e9 ? Voici un plan concret :<\/p>\n\n\n\n<p><strong>Retraite \u00e0 domicile sur un week-end<\/strong><\/p>\n\n\n\n<p><strong>Vendredi soir :<\/strong><\/p>\n\n\n\n<ul class=\"wp-block-list\">\n<li>Lire l\u2019\u00c9vangile du dimanche.<\/li>\n\n\n\n<li>Faire un examen de conscience et un temps de pri\u00e8re silencieuse.<\/li>\n<\/ul>\n\n\n\n<p><strong>Samedi :<\/strong><\/p>\n\n\n\n<ul class=\"wp-block-list\">\n<li>Matin : m\u00e9ditation (20\u201330 minutes), lecture spirituelle (ex. : saint Augustin, sainte Th\u00e9r\u00e8se\u2026)<\/li>\n\n\n\n<li>Apr\u00e8s-midi : chapelet, temps d\u2019adoration si possible, confession dans votre paroisse.<\/li>\n\n\n\n<li>Soir : silence total, lecture d\u2019un psaume, coucher t\u00f4t.<\/li>\n<\/ul>\n\n\n\n<p><strong>Dimanche :<\/strong><\/p>\n\n\n\n<ul class=\"wp-block-list\">\n<li>Assister \u00e0 la messe dominicale.<\/li>\n\n\n\n<li>Remercier et \u00e9crire des r\u00e9solutions spirituelles concr\u00e8tes.<\/li>\n<\/ul>\n\n\n\n<blockquote class=\"wp-block-quote is-layout-flow wp-block-quote-is-layout-flow\">\n<p>Si vous pouvez faire cela dans une maison de retraite spirituelle, c\u2019est encore mieux ! Mais m\u00eame chez vous, Dieu parle \u00e0 celui qui veut bien l\u2019\u00e9couter.<\/p>\n<\/blockquote>\n\n\n\n<hr class=\"wp-block-separator has-alpha-channel-opacity\"\/>\n\n\n\n<h2 class=\"wp-block-heading\">CONCLUSION : UN C\u0152UR NOUVEAU POUR UN MONDE NOUVEAU<\/h2>\n\n\n\n<p>Se retirer, ce n\u2019est pas fuir. C\u2019est se pr\u00e9parer. C\u2019est <strong>se r\u00e9armer spirituellement<\/strong> pour revenir dans le monde avec clart\u00e9, force et charit\u00e9. J\u00e9sus se retirait pour prier, mais Il sortait ensuite pour gu\u00e9rir, pr\u00eacher, mourir et ressusciter.<\/p>\n\n\n\n<p>Faites de m\u00eame. Retirez-vous. Laissez Dieu vous parler. Revenez dans le monde avec un c\u0153ur nouveau.<\/p>\n\n\n\n<blockquote class=\"wp-block-quote is-layout-flow wp-block-quote-is-layout-flow\">\n<p>\u00ab Revenez au Seigneur votre Dieu, car Il est tendre et mis\u00e9ricordieux. \u00bb (Jo\u00ebl 2,13)<\/p>\n<\/blockquote>\n\n\n\n<hr class=\"wp-block-separator has-alpha-channel-opacity\"\/>\n\n\n\n<p><strong>Ce sujet a-t-il touch\u00e9 votre c\u0153ur ?<\/strong><br>N\u2019attendez pas le \u00ab bon moment \u00bb. Il ne vient jamais. D\u00e9cidez aujourd\u2019hui. Programmez votre prochaine retraite et laissez le Seigneur agir en vous.<\/p>\n\n\n\n<p><strong>Votre \u00e2me en a besoin. Le monde l\u2019attend. Dieu le d\u00e9sire.<\/strong><\/p>\n","protected":false},"excerpt":{"rendered":"<p>INTRODUCTION : Une pause sur le chemin pour retrouver le Ciel Nous vivons dans une soci\u00e9t\u00e9 hyperactive. Nous courons d\u2019un engagement \u00e0 l\u2019autre, les t\u00e9l\u00e9phones vibrent sans cesse, nos esprits sont satur\u00e9s et nos \u00e2mes&#8230; assoiff\u00e9es. Le monde actuel pousse \u00e0 l\u2019urgence mais n\u00e9glige l\u2019essentiel. Dans ce contexte, la retraite spirituelle n\u2019est pas un luxe &hellip;<\/p>\n","protected":false},"author":3,"featured_media":4089,"comment_status":"open","ping_status":"open","sticky":false,"template":"","format":"standard","meta":{"_seopress_robots_primary_cat":"","_seopress_titles_title":"","_seopress_titles_desc":"","_seopress_robots_index":"","footnotes":""},"categories":[40,58],"tags":[1271],"class_list":["post-4088","post","type-post","status-publish","format-standard","has-post-thumbnail","","category-priere-et-spiritualite","category-priere-et-vie-spirituelle","tag-retraites-spirituelles"],"_links":{"self":[{"href":"https:\/\/catholicus.eu\/fr\/wp-json\/wp\/v2\/posts\/4088","targetHints":{"allow":["GET"]}}],"collection":[{"href":"https:\/\/catholicus.eu\/fr\/wp-json\/wp\/v2\/posts"}],"about":[{"href":"https:\/\/catholicus.eu\/fr\/wp-json\/wp\/v2\/types\/post"}],"author":[{"embeddable":true,"href":"https:\/\/catholicus.eu\/fr\/wp-json\/wp\/v2\/users\/3"}],"replies":[{"embeddable":true,"href":"https:\/\/catholicus.eu\/fr\/wp-json\/wp\/v2\/comments?post=4088"}],"version-history":[{"count":1,"href":"https:\/\/catholicus.eu\/fr\/wp-json\/wp\/v2\/posts\/4088\/revisions"}],"predecessor-version":[{"id":4090,"href":"https:\/\/catholicus.eu\/fr\/wp-json\/wp\/v2\/posts\/4088\/revisions\/4090"}],"wp:featuredmedia":[{"embeddable":true,"href":"https:\/\/catholicus.eu\/fr\/wp-json\/wp\/v2\/media\/4089"}],"wp:attachment":[{"href":"https:\/\/catholicus.eu\/fr\/wp-json\/wp\/v2\/media?parent=4088"}],"wp:term":[{"taxonomy":"category","embeddable":true,"href":"https:\/\/catholicus.eu\/fr\/wp-json\/wp\/v2\/categories?post=4088"},{"taxonomy":"post_tag","embeddable":true,"href":"https:\/\/catholicus.eu\/fr\/wp-json\/wp\/v2\/tags?post=4088"}],"curies":[{"name":"wp","href":"https:\/\/api.w.org\/{rel}","templated":true}]}}