{"id":4060,"date":"2025-05-19T21:22:02","date_gmt":"2025-05-19T19:22:02","guid":{"rendered":"https:\/\/catholicus.eu\/fr\/?p=4060"},"modified":"2025-05-19T21:22:02","modified_gmt":"2025-05-19T19:22:02","slug":"portes-ouvertes-ames-fermees-le-defi-de-limmigration-massive-et-non-integree-a-la-lumiere-de-la-foi-catholique","status":"publish","type":"post","link":"https:\/\/catholicus.eu\/fr\/portes-ouvertes-ames-fermees-le-defi-de-limmigration-massive-et-non-integree-a-la-lumiere-de-la-foi-catholique\/","title":{"rendered":"Portes ouvertes, \u00e2mes ferm\u00e9es : le d\u00e9fi de l&rsquo;immigration massive et non int\u00e9gr\u00e9e \u00e0 la lumi\u00e8re de la foi catholique"},"content":{"rendered":"\n<p><strong>INTRODUCTION : UNE CRISE QUI D\u00c9PASSE LA POLITIQUE<\/strong><\/p>\n\n\n\n<p>Nous vivons une \u00e9poque agit\u00e9e. L\u2019Europe et une grande partie du monde occidental connaissent des niveaux d\u2019immigration sans pr\u00e9c\u00e9dent. Ce qui avait commenc\u00e9 comme des flux mod\u00e9r\u00e9s de personnes en qu\u00eate d\u2019un avenir meilleur est devenu un ph\u00e9nom\u00e8ne massif, et dans bien des cas, incontr\u00f4l\u00e9. La majorit\u00e9 de ces immigr\u00e9s apportent non seulement leur culture, leur langue et leurs coutumes, mais aussi leur religion \u2013 souvent hostile au christianisme : l\u2019islam.<\/p>\n\n\n\n<p>Cet article n\u2019a pas pour but d\u2019\u00eatre une opinion politique ou une analyse g\u00e9opolitique. Il vise \u00e0 \u00eatre, du point de vue de la foi catholique traditionnelle, <strong>une lumi\u00e8re au milieu du chaos<\/strong>. Car si un catholique doit se distinguer par quelque chose, c\u2019est bien par sa capacit\u00e9 \u00e0 discerner la r\u00e9alit\u00e9 avec les yeux de Dieu, et non ceux du monde. Nous devons donc nous poser cette question avec sinc\u00e9rit\u00e9 :<br><strong>Comment devons-nous aborder, en tant que catholiques, l\u2019immigration massive et non int\u00e9gr\u00e9e, surtout lorsqu\u2019elle provient de cultures et religions qui non seulement rejettent nos valeurs, mais les combattent activement ?<\/strong><\/p>\n\n\n\n<hr class=\"wp-block-separator has-alpha-channel-opacity\"\/>\n\n\n\n<h2 class=\"wp-block-heading\">I. REGARD HISTORIQUE : QUAND LA FOI \u00c9TAIT UN H\u00c9RITAGE COMMUN<\/h2>\n\n\n\n<p>Pendant des si\u00e8cles, la Chr\u00e9tient\u00e9 s\u2019\u00e9tendait de l\u2019Irlande \u00e0 Constantinople. Les fronti\u00e8res politiques \u00e9taient perm\u00e9ables, mais la foi catholique constituait le ciment culturel qui unissait les peuples. L\u2019immigration existait, oui \u2013 mais elle avait lieu au sein d\u2019une civilisation chr\u00e9tienne commune.<\/p>\n\n\n\n<p>Cependant, lorsque des peuples issus de religions ennemies (comme l\u2019islam) envahissaient des terres chr\u00e9tiennes, la r\u00e9ponse \u00e9tait claire :<br><strong>d\u00e9fendre la foi, prot\u00e9ger les fid\u00e8les, et si possible, convertir les arrivants<\/strong>.<br>La charit\u00e9 n\u2019a jamais \u00e9t\u00e9 confondue avec la na\u00efvet\u00e9.<\/p>\n\n\n\n<p>L\u2019exemple de <strong>saint Jean de Capistran pr\u00eachant contre les Turcs<\/strong>, ou celui de <strong>saint Ferdinand III int\u00e9grant les musulmans tout en les \u00e9vang\u00e9lisant<\/strong>, nous montre que l\u2019\u00c9glise n\u2019a jamais \u00e9t\u00e9 contre la charit\u00e9 \u2013 mais qu\u2019elle <strong>rejetait le relativisme<\/strong>. La charit\u00e9 n\u2019\u00e9tait pas synonyme d\u2019indiff\u00e9rence religieuse, et l\u2019int\u00e9gration ne signifiait pas <strong>la capitulation devant l\u2019envahisseur<\/strong>.<\/p>\n\n\n\n<hr class=\"wp-block-separator has-alpha-channel-opacity\"\/>\n\n\n\n<h2 class=\"wp-block-heading\">II. L\u2019ENSEIGNEMENT DE L\u2019\u00c9GLISE : CHARIT\u00c9 ET V\u00c9RIT\u00c9, TOUJOURS ENSEMBLE<\/h2>\n\n\n\n<p>Le Cat\u00e9chisme de l\u2019\u00c9glise catholique nous rappelle que l\u2019immigration est un ph\u00e9nom\u00e8ne humain l\u00e9gitime en cas de n\u00e9cessit\u00e9 :<\/p>\n\n\n\n<blockquote class=\"wp-block-quote is-layout-flow wp-block-quote-is-layout-flow\">\n<p>\u00ab Les nations mieux pourvues sont tenues d\u2019accueillir, autant que faire se peut, l\u2019\u00e9tranger en qu\u00eate de la s\u00e9curit\u00e9 et des moyens de subsistance qu\u2019il ne peut trouver dans son pays d\u2019origine. \u00bb<br>(CEC, \u00a7 2241)<\/p>\n<\/blockquote>\n\n\n\n<p>Mais le m\u00eame paragraphe pr\u00e9cise \u00e9galement :<\/p>\n\n\n\n<blockquote class=\"wp-block-quote is-layout-flow wp-block-quote-is-layout-flow\">\n<p>\u00ab Les autorit\u00e9s publiques doivent veiller au respect du droit naturel qui place l\u2019h\u00f4te sous la protection de ceux qui l\u2019accueillent. Les immigr\u00e9s sont tenus de respecter avec gratitude le patrimoine mat\u00e9riel et spirituel du pays qui les re\u00e7oit, d\u2019ob\u00e9ir \u00e0 ses lois et de contribuer \u00e0 ses charges. \u00bb<\/p>\n<\/blockquote>\n\n\n\n<p>Ainsi, <strong>la charit\u00e9 envers les immigr\u00e9s ne peut \u00eatre s\u00e9par\u00e9e de leur obligation de s\u2019int\u00e9grer \u00e0 la culture du pays d\u2019accueil<\/strong>, surtout lorsque cette culture est chr\u00e9tienne.<\/p>\n\n\n\n<p>De plus, la vraie charit\u00e9 ne s\u00e9pare jamais le corps de l\u2019\u00e2me. Aider le pauvre sans lui annoncer le Christ, c\u2019est le laisser dans une mis\u00e8re spirituelle. Et accepter des id\u00e9ologies ou des religions qui nient la divinit\u00e9 de J\u00e9sus-Christ au nom de la \u00ab tol\u00e9rance \u00bb<br><strong>n\u2019est pas de la charit\u00e9 \u2013 c\u2019est une trahison de la v\u00e9rit\u00e9<\/strong>.<\/p>\n\n\n\n<p>Le Christ est clair :<\/p>\n\n\n\n<blockquote class=\"wp-block-quote is-layout-flow wp-block-quote-is-layout-flow\">\n<p>\u00ab Je suis le chemin, la v\u00e9rit\u00e9 et la vie. Nul ne vient au P\u00e8re que par moi. \u00bb<br>(Jean 14, 6)<\/p>\n<\/blockquote>\n\n\n\n<p>L\u2019islam nie cela. Il nie la Trinit\u00e9, l\u2019Incarnation, la Croix et la R\u00e9surrection. C\u2019est pourquoi, bien que nous devions aimer les musulmans en tant que cr\u00e9atures de Dieu, <strong>nous ne pouvons pas fermer les yeux sur le fait que leur religion est objectivement fausse et hostile \u00e0 la V\u00e9rit\u00e9 r\u00e9v\u00e9l\u00e9e<\/strong>.<\/p>\n\n\n\n<hr class=\"wp-block-separator has-alpha-channel-opacity\"\/>\n\n\n\n<h2 class=\"wp-block-heading\">III. GUIDE TH\u00c9OLOGIQUE ET PASTORAL POUR LES CATHOLIQUES FACE \u00c0 UNE INVASION SILENCIEUSE<\/h2>\n\n\n\n<h3 class=\"wp-block-heading\">1. <strong>Sortir du sommeil spirituel : voir la r\u00e9alit\u00e9 avec des yeux catholiques<\/strong><\/h3>\n\n\n\n<p>La premi\u00e8re t\u00e2che d\u2019un catholique face \u00e0 ce ph\u00e9nom\u00e8ne est <strong>de ne pas se laisser manipuler par le discours \u00e9motionnel du monde<\/strong>. Il faut distinguer les cas particuliers de r\u00e9fugi\u00e9s v\u00e9ritables d\u2019un projet d\u2019ing\u00e9nierie sociale visant \u00e0 <strong>dissoudre l\u2019identit\u00e9 chr\u00e9tienne des nations<\/strong>.<\/p>\n\n\n\n<p><strong>Discerner n\u2019est pas ha\u00efr. C\u2019est aimer avec intelligence.<\/strong><\/p>\n\n\n\n<blockquote class=\"wp-block-quote is-layout-flow wp-block-quote-is-layout-flow\">\n<p>\u00ab Soyez donc prudents comme les serpents et simples comme les colombes. \u00bb<br>(Matthieu 10, 16)<\/p>\n<\/blockquote>\n\n\n\n<p>Toute immigration n\u2019est pas mauvaise. Mais lorsqu\u2019elle devient massive, incontr\u00f4l\u00e9e, et men\u00e9e par des gens qui refusent de s\u2019int\u00e9grer, elle devient <strong>un outil de l\u2019ennemi pour d\u00e9stabiliser, d\u00e9christianiser et finalement islamiser l\u2019Europe<\/strong>.<\/p>\n\n\n\n<h3 class=\"wp-block-heading\">2. <strong>Aimer l\u2019immigr\u00e9 sans abandonner la V\u00e9rit\u00e9<\/strong><\/h3>\n\n\n\n<p>Oui, l\u2019immigr\u00e9 doit \u00eatre aim\u00e9. Mais aimer ne signifie pas approuver tout ce qu\u2019il fait. Le v\u00e9ritable amour cherche le bien int\u00e9gral de l\u2019autre, et cela inclut son salut \u00e9ternel. Ainsi, <strong>tout immigr\u00e9 doit \u00eatre \u00e9vang\u00e9lis\u00e9, cat\u00e9chis\u00e9, et, si Dieu le veut, converti<\/strong>.<\/p>\n\n\n\n<p>Et si la conversion n\u2019est pas possible, il faut au moins exiger <strong>un respect total des valeurs chr\u00e9tiennes du pays d\u2019accueil<\/strong>. Celui qui n\u2019est pas pr\u00eat \u00e0 respecter la loi naturelle et la foi chr\u00e9tienne <strong>n\u2019a aucun droit moral d\u2019imposer sa propre loi ou culture<\/strong>.<\/p>\n\n\n\n<h3 class=\"wp-block-heading\">3. <strong>Exiger de la clart\u00e9 et du courage de nos pr\u00eatres<\/strong><\/h3>\n\n\n\n<p>De nombreux \u00e9v\u00eaques et pr\u00eatres sont tomb\u00e9s dans un discours politiquement correct qui <strong>confond l\u2019\u00c9vangile avec une gentillesse id\u00e9ologique<\/strong>. Les la\u00efcs doivent exiger la charit\u00e9, oui \u2013 mais aussi <strong>la v\u00e9rit\u00e9, le courage, et la d\u00e9fense du troupeau<\/strong>. Le loup, m\u00eame bless\u00e9, <strong>reste un danger pour les brebis<\/strong>.<\/p>\n\n\n\n<h3 class=\"wp-block-heading\">4. <strong>D\u00e9fendre notre identit\u00e9 chr\u00e9tienne sans honte<\/strong><\/h3>\n\n\n\n<p>Les catholiques doivent se lib\u00e9rer du complexe d\u2019inf\u00e9riorit\u00e9. Notre foi est la vraie. Notre civilisation \u2013 avec ses fautes \u2013 a produit des saints, de la beaut\u00e9, de la culture et de la libert\u00e9. Le multiculturalisme qui relativise tout <strong>est un pi\u00e8ge mortel<\/strong>.<\/p>\n\n\n\n<p>Nous devons vivre, c\u00e9l\u00e9brer et d\u00e9fendre notre identit\u00e9 chr\u00e9tienne dans la langue, les f\u00eates, les lois, l\u2019\u00e9ducation\u2026 <strong>et ne pas permettre qu\u2019elle soit remplac\u00e9e au nom d\u2019une tol\u00e9rance mensong\u00e8re<\/strong>.<\/p>\n\n\n\n<hr class=\"wp-block-separator has-alpha-channel-opacity\"\/>\n\n\n\n<h2 class=\"wp-block-heading\">IV. LE CAS DE L\u2019ISLAM : UNE RELIGION QUI N\u2019EST PAS NEUTRE<\/h2>\n\n\n\n<p>Beaucoup de musulmans sont des gens bons et pacifiques. Mais l\u2019islam, en tant que syst\u00e8me religieux et politique, <strong>n\u2019est pas compatible avec la foi catholique ni avec la d\u00e9mocratie occidentale<\/strong>. Le Coran ne pr\u00eache pas une paix universelle \u2013 il pr\u00eache <strong>la soumission<\/strong>. En arabe, <em>islam<\/em> signifie litt\u00e9ralement \u00ab soumission \u00bb.<\/p>\n\n\n\n<p>L\u2019islam classique ne reconna\u00eet pas la libert\u00e9 religieuse, nie les droits des femmes, et divise le monde en <em>dar al-islam<\/em> (maison de l\u2019islam) et <em>dar al-harb<\/em> (maison de la guerre). Cela signifie que tout pays non-musulman est <strong>destin\u00e9 \u00e0 \u00eatre conquis<\/strong>.<\/p>\n\n\n\n<p>Dans ce contexte, permettre une immigration musulmane massive sans conversion ni int\u00e9gration revient \u00e0 <strong>inviter au suicide culturel et spirituel de l\u2019Europe<\/strong>. L\u2019histoire le confirme : il n\u2019existe pas un seul pays au monde o\u00f9 l\u2019islam est entr\u00e9 puis a cess\u00e9 de cro\u00eetre. Une fois enracin\u00e9, il s\u2019\u00e9tend. Et une fois dominant, <strong>il pers\u00e9cute<\/strong>.<\/p>\n\n\n\n<hr class=\"wp-block-separator has-alpha-channel-opacity\"\/>\n\n\n\n<h2 class=\"wp-block-heading\">V. QUE POUVONS-NOUS FAIRE EN TANT QUE CATHOLIQUES ?<\/h2>\n\n\n\n<h3 class=\"wp-block-heading\">\u2714 <strong>PRIER ET FAIRE P\u00c9NITENCE<\/strong><\/h3>\n\n\n\n<p>Sans pri\u00e8re, tout effort est vain. Prions le Rosaire pour la conversion des immigr\u00e9s, pour l\u2019unit\u00e9 de l\u2019Europe dans la foi, et pour nos dirigeants.<\/p>\n\n\n\n<h3 class=\"wp-block-heading\">\u2714 <strong>\u00c9VANG\u00c9LISER AVEC COURAGE<\/strong><\/h3>\n\n\n\n<p>Il ne faut pas avoir peur de parler du Christ. Beaucoup d\u2019immigr\u00e9s viennent de pays o\u00f9 l\u2019\u00c9vangile ne leur a jamais \u00e9t\u00e9 annonc\u00e9. C\u2019est une opportunit\u00e9 ! Avec respect mais sans l\u00e2chet\u00e9, <strong>annon\u00e7ons le seul Sauveur v\u00e9ritable<\/strong>.<\/p>\n\n\n\n<h3 class=\"wp-block-heading\">\u2714 <strong>SOUTENIR CEUX QUI PROMEUVENT UNE VRAIE INT\u00c9GRATION<\/strong><\/h3>\n\n\n\n<p>Il existe des mouvements catholiques qui allient charit\u00e9 et identit\u00e9 \u2013 en offrant de l\u2019aide mat\u00e9rielle avec un accompagnement cat\u00e9ch\u00e9tique. <strong>Soutenons-les !<\/strong> La charit\u00e9 et la v\u00e9rit\u00e9 doivent marcher ensemble.<\/p>\n\n\n\n<h3 class=\"wp-block-heading\">\u2714 <strong>FAIRE PRESSION SUR LES POLITIQUES ET LES PR\u00caTRES<\/strong><\/h3>\n\n\n\n<p>Notre voix compte. \u00c9crivons, votons, t\u00e9moignons, partageons. Ne laissons pas la religion \u00eatre confin\u00e9e \u00e0 la sph\u00e8re priv\u00e9e pendant que l\u2019islam occupe sans honte l\u2019espace public.<\/p>\n\n\n\n<h3 class=\"wp-block-heading\">\u2714 <strong>CAT\u00c9CHISER NOS PROPRES FAMILLES<\/strong><\/h3>\n\n\n\n<p>La meilleure d\u00e9fense est un peuple solide dans sa foi. Enseignons \u00e0 nos enfants la v\u00e9rit\u00e9 catholique. Montrons-leur la beaut\u00e9 de notre liturgie, notre doctrine, nos martyrs.<\/p>\n\n\n\n<hr class=\"wp-block-separator has-alpha-channel-opacity\"\/>\n\n\n\n<h2 class=\"wp-block-heading\">CONCLUSION : UN COMBAT SPIRITUEL POUR L\u2019\u00c2ME DE L\u2019EUROPE<\/h2>\n\n\n\n<p>Il ne s\u2019agit pas d\u2019une crise de fronti\u00e8res, mais <strong>d\u2019une crise des \u00e2mes, des valeurs et de l\u2019identit\u00e9<\/strong>. Et en tant que catholiques, <strong>nous avons la mission d\u2019\u00eatre lumi\u00e8re, sel et levain<\/strong>. Il ne s\u2019agit pas de ha\u00efr qui que ce soit, mais d\u2019aimer <strong>sans abandonner le Christ<\/strong>.<\/p>\n\n\n\n<p>Souvenons-nous des paroles de notre Seigneur :<\/p>\n\n\n\n<blockquote class=\"wp-block-quote is-layout-flow wp-block-quote-is-layout-flow\">\n<p>\u00ab Le voleur ne vient que pour voler, \u00e9gorger et d\u00e9truire. Moi, je suis venu pour qu\u2019ils aient la vie, et qu\u2019ils l\u2019aient en abondance. \u00bb<br>(Jean 10, 10)<\/p>\n<\/blockquote>\n\n\n\n<p>L\u2019ennemi n\u2019est pas l\u2019immigr\u00e9. L\u2019ennemi, c\u2019est <strong>l\u2019id\u00e9ologie qui nie le Christ et cherche \u00e0 effacer nos racines<\/strong>.<br>Ne soyons pas trouv\u00e9s endormis. Ne soyons pas trouv\u00e9s l\u00e2ches.<br><strong>D\u00e9fendons notre foi avec un c\u0153ur ouvert \u2013 mais les yeux grands ouverts !<\/strong><\/p>\n","protected":false},"excerpt":{"rendered":"<p>INTRODUCTION : UNE CRISE QUI D\u00c9PASSE LA POLITIQUE Nous vivons une \u00e9poque agit\u00e9e. L\u2019Europe et une grande partie du monde occidental connaissent des niveaux d\u2019immigration sans pr\u00e9c\u00e9dent. Ce qui avait commenc\u00e9 comme des flux mod\u00e9r\u00e9s de personnes en qu\u00eate d\u2019un avenir meilleur est devenu un ph\u00e9nom\u00e8ne massif, et dans bien des cas, incontr\u00f4l\u00e9. La majorit\u00e9 &hellip;<\/p>\n","protected":false},"author":3,"featured_media":4061,"comment_status":"open","ping_status":"open","sticky":false,"template":"","format":"standard","meta":{"_seopress_robots_primary_cat":"","_seopress_titles_title":"","_seopress_titles_desc":"","_seopress_robots_index":"","footnotes":""},"categories":[66,41],"tags":[1262,352,1263],"class_list":["post-4060","post","type-post","status-publish","format-standard","has-post-thumbnail","","category-culture-populaire-et-catholicisme","category-foi-et-culture","tag-immigration-massive","tag-islam","tag-non-integree"],"_links":{"self":[{"href":"https:\/\/catholicus.eu\/fr\/wp-json\/wp\/v2\/posts\/4060","targetHints":{"allow":["GET"]}}],"collection":[{"href":"https:\/\/catholicus.eu\/fr\/wp-json\/wp\/v2\/posts"}],"about":[{"href":"https:\/\/catholicus.eu\/fr\/wp-json\/wp\/v2\/types\/post"}],"author":[{"embeddable":true,"href":"https:\/\/catholicus.eu\/fr\/wp-json\/wp\/v2\/users\/3"}],"replies":[{"embeddable":true,"href":"https:\/\/catholicus.eu\/fr\/wp-json\/wp\/v2\/comments?post=4060"}],"version-history":[{"count":1,"href":"https:\/\/catholicus.eu\/fr\/wp-json\/wp\/v2\/posts\/4060\/revisions"}],"predecessor-version":[{"id":4062,"href":"https:\/\/catholicus.eu\/fr\/wp-json\/wp\/v2\/posts\/4060\/revisions\/4062"}],"wp:featuredmedia":[{"embeddable":true,"href":"https:\/\/catholicus.eu\/fr\/wp-json\/wp\/v2\/media\/4061"}],"wp:attachment":[{"href":"https:\/\/catholicus.eu\/fr\/wp-json\/wp\/v2\/media?parent=4060"}],"wp:term":[{"taxonomy":"category","embeddable":true,"href":"https:\/\/catholicus.eu\/fr\/wp-json\/wp\/v2\/categories?post=4060"},{"taxonomy":"post_tag","embeddable":true,"href":"https:\/\/catholicus.eu\/fr\/wp-json\/wp\/v2\/tags?post=4060"}],"curies":[{"name":"wp","href":"https:\/\/api.w.org\/{rel}","templated":true}]}}