{"id":4045,"date":"2025-05-18T22:42:06","date_gmt":"2025-05-18T20:42:06","guid":{"rendered":"https:\/\/catholicus.eu\/fr\/?p=4045"},"modified":"2025-05-18T22:42:07","modified_gmt":"2025-05-18T20:42:07","slug":"quand-le-sein-est-silencieux-et-que-lame-crie-linfertilite-dans-le-mariage-a-la-lumiere-de-la-foi-catholique","status":"publish","type":"post","link":"https:\/\/catholicus.eu\/fr\/quand-le-sein-est-silencieux-et-que-lame-crie-linfertilite-dans-le-mariage-a-la-lumiere-de-la-foi-catholique\/","title":{"rendered":"Quand le sein est silencieux et que l\u2019\u00e2me crie : l\u2019infertilit\u00e9 dans le mariage \u00e0 la lumi\u00e8re de la foi catholique"},"content":{"rendered":"\n<h3 class=\"wp-block-heading\">Introduction<\/h3>\n\n\n\n<p>L\u2019infertilit\u00e9 dans le mariage est l\u2019une des croix les plus douloureuses, silencieuses et souvent incomprises de notre \u00e9poque. Elle touche non seulement le corps, mais aussi l\u2019\u00e2me, la relation conjugale, la foi et l\u2019esp\u00e9rance. Dans une soci\u00e9t\u00e9 o\u00f9 la productivit\u00e9 et les r\u00e9sultats semblent d\u00e9finir la valeur d\u2019une personne, ne pas pouvoir concevoir d\u2019enfants peut \u00eatre v\u00e9cu comme un \u00e9chec \u2014 m\u00eame au sein d\u2019un mariage sacramentel.<\/p>\n\n\n\n<p>Cependant, du point de vue catholique, cette blessure profonde a un sens, une dignit\u00e9, et un chemin de r\u00e9demption que le monde ne peut offrir. Cet article veut \u00eatre une lumi\u00e8re dans l\u2019obscurit\u00e9, un guide pastoral et spirituel pour tous les couples qui, au c\u0153ur de leur souffrance, continuent \u00e0 chercher Dieu avec un c\u0153ur ouvert.<\/p>\n\n\n\n<hr class=\"wp-block-separator has-alpha-channel-opacity\"\/>\n\n\n\n<h2 class=\"wp-block-heading\">I. Infertilit\u00e9 : au-del\u00e0 du diagnostic m\u00e9dical<\/h2>\n\n\n\n<p>L\u2019infertilit\u00e9 est d\u00e9finie cliniquement comme l\u2019impossibilit\u00e9 de concevoir apr\u00e8s un an de rapports sexuels r\u00e9guliers non prot\u00e9g\u00e9s. On estime qu\u2019elle touche entre 10 et 15 % des couples en \u00e2ge de procr\u00e9er. Mais au-del\u00e0 des statistiques, l\u2019infertilit\u00e9 a un visage humain, des larmes r\u00e9elles, et des questions existentielles.<\/p>\n\n\n\n<p>L\u2019\u00c9glise catholique, \u00e0 la diff\u00e9rence des visions purement biologiques ou utilitaristes, consid\u00e8re la personne humaine comme un \u00eatre int\u00e9gral : corps, \u00e2me et esprit. Ainsi, l\u2019infertilit\u00e9 n\u2019est pas simplement un \u00ab\u202fprobl\u00e8me physique\u202f\u00bb, mais une exp\u00e9rience de vie qui touche le c\u0153ur m\u00eame de l\u2019existence humaine.<\/p>\n\n\n\n<hr class=\"wp-block-separator has-alpha-channel-opacity\"\/>\n\n\n\n<h2 class=\"wp-block-heading\">II. Une vision biblique : Dieu n\u2019oublie pas le sein st\u00e9rile<\/h2>\n\n\n\n<p>L\u2019infertilit\u00e9 appara\u00eet fr\u00e9quemment dans l\u2019\u00c9criture Sainte, non pas comme une punition, mais comme un lieu o\u00f9 Dieu manifeste sa puissance, sa p\u00e9dagogie et sa tendresse. Sara, R\u00e9becca, Rachel, Anne (m\u00e8re de Samuel), et \u00c9lisabeth (m\u00e8re de Jean-Baptiste) ont toutes connu l\u2019amertume de la st\u00e9rilit\u00e9\u2026 mais aussi la joie du miracle.<\/p>\n\n\n\n<blockquote class=\"wp-block-quote is-layout-flow wp-block-quote-is-layout-flow\">\n<p>\u00ab\u202fDans l\u2019amertume de son \u00e2me, elle pria le Seigneur et versa des pleurs abondants.\u202f\u00bb (1 Samuel 1,10)<\/p>\n<\/blockquote>\n\n\n\n<p>La pri\u00e8re d\u2019Anne est celle de tant de femmes et d\u2019hommes aujourd\u2019hui. Dieu n\u2019est pas scandalis\u00e9 par la douleur ou le d\u00e9sir ; Il les accueille et les transforme. Il est significatif que, dans la Bible, le sein st\u00e9rile soit souvent le lieu d\u2019o\u00f9 jaillit la vie promise \u2014 non pas comme le r\u00e9sultat d\u2019une technique humaine, mais comme un don gratuit de Dieu.<\/p>\n\n\n\n<p>Cela ne signifie pas que toute infertilit\u00e9 se terminera par une grossesse miraculeuse. Cela signifie que Dieu peut faire d\u2019une blessure une source de gr\u00e2ce, m\u00eame si elle n\u2019est pas accompagn\u00e9e d\u2019un enfant biologique.<\/p>\n\n\n\n<hr class=\"wp-block-separator has-alpha-channel-opacity\"\/>\n\n\n\n<h2 class=\"wp-block-heading\">III. Th\u00e9ologie du corps et f\u00e9condit\u00e9<\/h2>\n\n\n\n<p>Selon le Magist\u00e8re de l\u2019\u00c9glise, notamment tel que d\u00e9velopp\u00e9 par <strong>saint Jean-Paul II dans sa Th\u00e9ologie du corps<\/strong>, le mariage est ordonn\u00e9 \u00e0 la communion et \u00e0 la transmission de la vie. Cependant, cela ne signifie pas que sa valeur repose exclusivement sur la f\u00e9condit\u00e9 biologique.<\/p>\n\n\n\n<p>Le Cat\u00e9chisme de l\u2019\u00c9glise catholique affirme clairement :<\/p>\n\n\n\n<blockquote class=\"wp-block-quote is-layout-flow wp-block-quote-is-layout-flow\">\n<p>\u00ab\u202fSi la st\u00e9rilit\u00e9 est incurable, les \u00e9poux peuvent encore vivre leur union m\u00eame sans avoir d\u2019enfant ; ils peuvent donner l\u2019exemple d\u2019une charit\u00e9 g\u00e9n\u00e9reuse, d\u2019une vie conjugale pleine de sens humain et chr\u00e9tien.\u202f\u00bb (CEC \u00a72379)<\/p>\n<\/blockquote>\n\n\n\n<p>L\u2019union conjugale reste pleine, valide et sainte, m\u00eame si elle ne peut donner lieu \u00e0 une g\u00e9n\u00e9ration biologique. La f\u00e9condit\u00e9, d\u2019un point de vue chr\u00e9tien, ne se limite pas \u00e0 avoir des enfants biologiques, mais consiste \u00e0 <strong>vivre l\u2019amour comme un don<\/strong>, comme un don de soi, comme une g\u00e9n\u00e9rosit\u00e9. Un couple peut \u00eatre immens\u00e9ment f\u00e9cond par l\u2019adoption, la mission, l\u2019apostolat ou le service aux plus vuln\u00e9rables.<\/p>\n\n\n\n<hr class=\"wp-block-separator has-alpha-channel-opacity\"\/>\n\n\n\n<h2 class=\"wp-block-heading\">IV. La tentation du contr\u00f4le : bio\u00e9thique et chemins \u00e9thiques<\/h2>\n\n\n\n<p>Face \u00e0 la douleur de l\u2019infertilit\u00e9, de nombreux couples sont tent\u00e9s par des solutions qui semblent imm\u00e9diates, comme la f\u00e9condation in vitro, la gestation pour autrui ou la manipulation g\u00e9n\u00e9tique. L\u2019\u00c9glise, avec une profonde compassion mais aussi avec clart\u00e9, enseigne que <strong>la fin ne justifie pas les moyens<\/strong>.<\/p>\n\n\n\n<p>Dans l\u2019instruction <strong>\u00ab\u202fDonum Vitae\u202f\u00bb<\/strong> (1987), puis dans <strong>\u00ab\u202fDignitas Personae\u202f\u00bb<\/strong> (2008), le Magist\u00e8re affirme que le d\u00e9sir d\u2019un enfant ne peut pr\u00e9valoir sur le respect d\u00fb \u00e0 l\u2019enfant comme personne d\u00e8s sa conception.<\/p>\n\n\n\n<p>La vie n\u2019est pas un droit \u00e0 revendiquer, mais un don \u00e0 recevoir.<\/p>\n\n\n\n<p>Un enfant ne peut \u00eatre le produit d\u2019un laboratoire ni le r\u00e9sultat d\u2019une technique qui s\u00e9pare l\u2019acte conjugal de sa finalit\u00e9 procr\u00e9ative. L\u2019\u00c9glise ne dit pas \u00ab\u202fnon\u202f\u00bb par cruaut\u00e9, mais parce qu\u2019elle <strong>d\u00e9fend la dignit\u00e9 de l\u2019amour humain, du corps, du mariage et de l\u2019enfant<\/strong>.<\/p>\n\n\n\n<p>Il existe cependant des voies \u00e9thiques compatibles avec la dignit\u00e9 humaine, comme la <strong>NaProTechnologie<\/strong>, qui cherche \u00e0 traiter les causes m\u00e9dicales de l\u2019infertilit\u00e9 sans recourir \u00e0 des moyens moralement inacceptables.<\/p>\n\n\n\n<hr class=\"wp-block-separator has-alpha-channel-opacity\"\/>\n\n\n\n<h2 class=\"wp-block-heading\">V. Un chemin spirituel : une croix qui sanctifie<\/h2>\n\n\n\n<p>Accepter l\u2019infertilit\u00e9 comme faisant partie de la vocation conjugale ne signifie pas une r\u00e9signation passive, mais plut\u00f4t <strong>transformer la souffrance en offrande et en esp\u00e9rance<\/strong>.<\/p>\n\n\n\n<h3 class=\"wp-block-heading\">a) Prier en couple<\/h3>\n\n\n\n<p>L\u2019infertilit\u00e9 peut user le couple, provoquer des silences, des culpabilit\u00e9s, des \u00e9loignements. Mais elle peut aussi devenir un chemin d\u2019unit\u00e9 si elle est v\u00e9cue dans la pri\u00e8re, le dialogue sinc\u00e8re et l\u2019ouverture \u00e0 Dieu. La pri\u00e8re unit ce que la douleur tend \u00e0 diviser.<\/p>\n\n\n\n<h3 class=\"wp-block-heading\">b) Chercher un accompagnement spirituel<\/h3>\n\n\n\n<p>Avoir un guide spirituel \u2014 pr\u00eatre, religieuse ou couple m\u00fbr dans la foi \u2014 peut \u00eatre essentiel pour ne pas sombrer dans l\u2019isolement, le d\u00e9sespoir ou les d\u00e9cisions pr\u00e9cipit\u00e9es.<\/p>\n\n\n\n<h3 class=\"wp-block-heading\">c) Red\u00e9finir la f\u00e9condit\u00e9<\/h3>\n\n\n\n<p>La question ne devrait pas seulement \u00eatre \u00ab\u202fPourquoi ne pouvons-nous pas avoir d\u2019enfants ?\u202f\u00bb mais aussi : \u00ab\u202fComment pouvons-nous \u00eatre f\u00e9conds aujourd\u2019hui ?\u202f\u00bb Cela ouvre des chemins insoup\u00e7onn\u00e9s de service, d\u2019apostolat, d\u2019accueil et m\u00eame de parrainage ou d\u2019adoption.<\/p>\n\n\n\n<h3 class=\"wp-block-heading\">d) Accepter le myst\u00e8re<\/h3>\n\n\n\n<p>Toute souffrance n\u2019a pas d\u2019explication imm\u00e9diate. Parfois, le myst\u00e8re de la croix est justement cela : un myst\u00e8re. Mais avec le Christ, toute croix peut devenir r\u00e9demptrice. Comme disait saint Jean de la Croix : <em>\u00ab\u202fL\u2019\u00e2me qui chemine dans l\u2019amour ne se lasse ni ne se fatigue.\u202f\u00bb<\/em><\/p>\n\n\n\n<hr class=\"wp-block-separator has-alpha-channel-opacity\"\/>\n\n\n\n<h2 class=\"wp-block-heading\">VI. Guide pratique pour vivre l\u2019infertilit\u00e9 dans la foi<\/h2>\n\n\n\n<h3 class=\"wp-block-heading\">1. <strong>Discernement et diagnostic \u00e9thique<\/strong><\/h3>\n\n\n\n<ul class=\"wp-block-list\">\n<li>Consulter des professionnels de sant\u00e9 respectueux de l\u2019\u00e9thique chr\u00e9tienne.<\/li>\n\n\n\n<li>Explorer les causes sous-jacentes avec des m\u00e9thodes naturelles (comme le mod\u00e8le Creighton).<\/li>\n<\/ul>\n\n\n\n<h3 class=\"wp-block-heading\">2. <strong>Renforcer la vie conjugale<\/strong><\/h3>\n\n\n\n<ul class=\"wp-block-list\">\n<li>Renouveler l\u2019amour sans le r\u00e9duire au projet d\u2019avoir des enfants.<\/li>\n\n\n\n<li>Participer \u00e0 des retraites de couple, prendre des temps de repos, maintenir une communication sinc\u00e8re.<\/li>\n<\/ul>\n\n\n\n<h3 class=\"wp-block-heading\">3. <strong>Formation th\u00e9ologique<\/strong><\/h3>\n\n\n\n<ul class=\"wp-block-list\">\n<li>\u00c9tudier les documents de l\u2019\u00c9glise : <em>Donum Vitae<\/em>, <em>Dignitas Personae<\/em>, <em>Cat\u00e9chisme de l\u2019\u00c9glise catholique<\/em> \u00a7\u00a72373\u20132379.<\/li>\n\n\n\n<li>Lire des t\u00e9moignages de couples ayant v\u00e9cu l\u2019infertilit\u00e9 dans la foi.<\/li>\n<\/ul>\n\n\n\n<h3 class=\"wp-block-heading\">4. <strong>Apostolat de la souffrance offerte<\/strong><\/h3>\n\n\n\n<ul class=\"wp-block-list\">\n<li>Unir la souffrance au Christ crucifi\u00e9 pour la conversion des \u00e2mes.<\/li>\n\n\n\n<li>Offrir cette croix pour d\u2019autres couples, pour les enfants des autres, pour les enfants abandonn\u00e9s.<\/li>\n<\/ul>\n\n\n\n<h3 class=\"wp-block-heading\">5. <strong>Ouverture \u00e0 l\u2019adoption et au parrainage<\/strong><\/h3>\n\n\n\n<ul class=\"wp-block-list\">\n<li>Consid\u00e9rer s\u00e9rieusement l\u2019adoption comme une forme sublime d\u2019amour.<\/li>\n\n\n\n<li>Se pr\u00e9parer spirituellement \u00e0 accueillir un enfant avec une histoire et une blessure.<\/li>\n<\/ul>\n\n\n\n<hr class=\"wp-block-separator has-alpha-channel-opacity\"\/>\n\n\n\n<h2 class=\"wp-block-heading\">VII. Une \u00c9glise qui marche avec vous<\/h2>\n\n\n\n<p>Il est urgent que l\u2019\u00c9glise, sur le plan pastoral, n\u2019oublie pas les couples qui ne peuvent pas avoir d\u2019enfants. Ils ne doivent pas se sentir comme \u00ab\u202fmoins une famille\u202f\u00bb, mais comme des membres \u00e0 part enti\u00e8re du Corps du Christ. Les paroisses, mouvements et communaut\u00e9s doivent ouvrir des espaces sp\u00e9cifiques d\u2019\u00e9coute, de formation et d\u2019accompagnement.<\/p>\n\n\n\n<hr class=\"wp-block-separator has-alpha-channel-opacity\"\/>\n\n\n\n<h2 class=\"wp-block-heading\">Conclusion : Dieu ne se trompe pas avec votre histoire<\/h2>\n\n\n\n<p>L\u2019infertilit\u00e9 n\u2019est pas une mal\u00e9diction. C\u2019est une vocation dans la vocation, un appel \u00e0 aimer autrement. Vous n\u2019\u00eates pas seuls. Dans votre histoire, Dieu \u00e9crit aussi des chapitres de r\u00e9demption.<\/p>\n\n\n\n<blockquote class=\"wp-block-quote is-layout-flow wp-block-quote-is-layout-flow\">\n<p>\u00ab\u202fM\u00eame si le figuier ne fleurit pas, si la vigne ne donne rien\u2026 moi, je veux me r\u00e9jouir dans le Seigneur, exulter en Dieu, mon Sauveur.\u202f\u00bb (Habacuc 3,17-18)<\/p>\n<\/blockquote>\n\n\n\n<p>Que cette esp\u00e9rance soit votre ancre. Que cette croix, unie au Christ, devienne le germe d\u2019une f\u00e9condit\u00e9 \u00e9ternelle.<\/p>\n","protected":false},"excerpt":{"rendered":"<p>Introduction L\u2019infertilit\u00e9 dans le mariage est l\u2019une des croix les plus douloureuses, silencieuses et souvent incomprises de notre \u00e9poque. Elle touche non seulement le corps, mais aussi l\u2019\u00e2me, la relation conjugale, la foi et l\u2019esp\u00e9rance. Dans une soci\u00e9t\u00e9 o\u00f9 la productivit\u00e9 et les r\u00e9sultats semblent d\u00e9finir la valeur d\u2019une personne, ne pas pouvoir concevoir d\u2019enfants &hellip;<\/p>\n","protected":false},"author":3,"featured_media":4046,"comment_status":"open","ping_status":"open","sticky":false,"template":"","format":"standard","meta":{"_seopress_robots_primary_cat":"","_seopress_titles_title":"","_seopress_titles_desc":"","_seopress_robots_index":"","footnotes":""},"categories":[54,39],"tags":[1257],"class_list":["post-4045","post","type-post","status-publish","format-standard","has-post-thumbnail","","category-bioethique-et-questions-contemporaines","category-morale-et-vie-chretienne","tag-infertilite"],"_links":{"self":[{"href":"https:\/\/catholicus.eu\/fr\/wp-json\/wp\/v2\/posts\/4045","targetHints":{"allow":["GET"]}}],"collection":[{"href":"https:\/\/catholicus.eu\/fr\/wp-json\/wp\/v2\/posts"}],"about":[{"href":"https:\/\/catholicus.eu\/fr\/wp-json\/wp\/v2\/types\/post"}],"author":[{"embeddable":true,"href":"https:\/\/catholicus.eu\/fr\/wp-json\/wp\/v2\/users\/3"}],"replies":[{"embeddable":true,"href":"https:\/\/catholicus.eu\/fr\/wp-json\/wp\/v2\/comments?post=4045"}],"version-history":[{"count":1,"href":"https:\/\/catholicus.eu\/fr\/wp-json\/wp\/v2\/posts\/4045\/revisions"}],"predecessor-version":[{"id":4047,"href":"https:\/\/catholicus.eu\/fr\/wp-json\/wp\/v2\/posts\/4045\/revisions\/4047"}],"wp:featuredmedia":[{"embeddable":true,"href":"https:\/\/catholicus.eu\/fr\/wp-json\/wp\/v2\/media\/4046"}],"wp:attachment":[{"href":"https:\/\/catholicus.eu\/fr\/wp-json\/wp\/v2\/media?parent=4045"}],"wp:term":[{"taxonomy":"category","embeddable":true,"href":"https:\/\/catholicus.eu\/fr\/wp-json\/wp\/v2\/categories?post=4045"},{"taxonomy":"post_tag","embeddable":true,"href":"https:\/\/catholicus.eu\/fr\/wp-json\/wp\/v2\/tags?post=4045"}],"curies":[{"name":"wp","href":"https:\/\/api.w.org\/{rel}","templated":true}]}}