{"id":4042,"date":"2025-05-18T22:05:36","date_gmt":"2025-05-18T20:05:36","guid":{"rendered":"https:\/\/catholicus.eu\/fr\/?p=4042"},"modified":"2025-05-18T22:05:37","modified_gmt":"2025-05-18T20:05:37","slug":"marie-auxiliatrice-le-secours-puissant-de-la-mere-de-dieu-en-temps-de-crise","status":"publish","type":"post","link":"https:\/\/catholicus.eu\/fr\/marie-auxiliatrice-le-secours-puissant-de-la-mere-de-dieu-en-temps-de-crise\/","title":{"rendered":"Marie Auxiliatrice : Le Secours Puissant de la M\u00e8re de Dieu en Temps de Crise"},"content":{"rendered":"\n<p><strong>Introduction : Une D\u00e9votion Actuelle dans un Monde en D\u00e9tresse<\/strong><\/p>\n\n\n\n<p>Dans un monde marqu\u00e9 par l&rsquo;incertitude, le d\u00e9sespoir et la perte de foi, la figure de&nbsp;<strong>Marie Auxiliatrice<\/strong>&nbsp;se dresse comme un phare de r\u00e9confort et de force pour les chr\u00e9tiens. Cette d\u00e9votion mariale, profond\u00e9ment enracin\u00e9e dans la Tradition de l&rsquo;\u00c9glise, n&rsquo;est pas qu&rsquo;un simple titre pieux mais une v\u00e9rit\u00e9 th\u00e9ologique qui nous rappelle le r\u00f4le actif de la Tr\u00e8s Sainte Vierge dans l&rsquo;histoire du salut.<\/p>\n\n\n\n<p>Mais que signifie r\u00e9ellement que Marie soit notre \u00ab\u00a0Auxiliatrice\u00a0\u00bb ? Comment pouvons-nous recourir \u00e0 elle dans nos luttes quotidiennes ? Dans cet article, nous explorerons&nbsp;<strong>l&rsquo;origine historique, le fondement biblico-th\u00e9ologique et la pertinence pastorale<\/strong>&nbsp;de cette d\u00e9votion, en offrant des cl\u00e9s pratiques pour vivre sous sa puissante protection.<\/p>\n\n\n\n<hr class=\"wp-block-separator has-alpha-channel-opacity\"\/>\n\n\n\n<h2 class=\"wp-block-heading\"><strong>I. Origine Historique : Comment est N\u00e9e la D\u00e9votion \u00e0 Marie Auxiliatrice ?<\/strong><\/h2>\n\n\n\n<h3 class=\"wp-block-heading\"><strong>1. Racines dans les Premiers Si\u00e8cles<\/strong><\/h3>\n\n\n\n<p>Le titre d&rsquo;<strong>\u00ab\u00a0Auxiliatrice\u00a0\u00bb (en grec, \u00ab\u00a0Boet\u00e9ia\u00a0\u00bb)<\/strong>&nbsp;remonte aux P\u00e8res de l&rsquo;\u00c9glise. Saint Jean Chrysostome (IVe si\u00e8cle) l&rsquo;invoquait d\u00e9j\u00e0 comme&nbsp;<strong>\u00ab\u00a0Secours tr\u00e8s puissant des chr\u00e9tiens\u00a0\u00bb<\/strong>, et en Orient on la v\u00e9n\u00e9rait sous le nom de&nbsp;<strong>\u00ab\u00a0Theotokos Boet\u00e9ia\u00a0\u00bb<\/strong>&nbsp;(M\u00e8re de Dieu, Secours).<\/p>\n\n\n\n<h3 class=\"wp-block-heading\"><strong>2. La Victoire de L\u00e9pante et le Secours de Marie<\/strong><\/h3>\n\n\n\n<p>Un des moments historiques les plus significatifs li\u00e9s \u00e0 cette d\u00e9votion fut la&nbsp;<strong>Bataille de L\u00e9pante (1571)<\/strong>, lorsque le Pape Saint Pie V attribua la victoire de la flotte chr\u00e9tienne sur les Turcs \u00e0 l&rsquo;intercession de la Vierge, instituant la f\u00eate de&nbsp;<strong>Notre-Dame des Victoires<\/strong>&nbsp;(plus tard appel\u00e9e du&nbsp;<strong>Rosaire<\/strong>).<\/p>\n\n\n\n<h3 class=\"wp-block-heading\"><strong>3. Saint Jean Bosco et l&rsquo;Expansion de la D\u00e9votion<\/strong><\/h3>\n\n\n\n<p>Au XIXe si\u00e8cle,&nbsp;<strong>Saint Jean Bosco<\/strong>, le grand ap\u00f4tre de la jeunesse, propagea cette d\u00e9votion de mani\u00e8re extraordinaire. Il fit construire \u00e0 Turin la&nbsp;<strong>Basilique de Marie Auxiliatrice (1868)<\/strong>&nbsp;et diffusa son culte avec la certitude que&nbsp;<strong>\u00ab\u00a0Marie Auxiliatrice est celle qui accomplit de grandes choses\u00a0\u00bb<\/strong>.<\/p>\n\n\n\n<hr class=\"wp-block-separator has-alpha-channel-opacity\"\/>\n\n\n\n<h2 class=\"wp-block-heading\"><strong>II. Fondement Th\u00e9ologique : Pourquoi Marie est-Elle Notre Auxiliatrice ?<\/strong><\/h2>\n\n\n\n<h3 class=\"wp-block-heading\"><strong>1. Marie dans le Plan du Salut<\/strong><\/h3>\n\n\n\n<p>L&rsquo;\u00c9glise enseigne que&nbsp;<strong>Marie n&rsquo;est pas une simple spectatrice<\/strong>&nbsp;mais une&nbsp;<strong>collaboratrice active<\/strong>&nbsp;dans l&rsquo;\u0153uvre r\u00e9demptrice du Christ. Comme&nbsp;<strong>Nouvelle \u00c8ve<\/strong>, elle est intimement unie \u00e0 la mission salvifique de son Fils.<\/p>\n\n\n\n<p>Le&nbsp;<strong>Concile Vatican II<\/strong>&nbsp;affirme dans&nbsp;<em>Lumen Gentium<\/em>&nbsp;:<\/p>\n\n\n\n<blockquote class=\"wp-block-quote is-layout-flow wp-block-quote-is-layout-flow\">\n<p><em>\u00ab\u00a0Marie, par son ob\u00e9issance, fut cause de salut pour elle-m\u00eame et pour toute l&rsquo;humanit\u00e9\u00a0\u00bb<\/em>&nbsp;(LG 56).<\/p>\n<\/blockquote>\n\n\n\n<h3 class=\"wp-block-heading\"><strong>2. La Signification d'\u00a0\u00bbAuxiliatrice\u00a0\u00bb<\/strong><\/h3>\n\n\n\n<p>Le terme&nbsp;<strong>\u00ab\u00a0Auxiliatrice\u00a0\u00bb<\/strong>&nbsp;vient du latin&nbsp;<em>\u00ab\u00a0Auxilium\u00a0\u00bb<\/em>&nbsp;(aide, secours). Il ne s&rsquo;agit pas d&rsquo;un simple qualificatif mais d&rsquo;une&nbsp;<strong>fonction maternelle<\/strong>&nbsp;que Marie exerce depuis le Ciel :<\/p>\n\n\n\n<ul class=\"wp-block-list\">\n<li><strong>Secours dans le combat spirituel<\/strong>\u00a0: Comme\u00a0<strong>vainqueur du d\u00e9mon<\/strong>\u00a0(Gen\u00e8se 3,15).<\/li>\n\n\n\n<li><strong>Secours dans les besoins temporels<\/strong>\u00a0: Prot\u00e9geant ses enfants en danger.<\/li>\n\n\n\n<li><strong>Secours dans la sanctification<\/strong>\u00a0: Interc\u00e9dant pour la gr\u00e2ce de vivre en Christ.<\/li>\n<\/ul>\n\n\n\n<h3 class=\"wp-block-heading\"><strong>3. Base Biblique : Marie, la Femme de l&rsquo;Apocalypse<\/strong><\/h3>\n\n\n\n<p>Un passage cl\u00e9 \u00e9clairant cette d\u00e9votion est&nbsp;<strong>Apocalypse 12<\/strong>, qui d\u00e9crit la&nbsp;<strong>Femme rev\u00eatue de soleil<\/strong>, enfantant le Messie et combattant le dragon :<\/p>\n\n\n\n<blockquote class=\"wp-block-quote is-layout-flow wp-block-quote-is-layout-flow\">\n<p><em>\u00ab\u00a0Et \u00e0 la Femme furent donn\u00e9es les deux ailes du grand aigle pour voler au d\u00e9sert, o\u00f9 elle est nourrie loin du serpent\u00a0\u00bb<\/em>&nbsp;(Ap 12,14).<\/p>\n<\/blockquote>\n\n\n\n<p>La Tradition identifie cette Femme \u00e0&nbsp;<strong>Marie, l&rsquo;\u00c9glise et le Peuple de Dieu<\/strong>. Elle est&nbsp;<strong>notre secours dans le grand combat eschatologique contre le mal<\/strong>.<\/p>\n\n\n\n<hr class=\"wp-block-separator has-alpha-channel-opacity\"\/>\n\n\n\n<h2 class=\"wp-block-heading\"><strong>III. Actualit\u00e9 : Pourquoi Marie Auxiliatrice est-Elle N\u00e9cessaire Aujourd&rsquo;hui ?<\/strong><\/h2>\n\n\n\n<p>Nous vivons des temps de&nbsp;<strong>crise morale, de pers\u00e9cution religieuse et de confusion doctrinale<\/strong>. Plus que jamais, nous avons besoin du&nbsp;<strong>secours de la M\u00e8re de Dieu<\/strong>&nbsp;car :<\/p>\n\n\n\n<ol start=\"1\" class=\"wp-block-list\">\n<li><strong>Elle est refuge dans l&rsquo;\u00e9preuve<\/strong>\u00a0: Au milieu des tribulations, Marie nous conduit \u00e0 J\u00e9sus.<\/li>\n\n\n\n<li><strong>Elle d\u00e9fend contre l&rsquo;erreur<\/strong>\u00a0: Comme\u00a0<strong>M\u00e8re de l&rsquo;\u00c9glise<\/strong>, elle prot\u00e8ge la foi de ses enfants.<\/li>\n\n\n\n<li><strong>Elle console dans le d\u00e9sespoir<\/strong>\u00a0: Beaucoup souffrent aujourd&rsquo;hui de solitude et d&rsquo;angoisse ; Marie offre sa consolation maternelle.<\/li>\n<\/ol>\n\n\n\n<hr class=\"wp-block-separator has-alpha-channel-opacity\"\/>\n\n\n\n<h2 class=\"wp-block-heading\"><strong>IV. Application Pratique : Comment Vivre Sous la Protection de Marie Auxiliatrice ?<\/strong><\/h2>\n\n\n\n<h3 class=\"wp-block-heading\"><strong>1. La Pri\u00e8re Confiante<\/strong><\/h3>\n\n\n\n<ul class=\"wp-block-list\">\n<li><strong>R\u00e9citer le Rosaire<\/strong>\u00a0quotidiennement, en demandant son aide.<\/li>\n\n\n\n<li><strong>L&rsquo;invoquer dans les moments urgents<\/strong>\u00a0:\u00a0<em>\u00ab\u00a0Marie Auxiliatrice, secourez-nous !\u00a0\u00bb<\/em><\/li>\n<\/ul>\n\n\n\n<h3 class=\"wp-block-heading\"><strong>2. La Confiance en Son Intercession<\/strong><\/h3>\n\n\n\n<p>Comme l&rsquo;enseignait Saint Jean Bosco :<\/p>\n\n\n\n<blockquote class=\"wp-block-quote is-layout-flow wp-block-quote-is-layout-flow\">\n<p><em>\u00ab\u00a0Propagez la d\u00e9votion \u00e0 Marie Auxiliatrice et vous verrez ce que sont les miracles.\u00a0\u00bb<\/em><\/p>\n<\/blockquote>\n\n\n\n<h3 class=\"wp-block-heading\"><strong>3. L&rsquo;Engagement dans l&rsquo;\u00c9vang\u00e9lisation<\/strong><\/h3>\n\n\n\n<p>Marie Auxiliatrice nous appelle \u00e0 \u00eatre&nbsp;<strong>des ap\u00f4tres dans le monde moderne<\/strong>, portant la lumi\u00e8re du Christ aux \u00e9loign\u00e9s.<\/p>\n\n\n\n<hr class=\"wp-block-separator has-alpha-channel-opacity\"\/>\n\n\n\n<h2 class=\"wp-block-heading\"><strong>Conclusion : Un Secours qui ne D\u00e9faille Jamais<\/strong><\/h2>\n\n\n\n<p>Dans un monde qui semble s&rsquo;effondrer,&nbsp;<strong>Marie Auxiliatrice demeure le rempart des chr\u00e9tiens<\/strong>. Sa puissance ne vient pas d&rsquo;elle-m\u00eame mais d\u00e9coule de son union avec le Christ.&nbsp;<strong>Elle nous conduit \u00e0 Lui, nous prot\u00e8ge du mal et nous soutient dans le combat.<\/strong><\/p>\n\n\n\n<p>Aujourd&rsquo;hui, comme \u00e0 travers les si\u00e8cles, nous pouvons crier avec foi :<\/p>\n\n\n\n<blockquote class=\"wp-block-quote is-layout-flow wp-block-quote-is-layout-flow\">\n<p><em>\u00ab\u00a0Auxilium Christianorum, ora pro nobis !\u00a0\u00bb<\/em><br><strong>(Secours des chr\u00e9tiens, priez pour nous !)<\/strong><\/p>\n<\/blockquote>\n\n\n\n<p><strong>Voulez-vous exp\u00e9rimenter son aide ?<\/strong>&nbsp;Recourez \u00e0 elle avec un c\u0153ur simple, et vous verrez ses merveilles dans votre vie.<\/p>\n\n\n\n<hr class=\"wp-block-separator has-alpha-channel-opacity\"\/>\n\n\n\n<p><strong>Souhaitez-vous approfondir cette d\u00e9votion ?<\/strong>&nbsp;Nous vous invitons \u00e0 prier une neuvaine \u00e0 Marie Auxiliatrice ou \u00e0 lire la vie de Saint Jean Bosco, son grand propagateur.&nbsp;<strong>Elle est pr\u00eate \u00e0 vous secourir !<\/strong><\/p>\n\n\n\n[<strong>Partagez cet article et portez le secours de Marie \u00e0 plus d&rsquo;\u00e2mes !<\/strong>]\n","protected":false},"excerpt":{"rendered":"<p>Introduction : Une D\u00e9votion Actuelle dans un Monde en D\u00e9tresse Dans un monde marqu\u00e9 par l&rsquo;incertitude, le d\u00e9sespoir et la perte de foi, la figure de&nbsp;Marie Auxiliatrice&nbsp;se dresse comme un phare de r\u00e9confort et de force pour les chr\u00e9tiens. Cette d\u00e9votion mariale, profond\u00e9ment enracin\u00e9e dans la Tradition de l&rsquo;\u00c9glise, n&rsquo;est pas qu&rsquo;un simple titre pieux &hellip;<\/p>\n","protected":false},"author":3,"featured_media":4043,"comment_status":"open","ping_status":"open","sticky":false,"template":"","format":"standard","meta":{"_seopress_robots_primary_cat":"","_seopress_titles_title":"","_seopress_titles_desc":"","_seopress_robots_index":"","footnotes":""},"categories":[60,40],"tags":[1256],"class_list":["post-4042","post","type-post","status-publish","format-standard","has-post-thumbnail","","category-devotions-mariales","category-priere-et-spiritualite","tag-marie-auxiliatrice"],"_links":{"self":[{"href":"https:\/\/catholicus.eu\/fr\/wp-json\/wp\/v2\/posts\/4042","targetHints":{"allow":["GET"]}}],"collection":[{"href":"https:\/\/catholicus.eu\/fr\/wp-json\/wp\/v2\/posts"}],"about":[{"href":"https:\/\/catholicus.eu\/fr\/wp-json\/wp\/v2\/types\/post"}],"author":[{"embeddable":true,"href":"https:\/\/catholicus.eu\/fr\/wp-json\/wp\/v2\/users\/3"}],"replies":[{"embeddable":true,"href":"https:\/\/catholicus.eu\/fr\/wp-json\/wp\/v2\/comments?post=4042"}],"version-history":[{"count":1,"href":"https:\/\/catholicus.eu\/fr\/wp-json\/wp\/v2\/posts\/4042\/revisions"}],"predecessor-version":[{"id":4044,"href":"https:\/\/catholicus.eu\/fr\/wp-json\/wp\/v2\/posts\/4042\/revisions\/4044"}],"wp:featuredmedia":[{"embeddable":true,"href":"https:\/\/catholicus.eu\/fr\/wp-json\/wp\/v2\/media\/4043"}],"wp:attachment":[{"href":"https:\/\/catholicus.eu\/fr\/wp-json\/wp\/v2\/media?parent=4042"}],"wp:term":[{"taxonomy":"category","embeddable":true,"href":"https:\/\/catholicus.eu\/fr\/wp-json\/wp\/v2\/categories?post=4042"},{"taxonomy":"post_tag","embeddable":true,"href":"https:\/\/catholicus.eu\/fr\/wp-json\/wp\/v2\/tags?post=4042"}],"curies":[{"name":"wp","href":"https:\/\/api.w.org\/{rel}","templated":true}]}}