{"id":3991,"date":"2025-05-16T10:59:02","date_gmt":"2025-05-16T08:59:02","guid":{"rendered":"https:\/\/catholicus.eu\/fr\/?p=3991"},"modified":"2025-05-16T10:59:02","modified_gmt":"2025-05-16T08:59:02","slug":"la-croisade-espagnole-de-1936-foi-sang-et-gloire-en-defense-de-leglise","status":"publish","type":"post","link":"https:\/\/catholicus.eu\/fr\/la-croisade-espagnole-de-1936-foi-sang-et-gloire-en-defense-de-leglise\/","title":{"rendered":"La Croisade Espagnole de 1936 : Foi, Sang et Gloire en D\u00e9fense de l\u2019\u00c9glise"},"content":{"rendered":"\n<p><em>Un voyage spirituel \u00e0 travers le martyre, la fid\u00e9lit\u00e9 et le courage de ceux qui ont d\u00e9fendu leur foi jusqu\u2019au bout<\/em><\/p>\n\n\n\n<hr class=\"wp-block-separator has-alpha-channel-opacity\"\/>\n\n\n\n<h3 class=\"wp-block-heading\">\u271d\ufe0f Introduction : Quand la foi est pers\u00e9cut\u00e9e, le ciel s\u2019ouvre<\/h3>\n\n\n\n<p>En 1936, l\u2019Espagne devint un champ d\u2019\u00e9preuve pour la foi catholique. Tandis que l\u2019Europe \u00e9tait agit\u00e9e par des tensions politiques et id\u00e9ologiques, la p\u00e9ninsule ib\u00e9rique fut le th\u00e9\u00e2tre de l\u2019une des pers\u00e9cutions religieuses les plus sanglantes de l\u2019histoire moderne. Il ne s\u2019agissait pas simplement d\u2019un affrontement entre factions politiques ; c\u2019\u00e9tait une attaque frontale contre le Christ et son \u00c9glise.<\/p>\n\n\n\n<p>La Guerre Civile Espagnole (1936-1939), d\u00e9clench\u00e9e apr\u00e8s la chute de la Seconde R\u00e9publique et l\u2019arriv\u00e9e au pouvoir du Front Populaire, d\u00e9cha\u00eena une vague de haine contre tout ce que repr\u00e9sentait la foi catholique : \u00e9glises incendi\u00e9es, images sacr\u00e9es profan\u00e9es, pr\u00eatres, religieux et fid\u00e8les la\u00efcs assassin\u00e9s simplement pour avoir port\u00e9 une croix ou v\u00e9cu selon l\u2019\u00c9vangile.<\/p>\n\n\n\n<p>Le pape Pie XI, horrifi\u00e9 par l\u2019ampleur des crimes, ne tarda pas \u00e0 qualifier ce conflit de <strong>v\u00e9ritable Croisade<\/strong>. Et il avait raison : ce fut un temps o\u00f9 des milliers de chr\u00e9tiens choisirent la fid\u00e9lit\u00e9 \u00e0 l\u2019\u00c9vangile plut\u00f4t que leur propre vie. Que pouvons-nous apprendre aujourd\u2019hui de cette p\u00e9riode d\u2019\u00e9preuve ? Que nous dit, au XXIe si\u00e8cle, cette page sombre mais lumineuse de l\u2019histoire espagnole ?<\/p>\n\n\n\n<hr class=\"wp-block-separator has-alpha-channel-opacity\"\/>\n\n\n\n<h3 class=\"wp-block-heading\">\ud83d\udd6f\ufe0f Contexte historique : Au-del\u00e0 de la politique, une haine spirituelle<\/h3>\n\n\n\n<p>Il est essentiel de le dire clairement : <strong>cet article n\u2019est pas politique<\/strong>. Il ne prend pas parti entre droite et gauche. Nous parlons ici depuis une perspective th\u00e9ologique et spirituelle d\u2019un fait qui a marqu\u00e9 l\u2019histoire du catholicisme.<\/p>\n\n\n\n<p>Apr\u00e8s la proclamation de la Seconde R\u00e9publique en 1931, des r\u00e9formes profond\u00e9ment anticl\u00e9ricales furent mises en \u0153uvre :<\/p>\n\n\n\n<ul class=\"wp-block-list\">\n<li>Les ordres religieux comme la Compagnie de J\u00e9sus furent supprim\u00e9s.<\/li>\n\n\n\n<li>L\u2019\u00e9ducation fut la\u00efcis\u00e9e.<\/li>\n\n\n\n<li>Une vague d\u2019incendies de couvents et d\u2019\u00e9glises se propagea.<\/li>\n<\/ul>\n\n\n\n<p>Mais c\u2019est en 1936, avec l\u2019arriv\u00e9e au pouvoir du Front Populaire, que cette hostilit\u00e9 se transforma en <strong>pers\u00e9cution syst\u00e9matique<\/strong>. L\u2019\u00c9glise n\u2019\u00e9tait pas une cible collat\u00e9rale. <strong>Elle \u00e9tait la cible principale<\/strong>.<\/p>\n\n\n\n<hr class=\"wp-block-separator has-alpha-channel-opacity\"\/>\n\n\n\n<h3 class=\"wp-block-heading\">\ud83e\ude78 Le martyre : Des chiffres qui crient vers le ciel<\/h3>\n\n\n\n<p>Les donn\u00e9es sont accablantes :<\/p>\n\n\n\n<ul class=\"wp-block-list\">\n<li>Plus de <strong>7 000 pr\u00eatres, religieux et religieuses<\/strong> furent assassin\u00e9s.<\/li>\n\n\n\n<li>Des centaines d\u2019\u00e9glises d\u00e9truites ou profan\u00e9es.<\/li>\n\n\n\n<li>Des fid\u00e8les la\u00efcs, y compris des enfants, furent ex\u00e9cut\u00e9s simplement pour avoir assist\u00e9 \u00e0 la messe ou port\u00e9 une m\u00e9daille de la Vierge.<\/li>\n<\/ul>\n\n\n\n<p>Tout cela s\u2019est produit <strong>en dehors des champs de bataille<\/strong>. Il ne s\u2019agissait pas de pertes militaires : ce furent des assassinats d\u00e9lib\u00e9r\u00e9s pour des motifs religieux.<\/p>\n\n\n\n<p><strong>\u00ab Vous serez ha\u00efs de tous \u00e0 cause de mon nom. Mais celui qui pers\u00e9v\u00e9rera jusqu\u2019\u00e0 la fin sera sauv\u00e9. \u00bb<\/strong><br>(<em>Marc 13,13<\/em>)<\/p>\n\n\n\n<hr class=\"wp-block-separator has-alpha-channel-opacity\"\/>\n\n\n\n<h3 class=\"wp-block-heading\">\ud83d\udd4a\ufe0f La r\u00e9ponse de l\u2019\u00c9glise : La d\u00e9claration de Croisade<\/h3>\n\n\n\n<p>Face \u00e0 une telle barbarie, <strong>le pape Pie XI<\/strong>, dans plusieurs discours entre 1936 et 1939, reconnut la nature spirituelle du conflit. Dans son discours du 14 septembre 1936, il d\u00e9clara :<\/p>\n\n\n\n<blockquote class=\"wp-block-quote is-layout-flow wp-block-quote-is-layout-flow\">\n<p><em>\u00ab Nous nous trouvons devant une v\u00e9ritable et douloureuse Croisade pour la libert\u00e9 de l\u2019\u00c9glise et de la conscience chr\u00e9tienne. \u00bb<\/em><\/p>\n<\/blockquote>\n\n\n\n<p>De plus, le Saint-Si\u00e8ge accorda des indulgences \u00e0 ceux qui d\u00e9fendaient la foi \u2014 non pas au nom d\u2019une id\u00e9ologie, mais en tant que <strong>chr\u00e9tiens luttant pour la libert\u00e9 religieuse<\/strong>. En 1937, l\u2019encyclique <em>Divini Redemptoris<\/em>, condamnant le communisme ath\u00e9e, d\u00e9signa l\u2019Espagne comme un exemple \u00e9loquent de ses cons\u00e9quences d\u00e9vastatrices.<\/p>\n\n\n\n<hr class=\"wp-block-separator has-alpha-channel-opacity\"\/>\n\n\n\n<h3 class=\"wp-block-heading\">\ud83c\udf3f Port\u00e9e th\u00e9ologique : Pourquoi la Croisade fut-elle n\u00e9cessaire ?<\/h3>\n\n\n\n<h4 class=\"wp-block-heading\">1. <strong>Le martyre : T\u00e9moignage supr\u00eame de l\u2019amour pour le Christ<\/strong><\/h4>\n\n\n\n<p>Le martyre n\u2019est pas une trag\u00e9die, mais un myst\u00e8re. Dans la tradition chr\u00e9tienne, le martyr est celui qui rend t\u00e9moignage (\u00ab martyr \u00bb en grec) de sa foi jusqu\u2019\u00e0 l\u2019extr\u00eame.<\/p>\n\n\n\n<blockquote class=\"wp-block-quote is-layout-flow wp-block-quote-is-layout-flow\">\n<p><em>\u00ab Ne craignez pas ceux qui tuent le corps, mais qui ne peuvent tuer l\u2019\u00e2me. \u00bb<\/em><br>(<em>Matthieu 10,28<\/em>)<\/p>\n<\/blockquote>\n\n\n\n<p>Ceux qui sont morts en Espagne en 1936 simplement pour \u00eatre catholiques sont aujourd\u2019hui <strong>des t\u00e9moins \u00e9ternels de l\u2019amour fid\u00e8le envers Dieu<\/strong>. Beaucoup ont d\u00e9j\u00e0 \u00e9t\u00e9 b\u00e9atifi\u00e9s et canonis\u00e9s, comme les martyrs de Barbastro, les carmes de Tol\u00e8de ou les religieuses assassin\u00e9es \u00e0 Valence.<\/p>\n\n\n\n<h4 class=\"wp-block-heading\">2. <strong>L\u2019\u00c9glise comme corps pers\u00e9cut\u00e9 du Christ<\/strong><\/h4>\n\n\n\n<p>Chaque fois que l\u2019\u00c9glise souffre, <strong>le Christ souffre en elle<\/strong>. Cette v\u00e9rit\u00e9 mystique nous enseigne \u00e0 ne pas juger l\u2019histoire uniquement avec des yeux humains, mais avec des yeux spirituels : la pers\u00e9cution de l\u2019\u00c9glise est <strong>une participation \u00e0 la Passion du Christ<\/strong>.<\/p>\n\n\n\n<hr class=\"wp-block-separator has-alpha-channel-opacity\"\/>\n\n\n\n<h3 class=\"wp-block-heading\">\ud83d\udee1\ufe0f Applications pratiques : Que pouvons-nous apprendre aujourd\u2019hui ?<\/h3>\n\n\n\n<p>Cela peut sembler un \u00e9pisode lointain pour beaucoup. Mais <strong>l\u2019esprit qui a aliment\u00e9 cette pers\u00e9cution est toujours vivant<\/strong> : la haine de la v\u00e9rit\u00e9, du sacr\u00e9, de la famille, de la vie et de Dieu.<\/p>\n\n\n\n<h4 class=\"wp-block-heading\">\ud83d\udd6f\ufe0f 1. <strong>Valoriser la libert\u00e9 religieuse<\/strong><\/h4>\n\n\n\n<p>\u00c0 une \u00e9poque o\u00f9 professer la foi devient inconfortable, voire \u00ab annulable \u00bb, le sang des martyrs de 1936 nous enseigne que <strong>la foi vaut plus que la r\u00e9putation ou le confort<\/strong>.<\/p>\n\n\n\n<h4 class=\"wp-block-heading\">\u271d\ufe0f 2. <strong>Porter les signes de la foi avec fiert\u00e9<\/strong><\/h4>\n\n\n\n<p>Beaucoup furent tu\u00e9s pour avoir port\u00e9 un chapelet. Aujourd\u2019hui, on ne nous tue pas, mais beaucoup cachent leur foi par peur. L\u2019exemple des martyrs nous met au d\u00e9fi : <strong>sommes-nous pr\u00eats \u00e0 montrer notre foi publiquement ?<\/strong><\/p>\n\n\n\n<h4 class=\"wp-block-heading\">\ud83c\udff0 3. <strong>Renforcer la vie spirituelle<\/strong><\/h4>\n\n\n\n<p>La pers\u00e9cution ne commence pas par des armes, mais par le refroidissement de la foi. Chaque fois que nous cessons de prier, d\u2019assister \u00e0 la messe ou de vivre l\u2019\u00c9vangile avec coh\u00e9rence, <strong>nous faisons un pas vers la ti\u00e9deur<\/strong>, terrain fertile pour les grandes apostasies.<\/p>\n\n\n\n<h4 class=\"wp-block-heading\">\ud83d\ude4f 4. <strong>Prier pour ceux qui nous pers\u00e9cutent<\/strong><\/h4>\n\n\n\n<p>Les martyrs ne ha\u00efssent pas. Leur sang est une semence de r\u00e9conciliation. S\u2019ils sont morts en pardonnant, <strong>nous devons apprendre \u00e0 pardonner et \u00e0 prier pour la conversion de ceux qui attaquent l\u2019\u00c9glise aujourd\u2019hui.<\/strong><\/p>\n\n\n\n<hr class=\"wp-block-separator has-alpha-channel-opacity\"\/>\n\n\n\n<h3 class=\"wp-block-heading\">\ud83d\udcd6 Guide spirituel : Vivre la foi avec courage<\/h3>\n\n\n\n<p><strong>1. Pri\u00e8re quotidienne de cons\u00e9cration :<\/strong> Consacre chaque jour au Seigneur et demande-lui la force d\u2019\u00eatre fid\u00e8le, m\u00eame dans les petites choses.<\/p>\n\n\n\n<p><strong>2. Chapelet pour les martyrs :<\/strong> R\u00e9cite un chapelet hebdomadaire pour les martyrs de la Croisade espagnole. Que leur sang f\u00e9conde notre ti\u00e9deur.<\/p>\n\n\n\n<p><strong>3. Lecture spirituelle :<\/strong> \u00c9tudie la vie de martyrs contemporains. La lecture de biographies comme celles de saint Pedro Poveda, sainte Mar\u00eda del Carmen de l\u2019Enfant J\u00e9sus ou les martyrs d\u2019Almer\u00eda t\u2019inspirera au quotidien.<\/p>\n\n\n\n<p><strong>4. Vie paroissiale active :<\/strong> Renforce ta communaut\u00e9 de foi. L\u2019\u00c9glise est un corps vivant : elle a besoin de tes talents, de ta pr\u00e9sence et de ton engagement.<\/p>\n\n\n\n<p><strong>5. Confession et Eucharistie fr\u00e9quentes :<\/strong> Les armes du chr\u00e9tien ne sont pas humaines, mais spirituelles. La gr\u00e2ce est notre bouclier.<\/p>\n\n\n\n<hr class=\"wp-block-separator has-alpha-channel-opacity\"\/>\n\n\n\n<h3 class=\"wp-block-heading\">\ud83d\udccc Conclusion : L\u2019Espagne, terre de sang et de gloire<\/h3>\n\n\n\n<p>La Croisade espagnole ne fut pas un simple conflit. Ce fut un chapitre sombre qui r\u00e9v\u00e9la la puissance d\u2019une foi lumineuse. Une \u00c9glise pers\u00e9cut\u00e9e, mais non vaincue. Un peuple divis\u00e9, mais avec des saints qui brill\u00e8rent au milieu de la haine.<\/p>\n\n\n\n<p>Aujourd\u2019hui, alors que l\u2019indiff\u00e9rence, le s\u00e9cularisme et le relativisme semblent plus sophistiqu\u00e9s que les armes, l\u2019histoire nous crie :<br><strong>R\u00e9veille-toi, \u00c9glise ! Vis ta foi avec courage !<\/strong><\/p>\n\n\n\n<p>Le sang des martyrs espagnols de 1936 n\u2019a pas \u00e9t\u00e9 vers\u00e9 en vain. Il fut semence. Il fut t\u00e9moignage. Il fut Croisade.<\/p>\n\n\n\n<blockquote class=\"wp-block-quote is-layout-flow wp-block-quote-is-layout-flow\">\n<p><em>\u00ab Je vis, sous l\u2019autel, les \u00e2mes de ceux qui avaient \u00e9t\u00e9 immol\u00e9s \u00e0 cause de la parole de Dieu et du t\u00e9moignage qu\u2019ils avaient rendu. \u00bb<\/em><br>(<em>Apocalypse 6,9<\/em>)<\/p>\n<\/blockquote>\n\n\n\n<hr class=\"wp-block-separator has-alpha-channel-opacity\"\/>\n\n\n\n<p>Es-tu pr\u00eat \u00e0 vivre aujourd\u2019hui ta propre croisade int\u00e9rieure ?<br>Es-tu dispos\u00e9 \u00e0 t\u00e9moigner \u2014 non par les armes, mais par ta vie ?<br>L\u2019histoire ne se r\u00e9p\u00e8te pas\u2026 <strong>elle se transforme en appel<\/strong>. Et aujourd\u2019hui, cet appel t\u2019est adress\u00e9.<\/p>\n","protected":false},"excerpt":{"rendered":"<p>Un voyage spirituel \u00e0 travers le martyre, la fid\u00e9lit\u00e9 et le courage de ceux qui ont d\u00e9fendu leur foi jusqu\u2019au bout \u271d\ufe0f Introduction : Quand la foi est pers\u00e9cut\u00e9e, le ciel s\u2019ouvre En 1936, l\u2019Espagne devint un champ d\u2019\u00e9preuve pour la foi catholique. Tandis que l\u2019Europe \u00e9tait agit\u00e9e par des tensions politiques et id\u00e9ologiques, la &hellip;<\/p>\n","protected":false},"author":3,"featured_media":3992,"comment_status":"open","ping_status":"open","sticky":false,"template":"","format":"standard","meta":{"_seopress_robots_primary_cat":"","_seopress_titles_title":"","_seopress_titles_desc":"","_seopress_robots_index":"","footnotes":""},"categories":[48,38],"tags":[1229,1228],"class_list":["post-3991","post","type-post","status-publish","format-standard","has-post-thumbnail","","category-histoire-de-leglise","category-histoire-et-tradition","tag-1229","tag-croisade-espagnole"],"_links":{"self":[{"href":"https:\/\/catholicus.eu\/fr\/wp-json\/wp\/v2\/posts\/3991","targetHints":{"allow":["GET"]}}],"collection":[{"href":"https:\/\/catholicus.eu\/fr\/wp-json\/wp\/v2\/posts"}],"about":[{"href":"https:\/\/catholicus.eu\/fr\/wp-json\/wp\/v2\/types\/post"}],"author":[{"embeddable":true,"href":"https:\/\/catholicus.eu\/fr\/wp-json\/wp\/v2\/users\/3"}],"replies":[{"embeddable":true,"href":"https:\/\/catholicus.eu\/fr\/wp-json\/wp\/v2\/comments?post=3991"}],"version-history":[{"count":1,"href":"https:\/\/catholicus.eu\/fr\/wp-json\/wp\/v2\/posts\/3991\/revisions"}],"predecessor-version":[{"id":3993,"href":"https:\/\/catholicus.eu\/fr\/wp-json\/wp\/v2\/posts\/3991\/revisions\/3993"}],"wp:featuredmedia":[{"embeddable":true,"href":"https:\/\/catholicus.eu\/fr\/wp-json\/wp\/v2\/media\/3992"}],"wp:attachment":[{"href":"https:\/\/catholicus.eu\/fr\/wp-json\/wp\/v2\/media?parent=3991"}],"wp:term":[{"taxonomy":"category","embeddable":true,"href":"https:\/\/catholicus.eu\/fr\/wp-json\/wp\/v2\/categories?post=3991"},{"taxonomy":"post_tag","embeddable":true,"href":"https:\/\/catholicus.eu\/fr\/wp-json\/wp\/v2\/tags?post=3991"}],"curies":[{"name":"wp","href":"https:\/\/api.w.org\/{rel}","templated":true}]}}