{"id":3988,"date":"2025-05-16T10:18:37","date_gmt":"2025-05-16T08:18:37","guid":{"rendered":"https:\/\/catholicus.eu\/fr\/?p=3988"},"modified":"2025-05-16T10:18:37","modified_gmt":"2025-05-16T08:18:37","slug":"trasmoz-le-seul-village-maudit-de-la-chretiente-quand-la-foi-et-les-tenebres-se-font-face","status":"publish","type":"post","link":"https:\/\/catholicus.eu\/fr\/trasmoz-le-seul-village-maudit-de-la-chretiente-quand-la-foi-et-les-tenebres-se-font-face\/","title":{"rendered":"Trasmoz, le seul village maudit de la chr\u00e9tient\u00e9 : Quand la foi et les t\u00e9n\u00e8bres se font face"},"content":{"rendered":"\n<p><strong>Introduction : Le myst\u00e8re d\u2019une mal\u00e9diction chr\u00e9tienne<\/strong><\/p>\n\n\n\n<p>Au pied du mont Moncayo, dans la province de Saragosse (Espagne), se dresse un petit village pittoresque qui rec\u00e8le une histoire aussi insolite que troublante. Il s\u2019agit de <strong>Trasmoz<\/strong>, <strong>le seul village officiellement excommuni\u00e9 et maudit<\/strong> par l\u2019\u00c9glise catholique. Ce n\u2019est pas seulement du folklore local. Ce n\u2019est pas une l\u00e9gende d\u00e9form\u00e9e par le temps. C\u2019est une r\u00e9alit\u00e9 document\u00e9e et reconnue \u2014 une <strong>exception unique dans l\u2019histoire de la chr\u00e9tient\u00e9 occidentale<\/strong>.<\/p>\n\n\n\n<p>Mais au-del\u00e0 des myst\u00e8res, des sorci\u00e8res et des sortil\u00e8ges qui attirent chaque ann\u00e9e les curieux, <strong>l\u2019histoire de Trasmoz soul\u00e8ve des questions profondes<\/strong> sur la foi, le p\u00e9ch\u00e9, la r\u00e9demption, le pouvoir des b\u00e9n\u00e9dictions et des mal\u00e9dictions, et sur la mani\u00e8re dont l\u2019homme peut choisir entre la lumi\u00e8re et les t\u00e9n\u00e8bres. Cet article n\u2019a pas pour but d\u2019alimenter la superstition, mais de proposer <strong>une lecture spirituelle, th\u00e9ologique et inspirante<\/strong> de ce que cette histoire peut nous enseigner aujourd\u2019hui.<\/p>\n\n\n\n<hr class=\"wp-block-separator has-alpha-channel-opacity\"\/>\n\n\n\n<h3 class=\"wp-block-heading\">1. <strong>Que s\u2019est-il pass\u00e9 \u00e0 Trasmoz ? Une histoire de sorcellerie et d\u2019anath\u00e8mes<\/strong><\/h3>\n\n\n\n<p>L\u2019histoire de Trasmoz commence au Moyen \u00c2ge, une \u00e9poque marqu\u00e9e par les tensions entre le pouvoir civil et l\u2019autorit\u00e9 eccl\u00e9siastique. Pendant des si\u00e8cles, le <strong>monast\u00e8re de Veruela<\/strong>, tout proche, exer\u00e7a une grande influence religieuse et \u00e9conomique sur la r\u00e9gion. Cependant, <strong>Trasmoz \u00e9tait une enclave particuli\u00e8re<\/strong> : elle n\u2019appartenait pas aux domaines de l\u2019\u00c9glise, mais \u00e0 la noblesse la\u00efque, ce qui la rendait <strong>ind\u00e9pendante de l\u2019autorit\u00e9 eccl\u00e9siastique<\/strong>.<\/p>\n\n\n\n<p>Cette ind\u00e9pendance devint rapidement une source de conflit. La l\u00e9gende raconte que <strong>le village fabriquait de fausses pi\u00e8ces de monnaie<\/strong>, exploitait des ressources revendiqu\u00e9es par l\u2019\u00c9glise, et tol\u00e9rait des pratiques pa\u00efennes. Mais ce qui finit par provoquer l\u2019\u00c9glise, ce furent les rumeurs persistantes selon lesquelles <strong>Trasmoz \u00e9tait un foyer de sorcellerie<\/strong>, conduisant l\u2019abb\u00e9 de Veruela \u00e0 demander son <strong>excommunication<\/strong>.<\/p>\n\n\n\n<p><strong>L\u2019excommunication fut officiellement prononc\u00e9e au XIIIe si\u00e8cle<\/strong>, sous le pape Jules II, \u00e0 la demande de l\u2019abb\u00e9 de l\u2019\u00e9poque. Mais cela n\u2019en resta pas l\u00e0 : peu apr\u00e8s, un pr\u00eatre monta au ch\u00e2teau de Trasmoz avec une croix et une relique, et il pronon\u00e7a solennellement <strong>une mal\u00e9diction<\/strong> : une messe d\u2019excommunication accompagn\u00e9e du chant du psaume 108 \u2014 un psaume impr\u00e9catoire rempli de mal\u00e9dictions contre les ennemis de Dieu \u2014 lan\u00e7ant un anath\u00e8me sur tout le village.<\/p>\n\n\n\n<p>Depuis lors, <strong>Trasmoz reste hors de la communion de l\u2019\u00c9glise, sans r\u00e9habilitation officielle<\/strong>, et <strong>la mal\u00e9diction n\u2019a jamais \u00e9t\u00e9 lev\u00e9e<\/strong>.<\/p>\n\n\n\n<hr class=\"wp-block-separator has-alpha-channel-opacity\"\/>\n\n\n\n<h3 class=\"wp-block-heading\">2. <strong>L\u2019excommunication : que signifie-t-elle vraiment ?<\/strong><\/h3>\n\n\n\n<p>Pour comprendre la gravit\u00e9 de ce qui s\u2019est pass\u00e9 \u00e0 Trasmoz, il faut comprendre ce que signifie <strong>l\u2019excommunication<\/strong> du point de vue th\u00e9ologique.<\/p>\n\n\n\n<p>L\u2019excommunication n\u2019est pas une sorte de \u00ab mal\u00e9diction magique \u00bb, comme certains pourraient le penser. C\u2019est plut\u00f4t <strong>une peine m\u00e9dicinale, destin\u00e9e \u00e0 pousser le p\u00e9cheur \u00e0 la conversion<\/strong>. Il s\u2019agit d\u2019un acte par lequel <strong>une personne (ou, dans de tr\u00e8s rares cas, une communaut\u00e9) est priv\u00e9e des sacrements et de la pleine communion avec l\u2019\u00c9glise<\/strong>. Saint Paul en parle explicitement :<\/p>\n\n\n\n<blockquote class=\"wp-block-quote is-layout-flow wp-block-quote-is-layout-flow\">\n<p><em>\u00ab Qu\u2019un tel homme soit livr\u00e9 \u00e0 Satan pour la destruction de la chair, afin que l\u2019esprit soit sauv\u00e9 au jour du Seigneur. \u00bb<\/em> (1 Corinthiens 5, 5)<\/p>\n<\/blockquote>\n\n\n\n<p>L\u2019excommunication est donc <strong>un rem\u00e8de spirituel s\u00e9v\u00e8re<\/strong>, une forme d\u2019amour exigeant qui vise \u00e0 r\u00e9veiller le p\u00e9cheur de son aveuglement spirituel, afin qu\u2019il se repente et revienne dans la maison du P\u00e8re. Elle n\u2019est jamais une punition d\u00e9finitive\u2026 <strong>sauf dans le cas de Trasmoz<\/strong>, o\u00f9 la mal\u00e9diction fut publique, solennelle et jamais r\u00e9voqu\u00e9e.<\/p>\n\n\n\n<p>Cela soul\u00e8ve une question th\u00e9ologique importante : <strong>une localit\u00e9 peut-elle \u00eatre maudite \u00e0 jamais ?<\/strong><\/p>\n\n\n\n<hr class=\"wp-block-separator has-alpha-channel-opacity\"\/>\n\n\n\n<h3 class=\"wp-block-heading\">3. <strong>Une ville peut-elle \u00eatre maudite ? \u00c9criture, Tradition et autorit\u00e9<\/strong><\/h3>\n\n\n\n<p>L\u2019\u00c9criture Sainte contient plusieurs r\u00e9cits de <strong>villes maudites \u00e0 cause de leurs p\u00e9ch\u00e9s<\/strong>, les plus c\u00e9l\u00e8bres \u00e9tant Sodome et Gomorrhe (Gen\u00e8se 19), ou encore J\u00e9richo, \u00e0 propos de laquelle Josu\u00e9 d\u00e9clara :<\/p>\n\n\n\n<blockquote class=\"wp-block-quote is-layout-flow wp-block-quote-is-layout-flow\">\n<p><em>\u00ab Maudit soit devant le Seigneur l\u2019homme qui se l\u00e8vera pour reconstruire cette ville. \u00bb<\/em> (Josu\u00e9 6, 26)<\/p>\n<\/blockquote>\n\n\n\n<p>La tradition juive et chr\u00e9tienne a compris ces mal\u00e9dictions non comme des actes de vengeance divine, mais comme <strong>des avertissements graves contre le p\u00e9ch\u00e9 structurel<\/strong>, qui contamine et corrompt non seulement les individus mais aussi les soci\u00e9t\u00e9s enti\u00e8res. En ce sens, Trasmoz devient <strong>un symbole d\u2019une communaut\u00e9 qui, \u00e0 un moment donn\u00e9, a rejet\u00e9 la correction fraternelle et s\u2019est ferm\u00e9e \u00e0 la gr\u00e2ce<\/strong>.<\/p>\n\n\n\n<p>Et pourtant, <strong>Dieu ne veut pas la mort du p\u00e9cheur, mais qu\u2019il se convertisse et qu\u2019il vive<\/strong> (cf. \u00c9z\u00e9chiel 33, 11). Ainsi, la question essentielle n\u2019est pas : \u00ab Trasmoz est-il maudit ? \u00bb mais plut\u00f4t : <strong>Que ferions-nous si nous vivions dans un tel lieu ? Ne vivons-nous pas parfois nous-m\u00eames dans une forme de \u00ab\u00a0Trasmoz\u00a0\u00bb spirituel ?<\/strong><\/p>\n\n\n\n<hr class=\"wp-block-separator has-alpha-channel-opacity\"\/>\n\n\n\n<h3 class=\"wp-block-heading\">4. <strong>Trasmoz comme m\u00e9taphore du monde moderne : entre superstition et s\u00e9cularisme<\/strong><\/h3>\n\n\n\n<p>Aujourd\u2019hui, de nombreuses villes \u2014 voire des nations enti\u00e8res \u2014 vivent <strong>\u00e9loign\u00e9es de Dieu<\/strong>. Elles l\u00e9galisent des lois contraires \u00e0 l\u2019\u00c9vangile, promeuvent l\u2019avortement, l\u2019euthanasie, l\u2019id\u00e9ologie du genre, la destruction de la famille, et pers\u00e9cutent les symboles chr\u00e9tiens. D\u2019une certaine mani\u00e8re, <strong>nos soci\u00e9t\u00e9s ont excommuni\u00e9 Dieu<\/strong>.<\/p>\n\n\n\n<p>Ainsi, Trasmoz n\u2019est pas qu\u2019un village. Il est aussi un <strong>symbole spirituel de l\u2019homme moderne<\/strong> : un c\u0153ur s\u00e9par\u00e9, qui vit loin de la gr\u00e2ce, qui s\u2019est habitu\u00e9 \u00e0 l\u2019obscurit\u00e9. Mais comme tous les symboles bibliques, il n\u2019est pas condamn\u00e9 au fatalisme. L\u2019\u00c9criture est claire :<\/p>\n\n\n\n<blockquote class=\"wp-block-quote is-layout-flow wp-block-quote-is-layout-flow\">\n<p><em>\u00ab Si mon peuple, sur qui est invoqu\u00e9 mon nom, s\u2019humilie, prie, cherche ma face et se d\u00e9tourne de ses mauvaises voies, je l\u2019exaucerai des cieux, je lui pardonnerai son p\u00e9ch\u00e9 et je gu\u00e9rirai son pays. \u00bb<\/em> (2 Chroniques 7, 14)<\/p>\n<\/blockquote>\n\n\n\n<p>Ainsi, <strong>l\u2019histoire de Trasmoz peut devenir un appel \u00e0 la conversion personnelle et sociale<\/strong>, un appel \u00e0 rompre avec les alliances obscures et \u00e0 revenir \u00e0 l\u2019\u00c9vangile.<\/p>\n\n\n\n<hr class=\"wp-block-separator has-alpha-channel-opacity\"\/>\n\n\n\n<h3 class=\"wp-block-heading\">5. <strong>Et si vous \u00e9tiez Trasmoz ? Cl\u00e9s pour rompre la mal\u00e9diction du p\u00e9ch\u00e9<\/strong><\/h3>\n\n\n\n<p>D\u2019un point de vue spirituel, de nombreux chr\u00e9tiens vivent <strong>\u00ab excommuni\u00e9s de fait \u00bb<\/strong>, sans l\u2019\u00eatre formellement : loin des sacrements, esclaves de leurs vices, engourdis dans la ti\u00e9deur ou compromis avec des pratiques occultes. Mais tout peut changer si l\u2019on d\u00e9cide de <strong>rompre avec le p\u00e9ch\u00e9, de renoncer \u00e0 toute ombre, et de s\u2019ouvrir \u00e0 la gr\u00e2ce<\/strong>.<\/p>\n\n\n\n<p><strong>Comment faire ?<\/strong><\/p>\n\n\n\n<ol class=\"wp-block-list\">\n<li><strong>Un profond examen de conscience<\/strong> : Il ne suffit pas de \u00ab se sentir bien \u00bb. Il faut scruter sa vie \u00e0 la lumi\u00e8re de Dieu et de l\u2019enseignement de l\u2019\u00c9glise.<\/li>\n\n\n\n<li><strong>La confession sacramentelle<\/strong> : C\u2019est l\u2019antidote divin \u00e0 toute mal\u00e9diction. Le Christ a d\u00e9j\u00e0 vaincu la mort, et son pardon est plus puissant que n\u2019importe quel anath\u00e8me.<\/li>\n\n\n\n<li><strong>L\u2019adoration et l\u2019Eucharistie<\/strong> : La communion avec le Christ r\u00e9pare les fractures de l\u2019\u00e2me. Participer \u00e0 la messe avec foi, c\u2019est revenir d\u2019exil.<\/li>\n\n\n\n<li><strong>Renonciation explicite au mal<\/strong> : Il n\u2019y a pas de neutralit\u00e9 dans le combat spirituel. Il faut rejeter toute superstition, id\u00e9ologie, idol\u00e2trie et rancune.<\/li>\n\n\n\n<li><strong>Pri\u00e8re pour la conversion des autres<\/strong> : En tant qu\u2019intercesseurs, nous sommes appel\u00e9s \u00e0 <strong>b\u00e9nir, non \u00e0 maudire<\/strong>. Prier pour nos villes, nos familles, nos communaut\u00e9s, fait partie de notre mission chr\u00e9tienne.<\/li>\n<\/ol>\n\n\n\n<hr class=\"wp-block-separator has-alpha-channel-opacity\"\/>\n\n\n\n<h3 class=\"wp-block-heading\">6. <strong>Trasmoz peut-il \u00eatre sauv\u00e9 ? Et le monde ?<\/strong><\/h3>\n\n\n\n<p>Bien que l\u2019\u00c9glise n\u2019ait pas officiellement lev\u00e9 l\u2019excommunication de Trasmoz, de nombreux fid\u00e8les croient que <strong>la pri\u00e8re, l\u2019intercession et la p\u00e9nitence peuvent atteindre m\u00eame l\u2019impossible<\/strong>. L\u2019exemple de villes converties \u2014 comme Ninive (Jonas 3) \u2014 nous rappelle que <strong>rien n\u2019est perdu tant qu\u2019une \u00e2me crie vers Dieu<\/strong>.<\/p>\n\n\n\n<p>D\u2019ailleurs, certains habitants de Trasmoz, au-del\u00e0 du folklore touristique, ont commenc\u00e9 \u00e0 regarder l\u2019histoire de leur village avec un regard spirituel. Certains ont r\u00e9cit\u00e9 des pri\u00e8res d\u2019exorcisme ; d\u2019autres ont c\u00e9l\u00e9br\u00e9 des messes priv\u00e9es. Peut-\u00eatre que le premier pas n\u2019est pas de lever l\u2019excommunication canonique, mais de <strong>r\u00e9veiller dans les c\u0153urs le d\u00e9sir de r\u00e9conciliation<\/strong>.<\/p>\n\n\n\n<p>Et cela, <strong>vous<\/strong> pouvez aussi le faire : <strong>devenez un intercesseur pour votre terre, votre communaut\u00e9, votre famille\u2026 ou pour vous-m\u00eame<\/strong>, si vous sentez que vous vivez dans un Trasmoz int\u00e9rieur.<\/p>\n\n\n\n<hr class=\"wp-block-separator has-alpha-channel-opacity\"\/>\n\n\n\n<h3 class=\"wp-block-heading\">Conclusion : <em>Des t\u00e9n\u00e8bres \u00e0 la lumi\u00e8re<\/em><\/h3>\n\n\n\n<p>L\u2019histoire de Trasmoz ne doit pas nous fasciner \u00e0 cause de son obscurit\u00e9, mais parce qu\u2019elle nous rappelle <strong>que la lumi\u00e8re peut briller au milieu des t\u00e9n\u00e8bres<\/strong>. L\u2019\u00c9vangile n\u2019est pas un r\u00e9cit de mal\u00e9dictions, mais de b\u00e9n\u00e9dictions. Le Christ est venu d\u00e9truire les \u0153uvres du diable (cf. 1 Jean 3, 8), rompre tout anath\u00e8me et proclamer :<\/p>\n\n\n\n<blockquote class=\"wp-block-quote is-layout-flow wp-block-quote-is-layout-flow\">\n<p><em>\u00ab L\u2019Esprit du Seigneur est sur moi, parce qu\u2019il m\u2019a consacr\u00e9 par l\u2019onction pour annoncer la Bonne Nouvelle aux pauvres ; il m\u2019a envoy\u00e9 proclamer aux captifs la d\u00e9livrance\u2026 proclamer une ann\u00e9e de gr\u00e2ce du Seigneur. \u00bb<\/em> (Luc 4, 18\u201319)<\/p>\n<\/blockquote>\n\n\n\n<p>Trasmoz peut \u00eatre un lieu maudit\u2026 ou le th\u00e9\u00e2tre d\u2019une grande conversion.<\/p>\n\n\n\n<p>Et vous ? Vivez-vous sous une b\u00e9n\u00e9diction ou sous une mal\u00e9diction ? \u00cates-vous r\u00e9concili\u00e9 avec Dieu, ou portez-vous encore le poids de l\u2019\u00e9loignement ?<\/p>\n\n\n\n<p><strong>Aujourd\u2019hui, vous pouvez revenir. Aujourd\u2019hui, vous pouvez rompre avec votre Trasmoz. Aujourd\u2019hui, vous pouvez devenir une terre de b\u00e9n\u00e9diction.<\/strong><\/p>\n\n\n\n<hr class=\"wp-block-separator has-alpha-channel-opacity\"\/>\n\n\n\n<p>Si cet article vous a \u00e9clair\u00e9, partagez-le. Et rappelez-vous : <strong>les t\u00e9n\u00e8bres ne r\u00e8gnent que l\u00e0 o\u00f9 la lumi\u00e8re est absente<\/strong>. Soyons cette lumi\u00e8re dans le monde !<\/p>\n","protected":false},"excerpt":{"rendered":"<p>Introduction : Le myst\u00e8re d\u2019une mal\u00e9diction chr\u00e9tienne Au pied du mont Moncayo, dans la province de Saragosse (Espagne), se dresse un petit village pittoresque qui rec\u00e8le une histoire aussi insolite que troublante. Il s\u2019agit de Trasmoz, le seul village officiellement excommuni\u00e9 et maudit par l\u2019\u00c9glise catholique. Ce n\u2019est pas seulement du folklore local. Ce n\u2019est &hellip;<\/p>\n","protected":false},"author":3,"featured_media":3989,"comment_status":"open","ping_status":"open","sticky":false,"template":"","format":"standard","meta":{"_seopress_robots_primary_cat":"","_seopress_titles_title":"","_seopress_titles_desc":"","_seopress_robots_index":"","footnotes":""},"categories":[66,41],"tags":[1226,1227],"class_list":["post-3988","post","type-post","status-publish","format-standard","has-post-thumbnail","","category-culture-populaire-et-catholicisme","category-foi-et-culture","tag-trasmoz","tag-village-maudit"],"_links":{"self":[{"href":"https:\/\/catholicus.eu\/fr\/wp-json\/wp\/v2\/posts\/3988","targetHints":{"allow":["GET"]}}],"collection":[{"href":"https:\/\/catholicus.eu\/fr\/wp-json\/wp\/v2\/posts"}],"about":[{"href":"https:\/\/catholicus.eu\/fr\/wp-json\/wp\/v2\/types\/post"}],"author":[{"embeddable":true,"href":"https:\/\/catholicus.eu\/fr\/wp-json\/wp\/v2\/users\/3"}],"replies":[{"embeddable":true,"href":"https:\/\/catholicus.eu\/fr\/wp-json\/wp\/v2\/comments?post=3988"}],"version-history":[{"count":1,"href":"https:\/\/catholicus.eu\/fr\/wp-json\/wp\/v2\/posts\/3988\/revisions"}],"predecessor-version":[{"id":3990,"href":"https:\/\/catholicus.eu\/fr\/wp-json\/wp\/v2\/posts\/3988\/revisions\/3990"}],"wp:featuredmedia":[{"embeddable":true,"href":"https:\/\/catholicus.eu\/fr\/wp-json\/wp\/v2\/media\/3989"}],"wp:attachment":[{"href":"https:\/\/catholicus.eu\/fr\/wp-json\/wp\/v2\/media?parent=3988"}],"wp:term":[{"taxonomy":"category","embeddable":true,"href":"https:\/\/catholicus.eu\/fr\/wp-json\/wp\/v2\/categories?post=3988"},{"taxonomy":"post_tag","embeddable":true,"href":"https:\/\/catholicus.eu\/fr\/wp-json\/wp\/v2\/tags?post=3988"}],"curies":[{"name":"wp","href":"https:\/\/api.w.org\/{rel}","templated":true}]}}