{"id":3918,"date":"2025-05-12T10:27:31","date_gmt":"2025-05-12T08:27:31","guid":{"rendered":"https:\/\/catholicus.eu\/fr\/?p=3918"},"modified":"2025-05-12T10:27:31","modified_gmt":"2025-05-12T08:27:31","slug":"matthias-lapotre-oublie-lelu-de-dieu-pour-restaurer-le-corps-du-christ","status":"publish","type":"post","link":"https:\/\/catholicus.eu\/fr\/matthias-lapotre-oublie-lelu-de-dieu-pour-restaurer-le-corps-du-christ\/","title":{"rendered":"Matthias, l\u2019ap\u00f4tre oubli\u00e9 : l\u2019\u00e9lu de Dieu pour restaurer le Corps du Christ"},"content":{"rendered":"\n<h3 class=\"wp-block-heading\"><strong>Introduction : Quand l\u2019un tombe, Dieu en appelle un autre<\/strong><\/h3>\n\n\n\n<p>Dans l\u2019histoire de l\u2019\u00c9glise primitive, il existe un nom qui, bien que peu mentionn\u00e9 dans les pages du Nouveau Testament, r\u00e9sonne avec une force symbolique et th\u00e9ologique immense : <strong>Matthias<\/strong>, le douzi\u00e8me ap\u00f4tre. Souvent \u00e9clips\u00e9 par Pierre, Jean, Paul ou m\u00eame Judas Iscariote, Matthias incarne une figure de fid\u00e9lit\u00e9, de restauration et d\u2019\u00e9lection divine qui continue de nous parler aujourd\u2019hui, \u00e0 une \u00e9poque o\u00f9 nous sommes nous aussi appel\u00e9s \u00e0 restaurer ce qui a \u00e9t\u00e9 bless\u00e9 ou trahi.<\/p>\n\n\n\n<p>Cet article cherche \u00e0 raviver sa m\u00e9moire, \u00e0 mettre en lumi\u00e8re son \u00e9lection providentielle, son r\u00f4le dans la continuit\u00e9 apostolique, et \u00e0 comprendre comment sa vie nous interpelle aujourd\u2019hui, alors que l\u2019\u00c9glise lutte pour rester fid\u00e8le dans un monde en crise. Si tu t\u2019es d\u00e9j\u00e0 senti en \u00ab second plan \u00bb, que ton travail dans le Royaume de Dieu semble invisible, ou que tu es arriv\u00e9 \u00ab apr\u00e8s \u00bb d\u2019autres plus c\u00e9l\u00e8bres, <strong>Matthias est ton mod\u00e8le<\/strong>. Et bien plus encore : il est un rappel vivant de la mani\u00e8re dont l\u2019Esprit Saint agit quand tout semble bris\u00e9.<\/p>\n\n\n\n<hr class=\"wp-block-separator has-alpha-channel-opacity\"\/>\n\n\n\n<h2 class=\"wp-block-heading\"><strong>1. Qui \u00e9tait Matthias ? L\u2019homme avant l\u2019ap\u00f4tre<\/strong><\/h2>\n\n\n\n<p>Le nom <strong>Matthias<\/strong> vient de l\u2019h\u00e9breu <em>Mattityah<\/em>, qui signifie \u00ab don de Dieu \u00bb. Ce n\u2019est pas un d\u00e9tail anodin : son identit\u00e9 porte d\u00e9j\u00e0 une v\u00e9rit\u00e9 th\u00e9ologique profonde. Avant d\u2019\u00eatre choisi comme ap\u00f4tre, Matthias faisait partie des <strong>disciples constants de J\u00e9sus<\/strong>, l\u2019un de ceux qui l\u2019avaient suivi <strong>depuis le bapt\u00eame dans le Jourdain jusqu\u2019\u00e0 l\u2019Ascension<\/strong> (Actes 1, 21-22).<\/p>\n\n\n\n<p>Bien que les \u00c9vangiles ne le mentionnent pas explicitement, sa proximit\u00e9 avec le groupe des Douze et sa pers\u00e9v\u00e9rance faisaient de lui un t\u00e9moin qualifi\u00e9 pour prendre la place de Judas. Ce n\u2019\u00e9tait ni un nouveau venu, ni un improvis\u00e9. C\u2019\u00e9tait un disciple \u00e9prouv\u00e9 dans la fid\u00e9lit\u00e9 silencieuse.<\/p>\n\n\n\n<hr class=\"wp-block-separator has-alpha-channel-opacity\"\/>\n\n\n\n<h2 class=\"wp-block-heading\"><strong>2. Le contexte : La blessure laiss\u00e9e par Judas<\/strong><\/h2>\n\n\n\n<p>Apr\u00e8s la trahison et le suicide de <strong>Judas Iscariote<\/strong>, le coll\u00e8ge apostolique se retrouve incomplet. Ce n\u2019est pas seulement une trag\u00e9die morale et spirituelle, mais aussi une <strong>blessure eccl\u00e9siale<\/strong>. Le chiffre douze n\u2019est pas arbitraire : il repr\u00e9sente les <strong>douze tribus d\u2019Isra\u00ebl<\/strong>, un signe de la nouvelle humanit\u00e9 restaur\u00e9e en Christ.<\/p>\n\n\n\n<p>Pierre, conscient de cela, prend l\u2019initiative de restaurer ce nombre symbolique. Dans les <strong>Actes des Ap\u00f4tres 1, 15-26<\/strong>, nous lisons comment la communaut\u00e9 prie, m\u00e9dite les \u00c9critures, puis tire au sort entre deux candidats : <strong>Joseph Barsabbas, appel\u00e9 Justus<\/strong>, et <strong>Matthias<\/strong>. Le sort \u2014 un instrument l\u00e9gitime \u00e0 cette \u00e9poque pour discerner la volont\u00e9 divine \u2014 tombe sur Matthias, \u00ab et il fut associ\u00e9 aux onze ap\u00f4tres \u00bb (Actes 1, 26).<\/p>\n\n\n\n<p>Ce ne fut pas une \u00e9lection d\u00e9mocratique ni un simple choix humain. La communaut\u00e9 priait et faisait confiance \u00e0 Dieu pour <strong>choisir Lui-m\u00eame<\/strong>. Un ap\u00f4tre ne se fabrique pas par m\u00e9rite, mais par <strong>appel et mission divins<\/strong>. Matthias est donc l\u2019\u00e9lu de Dieu pour <strong>gu\u00e9rir une fracture interne<\/strong>.<\/p>\n\n\n\n<hr class=\"wp-block-separator has-alpha-channel-opacity\"\/>\n\n\n\n<h2 class=\"wp-block-heading\"><strong>3. La succession apostolique : Une le\u00e7on pour l\u2019\u00c9glise d\u2019aujourd\u2019hui<\/strong><\/h2>\n\n\n\n<p>Matthias est le <strong>premier ap\u00f4tre choisi apr\u00e8s l\u2019Ascension<\/strong>, et son \u00e9lection marque un tournant th\u00e9ologique : l\u2019\u00c9glise, guid\u00e9e par l\u2019Esprit Saint, <strong>a le pouvoir de continuer l\u2019\u0153uvre du Christ<\/strong>. Cet acte l\u00e9gitime la <strong>succession apostolique<\/strong>, la transmission du minist\u00e8re et de l\u2019enseignement des ap\u00f4tres \u00e0 travers les \u00e9v\u00eaques.<\/p>\n\n\n\n<p>\u00c0 une \u00e9poque o\u00f9 l\u2019autorit\u00e9 est remise en question, o\u00f9 beaucoup abandonnent la foi \u00e0 cause de scandales ou de d\u00e9ceptions, <strong>Matthias nous rappelle que l\u2019\u00c9glise reste guid\u00e9e par Dieu<\/strong>, m\u00eame dans ses heures les plus sombres. Quand l\u2019un trahit, Dieu en rel\u00e8ve un autre, fid\u00e8le. La mission du Christ ne s\u2019arr\u00eate pas \u00e0 cause de l\u2019infid\u00e9lit\u00e9 humaine.<\/p>\n\n\n\n<hr class=\"wp-block-separator has-alpha-channel-opacity\"\/>\n\n\n\n<h2 class=\"wp-block-heading\"><strong>4. Que devient Matthias par la suite ? Tradition, martyre et mission<\/strong><\/h2>\n\n\n\n<p>Apr\u00e8s son \u00e9lection, les Actes des Ap\u00f4tres ne mentionnent plus Matthias. Cependant, la <strong>Tradition<\/strong> de l\u2019\u00c9glise a conserv\u00e9 plusieurs t\u00e9moignages de son \u0153uvre apostolique :<\/p>\n\n\n\n<ul class=\"wp-block-list\">\n<li>Il aurait d\u2019abord <strong>pr\u00each\u00e9 en Jud\u00e9e<\/strong>, puis aurait voyag\u00e9 dans les r\u00e9gions de la <strong>mer Caspienne et d\u2019\u00c9thiopie<\/strong>.<\/li>\n\n\n\n<li>Plusieurs sources affirment qu\u2019il fut <strong>martyris\u00e9<\/strong>, soit par lapidation, crucifixion ou d\u00e9capitation.<\/li>\n\n\n\n<li>Ses reliques, selon certaines traditions, auraient \u00e9t\u00e9 transport\u00e9es \u00e0 Rome ou \u00e0 Tr\u00e8ves (Allemagne).<\/li>\n<\/ul>\n\n\n\n<p>Ce qui est certain, c\u2019est qu\u2019il <strong>mourut en t\u00e9moin du Christ<\/strong>, accomplissant ainsi pleinement la vocation pour laquelle il avait \u00e9t\u00e9 choisi : \u00eatre un <strong>t\u00e9moin de la R\u00e9surrection<\/strong> (Actes 1, 22).<\/p>\n\n\n\n<hr class=\"wp-block-separator has-alpha-channel-opacity\"\/>\n\n\n\n<h2 class=\"wp-block-heading\"><strong>5. Une port\u00e9e spirituelle : Ce que Matthias nous enseigne aujourd\u2019hui<\/strong><\/h2>\n\n\n\n<p>La vie et la mission de Matthias ne sont pas de simples faits historiques. Elles sont une <strong>Parole vivante pour notre g\u00e9n\u00e9ration<\/strong>. Voici quelques applications concr\u00e8tes pour notre vie chr\u00e9tienne :<\/p>\n\n\n\n<h3 class=\"wp-block-heading\"><strong>a) Dieu voit ceux que le monde oublie<\/strong><\/h3>\n\n\n\n<p>Matthias ne faisait pas partie du cercle intime de J\u00e9sus, n\u2019a accompli ni miracles c\u00e9l\u00e8bres ni pr\u00e9dications connues, et pourtant <strong>Dieu l\u2019a choisi<\/strong>. Cela console tous ceux qui servent dans l\u2019ombre, dans les r\u00f4les modestes, dans le silence. Le Ciel ne mesure pas comme le monde. Dans l\u2019\u00c9glise, <strong>la fid\u00e9lit\u00e9 compte plus que la notori\u00e9t\u00e9<\/strong>.<\/p>\n\n\n\n<h3 class=\"wp-block-heading\"><strong>b) Le p\u00e9ch\u00e9 de l\u2019un n\u2019arr\u00eate pas le plan de Dieu<\/strong><\/h3>\n\n\n\n<p>Judas a \u00e9t\u00e9 un scandale au sein du groupe apostolique, un tra\u00eetre parmi les plus proches du Christ. Mais sa chute n\u2019a pas paralys\u00e9 la mission. Au contraire, elle a ouvert la voie \u00e0 une restauration encore plus forte. Cela nous encourage \u00e0 avancer lorsque nous vivons des d\u00e9ceptions ou des trahisons dans l\u2019\u00c9glise.<\/p>\n\n\n\n<h3 class=\"wp-block-heading\"><strong>c) Toute vraie \u00e9lection est pr\u00e9c\u00e9d\u00e9e par la pri\u00e8re<\/strong><\/h3>\n\n\n\n<p>Les disciples n\u2019ont pas choisi Matthias sur la base de pr\u00e9f\u00e9rences personnelles ou de strat\u00e9gies. Ils se sont retir\u00e9s pour prier. Aujourd\u2019hui plus que jamais, nous avons besoin de communaut\u00e9s qui <strong>discerneront dans la pri\u00e8re<\/strong>, et non par calcul humain. L\u2019Esprit Saint n\u2019a pas cess\u00e9 de parler ; ce qui manque, ce sont des oreilles pour \u00e9couter.<\/p>\n\n\n\n<h3 class=\"wp-block-heading\"><strong>d) Nous sommes tous appel\u00e9s \u00e0 \u00eatre le \u00ab douzi\u00e8me \u00bb pour quelqu\u2019un<\/strong><\/h3>\n\n\n\n<p>Spirituellement, tu peux \u00eatre le Matthias de quelqu\u2019un \u2014 dans ta famille, ta paroisse, ta communaut\u00e9. L\u00e0 o\u00f9 il y a une absence, une trahison, une blessure, <strong>Dieu peut t\u2019appeler \u00e0 restaurer et \u00e0 combler ce vide par ta fid\u00e9lit\u00e9<\/strong>.<\/p>\n\n\n\n<hr class=\"wp-block-separator has-alpha-channel-opacity\"\/>\n\n\n\n<h2 class=\"wp-block-heading\"><strong>6. C\u00e9l\u00e9bration liturgique et d\u00e9votion<\/strong><\/h2>\n\n\n\n<p>La <strong>f\u00eate de Saint Matthias ap\u00f4tre<\/strong> est c\u00e9l\u00e9br\u00e9e le <strong>14 mai<\/strong> dans le calendrier romain. Dans le rite traditionnel (calendrier tridentin), sa f\u00eate \u00e9tait fix\u00e9e au <strong>24 f\u00e9vrier<\/strong>, ce qui montre que sa v\u00e9n\u00e9ration est tr\u00e8s ancienne.<\/p>\n\n\n\n<p>Il est souvent invoqu\u00e9 comme le <strong>patron des charpentiers, des ing\u00e9nieurs civils et des alcooliques en r\u00e9tablissement<\/strong>, bien que sa protection la plus profonde concerne ceux qui <strong>prennent la rel\u00e8ve dans des situations de crise<\/strong>.<\/p>\n\n\n\n<hr class=\"wp-block-separator has-alpha-channel-opacity\"\/>\n\n\n\n<h2 class=\"wp-block-heading\"><strong>Conclusion : L\u2019ap\u00f4tre de la restauration<\/strong><\/h2>\n\n\n\n<p>Saint Matthias est une figure discr\u00e8te, mais puissamment symbolique. Il repr\u00e9sente <strong>la r\u00e9ponse de Dieu au p\u00e9ch\u00e9 humain<\/strong>, la restauration apr\u00e8s la trahison, et l\u2019\u00e9lection divine qui d\u00e9passe nos cat\u00e9gories. \u00c0 une \u00e9poque o\u00f9 de nombreuses institutions sont \u00e9branl\u00e9es, o\u00f9 l\u2019\u00c9glise souffre autant de l\u2019int\u00e9rieur que de l\u2019ext\u00e9rieur, <strong>Matthias nous rappelle que Dieu ne renonce pas \u00e0 nous<\/strong>.<\/p>\n\n\n\n<p>Peu importe si tu es arriv\u00e9 \u00ab plus tard \u00bb, si tu n\u2019es pas sous les projecteurs, ou si tu es appel\u00e9 \u00e0 un lieu difficile : <strong>Dieu te voit, t\u2019appelle et veut se servir de toi pour gu\u00e9rir ce qui est bris\u00e9<\/strong>.<\/p>\n\n\n\n<hr class=\"wp-block-separator has-alpha-channel-opacity\"\/>\n\n\n\n<p><strong>Saint Matthias ap\u00f4tre, prie pour nous. Apprends-nous \u00e0 r\u00e9pondre avec humilit\u00e9 et fid\u00e9lit\u00e9 \u00e0 l\u2019appel de Dieu, m\u00eame lorsque personne d\u2019autre ne le remarque.<\/strong><\/p>\n","protected":false},"excerpt":{"rendered":"<p>Introduction : Quand l\u2019un tombe, Dieu en appelle un autre Dans l\u2019histoire de l\u2019\u00c9glise primitive, il existe un nom qui, bien que peu mentionn\u00e9 dans les pages du Nouveau Testament, r\u00e9sonne avec une force symbolique et th\u00e9ologique immense : Matthias, le douzi\u00e8me ap\u00f4tre. Souvent \u00e9clips\u00e9 par Pierre, Jean, Paul ou m\u00eame Judas Iscariote, Matthias incarne &hellip;<\/p>\n","protected":false},"author":3,"featured_media":3919,"comment_status":"open","ping_status":"open","sticky":false,"template":"","format":"standard","meta":{"_seopress_robots_primary_cat":"","_seopress_titles_title":"","_seopress_titles_desc":"","_seopress_robots_index":"","footnotes":""},"categories":[40,61],"tags":[1203],"class_list":["post-3918","post","type-post","status-publish","format-standard","has-post-thumbnail","","category-priere-et-spiritualite","category-saints-et-calendrier-liturgique","tag-matthias"],"_links":{"self":[{"href":"https:\/\/catholicus.eu\/fr\/wp-json\/wp\/v2\/posts\/3918","targetHints":{"allow":["GET"]}}],"collection":[{"href":"https:\/\/catholicus.eu\/fr\/wp-json\/wp\/v2\/posts"}],"about":[{"href":"https:\/\/catholicus.eu\/fr\/wp-json\/wp\/v2\/types\/post"}],"author":[{"embeddable":true,"href":"https:\/\/catholicus.eu\/fr\/wp-json\/wp\/v2\/users\/3"}],"replies":[{"embeddable":true,"href":"https:\/\/catholicus.eu\/fr\/wp-json\/wp\/v2\/comments?post=3918"}],"version-history":[{"count":1,"href":"https:\/\/catholicus.eu\/fr\/wp-json\/wp\/v2\/posts\/3918\/revisions"}],"predecessor-version":[{"id":3920,"href":"https:\/\/catholicus.eu\/fr\/wp-json\/wp\/v2\/posts\/3918\/revisions\/3920"}],"wp:featuredmedia":[{"embeddable":true,"href":"https:\/\/catholicus.eu\/fr\/wp-json\/wp\/v2\/media\/3919"}],"wp:attachment":[{"href":"https:\/\/catholicus.eu\/fr\/wp-json\/wp\/v2\/media?parent=3918"}],"wp:term":[{"taxonomy":"category","embeddable":true,"href":"https:\/\/catholicus.eu\/fr\/wp-json\/wp\/v2\/categories?post=3918"},{"taxonomy":"post_tag","embeddable":true,"href":"https:\/\/catholicus.eu\/fr\/wp-json\/wp\/v2\/tags?post=3918"}],"curies":[{"name":"wp","href":"https:\/\/api.w.org\/{rel}","templated":true}]}}