{"id":3852,"date":"2025-05-08T22:22:33","date_gmt":"2025-05-08T20:22:33","guid":{"rendered":"https:\/\/catholicus.eu\/fr\/?p=3852"},"modified":"2025-05-08T22:22:33","modified_gmt":"2025-05-08T20:22:33","slug":"analyse-approfondie-du-discours-du-pape-leon-xiv","status":"publish","type":"post","link":"https:\/\/catholicus.eu\/fr\/analyse-approfondie-du-discours-du-pape-leon-xiv\/","title":{"rendered":"Analyse Approfondie du Discours du Pape L\u00e9on XIV"},"content":{"rendered":"\n<p>Le discours inaugural du&nbsp;<strong>Pape L\u00e9on XIV<\/strong>&nbsp;est un texte riche en symboles th\u00e9ologiques, en continuit\u00e9 eccl\u00e9siale et en vision pastorale. Voici une analyse minutieuse de ses dimensions les plus significatives :<\/p>\n\n\n\n<hr class=\"wp-block-separator has-alpha-channel-opacity\"\/>\n\n\n\n<h3 class=\"wp-block-heading\"><strong>1. La Paix comme Th\u00e8me Central : Une Paix \u00ab D\u00e9sarm\u00e9e et D\u00e9sarmante \u00bb<\/strong><\/h3>\n\n\n\n<p>Le pontife commence par la salutation pascale du Christ :&nbsp;<em>\u00ab Que la paix soit avec vous ! \u00bb<\/em>&nbsp;(Jn 20,19), mais il ne s\u2019agit pas d\u2019une paix quelconque \u2013 c\u2019est une&nbsp;<strong>paix transformatrice<\/strong>&nbsp;:<\/p>\n\n\n\n<ul class=\"wp-block-list\">\n<li><strong>\u00ab D\u00e9sarm\u00e9e \u00bb<\/strong>\u00a0: Elle ne s\u2019impose pas par la force, mais na\u00eet de l\u2019amour de Dieu.<\/li>\n\n\n\n<li><strong>\u00ab D\u00e9sarmante \u00bb<\/strong>\u00a0: Elle a le pouvoir de d\u00e9sarmer les c\u0153urs endurcis, de briser les hostilit\u00e9s.<\/li>\n<\/ul>\n\n\n\n<p>Cette paix&nbsp;<strong>n\u2019est pas seulement une aspiration humaine, mais un don divin<\/strong>, enracin\u00e9 dans la R\u00e9surrection. En la liant \u00e0 la b\u00e9n\u00e9diction du&nbsp;<strong>Pape Fran\u00e7ois<\/strong>, L\u00e9on XIV souligne que&nbsp;<strong>l\u2019\u00c9glise doit \u00eatre un instrument de r\u00e9conciliation dans un monde divis\u00e9<\/strong>.<\/p>\n\n\n\n<hr class=\"wp-block-separator has-alpha-channel-opacity\"\/>\n\n\n\n<h3 class=\"wp-block-heading\"><strong>2. Continuit\u00e9 avec le Pape Fran\u00e7ois : Gratitude et H\u00e9ritage<\/strong><\/h3>\n\n\n\n<p>Le nouveau pape reconna\u00eet explicitement le magist\u00e8re de son pr\u00e9d\u00e9cesseur :<\/p>\n\n\n\n<ul class=\"wp-block-list\">\n<li><strong>\u00ab La voix faible mais courageuse du Pape Fran\u00e7ois \u00bb<\/strong>\u00a0: Une allusion \u00e0 son style humble mais proph\u00e9tique, notamment lors de sa b\u00e9n\u00e9diction\u00a0<em>Urbi et Orbi<\/em>\u00a0pendant la pand\u00e9mie.<\/li>\n\n\n\n<li><strong>\u00ab Dieu nous aime, Dieu aime chacun, et le mal ne triomphera pas \u00bb<\/strong>\u00a0: Un \u00e9cho du message de mis\u00e9ricorde universelle de Fran\u00e7ois.<\/li>\n<\/ul>\n\n\n\n<p>L\u00e9on XIV ne cherche pas la rupture, mais&nbsp;<strong>la continuit\u00e9 avec une \u00c9glise synodale, proche des pauvres et engag\u00e9e pour la justice<\/strong>.<\/p>\n\n\n\n<hr class=\"wp-block-separator has-alpha-channel-opacity\"\/>\n\n\n\n<h3 class=\"wp-block-heading\"><strong>3. Une \u00c9ccl\u00e9siologie Synodale : \u00ab Marchons Ensemble \u00bb<\/strong><\/h3>\n\n\n\n<p>Le pape insiste sur une&nbsp;<strong>\u00c9glise en sortie<\/strong>&nbsp;(cf.&nbsp;<em>Evangelii Gaudium<\/em>) :<\/p>\n\n\n\n<ul class=\"wp-block-list\">\n<li><strong>\u00ab Une \u00c9glise synodale en marche \u00bb<\/strong>\u00a0: Il renforce le processus synodal encourag\u00e9 par Fran\u00e7ois, o\u00f9 tous (\u00e9v\u00eaques, la\u00efcs, religieux) participent \u00e0 la mission.<\/li>\n\n\n\n<li><strong>\u00ab B\u00e2tir des ponts, pas des murs \u00bb<\/strong>\u00a0: Il rejette la polarisation, pr\u00f4nant le\u00a0<strong>dialogue interreligieux et social<\/strong>.<\/li>\n\n\n\n<li><strong>\u00ab Marchons ensemble vers la patrie que Dieu nous a pr\u00e9par\u00e9e \u00bb<\/strong>\u00a0: Une vision eschatologique de l\u2019\u00c9glise comme\u00a0<strong>Peuple de Dieu en p\u00e8lerinage<\/strong>\u00a0(LG 9).<\/li>\n<\/ul>\n\n\n\n<hr class=\"wp-block-separator has-alpha-channel-opacity\"\/>\n\n\n\n<h3 class=\"wp-block-heading\"><strong>4. Identit\u00e9 Augustinienne : \u00ab Avec vous, je suis chr\u00e9tien ; pour vous, je suis \u00e9v\u00eaque \u00bb<\/strong><\/h3>\n\n\n\n<p>En citant&nbsp;<strong>Saint Augustin<\/strong>, L\u00e9on XIV r\u00e9v\u00e8le sa spiritualit\u00e9 :<\/p>\n\n\n\n<ul class=\"wp-block-list\">\n<li><strong>Humilit\u00e9 pastorale<\/strong>\u00a0: L\u2019\u00e9v\u00eaque est d\u2019abord un\u00a0<strong>disciple parmi les disciples<\/strong>.<\/li>\n\n\n\n<li><strong>Service, non pouvoir<\/strong>\u00a0: La papaut\u00e9 n\u2019est pas un privil\u00e8ge, mais un\u00a0<strong>minist\u00e8re d\u2019amour<\/strong>.<\/li>\n\n\n\n<li><strong>Communion eccl\u00e9siale<\/strong>\u00a0: L\u2019autorit\u00e9 s\u2019exerce en\u00a0<strong>communion avec le peuple de Dieu<\/strong>.<\/li>\n<\/ul>\n\n\n\n<p>Cette r\u00e9f\u00e9rence sugg\u00e8re un&nbsp;<strong>pontificat \u00e0 la fois th\u00e9ologiquement profond et pastoralement proche<\/strong>, dans la lign\u00e9e d\u2019Augustin, le Docteur de la Gr\u00e2ce.<\/p>\n\n\n\n<hr class=\"wp-block-separator has-alpha-channel-opacity\"\/>\n\n\n\n<h3 class=\"wp-block-heading\"><strong>5. Dimension Missionnaire et Option pour les Pauvres<\/strong><\/h3>\n\n\n\n<p>Le discours met l\u2019accent sur une&nbsp;<strong>\u00c9glise missionnaire et samaritaine<\/strong>&nbsp;:<\/p>\n\n\n\n<ul class=\"wp-block-list\">\n<li><strong>\u00ab Tout particuli\u00e8rement proche de ceux qui souffrent \u00bb<\/strong>\u00a0: Une option pr\u00e9f\u00e9rentielle pour les marginalis\u00e9s.<\/li>\n\n\n\n<li><strong>\u00ab Ma ch\u00e8re dioc\u00e8se de Chiclayo, au P\u00e9rou \u00bb<\/strong>\u00a0: Un geste symbolique envers\u00a0<strong>l\u2019Am\u00e9rique latine<\/strong>, r\u00e9gion cl\u00e9 du catholicisme mondial.<\/li>\n\n\n\n<li><strong>\u00ab Missionnaires sans peur \u00bb<\/strong>\u00a0: Un appel \u00e0 annoncer l\u2019\u00c9vangile avec audace, m\u00eame dans des contextes hostiles.<\/li>\n<\/ul>\n\n\n\n<hr class=\"wp-block-separator has-alpha-channel-opacity\"\/>\n\n\n\n<h3 class=\"wp-block-heading\"><strong>6. Mariologie : La Supplique \u00e0 la Vierge de Pomp\u00e9i<\/strong><\/h3>\n\n\n\n<p>Providentiellement, le pape commence son minist\u00e8re le&nbsp;<strong>jour de la Supplique \u00e0 la Vierge de Pomp\u00e9i<\/strong>&nbsp;:<\/p>\n\n\n\n<ul class=\"wp-block-list\">\n<li><strong>Marie comme mod\u00e8le d\u2019\u00c9glise<\/strong>\u00a0: Intercessrice, m\u00e8re et disciple.<\/li>\n\n\n\n<li><strong>\u00ab Prions ensemble pour la paix \u00bb<\/strong>\u00a0: La pri\u00e8re mariale comme\u00a0<strong>antidote \u00e0 la guerre et \u00e0 la division<\/strong>.<\/li>\n<\/ul>\n\n\n\n<p>Cette invocation renforce la&nbsp;<strong>pi\u00e9t\u00e9 populaire<\/strong>&nbsp;comme chemin d\u2019\u00e9vang\u00e9lisation.<\/p>\n\n\n\n<hr class=\"wp-block-separator has-alpha-channel-opacity\"\/>\n\n\n\n<h3 class=\"wp-block-heading\"><strong>7. Style Rh\u00e9torique et Gestes Symboliques<\/strong><\/h3>\n\n\n\n<ul class=\"wp-block-list\">\n<li><strong>Langage simple mais profond<\/strong>\u00a0: Accessible, mais th\u00e9ologiquement ancr\u00e9.<\/li>\n\n\n\n<li><strong>Gestes de proximit\u00e9<\/strong>\u00a0: La mention de Chiclayo montre\u00a0<strong>l\u2019affection pour son ancien troupeau<\/strong>.<\/li>\n\n\n\n<li><strong>Ton empreint d\u2019esp\u00e9rance<\/strong>\u00a0:\u00a0<strong>\u00ab Le mal ne triomphera pas \u00bb<\/strong>, un message contre-culturel en temps de crise.<\/li>\n<\/ul>\n\n\n\n<hr class=\"wp-block-separator has-alpha-channel-opacity\"\/>\n\n\n\n<h3 class=\"wp-block-heading\"><strong>Conclusion : Que R\u00e9v\u00e8le Ce Discours sur le Pontificat de L\u00e9on XIV ?<\/strong><\/h3>\n\n\n\n<ol start=\"1\" class=\"wp-block-list\">\n<li><strong>Continuit\u00e9 r\u00e9formatrice<\/strong>\u00a0: Dans la lign\u00e9e de Fran\u00e7ois, mais avec une touche augustinienne.<\/li>\n\n\n\n<li><strong>Synodalit\u00e9 comme priorit\u00e9<\/strong>\u00a0: Une \u00c9glise participative et en sortie.<\/li>\n\n\n\n<li><strong>Paix et justice comme th\u00e8mes centraux<\/strong>\u00a0: Dans un monde marqu\u00e9 par la guerre et les in\u00e9galit\u00e9s.<\/li>\n\n\n\n<li><strong>Spiritualit\u00e9 incarn\u00e9e<\/strong>\u00a0: Une th\u00e9ologie profond\u00e9ment pastorale.<\/li>\n<\/ol>\n\n\n\n<blockquote class=\"wp-block-quote is-layout-flow wp-block-quote-is-layout-flow\">\n<p><strong>Discours de pr\u00e9sentation du Pape L\u00e9on XIV :<\/strong><br><em>Que la paix soit avec vous tous !<\/em><\/p>\n\n\n\n<p>Tr\u00e8s chers fr\u00e8res et s\u0153urs, voici la premi\u00e8re salutation du Christ Ressuscit\u00e9, le Bon Pasteur qui a donn\u00e9 sa vie pour le troupeau de Dieu. Moi aussi, je voudrais que cette salutation de paix entre dans vos c\u0153urs, qu\u2019elle atteigne vos familles, toutes les personnes, o\u00f9 qu\u2019elles soient, tous les peuples, toute la terre.&nbsp;<em>Que la paix soit avec vous !<\/em><\/p>\n\n\n\n<p>C\u2019est la paix du Christ Ressuscit\u00e9, une paix d\u00e9sarm\u00e9e et d\u00e9sarmante, humble et pers\u00e9v\u00e9rante. Elle vient de Dieu, Dieu qui nous aime tous sans condition. Nous gardons encore dans nos oreilles cette voix faible mais toujours courageuse du Pape Fran\u00e7ois b\u00e9nissant Rome.&nbsp;<em>Le Pape qui b\u00e9nissait Rome donnait sa b\u00e9n\u00e9diction au monde, au monde entier, ce matin de P\u00e2ques !<\/em>&nbsp;Permettez-moi de poursuivre cette m\u00eame b\u00e9n\u00e9diction :&nbsp;<em>Dieu nous aime, Dieu vous aime tous, et le mal ne pr\u00e9vaudra pas ! Nous sommes tous entre les mains de Dieu !<\/em>&nbsp;Alors, sans peur, unis main dans la main avec Dieu et entre nous, avan\u00e7ons. Nous sommes disciples du Christ. Le Christ marche devant nous. Le monde a besoin de Sa lumi\u00e8re. L\u2019humanit\u00e9 a besoin de Lui comme d\u2019un pont pour \u00eatre atteinte par Dieu et Son amour. Aidez-nous aussi, vous les uns les autres, \u00e0 construire des ponts, par le dialogue, par la rencontre, en nous unissant tous pour ne former qu\u2019un seul peuple toujours en paix.&nbsp;<em>Merci au Pape Fran\u00e7ois !<\/em><\/p>\n\n\n\n<p>Je veux aussi remercier tous les fr\u00e8res cardinaux qui m\u2019ont \u00e9lu pour \u00eatre le Successeur de Pierre et marcher avec vous, comme une \u00c9glise unie, cherchant toujours la paix, la justice, essayant toujours de travailler comme des hommes et des femmes fid\u00e8les \u00e0 J\u00e9sus-Christ, sans peur, pour proclamer l\u2019\u00c9vangile, pour \u00eatre missionnaires. Je suis fils de saint Augustin, augustin, qui a dit :&nbsp;<em>\u00ab Avec vous, je suis chr\u00e9tien ; pour vous, je suis \u00e9v\u00eaque. \u00bb<\/em>&nbsp;En ce sens, nous pouvons tous marcher ensemble vers cette patrie que Dieu nous a pr\u00e9par\u00e9e.<\/p>\n\n\n\n<p><em>\u00c0 l\u2019\u00c9glise de Rome, une salutation particuli\u00e8re !<\/em><\/p>\n\n\n\n<p>Nous devons chercher ensemble comment \u00eatre une \u00c9glise missionnaire, une \u00c9glise qui construit des ponts, le dialogue, toujours ouverte \u00e0 accueillir comme cette place aux bras ouverts. Tous, tous ceux qui ont besoin de notre charit\u00e9, de notre pr\u00e9sence, du dialogue et de l\u2019amour.<\/p>\n\n\n\n<p>Et si vous me le permettez aussi, un mot, une salutation \u00e0 tous et en particulier \u00e0 ma ch\u00e8re dioc\u00e8se de Chiclayo, au P\u00e9rou, o\u00f9 un peuple fid\u00e8le a accompagn\u00e9 son \u00e9v\u00eaque, a partag\u00e9 sa foi et a tant donn\u00e9, tant, pour continuer \u00e0 \u00eatre une \u00c9glise fid\u00e8le \u00e0 J\u00e9sus-Christ.<\/p>\n\n\n\n<p>\u00c0 vous tous, fr\u00e8res et s\u0153urs de Rome, d\u2019Italie, du monde entier, nous voulons \u00eatre une \u00c9glise synodale, une \u00c9glise qui marche, une \u00c9glise qui cherche toujours la paix, qui cherche toujours la charit\u00e9, qui cherche toujours \u00e0 \u00eatre proche surtout de ceux qui souffrent.<\/p>\n\n\n\n<p>Aujourd\u2019hui, c\u2019est le jour de la Supplique \u00e0 la Vierge de Pomp\u00e9i. Notre M\u00e8re Marie veut toujours marcher avec nous, \u00eatre proche, nous aider par son intercession et son amour.<\/p>\n\n\n\n<p>Alors, je voudrais prier avec vous. Prions ensemble pour cette nouvelle mission, pour toute l\u2019\u00c9glise, pour la paix dans le monde, et demandons cette gr\u00e2ce sp\u00e9ciale \u00e0 Marie, notre M\u00e8re.<\/p>\n<\/blockquote>\n","protected":false},"excerpt":{"rendered":"<p>Le discours inaugural du&nbsp;Pape L\u00e9on XIV&nbsp;est un texte riche en symboles th\u00e9ologiques, en continuit\u00e9 eccl\u00e9siale et en vision pastorale. Voici une analyse minutieuse de ses dimensions les plus significatives : 1. La Paix comme Th\u00e8me Central : Une Paix \u00ab D\u00e9sarm\u00e9e et D\u00e9sarmante \u00bb Le pontife commence par la salutation pascale du Christ :&nbsp;\u00ab Que &hellip;<\/p>\n","protected":false},"author":3,"featured_media":3853,"comment_status":"open","ping_status":"open","sticky":false,"template":"","format":"standard","meta":{"_seopress_robots_primary_cat":"","_seopress_titles_title":"","_seopress_titles_desc":"","_seopress_robots_index":"","footnotes":""},"categories":[66,41],"tags":[1176],"class_list":["post-3852","post","type-post","status-publish","format-standard","has-post-thumbnail","","category-culture-populaire-et-catholicisme","category-foi-et-culture","tag-pape-leon-xiv"],"_links":{"self":[{"href":"https:\/\/catholicus.eu\/fr\/wp-json\/wp\/v2\/posts\/3852","targetHints":{"allow":["GET"]}}],"collection":[{"href":"https:\/\/catholicus.eu\/fr\/wp-json\/wp\/v2\/posts"}],"about":[{"href":"https:\/\/catholicus.eu\/fr\/wp-json\/wp\/v2\/types\/post"}],"author":[{"embeddable":true,"href":"https:\/\/catholicus.eu\/fr\/wp-json\/wp\/v2\/users\/3"}],"replies":[{"embeddable":true,"href":"https:\/\/catholicus.eu\/fr\/wp-json\/wp\/v2\/comments?post=3852"}],"version-history":[{"count":1,"href":"https:\/\/catholicus.eu\/fr\/wp-json\/wp\/v2\/posts\/3852\/revisions"}],"predecessor-version":[{"id":3854,"href":"https:\/\/catholicus.eu\/fr\/wp-json\/wp\/v2\/posts\/3852\/revisions\/3854"}],"wp:featuredmedia":[{"embeddable":true,"href":"https:\/\/catholicus.eu\/fr\/wp-json\/wp\/v2\/media\/3853"}],"wp:attachment":[{"href":"https:\/\/catholicus.eu\/fr\/wp-json\/wp\/v2\/media?parent=3852"}],"wp:term":[{"taxonomy":"category","embeddable":true,"href":"https:\/\/catholicus.eu\/fr\/wp-json\/wp\/v2\/categories?post=3852"},{"taxonomy":"post_tag","embeddable":true,"href":"https:\/\/catholicus.eu\/fr\/wp-json\/wp\/v2\/tags?post=3852"}],"curies":[{"name":"wp","href":"https:\/\/api.w.org\/{rel}","templated":true}]}}