{"id":3814,"date":"2025-05-07T12:42:52","date_gmt":"2025-05-07T10:42:52","guid":{"rendered":"https:\/\/catholicus.eu\/fr\/?p=3814"},"modified":"2025-05-07T12:42:53","modified_gmt":"2025-05-07T10:42:53","slug":"militia-est-vita-hominis-super-terram-la-vie-chretienne-comme-un-combat-spirituel","status":"publish","type":"post","link":"https:\/\/catholicus.eu\/fr\/militia-est-vita-hominis-super-terram-la-vie-chretienne-comme-un-combat-spirituel\/","title":{"rendered":"\u00ab Militia est vita hominis super terram \u00bb : La vie chr\u00e9tienne comme un combat spirituel"},"content":{"rendered":"\n<blockquote class=\"wp-block-quote is-layout-flow wp-block-quote-is-layout-flow\">\n<p><em>\u00ab Militia est vita hominis super terram \u00bb<\/em><br>\u00ab La vie de l\u2019homme sur la terre est un combat \u00bb (Job 7,1)<\/p>\n<\/blockquote>\n\n\n\n<hr class=\"wp-block-separator has-alpha-channel-opacity\"\/>\n\n\n\n<h2 class=\"wp-block-heading\">Introduction : La terre n\u2019est pas notre lieu de repos<\/h2>\n\n\n\n<p>Nous vivons \u00e0 une \u00e9poque marqu\u00e9e par la recherche constante du confort, de la gratification imm\u00e9diate et de la s\u00e9curit\u00e9. L\u2019id\u00e9al moderne est une vie sans souffrance, sans contradictions, sans lutte int\u00e9rieure. Pourtant, la Parole de Dieu nous rappelle une v\u00e9rit\u00e9 radicalement diff\u00e9rente : <strong>la vie de l\u2019homme sur la terre est une milice, un combat constant<\/strong>.<\/p>\n\n\n\n<p>Ces paroles, prononc\u00e9es par Job au milieu de l\u2019\u00e9preuve, ne sont pas une simple plainte, mais une v\u00e9rit\u00e9 th\u00e9ologique profonde : <strong>la vie chr\u00e9tienne est un combat spirituel permanent, une lutte pour le bien, la saintet\u00e9, la v\u00e9rit\u00e9, et contre le mal<\/strong>.<\/p>\n\n\n\n<p>Aujourd\u2019hui plus que jamais, il est urgent de red\u00e9couvrir cette dimension combative de notre foi. Non pas pour devenir violents ou intol\u00e9rants, mais pour assumer avec maturit\u00e9 le <strong>r\u00e9alisme chr\u00e9tien<\/strong> : nous sommes en exil, sur un champ de bataille. La victoire est promise, mais elle exige l\u2019effort.<\/p>\n\n\n\n<hr class=\"wp-block-separator has-alpha-channel-opacity\"\/>\n\n\n\n<h2 class=\"wp-block-heading\">I. <strong>Contexte biblique et sens de Job 7,1<\/strong><\/h2>\n\n\n\n<p>La phrase <em>\u00ab Militia est vita hominis super terram \u00bb<\/em> provient de l\u2019Ancien Testament, plus pr\u00e9cis\u00e9ment du Livre de Job, l\u2019un des textes sapientiaux les plus profonds. Job, homme juste et craignant Dieu, se retrouve soudain plong\u00e9 dans l\u2019affliction. Dans sa plainte, il dit :<\/p>\n\n\n\n<blockquote class=\"wp-block-quote is-layout-flow wp-block-quote-is-layout-flow\">\n<p>\u00ab La vie de l\u2019homme sur la terre est un combat, et ses jours sont ceux d\u2019un mercenaire. \u00bb (Job 7,1)<\/p>\n<\/blockquote>\n\n\n\n<p>Ce verset r\u00e9sume une exp\u00e9rience humaine universelle : <strong>vivre, c\u2019est combattre<\/strong>. Pas seulement au sens de traverser des \u00e9preuves, mais dans une lutte existentielle, morale et spirituelle.<\/p>\n\n\n\n<p>Le terme latin <em>militia<\/em> renvoie au service militaire, \u00e0 une vie de discipline, d\u2019ob\u00e9issance, de risque et d\u2019effort. Nous ne sommes pas ici pour nous installer, mais pour <strong>r\u00e9sister, avancer, d\u00e9fendre le bien et la v\u00e9rit\u00e9, et d\u00e9sirer le Royaume<\/strong>.<\/p>\n\n\n\n<hr class=\"wp-block-separator has-alpha-channel-opacity\"\/>\n\n\n\n<h2 class=\"wp-block-heading\">II. <strong>La Tradition chr\u00e9tienne : L\u2019\u00c9glise comme \u00ab Ecclesia Militans \u00bb<\/strong><\/h2>\n\n\n\n<p>Depuis les premiers si\u00e8cles, l\u2019\u00c9glise comprend sa pr\u00e9sence dans le monde en trois dimensions :<\/p>\n\n\n\n<ol class=\"wp-block-list\">\n<li><strong>L\u2019\u00c9glise militante<\/strong> : les fid\u00e8les sur la terre, qui combattent le bon combat.<\/li>\n\n\n\n<li><strong>L\u2019\u00c9glise souffrante<\/strong> : les \u00e2mes du purgatoire, en purification.<\/li>\n\n\n\n<li><strong>L\u2019\u00c9glise triomphante<\/strong> : les saints dans la gloire du ciel.<\/li>\n<\/ol>\n\n\n\n<p>Nous qui sommes encore en chemin faisons partie de l\u2019<strong>Ecclesia Militans<\/strong>, l\u2019\u00c9glise en combat. Cela ne signifie pas vivre dans la haine ou la violence, mais avec la conscience que nous sommes sur un <strong>champ de bataille spirituel<\/strong>, avec des ennemis visibles et invisibles, et une mission \u00e0 accomplir.<\/p>\n\n\n\n<p>Saint Paul l\u2019exprime clairement dans sa lettre aux \u00c9ph\u00e9siens :<\/p>\n\n\n\n<blockquote class=\"wp-block-quote is-layout-flow wp-block-quote-is-layout-flow\">\n<p>\u00ab Rev\u00eatez l\u2019armure de Dieu pour pouvoir r\u00e9sister aux man\u0153uvres du diable. Car notre combat n\u2019est pas contre la chair et le sang, mais contre les Principaut\u00e9s, contre les Puissances, contre les dominateurs de ce monde de t\u00e9n\u00e8bres, contre les esprits du mal dans les cieux. \u00bb (\u00c9ph\u00e9siens 6,11-12)<\/p>\n<\/blockquote>\n\n\n\n<hr class=\"wp-block-separator has-alpha-channel-opacity\"\/>\n\n\n\n<h2 class=\"wp-block-heading\">III. <strong>Le combat spirituel : ennemis, armes et strat\u00e9gie<\/strong><\/h2>\n\n\n\n<h3 class=\"wp-block-heading\">1. <strong>Les ennemis<\/strong><\/h3>\n\n\n\n<p>Le chr\u00e9tien ne combat pas contre les personnes, mais contre trois grands ennemis spirituels :<\/p>\n\n\n\n<ul class=\"wp-block-list\">\n<li><strong>Le Diable<\/strong> : le tentateur, l\u2019accusateur, qui cherche \u00e0 nous \u00e9loigner de Dieu.<\/li>\n\n\n\n<li><strong>Le Monde<\/strong> : la mentalit\u00e9 anti-chr\u00e9tienne qui s\u00e9duit par de fausses promesses.<\/li>\n\n\n\n<li><strong>La Chair<\/strong> : nos passions d\u00e9sordonn\u00e9es, notre \u00e9go\u00efsme, notre paresse spirituelle.<\/li>\n<\/ul>\n\n\n\n<h3 class=\"wp-block-heading\">2. <strong>Les armes du chr\u00e9tien<\/strong><\/h3>\n\n\n\n<p>Saint Paul nous donne la liste de l\u2019armure spirituelle n\u00e9cessaire :<\/p>\n\n\n\n<blockquote class=\"wp-block-quote is-layout-flow wp-block-quote-is-layout-flow\">\n<p>\u00ab Tenez-vous donc pr\u00eats : ayez la v\u00e9rit\u00e9 pour ceinture, la justice pour cuirasse, et pour chaussures, le z\u00e8le \u00e0 annoncer l\u2019\u00c9vangile de la paix. Prenez le bouclier de la foi&#8230; Recevez aussi le casque du salut et l\u2019\u00e9p\u00e9e de l\u2019Esprit, c\u2019est-\u00e0-dire la parole de Dieu. \u00bb (\u00c9ph\u00e9siens 6,14-17)<\/p>\n<\/blockquote>\n\n\n\n<p>Les armes principales :<\/p>\n\n\n\n<ul class=\"wp-block-list\">\n<li><strong>La foi ferme<\/strong><\/li>\n\n\n\n<li><strong>La pri\u00e8re pers\u00e9v\u00e9rante<\/strong><\/li>\n\n\n\n<li><strong>Les sacrements fr\u00e9quents<\/strong><\/li>\n\n\n\n<li><strong>La p\u00e9nitence<\/strong><\/li>\n\n\n\n<li><strong>La direction spirituelle<\/strong><\/li>\n\n\n\n<li><strong>L\u2019\u00e9tude de l\u2019\u00c9criture et de l\u2019enseignement magist\u00e9riel<\/strong><\/li>\n<\/ul>\n\n\n\n<h3 class=\"wp-block-heading\">3. <strong>Strat\u00e9gies spirituelles<\/strong><\/h3>\n\n\n\n<ul class=\"wp-block-list\">\n<li><strong>Vigilance int\u00e9rieure<\/strong> : ne pas vivre en pilote automatique, mais avec attention spirituelle.<\/li>\n\n\n\n<li><strong>Examen de conscience quotidien<\/strong> : relire sa journ\u00e9e \u00e0 la lumi\u00e8re de Dieu.<\/li>\n\n\n\n<li><strong>Confession fr\u00e9quente<\/strong> : outil puissant de gu\u00e9rison et de force.<\/li>\n\n\n\n<li><strong>Je\u00fbne et sacrifices<\/strong> : pour discipliner la volont\u00e9 et purifier le c\u0153ur.<\/li>\n\n\n\n<li><strong>Cultiver les vertus<\/strong> : en particulier l\u2019humilit\u00e9, la chastet\u00e9, la patience et la temp\u00e9rance.<\/li>\n<\/ul>\n\n\n\n<hr class=\"wp-block-separator has-alpha-channel-opacity\"\/>\n\n\n\n<h2 class=\"wp-block-heading\">IV. <strong>Le Christ, doux guerrier : notre mod\u00e8le<\/strong><\/h2>\n\n\n\n<p>J\u00e9sus-Christ est le v\u00e9ritable Capitaine de cette milice. Il n\u2019est pas venu avec des \u00e9p\u00e9es mat\u00e9rielles, mais avec la croix. Son combat fut contre le p\u00e9ch\u00e9, le mensonge, la haine et la mort. Et Il a vaincu.<\/p>\n\n\n\n<blockquote class=\"wp-block-quote is-layout-flow wp-block-quote-is-layout-flow\">\n<p>\u00ab Ne croyez pas que je sois venu apporter la paix sur la terre : je ne suis pas venu apporter la paix, mais l\u2019\u00e9p\u00e9e. \u00bb (Matthieu 10,34)<\/p>\n<\/blockquote>\n\n\n\n<p>Cette phrase nous choque si elle n\u2019est pas bien comprise. J\u00e9sus ne promeut pas la violence, mais la <strong>division n\u00e9cessaire entre la lumi\u00e8re et les t\u00e9n\u00e8bres<\/strong>, entre la v\u00e9rit\u00e9 et le mensonge. Son \u00e9p\u00e9e est la Parole qui p\u00e9n\u00e8tre jusqu\u2019au c\u0153ur (cf. H\u00e9breux 4,12).<\/p>\n\n\n\n<p>Il nous montre comment combattre : <strong>avec douceur, fermet\u00e9, pri\u00e8re, abandon, v\u00e9rit\u00e9 et amour radical<\/strong>.<\/p>\n\n\n\n<hr class=\"wp-block-separator has-alpha-channel-opacity\"\/>\n\n\n\n<h2 class=\"wp-block-heading\">V. <strong>Applications concr\u00e8tes dans la vie quotidienne<\/strong><\/h2>\n\n\n\n<h3 class=\"wp-block-heading\">A. <strong>Dans la famille<\/strong><\/h3>\n\n\n\n<ul class=\"wp-block-list\">\n<li>\u00c9duquer les enfants dans la foi demande de l\u2019effort, de l\u2019exemple, de la patience. Il ne s\u2019agit pas de \u00ab les laisser choisir \u00bb, mais de former des soldats du Christ.<\/li>\n\n\n\n<li>Prot\u00e9ger la maison par la pri\u00e8re quotidienne, la b\u00e9n\u00e9diction des lieux, les images sacr\u00e9es, et une vie sacramentelle.<\/li>\n<\/ul>\n\n\n\n<h3 class=\"wp-block-heading\">B. <strong>Dans le travail<\/strong><\/h3>\n\n\n\n<ul class=\"wp-block-list\">\n<li>T\u00e9moigner du Christ avec int\u00e9grit\u00e9, sans honte de sa foi.<\/li>\n\n\n\n<li>R\u00e9sister \u00e0 la corruption, \u00e0 l\u2019injustice, \u00e0 la superficialit\u00e9.<\/li>\n\n\n\n<li>Ne pas se taire devant l\u2019immoralit\u00e9 ou se contenter de la m\u00e9diocrit\u00e9.<\/li>\n<\/ul>\n\n\n\n<h3 class=\"wp-block-heading\">C. <strong>Dans la vie personnelle<\/strong><\/h3>\n\n\n\n<ul class=\"wp-block-list\">\n<li>Se fixer des temps de pri\u00e8re, des moments de silence, des lectures spirituelles.<\/li>\n\n\n\n<li>Combattre le p\u00e9ch\u00e9 avec humilit\u00e9 et constance. La saintet\u00e9 n\u2019est pas l\u2019absence de lutte, mais la fid\u00e9lit\u00e9 dans la lutte.<\/li>\n\n\n\n<li>Ne pas abandonner. La pers\u00e9v\u00e9rance est la cl\u00e9 de la victoire.<\/li>\n<\/ul>\n\n\n\n<hr class=\"wp-block-separator has-alpha-channel-opacity\"\/>\n\n\n\n<h2 class=\"wp-block-heading\">VI. <strong>Le r\u00f4le de Marie dans notre combat<\/strong><\/h2>\n\n\n\n<p>La Vierge Marie est la grande alli\u00e9e des chr\u00e9tiens. Elle \u00e9crase la t\u00eate du serpent (cf. Gen\u00e8se 3,15), elle interc\u00e8de pour nous, et elle nous conduit comme <strong>G\u00e9n\u00e9rale de l\u2019arm\u00e9e c\u00e9leste<\/strong>.<\/p>\n\n\n\n<p>Le Saint Rosaire est une des armes les plus puissantes. Comme le disait s\u0153ur Lucie de Fatima :<\/p>\n\n\n\n<blockquote class=\"wp-block-quote is-layout-flow wp-block-quote-is-layout-flow\">\n<p>\u00ab Il n\u2019y a aucun probl\u00e8me, si difficile soit-il, qu\u2019on ne puisse r\u00e9soudre par la pri\u00e8re du Rosaire. \u00bb<\/p>\n<\/blockquote>\n\n\n\n<hr class=\"wp-block-separator has-alpha-channel-opacity\"\/>\n\n\n\n<h2 class=\"wp-block-heading\">VII. <strong>Un guide pratique quotidien pour vivre en soldat du Christ<\/strong><\/h2>\n\n\n\n<h3 class=\"wp-block-heading\"><em>Plan de bataille spirituelle hebdomadaire :<\/em><\/h3>\n\n\n\n<figure class=\"wp-block-table\"><table class=\"has-fixed-layout\"><thead><tr><th>Jour<\/th><th>Action concr\u00e8te<\/th><\/tr><\/thead><tbody><tr><td>Lundi<\/td><td>Offrir sa journ\u00e9e comme sacrifice ; choisir une petite p\u00e9nitence volontaire<\/td><\/tr><tr><td>Mardi<\/td><td>Prier le Rosaire pour la conversion<\/td><\/tr><tr><td>Mercredi<\/td><td>Lire l\u2019\u00c9vangile pendant 15 minutes et le m\u00e9diter<\/td><\/tr><tr><td>Jeudi<\/td><td>Visiter le Saint-Sacrement ou faire une lecture spirituelle approfondie<\/td><\/tr><tr><td>Vendredi<\/td><td>Je\u00fbne partiel ou abstinence volontaire<\/td><\/tr><tr><td>Samedi<\/td><td>Cons\u00e9cration \u00e0 Marie et examen de conscience hebdomadaire<\/td><\/tr><tr><td>Dimanche<\/td><td>Participer \u00e0 la Messe avec ferveur et gratitude<\/td><\/tr><\/tbody><\/table><\/figure>\n\n\n\n<h2 class=\"wp-block-heading\">VIII. <strong>Conclusion : Le combat qui conduit \u00e0 la gloire<\/strong><\/h2>\n\n\n\n<p>Le combat est r\u00e9el, mais il n\u2019est pas vain. Le Christ a d\u00e9j\u00e0 vaincu. Le combat spirituel n\u2019est pas une condamnation, mais <strong>un chemin de transformation<\/strong>, de purification, de libert\u00e9 v\u00e9ritable. Nous ne sommes pas des combattants vaincus qui luttent pour survivre, mais <strong>des rachet\u00e9s en marche vers la victoire<\/strong>.<\/p>\n\n\n\n<p>Souviens-toi toujours :<\/p>\n\n\n\n<blockquote class=\"wp-block-quote is-layout-flow wp-block-quote-is-layout-flow\">\n<p>\u00ab J\u2019ai combattu le bon combat, j\u2019ai achev\u00e9 la course, j\u2019ai gard\u00e9 la foi. Il ne me reste plus qu\u2019\u00e0 recevoir la couronne de justice. \u00bb (2 Timoth\u00e9e 4,7-8)<\/p>\n<\/blockquote>\n\n\n\n<hr class=\"wp-block-separator has-alpha-channel-opacity\"\/>\n\n\n\n<h2 class=\"wp-block-heading\">Pour ta m\u00e9ditation d\u2019aujourd\u2019hui :<\/h2>\n\n\n\n<ul class=\"wp-block-list\">\n<li>Ai-je conscience que ma vie spirituelle est un combat ?<\/li>\n\n\n\n<li>Quelles armes j\u2019utilise, et lesquelles ai-je n\u00e9glig\u00e9es ?<\/li>\n\n\n\n<li>Est-ce que je combats avec le Christ ou sans Lui ?<\/li>\n<\/ul>\n\n\n\n<hr class=\"wp-block-separator has-alpha-channel-opacity\"\/>\n\n\n\n<p><strong>Tu n\u2019es pas seul ! Combat, r\u00e9siste, prie, aime. Le ciel en vaut la peine.<\/strong><br><em>La milice du chr\u00e9tien ne s\u2019ach\u00e8ve pas dans la tombe. Elle s\u2019ach\u00e8ve dans la gloire.<\/em><\/p>\n","protected":false},"excerpt":{"rendered":"<p>\u00ab Militia est vita hominis super terram \u00bb\u00ab La vie de l\u2019homme sur la terre est un combat \u00bb (Job 7,1) Introduction : La terre n\u2019est pas notre lieu de repos Nous vivons \u00e0 une \u00e9poque marqu\u00e9e par la recherche constante du confort, de la gratification imm\u00e9diate et de la s\u00e9curit\u00e9. L\u2019id\u00e9al moderne est une &hellip;<\/p>\n","protected":false},"author":3,"featured_media":3815,"comment_status":"open","ping_status":"open","sticky":false,"template":"","format":"standard","meta":{"_seopress_robots_primary_cat":"","_seopress_titles_title":"","_seopress_titles_desc":"","_seopress_robots_index":"","footnotes":""},"categories":[40,58],"tags":[1160],"class_list":["post-3814","post","type-post","status-publish","format-standard","has-post-thumbnail","","category-priere-et-spiritualite","category-priere-et-vie-spirituelle","tag-combat-spirituel"],"_links":{"self":[{"href":"https:\/\/catholicus.eu\/fr\/wp-json\/wp\/v2\/posts\/3814","targetHints":{"allow":["GET"]}}],"collection":[{"href":"https:\/\/catholicus.eu\/fr\/wp-json\/wp\/v2\/posts"}],"about":[{"href":"https:\/\/catholicus.eu\/fr\/wp-json\/wp\/v2\/types\/post"}],"author":[{"embeddable":true,"href":"https:\/\/catholicus.eu\/fr\/wp-json\/wp\/v2\/users\/3"}],"replies":[{"embeddable":true,"href":"https:\/\/catholicus.eu\/fr\/wp-json\/wp\/v2\/comments?post=3814"}],"version-history":[{"count":1,"href":"https:\/\/catholicus.eu\/fr\/wp-json\/wp\/v2\/posts\/3814\/revisions"}],"predecessor-version":[{"id":3816,"href":"https:\/\/catholicus.eu\/fr\/wp-json\/wp\/v2\/posts\/3814\/revisions\/3816"}],"wp:featuredmedia":[{"embeddable":true,"href":"https:\/\/catholicus.eu\/fr\/wp-json\/wp\/v2\/media\/3815"}],"wp:attachment":[{"href":"https:\/\/catholicus.eu\/fr\/wp-json\/wp\/v2\/media?parent=3814"}],"wp:term":[{"taxonomy":"category","embeddable":true,"href":"https:\/\/catholicus.eu\/fr\/wp-json\/wp\/v2\/categories?post=3814"},{"taxonomy":"post_tag","embeddable":true,"href":"https:\/\/catholicus.eu\/fr\/wp-json\/wp\/v2\/tags?post=3814"}],"curies":[{"name":"wp","href":"https:\/\/api.w.org\/{rel}","templated":true}]}}