{"id":3811,"date":"2025-05-07T11:35:16","date_gmt":"2025-05-07T09:35:16","guid":{"rendered":"https:\/\/catholicus.eu\/fr\/?p=3811"},"modified":"2025-05-07T11:35:16","modified_gmt":"2025-05-07T09:35:16","slug":"lorsquun-pape-est-elu-il-ne-recoit-pas-un-titre-mais-une-croix-le-poids-de-pierre-en-temps-de-confusion","status":"publish","type":"post","link":"https:\/\/catholicus.eu\/fr\/lorsquun-pape-est-elu-il-ne-recoit-pas-un-titre-mais-une-croix-le-poids-de-pierre-en-temps-de-confusion\/","title":{"rendered":"Lorsqu\u2019un Pape est \u00e9lu, il ne re\u00e7oit pas un titre, mais une croix : le poids de Pierre en temps de confusion"},"content":{"rendered":"\n<h3 class=\"wp-block-heading\"><strong>Introduction : Plus qu\u2019un nom, une croix<\/strong><\/h3>\n\n\n\n<p>Lorsque la fum\u00e9e blanche s\u2019\u00e9l\u00e8ve de la chemin\u00e9e de la chapelle Sixtine, le monde entier retient son souffle. Un nouveau Pape a \u00e9t\u00e9 \u00e9lu. Des millions de catholiques, de journalistes et d\u2019influenceurs se pr\u00e9cipitent pour publier des messages, exprimer joie ou d\u00e9ception, peser les id\u00e9ologies et formuler des analyses h\u00e2tives. Mais au milieu de ce tourbillon m\u00e9diatique, une v\u00e9rit\u00e9 solennelle est souvent oubli\u00e9e : <strong>celui qui est \u00e9lu ne re\u00e7oit pas un tr\u00f4ne, mais une croix ; non pas un titre honorifique, mais une responsabilit\u00e9 \u00e9crasante qui le configure au Christ Pasteur, au Christ Souffrant, au Christ Crucifi\u00e9.<\/strong><\/p>\n\n\n\n<p>Cette croix n\u2019est pas visible \u00e0 l\u2019\u0153il nu. Elle n\u2019est pas faite d\u2019or, ni port\u00e9e sur des b\u00e2tons. C\u2019est une croix invisible, spirituelle, profond\u00e9ment int\u00e9rieure, qui exige non seulement sagesse et vertu h\u00e9ro\u00efque, mais aussi <strong>le soutien silencieux d\u2019une \u00c9glise en pri\u00e8re.<\/strong><\/p>\n\n\n\n<p>Comme le disait le cardinal Ratzinger avant d\u2019\u00eatre \u00e9lu pape Beno\u00eet XVI : <em>\u00ab Priez pour moi, afin que je ne fuie pas par peur des loups. \u00bb<\/em> Cette supplication r\u00e9v\u00e8le une v\u00e9rit\u00e9 essentielle : <strong>\u00eatre Pape, c\u2019est mourir chaque jour, porter le poids de toute l\u2019\u00c9glise, porter la croix du Christ Lui-m\u00eame dans le monde moderne.<\/strong><\/p>\n\n\n\n<hr class=\"wp-block-separator has-alpha-channel-opacity\"\/>\n\n\n\n<h3 class=\"wp-block-heading\"><strong>I. Une histoire de croix : que signifie \u00eatre Pape ?<\/strong><\/h3>\n\n\n\n<p>Depuis le premier \u00e9v\u00eaque de Rome, saint Pierre, \u00eatre Pape a \u00e9t\u00e9 un chemin de martyre. En fait, le mot <em>Pape<\/em> vient du grec \u00ab \u03c0\u03ac\u03c0\u03c0\u03b1\u03c2 \u00bb (<em>pappas<\/em>), un terme familier, presque enfantin, signifiant \u00ab p\u00e8re \u00bb. Mais ce p\u00e8re ne r\u00e8gne pas comme un roi terrestre ; son autorit\u00e9 est d\u2019un autre ordre. J\u00e9sus l\u2019a clairement dit :<\/p>\n\n\n\n<blockquote class=\"wp-block-quote is-layout-flow wp-block-quote-is-layout-flow\">\n<p><em>\u00ab Celui qui veut \u00eatre le premier parmi vous, qu\u2019il soit l\u2019esclave de tous. \u00bb<\/em> (Marc 10,44)<\/p>\n<\/blockquote>\n\n\n\n<p>L\u2019autorit\u00e9 papale repose sur l\u2019ordre que le Christ a donn\u00e9 \u00e0 Pierre : <em>\u00ab Pais mes brebis. \u00bb<\/em> (Jean 21,17). C\u2019est un appel au service total, jusqu\u2019au sacrifice. L\u2019histoire des papes est marqu\u00e9e par le sang des martyrs, la fatigue des r\u00e9formateurs, les larmes des incompris et le silence des saints qui ont conduit la barque de Pierre \u00e0 travers les temp\u00eates les plus d\u00e9vastatrices.<\/p>\n\n\n\n<p><strong>Saint L\u00e9on le Grand<\/strong>, par exemple, affronta la menace d\u2019Attila le Hun arm\u00e9 seulement de sa foi. <strong>Saint Gr\u00e9goire le Grand<\/strong> vendit les biens eccl\u00e9siastiques pour nourrir les pauvres dans une Rome ravag\u00e9e par la peste. <strong>Saint Pie V<\/strong> pria le Rosaire pour la victoire de la chr\u00e9tient\u00e9 face \u00e0 l\u2019avanc\u00e9e ottomane. <strong>Saint Jean-Paul II<\/strong> surv\u00e9cut \u00e0 une tentative d\u2019assassinat et offrit sa vie bless\u00e9e et limit\u00e9e pour l\u2019unit\u00e9 et le t\u00e9moignage du Christ dans le monde moderne.<\/p>\n\n\n\n<p>La croix de la papaut\u00e9 a pris de nombreuses formes, mais son essence demeure inchang\u00e9e : <strong>\u00eatre le serviteur des serviteurs de Dieu, <em>Servus Servorum Dei.<\/em><\/strong><\/p>\n\n\n\n<hr class=\"wp-block-separator has-alpha-channel-opacity\"\/>\n\n\n\n<h3 class=\"wp-block-heading\"><strong>II. Th\u00e9ologie de la papaut\u00e9 : le Vicaire du Christ et le poids de Pierre<\/strong><\/h3>\n\n\n\n<p>Sur le plan th\u00e9ologique, le Pape est le successeur de Pierre, \u00e0 qui le Christ a confi\u00e9 les clefs du Royaume (cf. Matthieu 16,19). Mais ces clefs ne sont pas des instruments de contr\u00f4le, mais <strong>des symboles de soin, de vigilance et de don de soi<\/strong>. Lors du Concile Vatican I (1870), l\u2019\u00c9glise a r\u00e9affirm\u00e9 l\u2019autorit\u00e9 du Pape comme infaillible <em>ex cathedra<\/em> en mati\u00e8re de foi et de morale, mais elle a aussi reconnu que cette mission ne peut \u00eatre comprise que par <strong>la gr\u00e2ce et le sacrifice<\/strong>.<\/p>\n\n\n\n<p>Saint Paul VI, apr\u00e8s le Concile Vatican II, confessait : <em>\u00ab Nous pensions qu\u2019apr\u00e8s le Concile viendrait un jour de soleil pour l\u2019\u00c9glise, mais c\u2019est la temp\u00eate qui est venue. \u00bb<\/em> La papaut\u00e9 moderne n\u2019est pas une distinction, mais <strong>un champ de bataille spirituel o\u00f9 se livre une guerre invisible pour les \u00e2mes.<\/strong><\/p>\n\n\n\n<p>Le Pape est, comme Pierre sur la mer de Galil\u00e9e, <strong>un homme faible appel\u00e9 \u00e0 marcher sur les eaux<\/strong>, soutenu uniquement par le regard et la gr\u00e2ce du Christ. C\u2019est pourquoi, loin de l\u2019id\u00e9aliser ou de le critiquer de mani\u00e8re humaine, <strong>nous devons le soutenir par notre pri\u00e8re, notre ob\u00e9issance et notre amour filial.<\/strong><\/p>\n\n\n\n<hr class=\"wp-block-separator has-alpha-channel-opacity\"\/>\n\n\n\n<h3 class=\"wp-block-heading\"><strong>III. L\u2019\u00e9lection du Pape : non pas marketing, mais myst\u00e8re<\/strong><\/h3>\n\n\n\n<p>La fum\u00e9e blanche n\u2019annonce ni une victoire politique, ni le triomphe d\u2019un courant th\u00e9ologique, ni un \u00ab succ\u00e8s \u00bb m\u00e9diatique. Elle annonce le myst\u00e8re de l\u2019Esprit Saint agissant dans la libert\u00e9 humaine des cardinaux. Parfait ? Non. Guid\u00e9 par Dieu ? Oui. Car l\u2019\u00c9glise n\u2019est pas une ONG spirituelle, mais le <strong>Corps Mystique du Christ<\/strong>.<\/p>\n\n\n\n<blockquote class=\"wp-block-quote is-layout-flow wp-block-quote-is-layout-flow\">\n<p><strong>\u00ab Ce n\u2019est pas vous qui m\u2019avez choisi ; mais moi, je vous ai choisis. \u00bb<\/strong> (Jean 15,16)<\/p>\n<\/blockquote>\n\n\n\n<p>Quand un Pape est \u00e9lu, <strong>nous ne devons pas nous pr\u00e9cipiter pour juger selon nos sympathies id\u00e9ologiques<\/strong>, mais <strong>nous mettre \u00e0 genoux et prier<\/strong>. Car d\u00e8s la premi\u00e8re minute, cet homme est mystiquement et spirituellement crucifi\u00e9. Il n\u2019est plus simplement le cardinal untel. Il est d\u00e9sormais <strong>Pierre<\/strong>, avec toutes ses faiblesses humaines et tout le poids de sa mission divine.<\/p>\n\n\n\n<hr class=\"wp-block-separator has-alpha-channel-opacity\"\/>\n\n\n\n<h3 class=\"wp-block-heading\"><strong>IV. Applications pratiques : comment vivre ce moment en tant que fid\u00e8les ?<\/strong><\/h3>\n\n\n\n<p>Voici un guide spirituel et pastoral bas\u00e9 sur la tradition de l\u2019\u00c9glise :<\/p>\n\n\n\n<h4 class=\"wp-block-heading\">1. <strong>Priez chaque jour pour le Pape<\/strong><\/h4>\n\n\n\n<p>Incluez le Pape dans vos pri\u00e8res personnelles et familiales. Le Rosaire, en particulier, a \u00e9t\u00e9 recommand\u00e9 par de nombreux saints comme l\u2019arme spirituelle la plus puissante pour soutenir le Vicaire du Christ.<\/p>\n\n\n\n<h4 class=\"wp-block-heading\">2. <strong>Cultivez le silence int\u00e9rieur lors de son \u00e9lection<\/strong><\/h4>\n\n\n\n<p>Ne c\u00e9dez pas \u00e0 la tentation de commenter imm\u00e9diatement sur les r\u00e9seaux sociaux. Gardez un silence respectueux. Recentrons-nous comme Marie et Jean au pied de la croix.<\/p>\n\n\n\n<h4 class=\"wp-block-heading\">3. <strong>Formez-vous th\u00e9ologiquement<\/strong><\/h4>\n\n\n\n<p>Lisez le Cat\u00e9chisme, les documents pontificaux, et \u00e9vitez les sources biais\u00e9es. Un catholique bien form\u00e9 ne se laisse pas emporter par les id\u00e9ologies.<\/p>\n\n\n\n<h4 class=\"wp-block-heading\">4. <strong>Pratiquez l\u2019ob\u00e9issance filiale<\/strong><\/h4>\n\n\n\n<p>M\u00eame si vous ne comprenez pas ou n\u2019\u00eates pas d\u2019accord avec certaines expressions, souvenez-vous : <strong>la fid\u00e9lit\u00e9 au Pape n\u2019est pas de la servilit\u00e9, c\u2019est une foi m\u00fbre.<\/strong> Saint Ignace de Loyola disait : <em>\u00ab L\u00e0 o\u00f9 il y a plus d\u2019ob\u00e9issance, il y a plus de gr\u00e2ce. \u00bb<\/em><\/p>\n\n\n\n<h4 class=\"wp-block-heading\">5. <strong>\u00c9vang\u00e9lisez avec humilit\u00e9<\/strong><\/h4>\n\n\n\n<p>Au lieu d\u2019alimenter les divisions, soyez un pont. Quand on vous interroge sur le nouveau Pape, r\u00e9pondez avec charit\u00e9, non par des jugements. Il a besoin de votre t\u00e9moignage d\u2019unit\u00e9 plus que de vos opinions.<\/p>\n\n\n\n<h4 class=\"wp-block-heading\">6. <strong>Je\u00fbnez et offrez des sacrifices pour lui<\/strong><\/h4>\n\n\n\n<p>Offrez vos croix quotidiennes pour sa force, son discernement et sa saintet\u00e9. Le pouvoir du sacrifice silencieux soutient plus que mille commentaires en ligne.<\/p>\n\n\n\n<hr class=\"wp-block-separator has-alpha-channel-opacity\"\/>\n\n\n\n<h3 class=\"wp-block-heading\"><strong>V. Conclusion : une croix qu\u2019il ne peut pas porter seul<\/strong><\/h3>\n\n\n\n<p>Chaque Pape a besoin d\u2019un Simon de Cyr\u00e8ne. Vous et moi sommes appel\u00e9s \u00e0 aider \u00e0 porter cette croix invisible. Il ne peut accomplir sa mission sans notre pri\u00e8re fid\u00e8le, notre compr\u00e9hension patiente et notre d\u00e9vouement aimant.<\/p>\n\n\n\n<blockquote class=\"wp-block-quote is-layout-flow wp-block-quote-is-layout-flow\">\n<p><em>\u00ab Frappe le berger, et les brebis seront dispers\u00e9es. \u00bb<\/em> (Zacharie 13,7)<\/p>\n<\/blockquote>\n\n\n\n<p>Cette proph\u00e9tie s\u2019accomplit lorsque nous oublions que le Pape est un pasteur crucifi\u00e9. Quand au lieu de le soutenir, nous le jugeons. Quand au lieu de l\u2019aimer, nous l\u2019utilisons comme pr\u00e9texte \u00e0 nos divisions.<\/p>\n\n\n\n<p>Alors, la prochaine fois que vous verrez s\u2019\u00e9lever la fum\u00e9e blanche au-dessus de Rome, <strong>ne pensez pas au pouvoir, et ne vous pr\u00e9cipitez pas pour donner votre avis.<\/strong> <strong>Mettez-vous \u00e0 genoux et priez.<\/strong> Car celui qui sort du conclave <strong>ne re\u00e7oit pas un titre, mais une croix.<\/strong><\/p>\n\n\n\n<hr class=\"wp-block-separator has-alpha-channel-opacity\"\/>\n\n\n\n<h3 class=\"wp-block-heading\"><strong>Pri\u00e8re finale : pour le Saint-P\u00e8re<\/strong><\/h3>\n\n\n\n<blockquote class=\"wp-block-quote is-layout-flow wp-block-quote-is-layout-flow\">\n<p><strong>Seigneur J\u00e9sus, Pasteur \u00e9ternel de nos \u00e2mes,<br>nous te prions pour le Pape que Tu as choisi comme successeur de Pierre.<br>Soutiens sa foi, fortifie son c\u0153ur, guide ses paroles et prot\u00e8ge son \u00e2me.<br>Rends-le saint et fid\u00e8le jusqu\u2019au bout,<br>et accorde-nous un c\u0153ur ob\u00e9issant,<br>une langue prudente et une foi vivante,<br>afin que nous puissions T\u2019aimer en aimant Ton \u00c9glise.<br>Amen.<\/strong><\/p>\n<\/blockquote>\n","protected":false},"excerpt":{"rendered":"<p>Introduction : Plus qu\u2019un nom, une croix Lorsque la fum\u00e9e blanche s\u2019\u00e9l\u00e8ve de la chemin\u00e9e de la chapelle Sixtine, le monde entier retient son souffle. Un nouveau Pape a \u00e9t\u00e9 \u00e9lu. Des millions de catholiques, de journalistes et d\u2019influenceurs se pr\u00e9cipitent pour publier des messages, exprimer joie ou d\u00e9ception, peser les id\u00e9ologies et formuler des &hellip;<\/p>\n","protected":false},"author":3,"featured_media":3812,"comment_status":"open","ping_status":"open","sticky":false,"template":"","format":"standard","meta":{"_seopress_robots_primary_cat":"","_seopress_titles_title":"","_seopress_titles_desc":"","_seopress_robots_index":"","footnotes":""},"categories":[48,38],"tags":[539],"class_list":["post-3811","post","type-post","status-publish","format-standard","has-post-thumbnail","","category-histoire-de-leglise","category-histoire-et-tradition","tag-pape"],"_links":{"self":[{"href":"https:\/\/catholicus.eu\/fr\/wp-json\/wp\/v2\/posts\/3811","targetHints":{"allow":["GET"]}}],"collection":[{"href":"https:\/\/catholicus.eu\/fr\/wp-json\/wp\/v2\/posts"}],"about":[{"href":"https:\/\/catholicus.eu\/fr\/wp-json\/wp\/v2\/types\/post"}],"author":[{"embeddable":true,"href":"https:\/\/catholicus.eu\/fr\/wp-json\/wp\/v2\/users\/3"}],"replies":[{"embeddable":true,"href":"https:\/\/catholicus.eu\/fr\/wp-json\/wp\/v2\/comments?post=3811"}],"version-history":[{"count":1,"href":"https:\/\/catholicus.eu\/fr\/wp-json\/wp\/v2\/posts\/3811\/revisions"}],"predecessor-version":[{"id":3813,"href":"https:\/\/catholicus.eu\/fr\/wp-json\/wp\/v2\/posts\/3811\/revisions\/3813"}],"wp:featuredmedia":[{"embeddable":true,"href":"https:\/\/catholicus.eu\/fr\/wp-json\/wp\/v2\/media\/3812"}],"wp:attachment":[{"href":"https:\/\/catholicus.eu\/fr\/wp-json\/wp\/v2\/media?parent=3811"}],"wp:term":[{"taxonomy":"category","embeddable":true,"href":"https:\/\/catholicus.eu\/fr\/wp-json\/wp\/v2\/categories?post=3811"},{"taxonomy":"post_tag","embeddable":true,"href":"https:\/\/catholicus.eu\/fr\/wp-json\/wp\/v2\/tags?post=3811"}],"curies":[{"name":"wp","href":"https:\/\/api.w.org\/{rel}","templated":true}]}}