{"id":3808,"date":"2025-05-07T00:28:52","date_gmt":"2025-05-06T22:28:52","guid":{"rendered":"https:\/\/catholicus.eu\/fr\/?p=3808"},"modified":"2025-05-07T00:28:52","modified_gmt":"2025-05-06T22:28:52","slug":"veni-creator-spiritus-quand-leglise-entre-en-priere-pour-un-nouveau-successeur-de-pierre","status":"publish","type":"post","link":"https:\/\/catholicus.eu\/fr\/veni-creator-spiritus-quand-leglise-entre-en-priere-pour-un-nouveau-successeur-de-pierre\/","title":{"rendered":"Veni Creator Spiritus ! Quand l\u2019\u00c9glise entre en pri\u00e8re pour un nouveau Successeur de Pierre"},"content":{"rendered":"\n<p><em>Guide spirituel et th\u00e9ologique pour comprendre et vivre le temps du Si\u00e8ge vacant<\/em><\/p>\n\n\n\n<hr class=\"wp-block-separator has-alpha-channel-opacity\"\/>\n\n\n\n<h3 class=\"wp-block-heading\">Introduction : Une supplication \u00e0 l\u2019Esprit Saint<\/h3>\n\n\n\n<p><em>\u00ab\u00a0Veni, Creator Spiritus, mentes tuorum visita&#8230;\u00a0\u00bb<\/em><\/p>\n\n\n\n<p>Ces mots, charg\u00e9s de si\u00e8cles d\u2019histoire sacr\u00e9e, r\u00e9sonnent dans les murs du Vatican aux heures les plus solennelles de la vie de l\u2019\u00c9glise. Chaque fois que cet hymne est entonn\u00e9 \u2014 notamment \u00e0 l\u2019ouverture d\u2019un Conclave \u2014 l\u2019\u00c9glise invoque humblement et ardemment l\u2019Esprit Saint, Lui demandant d\u2019\u00e9clairer le c\u0153ur des cardinaux pour discerner le nouveau Successeur de Pierre.<\/p>\n\n\n\n<p>L\u2019\u00e9lection d\u2019un pape n\u2019est pas un simple \u00e9v\u00e9nement eccl\u00e9siastique\u202f; c\u2019est un acte profond\u00e9ment spirituel qui touche le Corps du Christ tout entier. En cette heure solennelle, <strong>toute l\u2019\u00c9glise entre en pri\u00e8re<\/strong>. Ce n\u2019est pas seulement l\u2019affaire des cardinaux \u00e9lecteurs, mais le cri qui monte du Peuple de Dieu tout entier\u202f: <strong>Seigneur, donne-nous un pasteur selon ton c\u0153ur !<\/strong><\/p>\n\n\n\n<hr class=\"wp-block-separator has-alpha-channel-opacity\"\/>\n\n\n\n<h3 class=\"wp-block-heading\">I. Histoire et signification de l\u2019hymne <em>Veni Creator Spiritus<\/em><\/h3>\n\n\n\n<p>Le <em>Veni Creator Spiritus<\/em> est un hymne latin traditionnellement attribu\u00e9 \u00e0 Raban Maur, au IXe si\u00e8cle. Depuis lors, il est associ\u00e9 aux moments les plus sacr\u00e9s de la vie de l\u2019\u00c9glise\u202f: ordinations, cons\u00e9crations, conciles, c\u00e9l\u00e9brations de la Pentec\u00f4te, et, de fa\u00e7on particuli\u00e8re, \u00e0 l\u2019ouverture du Conclave pour l\u2019\u00e9lection d\u2019un nouveau pape.<\/p>\n\n\n\n<p><strong>Pourquoi cet hymne ?<\/strong> Parce qu\u2019il exprime clairement que l\u2019\u00c9glise n\u2019est pas gouvern\u00e9e par une logique humaine, mais par l\u2019Esprit de Dieu. Elle n\u2019est ni une d\u00e9mocratie, ni une monarchie terrestre\u202f: elle est un myst\u00e8re conduit par le divin. C\u2019est pourquoi on chante\u202f: <em>\u00ab Accende lumen sensibus, infunde amorem cordibus \u00bb<\/em> (\u00ab Allume la lumi\u00e8re dans nos esprits, r\u00e9pands l\u2019amour dans nos c\u0153urs \u00bb).<\/p>\n\n\n\n<hr class=\"wp-block-separator has-alpha-channel-opacity\"\/>\n\n\n\n<h3 class=\"wp-block-heading\">II. Que se passe-t-il \u00e0 la mort d\u2019un pape ? Le temps du Si\u00e8ge vacant<\/h3>\n\n\n\n<p>Lorsqu\u2019un pape meurt \u2014 ou d\u00e9missionne, comme ce fut le cas de Beno\u00eet XVI \u2014 l\u2019\u00c9glise entre dans une p\u00e9riode particuli\u00e8re appel\u00e9e <strong>\u00ab Sede Vacante \u00bb<\/strong> (le Si\u00e8ge vacant). C\u2019est un temps d\u00e9licat et rempli de gr\u00e2ce, pendant lequel l\u2019\u00c9glise prie, attend, et se pr\u00e9pare \u00e0 recevoir le nouveau pasteur que le Christ d\u00e9signera.<\/p>\n\n\n\n<p>Pendant ce temps :<\/p>\n\n\n\n<ul class=\"wp-block-list\">\n<li>L\u2019autorit\u00e9 du pape cesse totalement.<\/li>\n\n\n\n<li>Aucune d\u00e9cision doctrinale, disciplinaire ou pastorale n\u00e9cessitant l\u2019autorit\u00e9 supr\u00eame ne peut \u00eatre prise.<\/li>\n\n\n\n<li>Le Coll\u00e8ge des cardinaux administre l\u2019\u00c9glise, mais sans pouvoir modifier quoi que ce soit d\u2019essentiel.<\/li>\n\n\n\n<li>Les pr\u00e9paratifs du Conclave commencent, lequel doit se tenir entre 15 et 20 jours apr\u00e8s le d\u00e9but de la vacance.<\/li>\n<\/ul>\n\n\n\n<p>L\u2019\u00c9glise entre alors dans une pri\u00e8re semblable \u00e0 celle du C\u00e9nacle, \u00e0 la Pentec\u00f4te, dans l\u2019attente du souffle de l\u2019Esprit qui r\u00e9v\u00e8lera le nouveau Pierre.<\/p>\n\n\n\n<hr class=\"wp-block-separator has-alpha-channel-opacity\"\/>\n\n\n\n<h3 class=\"wp-block-heading\">III. Le Conclave : un silence qui parle avec Dieu<\/h3>\n\n\n\n<p>Le mot \u00ab conclave \u00bb vient du latin <em>cum clave<\/em>, qui signifie \u00ab avec cl\u00e9 \u00bb, en r\u00e9f\u00e9rence au fait que les cardinaux sont enferm\u00e9s sans communication avec l\u2019ext\u00e9rieur jusqu\u2019\u00e0 ce qu\u2019ils aient \u00e9lu un nouveau pape. Mais au-del\u00e0 de l\u2019isolement physique, il s\u2019agit d\u2019une retraite spirituelle profonde. Un temps d\u2019\u00e9coute, de je\u00fbne int\u00e9rieur, d\u2019examen de conscience, et d\u2019abandon total \u00e0 la volont\u00e9 de Dieu.<\/p>\n\n\n\n<p>Ici, on ne choisit pas un \u00ab candidat fort \u00bb. On <strong>discern<\/strong> celui que l\u2019Esprit d\u00e9sire.<\/p>\n\n\n\n<h3 class=\"wp-block-heading\">Que fait le fid\u00e8le ?<\/h3>\n\n\n\n<p>Le fid\u00e8le <strong>prie<\/strong>. Intens\u00e9ment. Chacun de nous a un r\u00f4le actif \u00e0 jouer dans ce moment de l\u2019histoire de l\u2019\u00c9glise. Il ne suffit pas de suivre les nouvelles ou de commenter sur les r\u00e9seaux sociaux. Nous sommes des membres vivants du Corps mystique du Christ, et \u00e0 ce titre, nous sommes appel\u00e9s \u00e0 <strong>participer spirituellement \u00e0 ce processus<\/strong>.<\/p>\n\n\n\n<p>Comme l\u2019enseigne saint Paul :<\/p>\n\n\n\n<blockquote class=\"wp-block-quote is-layout-flow wp-block-quote-is-layout-flow\">\n<p>\u00ab Je vous exhorte donc, fr\u00e8res, par la mis\u00e9ricorde de Dieu, \u00e0 offrir vos personnes en sacrifice vivant, saint, agr\u00e9able \u00e0 Dieu\u202f: c\u2019est l\u00e0 le culte spirituel que vous avez \u00e0 rendre. \u00bb<br><em>(Romains 12,1)<\/em><\/p>\n<\/blockquote>\n\n\n\n<hr class=\"wp-block-separator has-alpha-channel-opacity\"\/>\n\n\n\n<h3 class=\"wp-block-heading\">IV. Th\u00e9ologie du pontificat : pourquoi le Successeur de Pierre est-il si important ?<\/h3>\n\n\n\n<p>Lorsque J\u00e9sus choisit Pierre comme la pierre sur laquelle Il b\u00e2tirait Son \u00c9glise (cf. Mt 16,18), ce n\u2019\u00e9tait pas en raison des m\u00e9rites personnels de Pierre. Il \u00e9tait impulsif, peureux m\u00eame lors de la Passion. Et pourtant, le Seigneur lui confia une mission\u202f: <strong>confirmer ses fr\u00e8res dans la foi<\/strong> (cf. Lc 22,32).<\/p>\n\n\n\n<p>Le pape n\u2019est <strong>ni un super-h\u00e9ros<\/strong>, ni un PDG mondial. Il est <strong>le Serviteur des serviteurs de Dieu<\/strong>, <strong>le signe visible de l\u2019unit\u00e9 de l\u2019\u00c9glise<\/strong>, <strong>le garant de la fid\u00e9lit\u00e9 \u00e0 l\u2019\u00c9vangile<\/strong>.<\/p>\n\n\n\n<p>Sans Pierre, la barque risque de perdre son gouvernail. Voil\u00e0 pourquoi nous prions avec ferveur\u202f: <em>\u00ab Viens, Esprit Cr\u00e9ateur ! \u00bb<\/em><\/p>\n\n\n\n<hr class=\"wp-block-separator has-alpha-channel-opacity\"\/>\n\n\n\n<h3 class=\"wp-block-heading\">V. Applications pratiques : comment vivre ce temps depuis chez soi ?<\/h3>\n\n\n\n<p>M\u00eame si vous n\u2019\u00eates pas \u00e0 Rome, vous pouvez vous unir profond\u00e9ment \u00e0 ce temps de pri\u00e8re pour le nouveau pape. Voici un <strong>guide pastoral concret<\/strong> :<\/p>\n\n\n\n<h4 class=\"wp-block-heading\">1. <strong>Prier chaque jour le \u201cVeni Creator Spiritus\u201d<\/strong><\/h4>\n\n\n\n<p>R\u00e9citez-le en latin ou dans votre langue. M\u00e9ditez chaque strophe. Demandez \u00e0 l\u2019Esprit d\u2019\u00e9clairer les cardinaux \u2014 et vous aussi \u2014 pour rester fid\u00e8le \u00e0 l\u2019\u00c9vangile.<\/p>\n\n\n\n<h4 class=\"wp-block-heading\">2. <strong>Offrir des sacrifices concrets<\/strong><\/h4>\n\n\n\n<p>Je\u00fbnez une fois par semaine, offrez de petits renoncements, r\u00e9duisez l\u2019usage des \u00e9crans, vivez plus simplement. Offrez tout cela pour l\u2019\u00c9glise et le futur pape.<\/p>\n\n\n\n<h4 class=\"wp-block-heading\">3. <strong>Lire l\u2019\u00c9vangile du jour avec une intention sp\u00e9ciale<\/strong><\/h4>\n\n\n\n<p>Demandez au Seigneur que Sa Parole pr\u00e9pare aussi votre c\u0153ur \u00e0 accueillir le nouveau pape avec foi, ob\u00e9issance et amour.<\/p>\n\n\n\n<h4 class=\"wp-block-heading\">4. <strong>Participer \u00e0 l\u2019Eucharistie ou \u00e0 une adoration eucharistique<\/strong><\/h4>\n\n\n\n<p>Surtout pendant les jours du Conclave. Rien ne nous unit plus profond\u00e9ment au c\u0153ur de l\u2019\u00c9glise que la pr\u00e9sence r\u00e9elle du Christ dans l\u2019Eucharistie.<\/p>\n\n\n\n<h4 class=\"wp-block-heading\">5. <strong>\u00c9viter les jugements et commentaires n\u00e9fastes<\/strong><\/h4>\n\n\n\n<p>Les rumeurs et sp\u00e9culations vont envahir les m\u00e9dias pendant ce temps. Veillez \u00e0 vos paroles. Ne tombez pas dans la critique facile ou les divisions. C\u2019est un temps pour l\u2019unit\u00e9, non pour la polarisation.<\/p>\n\n\n\n<hr class=\"wp-block-separator has-alpha-channel-opacity\"\/>\n\n\n\n<h3 class=\"wp-block-heading\">VI. Quand la fum\u00e9e blanche s\u2019\u00e9l\u00e8ve : la joie du peuple de Dieu<\/h3>\n\n\n\n<p>Quand la fum\u00e9e blanche s\u2019\u00e9l\u00e8ve de la chemin\u00e9e de la chapelle Sixtine, le monde retient son souffle. Un nouveau pape a \u00e9t\u00e9 choisi. Peu apr\u00e8s, le <em>Habemus Papam<\/em> r\u00e9sonne sur la place Saint-Pierre : <strong>nous avons un nouveau Pierre<\/strong>.<\/p>\n\n\n\n<p>Ce moment n\u2019est pas une simple c\u00e9r\u00e9monie. C\u2019est un <em>kairos<\/em> \u2014 un temps de gr\u00e2ce. <strong>Dieu a agi<\/strong>, et nous r\u00e9pondons par la foi. Le nouveau pape appara\u00eet au balcon et donne sa premi\u00e8re b\u00e9n\u00e9diction. Recevons-la avec un c\u0153ur ouvert et reconnaissant.<\/p>\n\n\n\n<p>Comme l\u2019enseigne le Cat\u00e9chisme de l\u2019\u00c9glise catholique :<\/p>\n\n\n\n<blockquote class=\"wp-block-quote is-layout-flow wp-block-quote-is-layout-flow\">\n<p>\u00ab Le Pontife romain, en vertu de sa charge de Vicaire du Christ et de Pasteur de toute l\u2019\u00c9glise, poss\u00e8de un pouvoir pl\u00e9nier, supr\u00eame et universel sur l\u2019\u00c9glise enti\u00e8re, qu\u2019il peut toujours exercer librement. \u00bb<br><em>(CEC 882)<\/em><\/p>\n<\/blockquote>\n\n\n\n<hr class=\"wp-block-separator has-alpha-channel-opacity\"\/>\n\n\n\n<h3 class=\"wp-block-heading\">Conclusion : \u00ab Seigneur, donne-nous un pasteur selon ton c\u0153ur \u00bb<\/h3>\n\n\n\n<p>Nous vivons des temps incertains. L\u2019humanit\u00e9 a besoin de phares de v\u00e9rit\u00e9 et de charit\u00e9 pour naviguer dans la confusion. C\u2019est pourquoi l\u2019\u00e9lection d\u2019un nouveau pape n\u2019est pas seulement une affaire catholique : c\u2019est une <strong>gr\u00e2ce pour toute l\u2019humanit\u00e9<\/strong>.<\/p>\n\n\n\n<p>Unissons-nous dans la pri\u00e8re, la confiance et l\u2019esp\u00e9rance, sachant que <strong>l\u2019Esprit Saint n\u2019abandonne jamais Son \u00c9glise<\/strong>. La barque de Pierre peut \u00eatre secou\u00e9e par les vagues, mais elle ne sombrera pas. Car <strong>le Christ Lui-m\u00eame est \u00e0 bord<\/strong>.<\/p>\n\n\n\n<p>Et toi, cher fr\u00e8re, ch\u00e8re s\u0153ur, depuis ta maison, ta paroisse, ta famille \u2014 <strong>tu peux \u00eatre acteur de ce moment sacr\u00e9<\/strong>. Tu peux prier. Tu peux offrir. Tu peux attendre dans la foi.<\/p>\n\n\n\n<p><strong>Veni Creator Spiritus ! Guide ton \u00c9glise ! Donne-nous un nouveau Pierre !<\/strong><\/p>\n\n\n\n<hr class=\"wp-block-separator has-alpha-channel-opacity\"\/>\n\n\n\n<h3 class=\"wp-block-heading\">Pri\u00e8re finale :<\/h3>\n\n\n\n<blockquote class=\"wp-block-quote is-layout-flow wp-block-quote-is-layout-flow\">\n<p>Seigneur, Toi qui as promis de ne jamais abandonner Ton \u00c9glise, envoie Ton Esprit Saint sur les cardinaux r\u00e9unis en Conclave.<br>Qu\u2019ils soient guid\u00e9s non par des logiques humaines, mais par Ta volont\u00e9 divine.<\/p>\n\n\n\n<p>Donne-nous un pape saint, courageux, fid\u00e8le \u00e0 l\u2019\u00c9vangile, rempli de charit\u00e9 et de v\u00e9rit\u00e9.<br>Un pasteur qui aime son troupeau, qui d\u00e9fend la foi, qui conduit le monde vers Toi.<\/p>\n\n\n\n<p>M\u00e8re de l\u2019\u00c9glise, interc\u00e8de pour nous.<\/p>\n\n\n\n<p><strong>Amen<\/strong>.<\/p>\n<\/blockquote>\n","protected":false},"excerpt":{"rendered":"<p>Guide spirituel et th\u00e9ologique pour comprendre et vivre le temps du Si\u00e8ge vacant Introduction : Une supplication \u00e0 l\u2019Esprit Saint \u00ab\u00a0Veni, Creator Spiritus, mentes tuorum visita&#8230;\u00a0\u00bb Ces mots, charg\u00e9s de si\u00e8cles d\u2019histoire sacr\u00e9e, r\u00e9sonnent dans les murs du Vatican aux heures les plus solennelles de la vie de l\u2019\u00c9glise. Chaque fois que cet hymne est &hellip;<\/p>\n","protected":false},"author":3,"featured_media":3809,"comment_status":"open","ping_status":"open","sticky":false,"template":"","format":"standard","meta":{"_seopress_robots_primary_cat":"","_seopress_titles_title":"","_seopress_titles_desc":"","_seopress_robots_index":"","footnotes":""},"categories":[40],"tags":[1159],"class_list":["post-3808","post","type-post","status-publish","format-standard","has-post-thumbnail","","category-priere-et-spiritualite","tag-veni-creator-spiritus"],"_links":{"self":[{"href":"https:\/\/catholicus.eu\/fr\/wp-json\/wp\/v2\/posts\/3808","targetHints":{"allow":["GET"]}}],"collection":[{"href":"https:\/\/catholicus.eu\/fr\/wp-json\/wp\/v2\/posts"}],"about":[{"href":"https:\/\/catholicus.eu\/fr\/wp-json\/wp\/v2\/types\/post"}],"author":[{"embeddable":true,"href":"https:\/\/catholicus.eu\/fr\/wp-json\/wp\/v2\/users\/3"}],"replies":[{"embeddable":true,"href":"https:\/\/catholicus.eu\/fr\/wp-json\/wp\/v2\/comments?post=3808"}],"version-history":[{"count":1,"href":"https:\/\/catholicus.eu\/fr\/wp-json\/wp\/v2\/posts\/3808\/revisions"}],"predecessor-version":[{"id":3810,"href":"https:\/\/catholicus.eu\/fr\/wp-json\/wp\/v2\/posts\/3808\/revisions\/3810"}],"wp:featuredmedia":[{"embeddable":true,"href":"https:\/\/catholicus.eu\/fr\/wp-json\/wp\/v2\/media\/3809"}],"wp:attachment":[{"href":"https:\/\/catholicus.eu\/fr\/wp-json\/wp\/v2\/media?parent=3808"}],"wp:term":[{"taxonomy":"category","embeddable":true,"href":"https:\/\/catholicus.eu\/fr\/wp-json\/wp\/v2\/categories?post=3808"},{"taxonomy":"post_tag","embeddable":true,"href":"https:\/\/catholicus.eu\/fr\/wp-json\/wp\/v2\/tags?post=3808"}],"curies":[{"name":"wp","href":"https:\/\/api.w.org\/{rel}","templated":true}]}}