{"id":3798,"date":"2025-05-06T11:08:14","date_gmt":"2025-05-06T09:08:14","guid":{"rendered":"https:\/\/catholicus.eu\/fr\/?p=3798"},"modified":"2025-05-06T11:08:15","modified_gmt":"2025-05-06T09:08:15","slug":"lenfer-nest-pas-un-lieu-labime-que-lame-ouvre-par-le-peche","status":"publish","type":"post","link":"https:\/\/catholicus.eu\/fr\/lenfer-nest-pas-un-lieu-labime-que-lame-ouvre-par-le-peche\/","title":{"rendered":"L\u2019enfer n\u2019est PAS un lieu : l\u2019ab\u00eeme que l\u2019\u00e2me ouvre par le p\u00e9ch\u00e9"},"content":{"rendered":"\n<h2 class=\"wp-block-heading\">Introduction : O\u00f9 est l\u2019enfer ?<\/h2>\n\n\n\n<p>Pendant des si\u00e8cles, beaucoup ont imagin\u00e9 l\u2019enfer comme une caverne souterraine \u2014 un lieu de feu sous la terre o\u00f9 les \u00e2mes damn\u00e9es br\u00fblent pour l\u2019\u00e9ternit\u00e9. Cette image a \u00e9t\u00e9 nourrie par l\u2019art m\u00e9di\u00e9val, les repr\u00e9sentations th\u00e9\u00e2trales et une lecture litt\u00e9rale de certains passages bibliques. Mais si l\u2019enfer n\u2019\u00e9tait pas un endroit physique ? Et si la damnation \u00e9ternelle \u00e9tait quelque chose de beaucoup plus profond, plus existentiel\u2026 et plus terrifiant ?<\/p>\n\n\n\n<p>Dans cet article, nous allons explorer \u2014 fond\u00e9s sur la th\u00e9ologie catholique traditionnelle, le Magist\u00e8re de l\u2019\u00c9glise, les Saintes \u00c9critures et l\u2019enseignement des P\u00e8res \u2014 la v\u00e9rit\u00e9 selon laquelle <strong>l\u2019enfer n\u2019est pas un lieu physique, mais un \u00e9tat de l\u2019\u00e2me, une s\u00e9paration d\u00e9finitive et \u00e9ternelle d\u2019avec Dieu<\/strong>. Un \u00e9tat non communautaire. Aucun r\u00e9confort entre p\u00e9cheurs. Rien que la solitude. Rien que le remords. Rien que l\u2019\u00e9ternit\u00e9.<\/p>\n\n\n\n<hr class=\"wp-block-separator has-alpha-channel-opacity\"\/>\n\n\n\n<h2 class=\"wp-block-heading\">1. Br\u00e8ve histoire du concept d\u2019enfer<\/h2>\n\n\n\n<p>Dans les \u00c9critures et la tradition, l\u2019enfer est d\u00e9crit de nombreuses mani\u00e8res : comme la \u00ab G\u00e9henne \u00bb, la \u00ab fournaise ardente \u00bb, les \u00ab t\u00e9n\u00e8bres ext\u00e9rieures \u00bb, \u00ab l\u2019ab\u00eeme \u00bb ou encore le \u00ab lac de feu \u00bb. Ces images ne se contredisent pas. Elles cherchent plut\u00f4t \u00e0 exprimer <strong>la r\u00e9alit\u00e9 spirituelle de l\u2019enfer par des m\u00e9taphores que l\u2019intelligence humaine peut saisir<\/strong>.<\/p>\n\n\n\n<p>Les P\u00e8res de l\u2019\u00c9glise \u2014 tels que saint Augustin, saint Gr\u00e9goire le Grand ou saint Jean Chrysostome \u2014 comprenaient que le feu de l\u2019enfer \u00e9tait plus spirituel que physique. Saint Thomas d\u2019Aquin, bien qu\u2019il parle d\u2019un feu \u00ab r\u00e9el \u00bb, reconna\u00eet qu\u2019il s\u2019agit d\u2019un feu d\u2019une autre nature, puisque les \u00e2mes s\u00e9par\u00e9es du corps ne peuvent \u00eatre affect\u00e9es par le feu physique tel que nous le connaissons. L\u2019image du feu repr\u00e9sente donc la douleur, l\u2019angoisse et le tourment de l\u2019\u00e2me s\u00e9par\u00e9e de son Cr\u00e9ateur.<\/p>\n\n\n\n<p>Le Cat\u00e9chisme de l\u2019\u00c9glise catholique (n\u00b0 1035) affirme clairement :<\/p>\n\n\n\n<blockquote class=\"wp-block-quote is-layout-flow wp-block-quote-is-layout-flow\">\n<p>\u00ab L\u2019enseignement de l\u2019\u00c9glise affirme l\u2019existence de l\u2019enfer et son \u00e9ternit\u00e9. Les \u00e2mes de ceux qui meurent en \u00e9tat de p\u00e9ch\u00e9 mortel descendent imm\u00e9diatement apr\u00e8s la mort dans l\u2019enfer, <strong>o\u00f9 elles souffrent les peines de l\u2019enfer, \u2018le feu \u00e9ternel\u2019.<\/strong> La peine principale de l\u2019enfer consiste en <strong>la s\u00e9paration \u00e9ternelle d\u2019avec Dieu<\/strong>. \u00bb<\/p>\n<\/blockquote>\n\n\n\n<hr class=\"wp-block-separator has-alpha-channel-opacity\"\/>\n\n\n\n<h2 class=\"wp-block-heading\">2. L\u2019enfer n\u2019est pas un lieu, mais un \u00e9tat de l\u2019\u00e2me<\/h2>\n\n\n\n<p>Cette affirmation peut d\u00e9stabiliser : si l\u2019enfer n\u2019est pas un lieu, alors qu\u2019est-ce que c\u2019est ? O\u00f9 est-il ? Existe-t-il vraiment ?<\/p>\n\n\n\n<p>La tradition chr\u00e9tienne a d\u00e9velopp\u00e9 la compr\u00e9hension que <strong>l\u2019enfer n\u2019est pas tant un \u00ab o\u00f9 \u00bb qu\u2019un \u00ab comment \u00bb de l\u2019\u00e2me<\/strong>. C\u2019est la condition ontologique de la cr\u00e9ature raisonnable qui, ayant librement rejet\u00e9 Dieu, reste ferm\u00e9e \u00e0 son amour pour l\u2019\u00e9ternit\u00e9.<\/p>\n\n\n\n<p>L\u2019enfer ne se trouve dans aucun recoin de l\u2019univers. <strong>Il est l\u00e0 o\u00f9 se trouve une \u00e2me s\u00e9par\u00e9e de Dieu<\/strong>, car l\u2019enfer est l\u2019exp\u00e9rience \u00e9ternelle de cette s\u00e9paration. Il n\u2019y a pas de communion entre les damn\u00e9s. Pas d\u2019amiti\u00e9 entre p\u00e9cheurs. Aucun r\u00e9confort mutuel. Chaque \u00e2me vit son propre ab\u00eeme.<\/p>\n\n\n\n<p>Comme l\u2019a \u00e9crit le pape Beno\u00eet XVI dans <em>Spe Salvi<\/em> :<\/p>\n\n\n\n<blockquote class=\"wp-block-quote is-layout-flow wp-block-quote-is-layout-flow\">\n<p>\u00ab En fin de compte, l\u2019enfer n\u2019est rien d\u2019autre que d\u2019\u00eatre s\u00e9par\u00e9 de Dieu, une s\u00e9paration que l\u2019\u00eatre humain choisit librement pour lui-m\u00eame. \u00bb<\/p>\n<\/blockquote>\n\n\n\n<hr class=\"wp-block-separator has-alpha-channel-opacity\"\/>\n\n\n\n<h2 class=\"wp-block-heading\">3. Une communaut\u00e9 de p\u00e9cheurs ? Non. Rien que la solitude \u00e9ternelle<\/h2>\n\n\n\n<p>Contrairement aux plaisanteries modernes qui d\u00e9peignent l\u2019enfer comme une grande f\u00eate de rebelles, <strong>la th\u00e9ologie catholique enseigne qu\u2019il n\u2019y a pas de communion en enfer<\/strong>. Aucune solidarit\u00e9 entre les damn\u00e9s, car l\u2019enfer est l\u2019antith\u00e8se du Royaume de Dieu, o\u00f9 r\u00e8gnent l\u2019amour, la charit\u00e9 et la communion.<\/p>\n\n\n\n<p>Il n\u2019y a pas d\u2019amour en enfer. Et l\u00e0 o\u00f9 il n\u2019y a pas d\u2019amour, <strong>il ne peut y avoir de rencontre<\/strong>. Seulement l\u2019isolement, le ressentiment, la haine et l\u2019\u00e9go\u00efsme \u00e9ternel. L\u2019enfer est la r\u00e9alisation d\u00e9finitive du p\u00e9ch\u00e9 : <strong>\u00ab moi seul \u00bb, sans Dieu et sans les autres<\/strong>. Ce qui commence sur terre comme un refus de Dieu et du prochain aboutit \u00e0 une existence absolue de solitude.<\/p>\n\n\n\n<p>Saint Jean de la Croix l\u2019exprimait ainsi :<\/p>\n\n\n\n<blockquote class=\"wp-block-quote is-layout-flow wp-block-quote-is-layout-flow\">\n<p>\u00ab Au soir de la vie, nous serons jug\u00e9s sur l\u2019amour. \u00bb<\/p>\n<\/blockquote>\n\n\n\n<p>Et ceux qui n\u2019auront pas aim\u00e9 ne trouveront personne avec qui partager m\u00eame leur condamnation.<\/p>\n\n\n\n<hr class=\"wp-block-separator has-alpha-channel-opacity\"\/>\n\n\n\n<h2 class=\"wp-block-heading\">4. Le feu de l\u2019enfer est le remords \u00e9ternel<\/h2>\n\n\n\n<p>Le \u00ab feu \u00bb qui br\u00fble en enfer est, en grande partie, le feu du <strong>remords<\/strong>, de la <strong>conscience<\/strong> qui r\u00e9alise \u2014 trop tard \u2014 la valeur de l\u2019Amour qu\u2019elle a rejet\u00e9.<\/p>\n\n\n\n<p>L\u2019\u00e2me ne peut plus se mentir \u00e0 elle-m\u00eame apr\u00e8s la mort. La V\u00e9rit\u00e9 devient incontestable. Et si cette \u00e2me ne s\u2019est pas ouverte \u00e0 l\u2019amour de Dieu, elle le verra, le reconna\u00eetra\u2026 et souffrira \u00e9ternellement de l\u2019avoir m\u00e9pris\u00e9.<\/p>\n\n\n\n<p>J\u00e9sus pr\u00e9vient avec force dans Matthieu 25, 41 :<\/p>\n\n\n\n<blockquote class=\"wp-block-quote is-layout-flow wp-block-quote-is-layout-flow\">\n<p>\u00ab \u00c9loignez-vous de moi, maudits, allez dans le feu \u00e9ternel pr\u00e9par\u00e9 pour le diable et ses anges. \u00bb<\/p>\n<\/blockquote>\n\n\n\n<p>Le mot-cl\u00e9 est \u00ab \u00e9loignez-vous \u00bb. C\u2019est la s\u00e9paration. Pas une punition physique pour elle-m\u00eame, mais la distance \u00e9ternelle d\u2019avec Celui qui est la Source de la Vie.<\/p>\n\n\n\n<hr class=\"wp-block-separator has-alpha-channel-opacity\"\/>\n\n\n\n<h2 class=\"wp-block-heading\">5. Comment finit-on en enfer ?<\/h2>\n\n\n\n<p>L\u2019\u00c9glise enseigne avec fermet\u00e9 : <strong>l\u2019enfer est une possibilit\u00e9 r\u00e9elle, et personne n\u2019y finit par accident<\/strong>. Personne n\u2019est condamn\u00e9 \u00ab par erreur \u00bb. C\u2019est le r\u00e9sultat libre d\u2019une vie sans Dieu, sans repentir, sans conversion.<\/p>\n\n\n\n<p>Le Cat\u00e9chisme (n\u00b0 1033) l\u2019exprime ainsi :<\/p>\n\n\n\n<blockquote class=\"wp-block-quote is-layout-flow wp-block-quote-is-layout-flow\">\n<p>\u00ab Mourir en p\u00e9ch\u00e9 mortel sans s\u2019en \u00eatre repenti et sans accueillir l\u2019amour mis\u00e9ricordieux de Dieu signifie <strong>rester s\u00e9par\u00e9 de Lui pour toujours par notre propre choix libre<\/strong>. \u00bb<\/p>\n<\/blockquote>\n\n\n\n<p>Cela doit susciter une r\u00e9flexion s\u00e9rieuse : <strong>Choisissons-nous Dieu chaque jour, ou choisissons-nous notre \u00e9go, notre p\u00e9ch\u00e9, notre confort ?<\/strong><\/p>\n\n\n\n<hr class=\"wp-block-separator has-alpha-channel-opacity\"\/>\n\n\n\n<h2 class=\"wp-block-heading\">6. Qu\u2019est-ce que cela signifie pour ta vie ?<\/h2>\n\n\n\n<p>Si l\u2019enfer n\u2019est pas un lieu physique, mais une <strong>condition \u00e9ternelle de solitude, de s\u00e9paration et de remords<\/strong>, cela a des cons\u00e9quences urgentes pour notre vie quotidienne :<\/p>\n\n\n\n<h3 class=\"wp-block-heading\">a) <strong>Prends soin de ta relation avec Dieu aujourd\u2019hui, pas demain<\/strong><\/h3>\n\n\n\n<p>L\u2019enfer ne commence pas \u00e0 notre mort. Il commence lorsque nous tournons le dos \u00e0 Dieu dans cette vie. Le p\u00e9ch\u00e9 mortel nous met d\u00e9j\u00e0 sur ce chemin, et vivre sans la gr\u00e2ce est d\u00e9j\u00e0 une forme d\u2019enfer.<\/p>\n\n\n\n<h3 class=\"wp-block-heading\">b) <strong>Confesse tes p\u00e9ch\u00e9s sinc\u00e8rement<\/strong><\/h3>\n\n\n\n<p>Le sacrement de R\u00e9conciliation est le grand antidote \u00e0 l\u2019enfer. C\u2019est l\u00e0 que Dieu r\u00e9tablit le lien bris\u00e9 par le p\u00e9ch\u00e9. Ne le remets pas \u00e0 plus tard.<\/p>\n\n\n\n<h3 class=\"wp-block-heading\">c) <strong>Ne t\u2019habitue pas au p\u00e9ch\u00e9<\/strong><\/h3>\n\n\n\n<p>Le p\u00e9ch\u00e9 non confess\u00e9 endurcit le c\u0153ur. Il nous rend insensibles \u00e0 l\u2019amour de Dieu. Une vie sans amour m\u00e8ne \u00e0 la mort \u00e9ternelle.<\/p>\n\n\n\n<h3 class=\"wp-block-heading\">d) <strong>Vis en communion<\/strong><\/h3>\n\n\n\n<p>L\u2019amour est communion. Si tes choix t\u2019isolent, s\u2019ils rompent la communion avec ta famille, ta paroisse, tes voisins, <strong>tu marches dans la logique de l\u2019enfer<\/strong>. Cherche \u00e0 te r\u00e9concilier, \u00e0 construire, \u00e0 aimer.<\/p>\n\n\n\n<hr class=\"wp-block-separator has-alpha-channel-opacity\"\/>\n\n\n\n<h2 class=\"wp-block-heading\">7. Guide pratique th\u00e9ologique et pastoral : \u00e9viter l\u2019enfer au XXI\u1d49 si\u00e8cle<\/h2>\n\n\n\n<p>\u2714 <strong>Fais un examen de conscience chaque jour<\/strong><br>Avant de te coucher, demande-toi : Qui ai-je aim\u00e9 aujourd\u2019hui ? Qui ai-je bless\u00e9 ? Ai-je cherch\u00e9 Dieu ?<\/p>\n\n\n\n<p>\u2714 <strong>Confesse-toi une fois par mois (ou plus t\u00f4t en cas de p\u00e9ch\u00e9 mortel)<\/strong><br>Une \u00e2me en \u00e9tat de gr\u00e2ce vit en communion. Ne laisse pas cette flamme s\u2019\u00e9teindre.<\/p>\n\n\n\n<p>\u2714 <strong>Re\u00e7ois souvent l\u2019Eucharistie<\/strong><br>La Communion fr\u00e9quente nous fortifie. C\u2019est le Christ lui-m\u00eame en nous.<\/p>\n\n\n\n<p>\u2714 <strong>Lis la Parole de Dieu<\/strong><br>Notamment des passages comme Luc 16 (le riche et Lazare), Matthieu 25 (le jugement dernier) et l\u2019Apocalypse 20.<\/p>\n\n\n\n<p>\u2714 <strong>Je\u00fbne de l\u2019\u00e9go\u00efsme<\/strong><br>Je\u00fbner, ce n\u2019est pas seulement s\u2019abstenir de nourriture \u2014 c\u2019est entra\u00eener l\u2019\u00e2me \u00e0 choisir le bien m\u00eame lorsqu\u2019il est difficile.<\/p>\n\n\n\n<p>\u2714 <strong>Sers les pauvres<\/strong><br>L\u2019enfer grandit l\u00e0 o\u00f9 l\u2019amour se refroidit. L\u2019amour des pauvres est un feu qui sauve.<\/p>\n\n\n\n<hr class=\"wp-block-separator has-alpha-channel-opacity\"\/>\n\n\n\n<h2 class=\"wp-block-heading\">Conclusion : Un cri d\u2019amour, pas de peur<\/h2>\n\n\n\n<p>Parler de l\u2019enfer, ce n\u2019est pas semer la terreur, mais <strong>avertir par amour<\/strong>. J\u00e9sus lui-m\u00eame a parl\u00e9 de l\u2019enfer \u2014 non pour condamner, mais pour <strong>appeler \u00e0 la conversion<\/strong>. Il veut que nous vivions avec Lui pour l\u2019\u00e9ternit\u00e9.<\/p>\n\n\n\n<p>Tu choisis aujourd\u2019hui : Dieu ou toi-m\u00eame. Vie \u00e9ternelle ou solitude \u00e9ternelle. Amour ou remords.<\/p>\n\n\n\n<p>Comme le dit Deut\u00e9ronome 30, 19 :<\/p>\n\n\n\n<blockquote class=\"wp-block-quote is-layout-flow wp-block-quote-is-layout-flow\">\n<p>\u00ab Je mets devant toi la vie et la mort, la b\u00e9n\u00e9diction et la mal\u00e9diction. <strong>Choisis donc la vie, pour que toi et ta descendance viviez.<\/strong> \u00bb<\/p>\n<\/blockquote>\n\n\n\n<p>L\u2019enfer n\u2019est pas un lieu. C\u2019est le prix d\u2019une \u00e9ternit\u00e9 sans amour. Et toi seul peux d\u00e9cider si tu veux y marcher\u2026 ou courir dans les bras du P\u00e8re.<\/p>\n","protected":false},"excerpt":{"rendered":"<p>Introduction : O\u00f9 est l\u2019enfer ? Pendant des si\u00e8cles, beaucoup ont imagin\u00e9 l\u2019enfer comme une caverne souterraine \u2014 un lieu de feu sous la terre o\u00f9 les \u00e2mes damn\u00e9es br\u00fblent pour l\u2019\u00e9ternit\u00e9. Cette image a \u00e9t\u00e9 nourrie par l\u2019art m\u00e9di\u00e9val, les repr\u00e9sentations th\u00e9\u00e2trales et une lecture litt\u00e9rale de certains passages bibliques. Mais si l\u2019enfer n\u2019\u00e9tait &hellip;<\/p>\n","protected":false},"author":3,"featured_media":3799,"comment_status":"open","ping_status":"open","sticky":false,"template":"","format":"standard","meta":{"_seopress_robots_primary_cat":"","_seopress_titles_title":"","_seopress_titles_desc":"","_seopress_robots_index":"","footnotes":""},"categories":[43,37],"tags":[557],"class_list":["post-3798","post","type-post","status-publish","format-standard","has-post-thumbnail","","category-catechisme-de-leglise-catholique","category-doctrine-et-foi","tag-enfer"],"_links":{"self":[{"href":"https:\/\/catholicus.eu\/fr\/wp-json\/wp\/v2\/posts\/3798","targetHints":{"allow":["GET"]}}],"collection":[{"href":"https:\/\/catholicus.eu\/fr\/wp-json\/wp\/v2\/posts"}],"about":[{"href":"https:\/\/catholicus.eu\/fr\/wp-json\/wp\/v2\/types\/post"}],"author":[{"embeddable":true,"href":"https:\/\/catholicus.eu\/fr\/wp-json\/wp\/v2\/users\/3"}],"replies":[{"embeddable":true,"href":"https:\/\/catholicus.eu\/fr\/wp-json\/wp\/v2\/comments?post=3798"}],"version-history":[{"count":1,"href":"https:\/\/catholicus.eu\/fr\/wp-json\/wp\/v2\/posts\/3798\/revisions"}],"predecessor-version":[{"id":3800,"href":"https:\/\/catholicus.eu\/fr\/wp-json\/wp\/v2\/posts\/3798\/revisions\/3800"}],"wp:featuredmedia":[{"embeddable":true,"href":"https:\/\/catholicus.eu\/fr\/wp-json\/wp\/v2\/media\/3799"}],"wp:attachment":[{"href":"https:\/\/catholicus.eu\/fr\/wp-json\/wp\/v2\/media?parent=3798"}],"wp:term":[{"taxonomy":"category","embeddable":true,"href":"https:\/\/catholicus.eu\/fr\/wp-json\/wp\/v2\/categories?post=3798"},{"taxonomy":"post_tag","embeddable":true,"href":"https:\/\/catholicus.eu\/fr\/wp-json\/wp\/v2\/tags?post=3798"}],"curies":[{"name":"wp","href":"https:\/\/api.w.org\/{rel}","templated":true}]}}