{"id":3771,"date":"2025-05-04T22:25:21","date_gmt":"2025-05-04T20:25:21","guid":{"rendered":"https:\/\/catholicus.eu\/fr\/?p=3771"},"modified":"2025-05-04T22:25:21","modified_gmt":"2025-05-04T20:25:21","slug":"le-sang-crie-depuis-la-terre-lavortement-un-cri-etouffe-que-leglise-ne-peut-pas-taire","status":"publish","type":"post","link":"https:\/\/catholicus.eu\/fr\/le-sang-crie-depuis-la-terre-lavortement-un-cri-etouffe-que-leglise-ne-peut-pas-taire\/","title":{"rendered":"Le sang crie depuis la terre : L\u2019avortement, un cri \u00e9touff\u00e9 que l\u2019\u00c9glise ne peut pas taire"},"content":{"rendered":"\n<p><strong>Introduction : Le drame silencieux qui crie vers le Ciel<\/strong><\/p>\n\n\n\n<p>Nous vivons \u00e0 une \u00e9poque o\u00f9 l\u2019on promeut la libert\u00e9 comme la capacit\u00e9 de tout choisir \u2014 m\u00eame entre la vie et la mort. Dans cette confusion morale, l\u2019avortement est pr\u00e9sent\u00e9 comme un droit, un acte m\u00e9dical, un choix. Mais pour l\u2019\u00c9glise, l\u2019avortement n\u2019est pas une option : c\u2019est un drame, un p\u00e9ch\u00e9 grave, une blessure profonde au c\u0153ur de Dieu et \u00e0 l\u2019\u00e2me de l\u2019humanit\u00e9.<\/p>\n\n\n\n<p>Cet article n\u2019est pas un jugement, mais un guide. C\u2019est un appel \u00e0 la v\u00e9rit\u00e9, \u00e0 la mis\u00e9ricorde, \u00e0 la conversion. \u00c0 travers l\u2019histoire, la th\u00e9ologie et la pratique pastorale, nous verrons pourquoi l\u2019\u00c9glise ne peut pas, ne doit pas, et ne veut pas se taire face \u00e0 cette r\u00e9alit\u00e9. Et surtout, comment toi, en tant que chr\u00e9tien, tu peux \u00eatre lumi\u00e8re et sel sur cette question si urgente.<\/p>\n\n\n\n<hr class=\"wp-block-separator has-alpha-channel-opacity\"\/>\n\n\n\n<h3 class=\"wp-block-heading\">I. <strong>Histoire de l\u2019avortement : De l\u2019infanticide cach\u00e9 \u00e0 la l\u00e9galisation mondiale<\/strong><\/h3>\n\n\n\n<p>L\u2019avortement n\u2019est pas un ph\u00e9nom\u00e8ne moderne. D\u00e9j\u00e0 dans les civilisations antiques comme Rome et la Gr\u00e8ce, l\u2019avortement \u00e9tait pratiqu\u00e9, souvent vu comme normal ou m\u00eame exig\u00e9 pour des raisons \u00e9conomiques, sociales ou eug\u00e9niques. Les parents avaient un pouvoir absolu sur leurs enfants, m\u00eame avant leur naissance.<\/p>\n\n\n\n<p>Avec l\u2019arriv\u00e9e du christianisme, cette vision change radicalement. Les premiers chr\u00e9tiens s\u2019opposent fermement \u00e0 l\u2019avortement et \u00e0 l\u2019infanticide, les consid\u00e9rant comme des homicides. Le <em>Didach\u00e8<\/em>, l\u2019un des plus anciens documents chr\u00e9tiens en dehors du Nouveau Testament (1er si\u00e8cle), l\u2019affirme clairement :<\/p>\n\n\n\n<blockquote class=\"wp-block-quote is-layout-flow wp-block-quote-is-layout-flow\">\n<p>\u00ab Tu ne tueras pas l\u2019embryon par avortement, tu ne feras pas p\u00e9rir le nouveau-n\u00e9. \u00bb (<em>Didach\u00e8<\/em> 2,2)<\/p>\n<\/blockquote>\n\n\n\n<p>Pendant des si\u00e8cles, l\u2019\u00c9glise a maintenu cette position in\u00e9branlable. Cependant, au XXe si\u00e8cle, avec la mont\u00e9e du relativisme moral, la r\u00e9volution sexuelle et le f\u00e9minisme radical, l\u2019avortement a \u00e9t\u00e9 l\u00e9galis\u00e9 dans de nombreux pays. Aujourd\u2019hui, des millions de vies sont interrompues chaque ann\u00e9e, souvent sans m\u00eame prononcer le mot \u00ab vie \u00bb.<\/p>\n\n\n\n<hr class=\"wp-block-separator has-alpha-channel-opacity\"\/>\n\n\n\n<h3 class=\"wp-block-heading\">II. <strong>Fondement th\u00e9ologique : Pourquoi l\u2019\u00c9glise s\u2019oppose-t-elle \u00e0 l\u2019avortement ?<\/strong><\/h3>\n\n\n\n<p><strong>1. La dignit\u00e9 inviolable de la vie humaine<\/strong><\/p>\n\n\n\n<p>Toute personne humaine, de la conception jusqu\u2019\u00e0 la mort naturelle, poss\u00e8de une dignit\u00e9 infinie parce qu\u2019elle a \u00e9t\u00e9 cr\u00e9\u00e9e \u00e0 l\u2019image et \u00e0 la ressemblance de Dieu (cf. Gen\u00e8se 1,27). La vie n\u2019est pas une possession, mais un don.<\/p>\n\n\n\n<blockquote class=\"wp-block-quote is-layout-flow wp-block-quote-is-layout-flow\">\n<p>\u00ab Avant de te former dans le sein de ta m\u00e8re, je te connaissais ; avant que tu ne sois sorti du sein, je t\u2019ai consacr\u00e9. \u00bb (J\u00e9r\u00e9mie 1,5)<\/p>\n<\/blockquote>\n\n\n\n<p>D\u00e8s l\u2019instant de la conception, il y a une vie humaine avec une \u00e2me, une vocation, une place dans le plan de Dieu. Ainsi, l\u2019avortement n\u2019est pas seulement une atteinte \u00e0 la chair, mais \u00e0 la volont\u00e9 divine.<\/p>\n\n\n\n<p><strong>2. L\u2019avortement comme p\u00e9ch\u00e9 grave<\/strong><\/p>\n\n\n\n<p>Le Cat\u00e9chisme de l\u2019\u00c9glise catholique est clair et cat\u00e9gorique :<\/p>\n\n\n\n<blockquote class=\"wp-block-quote is-layout-flow wp-block-quote-is-layout-flow\">\n<p>\u00ab L\u2019avortement direct, c\u2019est-\u00e0-dire voulu comme une fin ou comme un moyen, est gravement contraire \u00e0 la loi morale. \u00bb (CEC 2271)<\/p>\n<\/blockquote>\n\n\n\n<p>C\u2019est un p\u00e9ch\u00e9 qui crie vers le ciel, comme le meurtre d\u2019Abel par son fr\u00e8re Ca\u00efn. Son sang innocent continue de crier depuis la terre (cf. Gen\u00e8se 4,10). Et ce cri n\u2019est pas seulement un cri de jugement, mais aussi de mis\u00e9ricorde et d\u2019esp\u00e9rance, s\u2019il y a conversion.<\/p>\n\n\n\n<p><strong>3. La mis\u00e9ricorde pour les bless\u00e9s<\/strong><\/p>\n\n\n\n<p>L\u2019\u00c9glise n\u2019abandonne pas ceux qui ont v\u00e9cu un avortement. Elle est m\u00e8re. Saint Jean-Paul II, dans son encyclique <em>Evangelium Vitae<\/em>, s\u2019adressait directement aux femmes ayant avort\u00e9 :<\/p>\n\n\n\n<blockquote class=\"wp-block-quote is-layout-flow wp-block-quote-is-layout-flow\">\n<p>\u00ab Ne vous laissez pas aller au d\u00e9couragement et ne perdez pas l\u2019esp\u00e9rance. Le P\u00e8re de toute mis\u00e9ricorde vous attend pour vous offrir son pardon. \u00bb (<em>Evangelium Vitae<\/em>, 99)<\/p>\n<\/blockquote>\n\n\n\n<p>Dieu peut gu\u00e9rir. Dieu peut pardonner. Dieu peut restaurer. L\u2019\u00c9glise, fid\u00e8le au Christ, offre le chemin du pardon, en particulier \u00e0 travers le sacrement de la R\u00e9conciliation.<\/p>\n\n\n\n<hr class=\"wp-block-separator has-alpha-channel-opacity\"\/>\n\n\n\n<h3 class=\"wp-block-heading\">III. <strong>Applications pratiques : Que peux-tu faire face au drame de l\u2019avortement ?<\/strong><\/h3>\n\n\n\n<h4 class=\"wp-block-heading\">1. <strong>Former sa conscience : Conna\u00eetre la v\u00e9rit\u00e9 pour l\u2019aimer<\/strong><\/h4>\n\n\n\n<p>Dans un monde rempli de manipulation et d\u2019ambigu\u00eft\u00e9, la premi\u00e8re \u00e9tape est de conna\u00eetre la v\u00e9rit\u00e9. Lis le <em>Cat\u00e9chisme<\/em>, \u00e9tudie <em>Evangelium Vitae<\/em>, \u00e9coute la voix des saints et des papes. La formation est la cl\u00e9 pour r\u00e9sister \u00e0 la pression culturelle.<\/p>\n\n\n\n<h4 class=\"wp-block-heading\">2. <strong>Vivre avec coh\u00e9rence : Ta vie est ton t\u00e9moignage<\/strong><\/h4>\n\n\n\n<p>Il ne suffit pas d\u2019\u00eatre contre l\u2019avortement. Il faut \u00eatre pour la vie \u00e0 toutes ses \u00e9tapes. Cela inclut le soutien aux femmes enceintes en difficult\u00e9, l\u2019accueil des enfants abandonn\u00e9s, le respect des personnes \u00e2g\u00e9es et des malades.<\/p>\n\n\n\n<h4 class=\"wp-block-heading\">3. <strong>Parler avec charit\u00e9, non avec condamnation<\/strong><\/h4>\n\n\n\n<p>Beaucoup soutiennent l\u2019avortement par ignorance ou par blessures non gu\u00e9ries. Nous ne pouvons pas nous taire, mais nous ne devons pas non plus crier avec jugement. L\u2019amour est la force la plus persuasive. Une parole dite avec compassion peut changer un c\u0153ur.<\/p>\n\n\n\n<h4 class=\"wp-block-heading\">4. <strong>Soutenir les initiatives pro-vie<\/strong><\/h4>\n\n\n\n<p>Il existe de nombreuses organisations catholiques qui aident les femmes enceintes, offrent des \u00e9chographies gratuites, de la nourriture, des conseils, et de vraies alternatives. Soutiens-les avec ton temps, ton argent ou ton talent. Sois une partie de la solution.<\/p>\n\n\n\n<h4 class=\"wp-block-heading\">5. <strong>Prier et offrir des sacrifices<\/strong><\/h4>\n\n\n\n<p>La bataille pour la vie est avant tout spirituelle. Le Rosaire, l\u2019adoration eucharistique, la messe offerte pour les enfants \u00e0 na\u00eetre ont une puissance inestimable. Ne sous-estime pas la valeur de tes pri\u00e8res.<\/p>\n\n\n\n<blockquote class=\"wp-block-quote is-layout-flow wp-block-quote-is-layout-flow\">\n<p>\u00ab Ce genre de d\u00e9mons ne sort que par la pri\u00e8re et le je\u00fbne. \u00bb (Matthieu 17,21)<\/p>\n<\/blockquote>\n\n\n\n<hr class=\"wp-block-separator has-alpha-channel-opacity\"\/>\n\n\n\n<h3 class=\"wp-block-heading\">IV. <strong>Guide spirituel et pastoral pour accompagner dans les contextes d\u2019avortement<\/strong><\/h3>\n\n\n\n<p><strong>Pour les pr\u00eatres et les agents pastoraux :<\/strong><\/p>\n\n\n\n<ul class=\"wp-block-list\">\n<li><strong>Accueillir sans juger :<\/strong> De nombreuses femmes arrivent bris\u00e9es, effray\u00e9es, ne sachant \u00e0 qui s\u2019adresser. Elles n\u2019ont pas besoin de sermons, mais de bras ouverts.<\/li>\n\n\n\n<li><strong>\u00c9couter profond\u00e9ment :<\/strong> Derri\u00e8re chaque avortement se cache une histoire complexe. \u00c9couter attentivement est d\u00e9j\u00e0 une forme de gu\u00e9rison.<\/li>\n\n\n\n<li><strong>Offrir le pardon de Dieu :<\/strong> \u00c0 travers le sacrement de la confession, avec d\u00e9licatesse, prudence et charit\u00e9, il est possible de redonner la paix.<\/li>\n\n\n\n<li><strong>Accompagner dans le deuil :<\/strong> Le syndrome post-avortement existe. L\u2019accompagnement spirituel doit inclure des temps de silence, de pri\u00e8re, et \u00e9ventuellement des retraites sp\u00e9cifiques.<\/li>\n\n\n\n<li><strong>Enseigner sans peur :<\/strong> La v\u00e9rit\u00e9 ne s\u2019impose pas, mais elle se propose avec fermet\u00e9. Il faut former les communaut\u00e9s \u00e0 une culture de la vie d\u00e8s la cat\u00e9ch\u00e8se des enfants jusqu\u2019\u00e0 la pr\u00e9dication dominicale.<\/li>\n<\/ul>\n\n\n\n<hr class=\"wp-block-separator has-alpha-channel-opacity\"\/>\n\n\n\n<h3 class=\"wp-block-heading\">V. <strong>Un mot final : La culture de la vie commence avec toi<\/strong><\/h3>\n\n\n\n<p>Nous ne pouvons pas attendre que les gouvernements changent ni que les lois se convertissent d\u2019elles-m\u00eames. Mais toi, tu peux faire la diff\u00e9rence. Dans ta famille, dans ta paroisse, sur ton lieu de travail.<br>Chaque geste en faveur de la vie, chaque mot dit avec courage, chaque rosaire pri\u00e9 avec foi est un mur qui se dresse contre la culture de la mort.<\/p>\n\n\n\n<p>J\u00e9sus est venu \u00ab pour que les hommes aient la vie, et qu\u2019ils l\u2019aient en abondance. \u00bb (Jean 10,10) Et nous, en tant que ses disciples, nous devons \u00eatre les porteurs de cette vie \u2014 en corps et en \u00e2me, en v\u00e9rit\u00e9 et en amour.<\/p>\n\n\n\n<hr class=\"wp-block-separator has-alpha-channel-opacity\"\/>\n\n\n\n<h3 class=\"wp-block-heading\"><strong>Conclusion : Le c\u0153ur de l\u2019\u00c9glise bat avec chaque vie humaine<\/strong><\/h3>\n\n\n\n<p>Ce n\u2019est pas une question politique. Ce n\u2019est pas une id\u00e9ologie. C\u2019est l\u2019\u00c9vangile. C\u2019est le c\u0153ur du Christ qui bat dans chaque \u00eatre humain con\u00e7u. C\u2019est la tendresse de l\u2019\u00c9glise qui se penche sur les petits, les sans-d\u00e9fense, les rejet\u00e9s.<br>Que cet article soit pour toi un \u00e9lan pour vivre ta foi plus intens\u00e9ment, pour \u00eatre un t\u00e9moin courageux de la vie, et pour embrasser avec amour tous ceux qui sont tomb\u00e9s \u2014 en sachant que le Seigneur ne rejette jamais un c\u0153ur contrit.<\/p>\n","protected":false},"excerpt":{"rendered":"<p>Introduction : Le drame silencieux qui crie vers le Ciel Nous vivons \u00e0 une \u00e9poque o\u00f9 l\u2019on promeut la libert\u00e9 comme la capacit\u00e9 de tout choisir \u2014 m\u00eame entre la vie et la mort. Dans cette confusion morale, l\u2019avortement est pr\u00e9sent\u00e9 comme un droit, un acte m\u00e9dical, un choix. Mais pour l\u2019\u00c9glise, l\u2019avortement n\u2019est pas &hellip;<\/p>\n","protected":false},"author":3,"featured_media":3772,"comment_status":"open","ping_status":"open","sticky":false,"template":"","format":"standard","meta":{"_seopress_robots_primary_cat":"","_seopress_titles_title":"","_seopress_titles_desc":"","_seopress_robots_index":"","footnotes":""},"categories":[54,39],"tags":[1149],"class_list":["post-3771","post","type-post","status-publish","format-standard","has-post-thumbnail","","category-bioethique-et-questions-contemporaines","category-morale-et-vie-chretienne","tag-avortement"],"_links":{"self":[{"href":"https:\/\/catholicus.eu\/fr\/wp-json\/wp\/v2\/posts\/3771","targetHints":{"allow":["GET"]}}],"collection":[{"href":"https:\/\/catholicus.eu\/fr\/wp-json\/wp\/v2\/posts"}],"about":[{"href":"https:\/\/catholicus.eu\/fr\/wp-json\/wp\/v2\/types\/post"}],"author":[{"embeddable":true,"href":"https:\/\/catholicus.eu\/fr\/wp-json\/wp\/v2\/users\/3"}],"replies":[{"embeddable":true,"href":"https:\/\/catholicus.eu\/fr\/wp-json\/wp\/v2\/comments?post=3771"}],"version-history":[{"count":1,"href":"https:\/\/catholicus.eu\/fr\/wp-json\/wp\/v2\/posts\/3771\/revisions"}],"predecessor-version":[{"id":3773,"href":"https:\/\/catholicus.eu\/fr\/wp-json\/wp\/v2\/posts\/3771\/revisions\/3773"}],"wp:featuredmedia":[{"embeddable":true,"href":"https:\/\/catholicus.eu\/fr\/wp-json\/wp\/v2\/media\/3772"}],"wp:attachment":[{"href":"https:\/\/catholicus.eu\/fr\/wp-json\/wp\/v2\/media?parent=3771"}],"wp:term":[{"taxonomy":"category","embeddable":true,"href":"https:\/\/catholicus.eu\/fr\/wp-json\/wp\/v2\/categories?post=3771"},{"taxonomy":"post_tag","embeddable":true,"href":"https:\/\/catholicus.eu\/fr\/wp-json\/wp\/v2\/tags?post=3771"}],"curies":[{"name":"wp","href":"https:\/\/api.w.org\/{rel}","templated":true}]}}