{"id":3678,"date":"2025-05-01T00:16:35","date_gmt":"2025-04-30T22:16:35","guid":{"rendered":"https:\/\/catholicus.eu\/fr\/?p=3678"},"modified":"2025-05-01T00:16:35","modified_gmt":"2025-04-30T22:16:35","slug":"le-dogme-quon-tait-hors-de-leglise-point-de-salut-selon-10-saints","status":"publish","type":"post","link":"https:\/\/catholicus.eu\/fr\/le-dogme-quon-tait-hors-de-leglise-point-de-salut-selon-10-saints\/","title":{"rendered":"Le dogme qu&rsquo;on tait : \u00ab Hors de l&rsquo;\u00c9glise point de salut \u00bb selon 10 saints"},"content":{"rendered":"\n<h2 class=\"wp-block-heading\"><strong>Introduction : Un dogme mal compris<\/strong><\/h2>\n\n\n\n<p>Dans un monde o\u00f9 le relativisme religieux et le syncr\u00e9tisme spirituel dominent le discours public, il existe une v\u00e9rit\u00e9 que beaucoup pr\u00e9f\u00e8rent ignorer, y compris au sein m\u00eame de l&rsquo;\u00c9glise :&nbsp;<strong>\u00ab Hors de l&rsquo;\u00c9glise point de salut \u00bb (Extra Ecclesiam nulla salus)<\/strong>.<\/p>\n\n\n\n<p>Ce dogme, proclam\u00e9 avec fermet\u00e9 par les P\u00e8res et Docteurs de l&rsquo;\u00c9glise, n&rsquo;est pas une expression d&rsquo;intol\u00e9rance, mais une affirmation de la&nbsp;<strong>mis\u00e9ricorde et de l&rsquo;unicit\u00e9 du Christ<\/strong>, qui a fond\u00e9 une seule \u00c9glise comme&nbsp;<strong>arche du salut<\/strong>.<\/p>\n\n\n\n<p>Dans cet article, nous explorerons :<\/p>\n\n\n\n<ol start=\"1\" class=\"wp-block-list\">\n<li><strong>Le fondement biblique et th\u00e9ologique<\/strong>\u00a0de cette doctrine.<\/li>\n\n\n\n<li><strong>Les paroles de 10 saints<\/strong>\u00a0qui l&rsquo;ont d\u00e9fendue avec clart\u00e9.<\/li>\n\n\n\n<li><strong>Comment la comprendre correctement<\/strong>\u00a0(en \u00e9vitant les contresens).<\/li>\n\n\n\n<li><strong>Un guide pratique<\/strong>\u00a0pour vivre cette v\u00e9rit\u00e9 dans le monde moderne.<\/li>\n<\/ol>\n\n\n\n<hr class=\"wp-block-separator has-alpha-channel-opacity\"\/>\n\n\n\n<h2 class=\"wp-block-heading\"><strong>1. Fondement biblique et th\u00e9ologique<\/strong><\/h2>\n\n\n\n<h3 class=\"wp-block-heading\"><strong>A) Les paroles du Christ<\/strong><\/h3>\n\n\n\n<p>J\u00e9sus n&rsquo;a laiss\u00e9 aucune ambigu\u00eft\u00e9 :<\/p>\n\n\n\n<blockquote class=\"wp-block-quote is-layout-flow wp-block-quote-is-layout-flow\">\n<p><em>\u00ab Je suis le Chemin, la V\u00e9rit\u00e9 et la Vie. Nul ne vient au P\u00e8re que par Moi. \u00bb<\/em>&nbsp;(Jean 14,6).<\/p>\n<\/blockquote>\n\n\n\n<p>Et \u00e0 Pierre, Il d\u00e9clara :<\/p>\n\n\n\n<blockquote class=\"wp-block-quote is-layout-flow wp-block-quote-is-layout-flow\">\n<p><em>\u00ab Tu es Pierre, et sur cette pierre je b\u00e2tirai mon \u00c9glise, et les portes de l&rsquo;enfer ne pr\u00e9vaudront pas contre elle. \u00bb<\/em>&nbsp;(Matthieu 16,18).<\/p>\n<\/blockquote>\n\n\n\n<p>L&rsquo;\u00c9glise n&rsquo;est pas une simple institution humaine, mais&nbsp;<strong>le Corps Mystique du Christ<\/strong>, le moyen par lequel Il dispense Sa gr\u00e2ce \u00e0 travers les sacrements.<\/p>\n\n\n\n<h3 class=\"wp-block-heading\"><strong>B) L&rsquo;enseignement des P\u00e8res de l&rsquo;\u00c9glise<\/strong><\/h3>\n\n\n\n<p>D\u00e8s les premiers si\u00e8cles, les saints P\u00e8res ont affirm\u00e9 cette v\u00e9rit\u00e9 :<\/p>\n\n\n\n<ul class=\"wp-block-list\">\n<li><strong>Saint Cyprien de Carthage<\/strong>\u00a0(III\u1d49 si\u00e8cle) :\u00a0<em>\u00ab On ne peut avoir Dieu pour P\u00e8re si l&rsquo;on n&rsquo;a pas l&rsquo;\u00c9glise pour M\u00e8re. \u00bb<\/em>\u00a0(<em>De l&rsquo;unit\u00e9 de l&rsquo;\u00c9glise<\/em>).<\/li>\n\n\n\n<li><strong>Saint Augustin<\/strong>\u00a0(V\u1d49 si\u00e8cle) :\u00a0<em>\u00ab Hors de l&rsquo;\u00c9glise catholique, on peut tout trouver, sauf le salut. \u00bb<\/em>\u00a0(<em>Sermon aux C\u00e9sariens<\/em>).<\/li>\n<\/ul>\n\n\n\n<p>Ce dogme fut d\u00e9fini formellement au&nbsp;<strong>Concile de Florence (1442)<\/strong>&nbsp;:<\/p>\n\n\n\n<blockquote class=\"wp-block-quote is-layout-flow wp-block-quote-is-layout-flow\">\n<p><em>\u00ab Nul, si grande que soit son aum\u00f4ne, m\u00eame s&rsquo;il verse son sang pour le nom du Christ, ne peut \u00eatre sauv\u00e9 s&rsquo;il ne demeure dans le sein et l&rsquo;unit\u00e9 de l&rsquo;\u00c9glise catholique. \u00bb<\/em>&nbsp;(Denzinger 714).<\/p>\n<\/blockquote>\n\n\n\n<hr class=\"wp-block-separator has-alpha-channel-opacity\"\/>\n\n\n\n<h2 class=\"wp-block-heading\"><strong>2. 10 saints qui ont proclam\u00e9 cette v\u00e9rit\u00e9<\/strong><\/h2>\n\n\n\n<h3 class=\"wp-block-heading\"><strong>1. Saint Fran\u00e7ois de Sales<\/strong><\/h3>\n\n\n\n<p><em>\u00ab Tous ceux qui sont hors de l&rsquo;\u00c9glise sont enfants de perdition. \u00bb<\/em>&nbsp;(<em>La Controverse catholique<\/em>).<\/p>\n\n\n\n<h3 class=\"wp-block-heading\"><strong>2. Saint Alphonse de Liguori<\/strong><\/h3>\n\n\n\n<p><em>\u00ab C&rsquo;est une v\u00e9rit\u00e9 de foi que nul ne se sauve hors de l&rsquo;\u00c9glise. \u00bb<\/em>&nbsp;(<em>Les Gloires de Marie<\/em>).<\/p>\n\n\n\n<h3 class=\"wp-block-heading\"><strong>3. Saint Robert Bellarmin<\/strong><\/h3>\n\n\n\n<p><em>\u00ab De m\u00eame qu&rsquo;il n&rsquo;y eut point de salut hors de l&rsquo;Arche de No\u00e9, de m\u00eame il n&rsquo;y en a point hors de l&rsquo;\u00c9glise. \u00bb<\/em>&nbsp;(<em>Des Controverses<\/em>).<\/p>\n\n\n\n<h3 class=\"wp-block-heading\"><strong>4. Sainte Th\u00e9r\u00e8se d&rsquo;Avila<\/strong><\/h3>\n\n\n\n<p><em>\u00ab Qui vit hors de l&rsquo;ob\u00e9issance \u00e0 l&rsquo;\u00c9glise vit en \u00e9tat de p\u00e9ch\u00e9 mortel. \u00bb<\/em>&nbsp;(<em>Le Chemin de la perfection<\/em>).<\/p>\n\n\n\n<h3 class=\"wp-block-heading\"><strong>5. Saint J\u00e9r\u00f4me<\/strong><\/h3>\n\n\n\n<p><em>\u00ab Celui qui n&rsquo;a pas l&rsquo;\u00c9glise pour m\u00e8re ne peut avoir Dieu pour P\u00e8re. \u00bb<\/em><\/p>\n\n\n\n<h3 class=\"wp-block-heading\"><strong>6. Saint Pie X<\/strong><\/h3>\n\n\n\n<p><em>\u00ab La foi nous enseigne qu&rsquo;il n&rsquo;y a qu&rsquo;une seule v\u00e9rit\u00e9, une seule foi, un seul bapt\u00eame, une seule \u00c9glise, hors de laquelle nul ne se sauve. \u00bb<\/em>&nbsp;(<em>Grand Cat\u00e9chisme<\/em>).<\/p>\n\n\n\n<h3 class=\"wp-block-heading\"><strong>7. Saint Louis-Marie Grignion de Montfort<\/strong><\/h3>\n\n\n\n<p><em>\u00ab Hors de la v\u00e9ritable \u00c9glise point de salut, car il n&rsquo;y a pas d&rsquo;autre arche que celle-ci. \u00bb<\/em>&nbsp;(<em>Le Secret de Marie<\/em>).<\/p>\n\n\n\n<h3 class=\"wp-block-heading\"><strong>8. Saint Jean Chrysostome<\/strong><\/h3>\n\n\n\n<p><em>\u00ab Ne peut \u00eatre sauv\u00e9 celui qui abandonne l&rsquo;\u00c9glise. \u00bb<\/em>&nbsp;(<em>Hom\u00e9lies sur saint Matthieu<\/em>).<\/p>\n\n\n\n<h3 class=\"wp-block-heading\"><strong>9. Saint Antoine-Marie Claret<\/strong><\/h3>\n\n\n\n<p><em>\u00ab Hors de l&rsquo;\u00c9glise catholique, apostolique, romaine, nul ne se sauve. \u00bb<\/em>&nbsp;(<em>Cat\u00e9chisme expliqu\u00e9<\/em>).<\/p>\n\n\n\n<h3 class=\"wp-block-heading\"><strong>10. Saint L\u00e9on le Grand<\/strong><\/h3>\n\n\n\n<p><em>\u00ab La participation \u00e0 la vie \u00e9ternelle n&rsquo;est accord\u00e9e qu&rsquo;aux membres du Christ. \u00bb<\/em>&nbsp;(<em>Sermon 4<\/em>).<\/p>\n\n\n\n<hr class=\"wp-block-separator has-alpha-channel-opacity\"\/>\n\n\n\n<h2 class=\"wp-block-heading\"><strong>3. Cela signifie-t-il que les non-catholiques sont damn\u00e9s ?<\/strong><\/h2>\n\n\n\n<p>C&rsquo;est ici que beaucoup se trompent. L&rsquo;\u00c9glise enseigne :<\/p>\n\n\n\n<p>\u2705&nbsp;<strong>Ceux qui connaissent la v\u00e9rit\u00e9 et la rejettent<\/strong>&nbsp;(par obstination) mettent leur salut en p\u00e9ril.<\/p>\n\n\n\n<p>\u2705&nbsp;<strong>Ceux qui, sans faute de leur part, ignorent la v\u00e9rit\u00e9<\/strong>&nbsp;(ignorance invincible) peuvent \u00eatre sauv\u00e9s s&rsquo;ils&nbsp;<strong>vivent selon la loi naturelle et la gr\u00e2ce de Dieu<\/strong>&nbsp;(CEC 847,&nbsp;<em>Lumen Gentium<\/em>&nbsp;16).<\/p>\n\n\n\n<p>Mais cela&nbsp;<strong>ne signifie pas que toutes les religions se valent<\/strong>, seulement que&nbsp;<strong>Dieu, dans Sa mis\u00e9ricorde, peut sauver qui Il veut, mais toujours par la m\u00e9diation du Christ et de Son \u00c9glise<\/strong>.<\/p>\n\n\n\n<hr class=\"wp-block-separator has-alpha-channel-opacity\"\/>\n\n\n\n<h2 class=\"wp-block-heading\"><strong>4. Guide pratique : Comment vivre ce dogme aujourd&rsquo;hui ?<\/strong><\/h2>\n\n\n\n<h3 class=\"wp-block-heading\"><strong>1. Affermissez votre foi<\/strong><\/h3>\n\n\n\n<ul class=\"wp-block-list\">\n<li><strong>\u00c9tudiez le Cat\u00e9chisme<\/strong>\u00a0pour \u00e9viter le relativisme.<\/li>\n\n\n\n<li><strong>Participez aux sacrements<\/strong>, surtout la Messe et la Confession.<\/li>\n<\/ul>\n\n\n\n<h3 class=\"wp-block-heading\"><strong>2. Priez pour la conversion des \u00e9loign\u00e9s<\/strong><\/h3>\n\n\n\n<ul class=\"wp-block-list\">\n<li><strong>Offrez des sacrifices<\/strong>\u00a0pour ceux qui sont hors de l&rsquo;\u00c9glise.<\/li>\n\n\n\n<li><strong>Exemple de pri\u00e8re<\/strong>\u00a0:\u00a0<em>\u00ab Seigneur, \u00e9clairez ceux qui Vous cherchent et conduisez-les \u00e0 Votre \u00c9glise. \u00bb<\/em><\/li>\n<\/ul>\n\n\n\n<h3 class=\"wp-block-heading\"><strong>3. \u00c9vang\u00e9lisez avec charit\u00e9<\/strong><\/h3>\n\n\n\n<ul class=\"wp-block-list\">\n<li><strong>N&rsquo;attaquez pas, mais expliquez avec amour<\/strong>\u00a0pourquoi l&rsquo;\u00c9glise est n\u00e9cessaire.<\/li>\n\n\n\n<li><strong>T\u00e9moignez personnellement<\/strong>\u00a0:\u00a0<em>\u00ab L&rsquo;\u00c9glise m&rsquo;a donn\u00e9 la paix que le monde ne peut donner. \u00bb<\/em><\/li>\n<\/ul>\n\n\n\n<h3 class=\"wp-block-heading\"><strong>4. Vivez en vrai catholique<\/strong><\/h3>\n\n\n\n<ul class=\"wp-block-list\">\n<li><strong>Soyez coh\u00e9rent<\/strong>\u00a0: Que votre vie refl\u00e8te le Christ.<\/li>\n\n\n\n<li><strong>D\u00e9fendez la v\u00e9rit\u00e9 avec humilit\u00e9<\/strong>, mais sans crainte.<\/li>\n<\/ul>\n\n\n\n<hr class=\"wp-block-separator has-alpha-channel-opacity\"\/>\n\n\n\n<h2 class=\"wp-block-heading\"><strong>Conclusion : Un appel \u00e0 la fid\u00e9lit\u00e9<\/strong><\/h2>\n\n\n\n<p>\u00c0 une \u00e9poque o\u00f9 beaucoup cherchent \u00e0 diluer la foi, rappelons-nous les paroles de&nbsp;<strong>saint Paul<\/strong>&nbsp;:<\/p>\n\n\n\n<blockquote class=\"wp-block-quote is-layout-flow wp-block-quote-is-layout-flow\">\n<p><em>\u00ab Proclamez la Parole, interviens \u00e0 temps et \u00e0 contretemps, d\u00e9nonce le mal, fais des reproches, encourage, toujours avec patience et souci d&rsquo;instruire. \u00bb<\/em>&nbsp;(2 Timoth\u00e9e 4,2).<\/p>\n<\/blockquote>\n\n\n\n<p>L&rsquo;\u00c9glise n&rsquo;est pas un cercle social, mais&nbsp;<strong>le chemin que le Christ a \u00e9tabli pour notre salut<\/strong>.&nbsp;<strong>Ne l&rsquo;abandonnons pas, ne la critiquons pas, ne la cachons pas.<\/strong><\/p>\n\n\n\n<p><strong>Hors d&rsquo;elle, point de salut !<\/strong>&nbsp;Mais en elle,&nbsp;<strong>il y a la vie, la v\u00e9rit\u00e9 et la gr\u00e2ce \u00e9ternelle<\/strong>.<\/p>\n\n\n\n<p><strong>Vivez-vous cette v\u00e9rit\u00e9 ?<\/strong><\/p>\n\n\n\n<hr class=\"wp-block-separator has-alpha-channel-opacity\"\/>\n\n\n\n<p>\ud83d\udccc&nbsp;<strong>Pour aller plus loin<\/strong>&nbsp;:<\/p>\n\n\n\n<ul class=\"wp-block-list\">\n<li><em>\u00ab\u00a0Dominus Iesus\u00a0\u00bb<\/em>\u00a0(D\u00e9claration de la Congr\u00e9gation pour la Doctrine de la Foi, 2000).<\/li>\n\n\n\n<li><em>\u00ab\u00a0La voie du salut \u00e9ternel\u00a0\u00bb<\/em>\u00a0\u2013 Saint Alphonse de Liguori.<\/li>\n\n\n\n<li><em>\u00ab\u00a0La Foi catholique\u00a0\u00bb<\/em>\u00a0\u2013 Romano Amerio.<\/li>\n<\/ul>\n\n\n\n<p><strong>Partagez cet article pour que plus d&rsquo;\u00e2mes connaissent la v\u00e9rit\u00e9 !<\/strong>&nbsp;\ud83d\udd4a\ufe0f\u271d\ufe0f<\/p>\n","protected":false},"excerpt":{"rendered":"<p>Introduction : Un dogme mal compris Dans un monde o\u00f9 le relativisme religieux et le syncr\u00e9tisme spirituel dominent le discours public, il existe une v\u00e9rit\u00e9 que beaucoup pr\u00e9f\u00e8rent ignorer, y compris au sein m\u00eame de l&rsquo;\u00c9glise :&nbsp;\u00ab Hors de l&rsquo;\u00c9glise point de salut \u00bb (Extra Ecclesiam nulla salus). Ce dogme, proclam\u00e9 avec fermet\u00e9 par les &hellip;<\/p>\n","protected":false},"author":3,"featured_media":3679,"comment_status":"open","ping_status":"open","sticky":false,"template":"","format":"standard","meta":{"_seopress_robots_primary_cat":"","_seopress_titles_title":"","_seopress_titles_desc":"","_seopress_robots_index":"","footnotes":""},"categories":[37,44],"tags":[199],"class_list":["post-3678","post","type-post","status-publish","format-standard","has-post-thumbnail","","category-doctrine-et-foi","category-dogmes-de-la-foi","tag-salut"],"_links":{"self":[{"href":"https:\/\/catholicus.eu\/fr\/wp-json\/wp\/v2\/posts\/3678","targetHints":{"allow":["GET"]}}],"collection":[{"href":"https:\/\/catholicus.eu\/fr\/wp-json\/wp\/v2\/posts"}],"about":[{"href":"https:\/\/catholicus.eu\/fr\/wp-json\/wp\/v2\/types\/post"}],"author":[{"embeddable":true,"href":"https:\/\/catholicus.eu\/fr\/wp-json\/wp\/v2\/users\/3"}],"replies":[{"embeddable":true,"href":"https:\/\/catholicus.eu\/fr\/wp-json\/wp\/v2\/comments?post=3678"}],"version-history":[{"count":1,"href":"https:\/\/catholicus.eu\/fr\/wp-json\/wp\/v2\/posts\/3678\/revisions"}],"predecessor-version":[{"id":3680,"href":"https:\/\/catholicus.eu\/fr\/wp-json\/wp\/v2\/posts\/3678\/revisions\/3680"}],"wp:featuredmedia":[{"embeddable":true,"href":"https:\/\/catholicus.eu\/fr\/wp-json\/wp\/v2\/media\/3679"}],"wp:attachment":[{"href":"https:\/\/catholicus.eu\/fr\/wp-json\/wp\/v2\/media?parent=3678"}],"wp:term":[{"taxonomy":"category","embeddable":true,"href":"https:\/\/catholicus.eu\/fr\/wp-json\/wp\/v2\/categories?post=3678"},{"taxonomy":"post_tag","embeddable":true,"href":"https:\/\/catholicus.eu\/fr\/wp-json\/wp\/v2\/tags?post=3678"}],"curies":[{"name":"wp","href":"https:\/\/api.w.org\/{rel}","templated":true}]}}