{"id":3520,"date":"2025-04-22T07:28:49","date_gmt":"2025-04-22T05:28:49","guid":{"rendered":"https:\/\/catholicus.eu\/fr\/?p=3520"},"modified":"2025-04-22T07:28:50","modified_gmt":"2025-04-22T05:28:50","slug":"ne-me-touche-pas-mais-touche-moi-le-mystere-entre-marie-madeleine-et-thomas-et-la-foi-qui-nous-transforme","status":"publish","type":"post","link":"https:\/\/catholicus.eu\/fr\/ne-me-touche-pas-mais-touche-moi-le-mystere-entre-marie-madeleine-et-thomas-et-la-foi-qui-nous-transforme\/","title":{"rendered":"Ne me touche pas\u2026 mais touche-moi : le myst\u00e8re entre Marie-Madeleine et Thomas, et la foi qui nous transforme"},"content":{"rendered":"\n<h3 class=\"wp-block-heading\">Introduction : Un myst\u00e8re qui touche le c\u0153ur<\/h3>\n\n\n\n<p>Deux sc\u00e8nes \u00e9vang\u00e9liques nous bouleversent profond\u00e9ment pendant le temps pascal : celle de Marie-Madeleine au tombeau vide, et celle de l\u2019ap\u00f4tre Thomas confront\u00e9 \u00e0 son doute. Dans les deux cas, J\u00e9sus ressuscit\u00e9 appara\u00eet de mani\u00e8re inattendue, et dans les deux, un myst\u00e8re s\u2019ouvre : <strong>\u00e0 Marie, J\u00e9sus dit \u00ab Ne me touche pas \u00bb (Jean 20,17), et \u00e0 Thomas, il dit \u00ab Mets ton doigt ici\u2026 mets ta main dans mon c\u00f4t\u00e9 \u00bb (Jean 20,27).<\/strong><\/p>\n\n\n\n<p>Pourquoi cette contradiction apparente ? Pourquoi une femme pleine d\u2019amour est-elle priv\u00e9e de contact physique, tandis qu\u2019un sceptique est invit\u00e9 \u00e0 toucher le sacr\u00e9 ? Au c\u0153ur de ces deux moments apparemment oppos\u00e9s se cache un message profond et actuel pour chacun de nous : <strong>le Christ ressuscit\u00e9 ne se laisse pas rencontrer de la m\u00eame mani\u00e8re pour tous, mais de fa\u00e7on personnalis\u00e9e, p\u00e9dagogique et spirituelle.<\/strong><\/p>\n\n\n\n<p>Cet article veut explorer ce myst\u00e8re avec profondeur th\u00e9ologique et simplicit\u00e9 pastorale. Nous allons en d\u00e9ployer le contexte, la signification et les cons\u00e9quences concr\u00e8tes pour notre vie quotidienne : <strong>comment rencontrer J\u00e9sus aujourd\u2019hui, comment vivre une foi v\u00e9ritable et comment laisser le Ressuscit\u00e9 nous toucher\u2026 ou nous apprendre \u00e0 ne pas le retenir.<\/strong><\/p>\n\n\n\n<hr class=\"wp-block-separator has-alpha-channel-opacity\"\/>\n\n\n\n<h2 class=\"wp-block-heading\">I. La rencontre de Marie-Madeleine : larmes, amour et un \u00ab Ne me touche pas \u00bb<\/h2>\n\n\n\n<h3 class=\"wp-block-heading\">Le passage biblique<\/h3>\n\n\n\n<blockquote class=\"wp-block-quote is-layout-flow wp-block-quote-is-layout-flow\">\n<p><em>\u00ab J\u00e9sus lui dit : Ne me touche pas, car je ne suis pas encore mont\u00e9 vers le P\u00e8re. Va plut\u00f4t trouver mes fr\u00e8res et dis-leur que je monte vers mon P\u00e8re et votre P\u00e8re, vers mon Dieu et votre Dieu. \u00bb<\/em> (Jean 20,17)<\/p>\n<\/blockquote>\n\n\n\n<p>Marie-Madeleine, que la tradition appelle <strong>l\u2019ap\u00f4tre des ap\u00f4tres<\/strong>, est la premi\u00e8re \u00e0 voir le Seigneur ressuscit\u00e9. Elle, qui avait tant aim\u00e9, tant pleur\u00e9, et tant attendu\u2026 le voit enfin, et veut l\u2019embrasser, le retenir. Mais J\u00e9sus lui dit : <strong>\u00ab Ne me touche pas \u00bb<\/strong> \u2014 en grec <em>m\u00e8 mou haptou<\/em>, litt\u00e9ralement : \u00ab Ne t\u2019accroche pas \u00e0 moi. \u00bb<\/p>\n\n\n\n<p>Ce \u00ab ne me touche pas \u00bb n\u2019est pas un rejet ni une froideur. C\u2019est un appel \u00e0 grandir.<\/p>\n\n\n\n<h3 class=\"wp-block-heading\">La signification th\u00e9ologique<\/h3>\n\n\n\n<p>J\u00e9sus dit \u00e0 Marie : <em>\u00ab Tu ne peux plus me conna\u00eetre comme avant. Je suis ressuscit\u00e9. Notre relation doit d\u00e9sormais \u00eatre nouvelle : non plus physique, mais spirituelle, eucharistique, eccl\u00e9siale. \u00bb<\/em><\/p>\n\n\n\n<p>En d\u2019autres termes, Marie ne peut pas \u00ab retenir \u00bb J\u00e9sus comme s\u2019il lui appartenait. Son amour doit \u00eatre purifi\u00e9, \u00e9lev\u00e9. Ce n\u2019est plus une proximit\u00e9 humaine qui suffit, car J\u00e9sus est d\u00e9sormais <strong>le Christ glorifi\u00e9, pr\u00e9sent d\u2019une mani\u00e8re sacramentelle et universelle.<\/strong><\/p>\n\n\n\n<p>Ce passage nous enseigne que souvent <strong>nous nous accrochons \u00e0 une image pass\u00e9e de Dieu<\/strong>. Nous voudrions qu\u2019Il agisse comme avant, qu\u2019Il nous console comme autrefois. Mais <strong>le Seigneur nous appelle \u00e0 une foi plus profonde, plus libre, plus confiante.<\/strong><\/p>\n\n\n\n<hr class=\"wp-block-separator has-alpha-channel-opacity\"\/>\n\n\n\n<h2 class=\"wp-block-heading\">II. La rencontre avec Thomas : doute, blessures et un \u00ab Touche-moi \u00bb<\/h2>\n\n\n\n<h3 class=\"wp-block-heading\">Le passage biblique<\/h3>\n\n\n\n<blockquote class=\"wp-block-quote is-layout-flow wp-block-quote-is-layout-flow\">\n<p><em>\u00ab Puis il dit \u00e0 Thomas : Avance ton doigt ici, et regarde mes mains ; avance ta main, et mets-la dans mon c\u00f4t\u00e9 : cesse d\u2019\u00eatre incr\u00e9dule, sois croyant. \u00bb<\/em> (Jean 20,27)<\/p>\n<\/blockquote>\n\n\n\n<p>Huit jours plus tard, J\u00e9sus revient. Cette fois, Thomas est l\u00e0 \u2014 l\u2019ap\u00f4tre qui avait refus\u00e9 de croire sans preuve. J\u00e9sus ne le condamne pas, mais <strong>rejoint sa faiblesse<\/strong>. Il lui offre exactement ce qu\u2019il demandait : toucher, voir, v\u00e9rifier.<\/p>\n\n\n\n<h3 class=\"wp-block-heading\">La signification th\u00e9ologique<\/h3>\n\n\n\n<p>En Thomas, nous voyons <strong>la foi moderne \u2014 rationnelle, sceptique, en qu\u00eate de preuves, m\u00e9fiante du myst\u00e8re.<\/strong> J\u00e9sus ne le rejette pas, mais lui montre que le vrai bonheur ne r\u00e9side pas dans ce qu\u2019on touche, mais dans ce que l\u2019on croit : <em>\u00ab Heureux ceux qui croient sans avoir vu \u00bb<\/em> (Jean 20,29).<\/p>\n\n\n\n<p>J\u00e9sus permet \u00e0 Thomas de le toucher, car il sait que pour certaines \u00e2mes bless\u00e9es ou troubl\u00e9es, <strong>le chemin de la foi passe par une rencontre plus tangible, plus incarn\u00e9e.<\/strong> Le Seigneur se rend vuln\u00e9rable, montrant ses plaies glorifi\u00e9es, car <strong>il veut \u00eatre touch\u00e9 dans son humanit\u00e9 bless\u00e9e \u2014 pr\u00e9cis\u00e9ment l\u00e0 o\u00f9 beaucoup aujourd\u2019hui ont besoin d\u2019une preuve de son amour.<\/strong><\/p>\n\n\n\n<hr class=\"wp-block-separator has-alpha-channel-opacity\"\/>\n\n\n\n<h2 class=\"wp-block-heading\">III. Deux p\u00e9dagogies divines, une seule intention : nous transformer<\/h2>\n\n\n\n<p>Dans ces deux sc\u00e8nes, J\u00e9sus agit de mani\u00e8re oppos\u00e9e, mais avec le m\u00eame objectif : <strong>conduire le c\u0153ur humain vers une foi adulte.<\/strong><\/p>\n\n\n\n<ul class=\"wp-block-list\">\n<li>\u00c0 <strong>Marie<\/strong>, qui aime mais avec un amour encore trop humain, il apprend \u00e0 s\u2019\u00e9lever.<\/li>\n\n\n\n<li>\u00c0 <strong>Thomas<\/strong>, qui doute, il montre que la foi peut na\u00eetre des blessures.<\/li>\n<\/ul>\n\n\n\n<p>Voil\u00e0 une grande le\u00e7on pour nous : <strong>Dieu ne se r\u00e9v\u00e8le pas de la m\u00eame mani\u00e8re \u00e0 tous.<\/strong> Certains le trouvent dans la consolation, d\u2019autres dans le silence. Certains ressentent sa pr\u00e9sence, d\u2019autres le cherchent dans son absence apparente. Parfois, J\u00e9sus nous dit : \u00ab Ne me touche pas \u00bb \u2014 quand il veut que nous marchions par la foi. D\u2019autres fois, il dit : \u00ab Touche-moi \u00bb \u2014 quand il sait que nous avons besoin de r\u00e9confort.<\/p>\n\n\n\n<hr class=\"wp-block-separator has-alpha-channel-opacity\"\/>\n\n\n\n<h2 class=\"wp-block-heading\">IV. Applications concr\u00e8tes : Comment vivre cela aujourd\u2019hui<\/h2>\n\n\n\n<h3 class=\"wp-block-heading\">1. <strong>Discerner la saison spirituelle dans laquelle je suis<\/strong><\/h3>\n\n\n\n<p>Pose-toi la question : suis-je dans un moment o\u00f9 J\u00e9sus me dit \u00ab ne me touche pas \u00bb, pour m\u2019apprendre \u00e0 grandir dans la foi sans les consolations sensibles ? Ou suis-je dans un temps o\u00f9 il me dit \u00ab touche-moi \u00bb, parce qu\u2019il veut me r\u00e9v\u00e9ler son amour dans mes blessures ?<\/p>\n\n\n\n<p><strong>Exercice pratique<\/strong> : fais un examen de conscience spirituel. Suis-je accroch\u00e9 \u00e0 une image d\u00e9pass\u00e9e de Dieu ? Suis-je ouvert \u00e0 de nouvelles mani\u00e8res de le rencontrer : adoration, silence, service, communaut\u00e9 ?<\/p>\n\n\n\n<hr class=\"wp-block-separator has-alpha-channel-opacity\"\/>\n\n\n\n<h3 class=\"wp-block-heading\">2. <strong>Chercher le Christ dans ses nouvelles formes de pr\u00e9sence<\/strong><\/h3>\n\n\n\n<p>Le Christ ressuscit\u00e9 ne marche plus physiquement dans les rues de Palestine. <strong>Aujourd\u2019hui, il se laisse trouver dans l\u2019Eucharistie, dans la Parole, dans le fr\u00e8re souffrant.<\/strong><\/p>\n\n\n\n<blockquote class=\"wp-block-quote is-layout-flow wp-block-quote-is-layout-flow\">\n<p><em>\u00ab Chaque fois que vous l\u2019avez fait \u00e0 l\u2019un de ces petits, c\u2019est \u00e0 moi que vous l\u2019avez fait. \u00bb<\/em> (Matthieu 25,40)<\/p>\n<\/blockquote>\n\n\n\n<p><strong>Guide concret<\/strong> :<\/p>\n\n\n\n<ul class=\"wp-block-list\">\n<li><strong>Eucharistie<\/strong> : Comment y participes-tu ? Avec foi ou par habitude ?<\/li>\n\n\n\n<li><strong>Lecture priante de la Parole (Lectio Divina)<\/strong> : Te laisses-tu interpeller par Dieu ?<\/li>\n\n\n\n<li><strong>Service du prochain<\/strong> : Reconnais-tu ses plaies dans les pauvres, les malades, les afflig\u00e9s ?<\/li>\n<\/ul>\n\n\n\n<hr class=\"wp-block-separator has-alpha-channel-opacity\"\/>\n\n\n\n<h3 class=\"wp-block-heading\">3. <strong>Accepter la p\u00e9dagogie divine : la foi comme chemin<\/strong><\/h3>\n\n\n\n<p>Comme Marie et Thomas, nous devons <strong>accepter que Dieu nous \u00e9duque dans la foi.<\/strong> Parfois, il retire sa pr\u00e9sence sensible pour nous faire grandir. D\u2019autres fois, il nous montre ses plaies pour nous gu\u00e9rir.<\/p>\n\n\n\n<blockquote class=\"wp-block-quote is-layout-flow wp-block-quote-is-layout-flow\">\n<p><em>\u00ab Car nous marchons dans la foi et non dans la vision. \u00bb<\/em> (2 Corinthiens 5,7)<\/p>\n<\/blockquote>\n\n\n\n<p><strong>Conseil pastoral<\/strong> : Ne te d\u00e9courage pas si tu ne \u00ab ressens \u00bb pas Dieu. La foi n\u2019est pas une \u00e9motion, mais une fid\u00e9lit\u00e9. Reste fid\u00e8le. Le Ressuscit\u00e9 se manifeste souvent quand on s\u2019y attend le moins.<\/p>\n\n\n\n<hr class=\"wp-block-separator has-alpha-channel-opacity\"\/>\n\n\n\n<h2 class=\"wp-block-heading\">V. Le chemin spirituel entre Marie et Thomas<\/h2>\n\n\n\n<h3 class=\"wp-block-heading\">Marie : un amour \u00e0 purifier<\/h3>\n\n\n\n<h3 class=\"wp-block-heading\">Thomas : un doute qui devient foi m\u00fbre<\/h3>\n\n\n\n<p>Tous deux sont pass\u00e9s <strong>d\u2019une relation physique avec J\u00e9sus \u00e0 une relation spirituelle et eccl\u00e9siale.<\/strong> C\u2019est aussi notre chemin. Aujourd\u2019hui, nous ne pouvons pas toucher J\u00e9sus avec nos mains, mais <strong>nous pouvons le toucher par la foi, par notre c\u0153ur, par l\u2019ob\u00e9issance, par l\u2019amour.<\/strong><\/p>\n\n\n\n<hr class=\"wp-block-separator has-alpha-channel-opacity\"\/>\n\n\n\n<h2 class=\"wp-block-heading\">Conclusion : \u00ab Heureux ceux qui croient sans avoir vu \u00bb<\/h2>\n\n\n\n<p>Les paroles de J\u00e9sus \u00e0 Marie et \u00e0 Thomas ne se contredisent pas : <strong>elles se compl\u00e8tent.<\/strong> Il nous appelle \u00e0 une foi vivante, profonde, personnelle. Une foi qui ne s\u2019attache pas au pass\u00e9, ni ne se noie dans le doute, mais <strong>se laisse transformer par P\u00e2ques.<\/strong><\/p>\n\n\n\n<p>Aujourd\u2019hui, le Christ ressuscit\u00e9 te dit :<\/p>\n\n\n\n<ul class=\"wp-block-list\">\n<li><em>\u00ab Ne me touche pas\u2026 car j\u2019ai plus \u00e0 te r\u00e9v\u00e9ler. \u00bb<\/em><\/li>\n\n\n\n<li><em>\u00ab Touche-moi\u2026 car je suis aussi dans tes blessures. \u00bb<\/em><\/li>\n<\/ul>\n\n\n\n<p>En ce temps pascal et au-del\u00e0, laissons le Seigneur nous guider, comme Marie et Thomas, <strong>de la nostalgie \u00e0 l\u2019adoration, du doute \u00e0 l\u2019abandon, de la recherche \u00e0 la rencontre.<\/strong><\/p>\n\n\n\n<hr class=\"wp-block-separator has-alpha-channel-opacity\"\/>\n\n\n\n<h2 class=\"wp-block-heading\">Pri\u00e8re finale<\/h2>\n\n\n\n<blockquote class=\"wp-block-quote is-layout-flow wp-block-quote-is-layout-flow\">\n<p>Seigneur J\u00e9sus ressuscit\u00e9,<br>apprends-moi \u00e0 te toucher par la foi,<br>\u00e0 ne pas m\u2019attacher \u00e0 ce qui fut,<br>et \u00e0 reconna\u00eetre ta pr\u00e9sence vivante dans mon histoire.<br>Comme Marie, que mon amour soit purifi\u00e9.<br>Comme Thomas, que mon doute devienne foi.<br>Amen.<\/p>\n<\/blockquote>\n","protected":false},"excerpt":{"rendered":"<p>Introduction : Un myst\u00e8re qui touche le c\u0153ur Deux sc\u00e8nes \u00e9vang\u00e9liques nous bouleversent profond\u00e9ment pendant le temps pascal : celle de Marie-Madeleine au tombeau vide, et celle de l\u2019ap\u00f4tre Thomas confront\u00e9 \u00e0 son doute. Dans les deux cas, J\u00e9sus ressuscit\u00e9 appara\u00eet de mani\u00e8re inattendue, et dans les deux, un myst\u00e8re s\u2019ouvre : \u00e0 Marie, J\u00e9sus &hellip;<\/p>\n","protected":false},"author":3,"featured_media":3521,"comment_status":"open","ping_status":"open","sticky":false,"template":"","format":"standard","meta":{"_seopress_robots_primary_cat":"","_seopress_titles_title":"","_seopress_titles_desc":"","_seopress_robots_index":"","footnotes":""},"categories":[37,45],"tags":[152,1060,1061],"class_list":["post-3520","post","type-post","status-publish","format-standard","has-post-thumbnail","","category-doctrine-et-foi","category-saintes-ecritures","tag-marie-madeleine","tag-ne-me-touche-pas","tag-thomas"],"_links":{"self":[{"href":"https:\/\/catholicus.eu\/fr\/wp-json\/wp\/v2\/posts\/3520","targetHints":{"allow":["GET"]}}],"collection":[{"href":"https:\/\/catholicus.eu\/fr\/wp-json\/wp\/v2\/posts"}],"about":[{"href":"https:\/\/catholicus.eu\/fr\/wp-json\/wp\/v2\/types\/post"}],"author":[{"embeddable":true,"href":"https:\/\/catholicus.eu\/fr\/wp-json\/wp\/v2\/users\/3"}],"replies":[{"embeddable":true,"href":"https:\/\/catholicus.eu\/fr\/wp-json\/wp\/v2\/comments?post=3520"}],"version-history":[{"count":1,"href":"https:\/\/catholicus.eu\/fr\/wp-json\/wp\/v2\/posts\/3520\/revisions"}],"predecessor-version":[{"id":3522,"href":"https:\/\/catholicus.eu\/fr\/wp-json\/wp\/v2\/posts\/3520\/revisions\/3522"}],"wp:featuredmedia":[{"embeddable":true,"href":"https:\/\/catholicus.eu\/fr\/wp-json\/wp\/v2\/media\/3521"}],"wp:attachment":[{"href":"https:\/\/catholicus.eu\/fr\/wp-json\/wp\/v2\/media?parent=3520"}],"wp:term":[{"taxonomy":"category","embeddable":true,"href":"https:\/\/catholicus.eu\/fr\/wp-json\/wp\/v2\/categories?post=3520"},{"taxonomy":"post_tag","embeddable":true,"href":"https:\/\/catholicus.eu\/fr\/wp-json\/wp\/v2\/tags?post=3520"}],"curies":[{"name":"wp","href":"https:\/\/api.w.org\/{rel}","templated":true}]}}